{"id":2576,"date":"2017-04-13T15:10:29","date_gmt":"2017-04-13T13:10:29","guid":{"rendered":"https:\/\/larutadelasal.com\/?p=2576"},"modified":"2019-03-08T10:18:18","modified_gmt":"2019-03-08T08:18:18","slug":"todos-los-participantes-en-la-ruta-de-la-sal-2017-ya-navegan-rumbo-a-ibiza","status":"publish","type":"post","link":"https:\/\/labs.100x100.net\/projects\/rutasal\/todos-los-participantes-en-la-ruta-de-la-sal-2017-ya-navegan-rumbo-a-ibiza\/","title":{"rendered":"Todos los participantes en la Ruta de La Sal 2017 ya navegan rumbo a Ibiza"},"content":{"rendered":"<div style=\"width: 330px\" class=\"wp-caption alignleft\"><a title=\"salida versi\u00f3n este\" href=\"#\"><img loading=\"lazy\" decoding=\"async\" title=\"salida versi\u00f3n este\" src=\"http:\/\/farm4.staticflickr.com\/3945\/34013778285_5a4473856b_n.jpg\" alt=\"salida versi\u00f3n este\" width=\"320\" height=\"215\" \/><\/a><p class=\"wp-caption-text\">Salida de Denia<\/p><\/div>\n<div style=\"width: 330px\" class=\"wp-caption alignright\"><a title=\"salida versi\u00f3n este\" href=\"#\"><img loading=\"lazy\" decoding=\"async\" title=\"salida versi\u00f3n este\" src=\"http:\/\/farm3.staticflickr.com\/2813\/34013778655_9525447a54_n.jpg\" alt=\"salida versi\u00f3n este\" width=\"320\" height=\"215\" \/><\/a><p class=\"wp-caption-text\">Salida de Denia<\/p><\/div>\n<div style=\"clear: both;\"><\/div>\n<p>&nbsp;<\/p>\n<p>&nbsp;<\/p>\n<p>Todos los participantes en la Ruta de La Sal 2017 ya navegan rumbo a Ibiza :\u00a0194 equipos en competici\u00f3n con 1.219 regatistas.<\/p>\n<p>Tras un aplazamiento de una hora y media, por falta de viento, <strong>finalmente a las 13:30 h de hoy 13 de abril,<\/strong> se ha dado la salida, con un viento del SO de unos 4 nudos de la Versi\u00f3n Oeste de La Sal, de Puerto de Andraxt a Sant Antoni de Portmany. <strong>Unas 103 millas de singladura.<\/strong> En las que van a predominar vientos flojos de proa, al menos durante gran parte de la regata y las influencias de los micro climas, muy inestables en general, que generan las orografias de las costas y freus de Ibiza. Luego una regata complicada, muy t\u00e1ctica y cargada de opciones deportivas para los que acierten las estrategias de la navegaci\u00f3n.<\/p>\n<div style=\"width: 314px\" class=\"wp-caption alignleft\"><a title=\"Salida Andratx\" href=\"#\"><img loading=\"lazy\" decoding=\"async\" class=\"\" title=\"Salida Andratx\" src=\"http:\/\/farm3.staticflickr.com\/2845\/34141797005_cce88df7d9_n.jpg\" alt=\"Salida Andratx\" width=\"304\" height=\"228\" \/><\/a><p class=\"wp-caption-text\">Salida de Andratx<\/p><\/div>\n<div style=\"width: 313px\" class=\"wp-caption alignright\"><a title=\"Salida Andratx\" href=\"#\" target=\"_blank\" rel=\"noopener\"><img loading=\"lazy\" decoding=\"async\" class=\"\" title=\"Salida Andratx\" src=\"http:\/\/farm3.staticflickr.com\/2939\/33298959984_3305d8647c_n.jpg\" alt=\"Salida Andratx\" width=\"303\" height=\"227\" \/><\/a><p class=\"wp-caption-text\">Salida Andratx<\/p><\/div>\n<div style=\"clear: both;\"><\/div>\n<div style=\"width: 250px\" class=\"wp-caption alignleft\"><a title=\"Salida Andratx\" href=\"#\"><img loading=\"lazy\" decoding=\"async\" title=\"Salida Andratx\" src=\"http:\/\/farm3.staticflickr.com\/2815\/33330237713_1dea8d13d9_n.jpg\" alt=\"Salida Andratx\" width=\"240\" height=\"320\" \/><\/a><p class=\"wp-caption-text\">Salida de Andratx<\/p><\/div>\n<div style=\"width: 330px\" class=\"wp-caption alignright\"><a title=\"Salida Andratx\" href=\"#\"><img loading=\"lazy\" decoding=\"async\" title=\"Salida Andratx\" src=\"http:\/\/farm3.staticflickr.com\/2815\/33298963934_efbb9801fe_n.jpg\" alt=\"Salida Andratx\" width=\"320\" height=\"240\" \/><\/a><p class=\"wp-caption-text\">Salida de Andratx<\/p><\/div>\n<div style=\"clear: both;\"><\/div>\n<div style=\"width: 250px\" class=\"wp-caption alignleft\"><a title=\"Salida Andratx\" href=\"#\"><img loading=\"lazy\" decoding=\"async\" title=\"Salida Andratx\" src=\"http:\/\/farm3.staticflickr.com\/2919\/33330241303_ecc07a9986_n.jpg\" alt=\"Salida Andratx\" width=\"240\" height=\"320\" \/><\/a><p class=\"wp-caption-text\">Salida de Andratx<\/p><\/div>\n<div style=\"width: 250px\" class=\"wp-caption alignright\"><a title=\"Salida Andratx\" href=\"#\"><img loading=\"lazy\" decoding=\"async\" title=\"Salida Andratx\" src=\"http:\/\/farm3.staticflickr.com\/2945\/34100910746_b60f9f08e8_n.jpg\" alt=\"Salida Andratx\" width=\"240\" height=\"320\" \/><\/a><p class=\"wp-caption-text\">Salida de Andratx<\/p><\/div>\n<p>&nbsp;<\/p>\n<div style=\"clear: both;\"><\/div>\n<p>&nbsp;<\/p>\n<p>&nbsp;<\/p>\n<p>A las 14:00 h, seg\u00fan lo previsto en el anuncio de regatas, con una magn\u00edfica brisa de unos 12 nudos de E-SE, inici\u00f3 su regata la Versi\u00f3n Este de La Sal, con el objetivo de cubrir un recorrido de cubrir <strong>un recorrido de 120 millas hasta Sant Antoni de Portmany tomando Formentera por babor, la Isla de Tagomago y, navegando por la costa norte de Ibiza, llegar hasta Cab Negret<\/strong>, a unas dos millas al norte del puerto de Sant Antoni, donde esta ubicada la l\u00ednea de llegada. Para los participantes en la salida desde Denia la regata, dominada por vientos portantes sera, te\u00f3ricamente, relativamente r\u00e1pida y de alto perfil deportivo.<\/p>\n<div style=\"width: 330px\" class=\"wp-caption alignleft\"><a title=\"salida versi\u00f3n este\" href=\"#\"><img loading=\"lazy\" decoding=\"async\" title=\"salida versi\u00f3n este\" src=\"http:\/\/farm3.staticflickr.com\/2897\/34013778525_e7a7287e0d_n.jpg\" alt=\"salida versi\u00f3n este\" width=\"320\" height=\"215\" \/><\/a><p class=\"wp-caption-text\">Salida de Denia<\/p><\/div>\n<div style=\"width: 330px\" class=\"wp-caption alignright\"><a title=\"salida versi\u00f3n este\" href=\"#\"><img loading=\"lazy\" decoding=\"async\" title=\"salida versi\u00f3n este\" src=\"http:\/\/farm3.staticflickr.com\/2894\/34013778985_1658666aa9_n.jpg\" alt=\"salida versi\u00f3n este\" width=\"320\" height=\"215\" \/><\/a><p class=\"wp-caption-text\">Salida de Denia<\/p><\/div>\n<p>&nbsp;<\/p>\n<div style=\"clear: both;\"><\/div>\n<p><strong>La p\u00e1gina Web de la Ruta de La Sal &#8211; <a title=\"https:\/\/larutadelasal.com\" href=\"https:\/\/larutadelasal.com\" target=\"_blank\" rel=\"noopener\">https:\/\/larutadelasal.com<\/a> &#8211; ofrecer\u00e1 informaciones peri\u00f3dicas, e im\u00e1genes, sobre el desarrollo organizativo y deportivo de esta regata.<\/strong><\/p>\n","protected":false},"excerpt":{"rendered":"<p>&nbsp; &nbsp; Todos los participantes en la Ruta de La Sal 2017 ya navegan rumbo a Ibiza :\u00a0194 equipos en competici\u00f3n con 1.219 regatistas. Tras un aplazamiento de una hora y media, por falta de viento, finalmente a las 13:30 h de hoy 13 de abril, se ha dado la salida, con un viento del [&hellip;]<\/p>\n","protected":false},"author":1,"featured_media":3628,"comment_status":"open","ping_status":"open","sticky":false,"template":"","format":"standard","meta":{"_acf_changed":false,"footnotes":""},"categories":[3],"tags":[],"acf":[],"yoast_head":"<!-- This site is optimized with the Yoast SEO plugin v23.0 - https:\/\/yoast.com\/wordpress\/plugins\/seo\/ -->\n<title>Todos los participantes en la Ruta de La Sal 2017 ya navegan rumbo a Ibiza | Regata La Ruta de la Sal<\/title>\n<meta name=\"robots\" content=\"noindex, follow, max-snippet:-1, max-image-preview:large, max-video-preview:-1\" \/>\n<meta property=\"og:locale\" content=\"es_ES\" \/>\n<meta property=\"og:type\" content=\"article\" \/>\n<meta property=\"og:title\" content=\"Todos los participantes en la Ruta de La Sal 2017 ya navegan rumbo a Ibiza | Regata La Ruta de la Sal\" \/>\n<meta property=\"og:description\" content=\"&nbsp; &nbsp; Todos los participantes en la Ruta de La Sal 2017 ya navegan rumbo a Ibiza :\u00a0194 equipos en competici\u00f3n con 1.219 regatistas. Tras un aplazamiento de una hora y media, por falta de viento, finalmente a las 13:30 h de hoy 13 de abril, se ha dado la salida, con un viento del [&hellip;]\" \/>\n<meta property=\"og:url\" content=\"https:\/\/labs.100x100.net\/projects\/rutasal\/todos-los-participantes-en-la-ruta-de-la-sal-2017-ya-navegan-rumbo-a-ibiza\/\" \/>\n<meta property=\"og:site_name\" content=\"Regata La Ruta de la Sal\" \/>\n<meta property=\"article:publisher\" content=\"https:\/\/www.facebook.com\/rutadelasal\/\" \/>\n<meta property=\"article:published_time\" content=\"2017-04-13T13:10:29+00:00\" \/>\n<meta property=\"article:modified_time\" content=\"2019-03-08T08:18:18+00:00\" \/>\n<meta property=\"og:image\" content=\"https:\/\/labs.100x100.net\/projects\/rutasal\/custom\/uploads\/2017\/04\/34013778285_5a4473856b_n.jpg\" \/>\n\t<meta property=\"og:image:width\" content=\"320\" \/>\n\t<meta property=\"og:image:height\" content=\"214\" \/>\n\t<meta property=\"og:image:type\" content=\"image\/jpeg\" \/>\n<meta name=\"author\" content=\"La Ruta de la Sal\" \/>\n<meta name=\"twitter:card\" content=\"summary_large_image\" \/>\n<meta name=\"twitter:creator\" content=\"@AnamMedi\" \/>\n<meta name=\"twitter:site\" content=\"@AnamMedi\" \/>\n<meta name=\"twitter:label1\" content=\"Escrito por\" \/>\n\t<meta name=\"twitter:data1\" content=\"La Ruta de la Sal\" \/>\n\t<meta name=\"twitter:label2\" content=\"Tiempo de lectura\" \/>\n\t<meta name=\"twitter:data2\" content=\"2 minutos\" \/>\n<script type=\"application\/ld+json\" class=\"yoast-schema-graph\">{\"@context\":\"https:\/\/schema.org\",\"@graph\":[{\"@type\":\"WebPage\",\"@id\":\"https:\/\/labs.100x100.net\/projects\/rutasal\/todos-los-participantes-en-la-ruta-de-la-sal-2017-ya-navegan-rumbo-a-ibiza\/\",\"url\":\"https:\/\/labs.100x100.net\/projects\/rutasal\/todos-los-participantes-en-la-ruta-de-la-sal-2017-ya-navegan-rumbo-a-ibiza\/\",\"name\":\"Todos los participantes en la Ruta de La Sal 2017 ya navegan rumbo a Ibiza | Regata La Ruta de la Sal\",\"isPartOf\":{\"@id\":\"https:\/\/labs.100x100.net\/projects\/rutasal\/#website\"},\"primaryImageOfPage\":{\"@id\":\"https:\/\/labs.100x100.net\/projects\/rutasal\/todos-los-participantes-en-la-ruta-de-la-sal-2017-ya-navegan-rumbo-a-ibiza\/#primaryimage\"},\"image\":{\"@id\":\"https:\/\/labs.100x100.net\/projects\/rutasal\/todos-los-participantes-en-la-ruta-de-la-sal-2017-ya-navegan-rumbo-a-ibiza\/#primaryimage\"},\"thumbnailUrl\":\"https:\/\/labs.100x100.net\/projects\/rutasal\/custom\/uploads\/2017\/04\/34013778285_5a4473856b_n.jpg\",\"datePublished\":\"2017-04-13T13:10:29+00:00\",\"dateModified\":\"2019-03-08T08:18:18+00:00\",\"author\":{\"@id\":\"https:\/\/labs.100x100.net\/projects\/rutasal\/#\/schema\/person\/214eeb4a2e78fd8373a0a94f6d93c9ca\"},\"breadcrumb\":{\"@id\":\"https:\/\/labs.100x100.net\/projects\/rutasal\/todos-los-participantes-en-la-ruta-de-la-sal-2017-ya-navegan-rumbo-a-ibiza\/#breadcrumb\"},\"inLanguage\":\"es\",\"potentialAction\":[{\"@type\":\"ReadAction\",\"target\":[\"https:\/\/labs.100x100.net\/projects\/rutasal\/todos-los-participantes-en-la-ruta-de-la-sal-2017-ya-navegan-rumbo-a-ibiza\/\"]}]},{\"@type\":\"ImageObject\",\"inLanguage\":\"es\",\"@id\":\"https:\/\/labs.100x100.net\/projects\/rutasal\/todos-los-participantes-en-la-ruta-de-la-sal-2017-ya-navegan-rumbo-a-ibiza\/#primaryimage\",\"url\":\"https:\/\/labs.100x100.net\/projects\/rutasal\/custom\/uploads\/2017\/04\/34013778285_5a4473856b_n.jpg\",\"contentUrl\":\"https:\/\/labs.100x100.net\/projects\/rutasal\/custom\/uploads\/2017\/04\/34013778285_5a4473856b_n.jpg\",\"width\":320,\"height\":214},{\"@type\":\"BreadcrumbList\",\"@id\":\"https:\/\/labs.100x100.net\/projects\/rutasal\/todos-los-participantes-en-la-ruta-de-la-sal-2017-ya-navegan-rumbo-a-ibiza\/#breadcrumb\",\"itemListElement\":[{\"@type\":\"ListItem\",\"position\":1,\"name\":\"Portada\",\"item\":\"https:\/\/labs.100x100.net\/projects\/rutasal\/\"},{\"@type\":\"ListItem\",\"position\":2,\"name\":\"Todos los participantes en la Ruta de La Sal 2017 ya navegan rumbo a Ibiza\"}]},{\"@type\":\"WebSite\",\"@id\":\"https:\/\/labs.100x100.net\/projects\/rutasal\/#website\",\"url\":\"https:\/\/labs.100x100.net\/projects\/rutasal\/\",\"name\":\"Regata La Ruta de la Sal\",\"description\":\"Regata La Ruta de la Sal es una regata de Altura Mediterr\u00e1nea para barcos de crucero a vela con destino en Ibiza, que se disputa anualmente en Semana Santa.\",\"potentialAction\":[{\"@type\":\"SearchAction\",\"target\":{\"@type\":\"EntryPoint\",\"urlTemplate\":\"https:\/\/labs.100x100.net\/projects\/rutasal\/?s={search_term_string}\"},\"query-input\":\"required name=search_term_string\"}],\"inLanguage\":\"es\"},{\"@type\":\"Person\",\"@id\":\"https:\/\/labs.100x100.net\/projects\/rutasal\/#\/schema\/person\/214eeb4a2e78fd8373a0a94f6d93c9ca\",\"name\":\"La Ruta de la Sal\",\"image\":{\"@type\":\"ImageObject\",\"inLanguage\":\"es\",\"@id\":\"https:\/\/labs.100x100.net\/projects\/rutasal\/#\/schema\/person\/image\/\",\"url\":\"https:\/\/secure.gravatar.com\/avatar\/b247286d4b801d6b1cfcfb3807587284?s=96&d=mm&r=g\",\"contentUrl\":\"https:\/\/secure.gravatar.com\/avatar\/b247286d4b801d6b1cfcfb3807587284?s=96&d=mm&r=g\",\"caption\":\"La Ruta de la Sal\"}}]}<\/script>\n<!-- \/ Yoast SEO plugin. -->","yoast_head_json":{"title":"Todos los participantes en la Ruta de La Sal 2017 ya navegan rumbo a Ibiza | Regata La Ruta de la Sal","robots":{"index":"noindex","follow":"follow","max-snippet":"max-snippet:-1","max-image-preview":"max-image-preview:large","max-video-preview":"max-video-preview:-1"},"og_locale":"es_ES","og_type":"article","og_title":"Todos los participantes en la Ruta de La Sal 2017 ya navegan rumbo a Ibiza | Regata La Ruta de la Sal","og_description":"&nbsp; &nbsp; Todos los participantes en la Ruta de La Sal 2017 ya navegan rumbo a Ibiza :\u00a0194 equipos en competici\u00f3n con 1.219 regatistas. Tras un aplazamiento de una hora y media, por falta de viento, finalmente a las 13:30 h de hoy 13 de abril, se ha dado la salida, con un viento del [&hellip;]","og_url":"https:\/\/labs.100x100.net\/projects\/rutasal\/todos-los-participantes-en-la-ruta-de-la-sal-2017-ya-navegan-rumbo-a-ibiza\/","og_site_name":"Regata La Ruta de la Sal","article_publisher":"https:\/\/www.facebook.com\/rutadelasal\/","article_published_time":"2017-04-13T13:10:29+00:00","article_modified_time":"2019-03-08T08:18:18+00:00","og_image":[{"width":320,"height":214,"url":"https:\/\/labs.100x100.net\/projects\/rutasal\/custom\/uploads\/2017\/04\/34013778285_5a4473856b_n.jpg","type":"image\/jpeg"}],"author":"La Ruta de la Sal","twitter_card":"summary_large_image","twitter_creator":"@AnamMedi","twitter_site":"@AnamMedi","twitter_misc":{"Escrito por":"La Ruta de la Sal","Tiempo de lectura":"2 minutos"},"schema":{"@context":"https:\/\/schema.org","@graph":[{"@type":"WebPage","@id":"https:\/\/labs.100x100.net\/projects\/rutasal\/todos-los-participantes-en-la-ruta-de-la-sal-2017-ya-navegan-rumbo-a-ibiza\/","url":"https:\/\/labs.100x100.net\/projects\/rutasal\/todos-los-participantes-en-la-ruta-de-la-sal-2017-ya-navegan-rumbo-a-ibiza\/","name":"Todos los participantes en la Ruta de La Sal 2017 ya navegan rumbo a Ibiza | Regata La Ruta de la Sal","isPartOf":{"@id":"https:\/\/labs.100x100.net\/projects\/rutasal\/#website"},"primaryImageOfPage":{"@id":"https:\/\/labs.100x100.net\/projects\/rutasal\/todos-los-participantes-en-la-ruta-de-la-sal-2017-ya-navegan-rumbo-a-ibiza\/#primaryimage"},"image":{"@id":"https:\/\/labs.100x100.net\/projects\/rutasal\/todos-los-participantes-en-la-ruta-de-la-sal-2017-ya-navegan-rumbo-a-ibiza\/#primaryimage"},"thumbnailUrl":"https:\/\/labs.100x100.net\/projects\/rutasal\/custom\/uploads\/2017\/04\/34013778285_5a4473856b_n.jpg","datePublished":"2017-04-13T13:10:29+00:00","dateModified":"2019-03-08T08:18:18+00:00","author":{"@id":"https:\/\/labs.100x100.net\/projects\/rutasal\/#\/schema\/person\/214eeb4a2e78fd8373a0a94f6d93c9ca"},"breadcrumb":{"@id":"https:\/\/labs.100x100.net\/projects\/rutasal\/todos-los-participantes-en-la-ruta-de-la-sal-2017-ya-navegan-rumbo-a-ibiza\/#breadcrumb"},"inLanguage":"es","potentialAction":[{"@type":"ReadAction","target":["https:\/\/labs.100x100.net\/projects\/rutasal\/todos-los-participantes-en-la-ruta-de-la-sal-2017-ya-navegan-rumbo-a-ibiza\/"]}]},{"@type":"ImageObject","inLanguage":"es","@id":"https:\/\/labs.100x100.net\/projects\/rutasal\/todos-los-participantes-en-la-ruta-de-la-sal-2017-ya-navegan-rumbo-a-ibiza\/#primaryimage","url":"https:\/\/labs.100x100.net\/projects\/rutasal\/custom\/uploads\/2017\/04\/34013778285_5a4473856b_n.jpg","contentUrl":"https:\/\/labs.100x100.net\/projects\/rutasal\/custom\/uploads\/2017\/04\/34013778285_5a4473856b_n.jpg","width":320,"height":214},{"@type":"BreadcrumbList","@id":"https:\/\/labs.100x100.net\/projects\/rutasal\/todos-los-participantes-en-la-ruta-de-la-sal-2017-ya-navegan-rumbo-a-ibiza\/#breadcrumb","itemListElement":[{"@type":"ListItem","position":1,"name":"Portada","item":"https:\/\/labs.100x100.net\/projects\/rutasal\/"},{"@type":"ListItem","position":2,"name":"Todos los participantes en la Ruta de La Sal 2017 ya navegan rumbo a Ibiza"}]},{"@type":"WebSite","@id":"https:\/\/labs.100x100.net\/projects\/rutasal\/#website","url":"https:\/\/labs.100x100.net\/projects\/rutasal\/","name":"Regata La Ruta de la Sal","description":"Regata La Ruta de la Sal es una regata de Altura Mediterr\u00e1nea para barcos de crucero a vela con destino en Ibiza, que se disputa anualmente en Semana Santa.","potentialAction":[{"@type":"SearchAction","target":{"@type":"EntryPoint","urlTemplate":"https:\/\/labs.100x100.net\/projects\/rutasal\/?s={search_term_string}"},"query-input":"required name=search_term_string"}],"inLanguage":"es"},{"@type":"Person","@id":"https:\/\/labs.100x100.net\/projects\/rutasal\/#\/schema\/person\/214eeb4a2e78fd8373a0a94f6d93c9ca","name":"La Ruta de la Sal","image":{"@type":"ImageObject","inLanguage":"es","@id":"https:\/\/labs.100x100.net\/projects\/rutasal\/#\/schema\/person\/image\/","url":"https:\/\/secure.gravatar.com\/avatar\/b247286d4b801d6b1cfcfb3807587284?s=96&d=mm&r=g","contentUrl":"https:\/\/secure.gravatar.com\/avatar\/b247286d4b801d6b1cfcfb3807587284?s=96&d=mm&r=g","caption":"La Ruta de la Sal"}}]}},"_links":{"self":[{"href":"https:\/\/labs.100x100.net\/projects\/rutasal\/wp-json\/wp\/v2\/posts\/2576"}],"collection":[{"href":"https:\/\/labs.100x100.net\/projects\/rutasal\/wp-json\/wp\/v2\/posts"}],"about":[{"href":"https:\/\/labs.100x100.net\/projects\/rutasal\/wp-json\/wp\/v2\/types\/post"}],"author":[{"embeddable":true,"href":"https:\/\/labs.100x100.net\/projects\/rutasal\/wp-json\/wp\/v2\/users\/1"}],"replies":[{"embeddable":true,"href":"https:\/\/labs.100x100.net\/projects\/rutasal\/wp-json\/wp\/v2\/comments?post=2576"}],"version-history":[{"count":2,"href":"https:\/\/labs.100x100.net\/projects\/rutasal\/wp-json\/wp\/v2\/posts\/2576\/revisions"}],"predecessor-version":[{"id":3629,"href":"https:\/\/labs.100x100.net\/projects\/rutasal\/wp-json\/wp\/v2\/posts\/2576\/revisions\/3629"}],"wp:featuredmedia":[{"embeddable":true,"href":"https:\/\/labs.100x100.net\/projects\/rutasal\/wp-json\/wp\/v2\/media\/3628"}],"wp:attachment":[{"href":"https:\/\/labs.100x100.net\/projects\/rutasal\/wp-json\/wp\/v2\/media?parent=2576"}],"wp:term":[{"taxonomy":"category","embeddable":true,"href":"https:\/\/labs.100x100.net\/projects\/rutasal\/wp-json\/wp\/v2\/categories?post=2576"},{"taxonomy":"post_tag","embeddable":true,"href":"https:\/\/labs.100x100.net\/projects\/rutasal\/wp-json\/wp\/v2\/tags?post=2576"}],"curies":[{"name":"wp","href":"https:\/\/api.w.org\/{rel}","templated":true}]}}