{"id":2570,"date":"2017-04-13T11:41:17","date_gmt":"2017-04-13T09:41:17","guid":{"rendered":"https:\/\/larutadelasal.com\/?p=2570"},"modified":"2019-03-08T10:19:37","modified_gmt":"2019-03-08T08:19:37","slug":"comienza-la-ruta-de-la-sal-2017","status":"publish","type":"post","link":"https:\/\/labs.100x100.net\/projects\/rutasal\/comienza-la-ruta-de-la-sal-2017\/","title":{"rendered":"Comienza La Ruta de La Sal 2017"},"content":{"rendered":"<p><a title=\"logorutadelasal\" href=\"#\" rel=\"\"><img loading=\"lazy\" decoding=\"async\" class=\"aligncenter\" title=\"logorutadelasal\" src=\"http:\/\/farm3.staticflickr.com\/2941\/33851587792_3d39a8ebf4_o.jpg\" alt=\"logorutadelasal\" width=\"320\" height=\"196\" \/><\/a><\/p>\n<ul>\n<li>\n<h3>R\u00c9CORD DE PARTICIPACI\u00d3N EN LA 30 EDICI\u00d3N DE LA RUTA DE LA SAL.<\/h3>\n<\/li>\n<li>\n<h3>211 embarcaciones inscritas y 194 en competici\u00f3n, tripuladas por 1.219 regatistas.<\/h3>\n<\/li>\n<li>\n<h3>La meteorolog\u00eda adelanta una regata de poco viento muy t\u00e1ctica de gran valor deportivo.<\/h3>\n<\/li>\n<li>\n<h3>La salida de la Versi\u00f3n Oeste de Puerto de Andraxt a Sant Antoni en Ibiza, aplazada por falta de viento.<\/h3>\n<\/li>\n<\/ul>\n<p>Hoy 13 de Abril, Jueves Santo, ha comenzado la 30 edici\u00f3n , de la Regata de Altura de la Ruta de la Sal &#8211; Trofeo Pepe Ferres con salidas desde Port Ginesta en Barcelona para la Versi\u00f3n Norte de la regata, Denia para Versi\u00f3n Este y Puerto de Andraxt en Mallorca para la nueva Versi\u00f3n Oeste de La Sal, con llegada, para los tres recorridos, en Sant Antoni de Portmany en Ibiza.<\/p>\n<p><a title=\"30 Edici\u00f3n de La Ruta de La Sal 2017\" href=\"#\" rel=\"\"><img loading=\"lazy\" decoding=\"async\" title=\"30 Edici\u00f3n de La Ruta de La Sal 2017\" src=\"http:\/\/farm3.staticflickr.com\/2911\/34011265405_21858de1e9_n.jpg\" alt=\"30 Edici\u00f3n de La Ruta de La Sal 2017\" width=\"320\" height=\"244\" \/><\/a><a title=\"30 Edici\u00f3n de La Ruta de La Sal 2017\" href=\"#\" rel=\"\"><img loading=\"lazy\" decoding=\"async\" title=\"30 Edici\u00f3n de La Ruta de La Sal 2017\" src=\"http:\/\/farm3.staticflickr.com\/2921\/33198502243_0529dab9e2_n.jpg\" alt=\"30 Edici\u00f3n de La Ruta de La Sal 2017\" width=\"320\" height=\"244\" \/><\/a><\/p>\n<p>La Versi\u00f3n Norte, <strong>con 65 barcos tripulados por 472 regatistas,<\/strong> ha zarpado hoy desde las aguas de Port Ginesta con rumbo directo a Sant Antoni de Portmany, tras un aplazamiento de una hora, a las 11:00 h, navegando con mar totalmente plana y brisas muy flojas de 2 \/3 nudos del SSO que, durante las pr\u00f3ximas horas ir\u00e1n rolando hacia el SO. Un recorrido de 140 millas abierto a diferentes opciones t\u00e1cticas, que obligar\u00e1 a los participantes a trabajar duro hasta la llegada en Cab Negret en Ibiza.<\/p>\n<p>La Versi\u00f3n Este de La Sal<strong>, con 89 veleros tripulados por 515 regatistas,<\/strong> cruzar\u00e1 la l\u00ednea de salida hoy a las 14:00 h, con una previsi\u00f3n de viento de unos 6\/7 nudos del SE que ir\u00e1n rolando hacia el S\/SO de fuerza 2 y puntas de 3, con el objetivo de cubrir un recorrido de 120 millas hasta Sant Antoni de Portmany tomando Formentera por babor, la Isla de Tagomago y, navegando por la costa norte de Ibiza, llegar hasta Cab Negret, a unas dos millas al norte del puerto de Sant Antoni, donde esta ubicada la l\u00ednea de llegada. Para los participantes en la salida desde Denia la regata, dominada por vientos portantes sera, te\u00f3ricamente, relativamente r\u00e1pida y de alto perfil deportivo.<\/p>\n<p><a title=\"30 Edici\u00f3n de La Ruta de La Sal 2017\" href=\"#\" rel=\"\"><img loading=\"lazy\" decoding=\"async\" title=\"30 Edici\u00f3n de La Ruta de La Sal 2017\" src=\"http:\/\/farm3.staticflickr.com\/2810\/33198502963_4cef8daf79_n.jpg\" alt=\"30 Edici\u00f3n de La Ruta de La Sal 2017\" width=\"320\" height=\"244\" \/><\/a><a title=\"30 Edici\u00f3n de La Ruta de La Sal 2017\" href=\"#\" rel=\"\"><img loading=\"lazy\" decoding=\"async\" title=\"30 Edici\u00f3n de La Ruta de La Sal 2017\" src=\"http:\/\/farm3.staticflickr.com\/2915\/33198501753_f88ef59a97_n.jpg\" alt=\"30 Edici\u00f3n de La Ruta de La Sal 2017\" width=\"320\" height=\"244\" \/><\/a><\/p>\n<p>La salida de la nueva Versi\u00f3n Oeste de La Sal de Puerto de Andraxt a Sant Anton<strong>i con 40 embarcaciones competici\u00f3n tripuladas por 232 deportistas,<\/strong> a la hora de redactar este avance informativo se encuentra aplazada por falta de viento. El recorrido de esta largada, que podr\u00eda ser acortado si la meteorolog\u00eda as\u00ed lo aconsejase, obliga a dejar por estribor las islas de Tagomago, Formentera, Es Vedr\u00e1 , Bledas y Conejera. Unas 103 millas de singladura. En las que van a predominar vientos flojos de proa, al menos durante gran parte de la regata y las influencias de los micro climas, muy inestables en general, que generan las orografias de las costas y freus de Ibiza. Luego una regata complicada, muy t\u00e1ctica y cargada de opciones deportivas para los que acierten las estrategias de la navegaci\u00f3n.<\/p>\n<p>El tiempo, seg\u00fan avanz\u00f3 el popular meteor\u00f3logo<strong> Tom\u00e1s Molina, participante habitual en esta regata, apunta a unos escenarios en el Mar Balear de vientos flojos del S \/ SO poco estables,<\/strong> con velocidades de entre 2 y 7 nudos durante todo el d\u00eda 13 de abril y hasta primeras horas de la madrugada de Viernes 14. Momento a partir del que se adelanta un panorama de vientos muy flojos e inestables y \u00e1reas de encaladas que, a lo largo del d\u00eda afectar\u00e1n fundamentalmente a las costas del norte de Ibiza. Situaci\u00f3n que normalmente durar\u00e1 hasta la ma\u00f1ana de s\u00e1bado 15 cuando el viento rolara al SE\/E aumentando sensiblemente su intensidad.<\/p>\n<p>Un panorama que avanza una regata dif\u00edcil y muy t\u00e1ctica. Tambi\u00e9n unos escenarios que podr\u00edan propiciar que, los barcos que logren llegar a Ibiza durante las primeras horas de la madrugada del viernes acumulen una clara, y determinante ventaja de la ventana de viento que se prev\u00e9 para antes de las encalmadas que se anuncian para el d\u00eda 14 de abril.<\/p>\n<p><a title=\"30 Edici\u00f3n de La Ruta de La Sal 2017\" href=\"#\" rel=\"\"><img loading=\"lazy\" decoding=\"async\" title=\"30 Edici\u00f3n de La Ruta de La Sal 2017\" src=\"http:\/\/farm3.staticflickr.com\/2907\/34011266425_bedb73a3a4_n.jpg\" alt=\"30 Edici\u00f3n de La Ruta de La Sal 2017\" width=\"320\" height=\"244\" \/><\/a><a title=\"30 Edici\u00f3n de La Ruta de La Sal 2017\" href=\"#\" rel=\"\"><img loading=\"lazy\" decoding=\"async\" title=\"30 Edici\u00f3n de La Ruta de La Sal 2017\" src=\"http:\/\/farm3.staticflickr.com\/2935\/34011265855_66af56168b_n.jpg\" alt=\"30 Edici\u00f3n de La Ruta de La Sal 2017\" width=\"320\" height=\"244\" \/><\/a><\/p>\n<p>Los barcos mas r\u00e1pidos,<strong> podr\u00edan llegar a Sant Antoni de Portmany a partir de primeras horas de la madrugada del viernes 14 de abril.<\/strong> Los modelos meteorol\u00f3gicos hablan de una regata de dif\u00edcil pron\u00f3stico, en la que las diferencias de velocidad en tiempo real entre los barcos de mayor y menor eslora podr\u00edan ser extremadamente determinante de cara a las clasificaciones generales. En principio se espera que la gran mayor\u00eda de los participantes lleguen a Sant Antoni a partir de las \u00faltimas horas de la tarde, incluso primeras horas de la noche del viernes 14 de abril. El tiempo limite para completar la regata esta fijado a las 14:00 h del s\u00e1bado 15 de Marzo del 2017.<\/p>\n<p><strong>El s\u00e1bado 15 de abril a las 12:00 h se celebrar\u00e1 , en el Club N\u00e1utico de Sant Antoni de Portmany, una rueda de prensa con los vencedores de la regata y a las 20:00 h el acto oficial de entrega de trofeos en la Carpa de La Sal.<\/strong><\/p>\n<p>La p\u00e1gina Web de la Ruta de La Sal &#8211; <a title=\"https:\/\/larutadelasal.com\" href=\"https:\/\/larutadelasal.com\" target=\"_blank\" rel=\"noopener\">https:\/\/larutadelasal.com<\/a> &#8211; ofrecer\u00e1 informaciones peri\u00f3dicas, e im\u00e1genes, sobre el desarrollo organizativo y deportivo de esta regata.<\/p>\n","protected":false},"excerpt":{"rendered":"<p>Hoy 13 de Abril, Jueves Santo, ha comenzado la 30 edici\u00f3n , de la Regata de Altura de la Ruta de la Sal &#8211; Trofeo Pepe Ferres con salidas desde Port Ginesta en Barcelona para la Versi\u00f3n Norte de la regata, Denia para Versi\u00f3n Este y Puerto de Andraxt en Mallorca para la nueva Versi\u00f3n Oeste de La Sal, con llegada, para los tres recorridos, en Sant Antoni de Portmany en Ibiza.<\/p>\n","protected":false},"author":1,"featured_media":3630,"comment_status":"open","ping_status":"open","sticky":false,"template":"","format":"standard","meta":{"_acf_changed":false,"footnotes":""},"categories":[3],"tags":[],"acf":[],"yoast_head":"<!-- This site is optimized with the Yoast SEO plugin v23.0 - https:\/\/yoast.com\/wordpress\/plugins\/seo\/ -->\n<title>Comienza La Ruta de La Sal 2017 | Regata La Ruta de la Sal<\/title>\n<meta name=\"robots\" content=\"noindex, follow, max-snippet:-1, max-image-preview:large, max-video-preview:-1\" \/>\n<meta property=\"og:locale\" content=\"es_ES\" \/>\n<meta property=\"og:type\" content=\"article\" \/>\n<meta property=\"og:title\" content=\"Comienza La Ruta de La Sal 2017 | Regata La Ruta de la Sal\" \/>\n<meta property=\"og:description\" content=\"Hoy 13 de Abril, Jueves Santo, ha comenzado la 30 edici\u00f3n , de la Regata de Altura de la Ruta de la Sal - Trofeo Pepe Ferres con salidas desde Port Ginesta en Barcelona para la Versi\u00f3n Norte de la regata, Denia para Versi\u00f3n Este y Puerto de Andraxt en Mallorca para la nueva Versi\u00f3n Oeste de La Sal, con llegada, para los tres recorridos, en Sant Antoni de Portmany en Ibiza.\" \/>\n<meta property=\"og:url\" content=\"https:\/\/labs.100x100.net\/projects\/rutasal\/comienza-la-ruta-de-la-sal-2017\/\" \/>\n<meta property=\"og:site_name\" content=\"Regata La Ruta de la Sal\" \/>\n<meta property=\"article:publisher\" content=\"https:\/\/www.facebook.com\/rutadelasal\/\" \/>\n<meta property=\"article:published_time\" content=\"2017-04-13T09:41:17+00:00\" \/>\n<meta property=\"article:modified_time\" content=\"2019-03-08T08:19:37+00:00\" \/>\n<meta property=\"og:image\" content=\"https:\/\/labs.100x100.net\/projects\/rutasal\/custom\/uploads\/2017\/04\/34011265405_21858de1e9_n.jpg\" \/>\n\t<meta property=\"og:image:width\" content=\"320\" \/>\n\t<meta property=\"og:image:height\" content=\"243\" \/>\n\t<meta property=\"og:image:type\" content=\"image\/jpeg\" \/>\n<meta name=\"author\" content=\"La Ruta de la Sal\" \/>\n<meta name=\"twitter:card\" content=\"summary_large_image\" \/>\n<meta name=\"twitter:creator\" content=\"@AnamMedi\" \/>\n<meta name=\"twitter:site\" content=\"@AnamMedi\" \/>\n<meta name=\"twitter:label1\" content=\"Escrito por\" \/>\n\t<meta name=\"twitter:data1\" content=\"La Ruta de la Sal\" \/>\n\t<meta name=\"twitter:label2\" content=\"Tiempo de lectura\" \/>\n\t<meta name=\"twitter:data2\" content=\"4 minutos\" \/>\n<script type=\"application\/ld+json\" class=\"yoast-schema-graph\">{\"@context\":\"https:\/\/schema.org\",\"@graph\":[{\"@type\":\"WebPage\",\"@id\":\"https:\/\/labs.100x100.net\/projects\/rutasal\/comienza-la-ruta-de-la-sal-2017\/\",\"url\":\"https:\/\/labs.100x100.net\/projects\/rutasal\/comienza-la-ruta-de-la-sal-2017\/\",\"name\":\"Comienza La Ruta de La Sal 2017 | Regata La Ruta de la Sal\",\"isPartOf\":{\"@id\":\"https:\/\/labs.100x100.net\/projects\/rutasal\/#website\"},\"primaryImageOfPage\":{\"@id\":\"https:\/\/labs.100x100.net\/projects\/rutasal\/comienza-la-ruta-de-la-sal-2017\/#primaryimage\"},\"image\":{\"@id\":\"https:\/\/labs.100x100.net\/projects\/rutasal\/comienza-la-ruta-de-la-sal-2017\/#primaryimage\"},\"thumbnailUrl\":\"https:\/\/labs.100x100.net\/projects\/rutasal\/custom\/uploads\/2017\/04\/34011265405_21858de1e9_n.jpg\",\"datePublished\":\"2017-04-13T09:41:17+00:00\",\"dateModified\":\"2019-03-08T08:19:37+00:00\",\"author\":{\"@id\":\"https:\/\/labs.100x100.net\/projects\/rutasal\/#\/schema\/person\/214eeb4a2e78fd8373a0a94f6d93c9ca\"},\"breadcrumb\":{\"@id\":\"https:\/\/labs.100x100.net\/projects\/rutasal\/comienza-la-ruta-de-la-sal-2017\/#breadcrumb\"},\"inLanguage\":\"es\",\"potentialAction\":[{\"@type\":\"ReadAction\",\"target\":[\"https:\/\/labs.100x100.net\/projects\/rutasal\/comienza-la-ruta-de-la-sal-2017\/\"]}]},{\"@type\":\"ImageObject\",\"inLanguage\":\"es\",\"@id\":\"https:\/\/labs.100x100.net\/projects\/rutasal\/comienza-la-ruta-de-la-sal-2017\/#primaryimage\",\"url\":\"https:\/\/labs.100x100.net\/projects\/rutasal\/custom\/uploads\/2017\/04\/34011265405_21858de1e9_n.jpg\",\"contentUrl\":\"https:\/\/labs.100x100.net\/projects\/rutasal\/custom\/uploads\/2017\/04\/34011265405_21858de1e9_n.jpg\",\"width\":320,\"height\":243},{\"@type\":\"BreadcrumbList\",\"@id\":\"https:\/\/labs.100x100.net\/projects\/rutasal\/comienza-la-ruta-de-la-sal-2017\/#breadcrumb\",\"itemListElement\":[{\"@type\":\"ListItem\",\"position\":1,\"name\":\"Portada\",\"item\":\"https:\/\/labs.100x100.net\/projects\/rutasal\/\"},{\"@type\":\"ListItem\",\"position\":2,\"name\":\"Comienza La Ruta de La Sal 2017\"}]},{\"@type\":\"WebSite\",\"@id\":\"https:\/\/labs.100x100.net\/projects\/rutasal\/#website\",\"url\":\"https:\/\/labs.100x100.net\/projects\/rutasal\/\",\"name\":\"Regata La Ruta de la Sal\",\"description\":\"Regata La Ruta de la Sal es una regata de Altura Mediterr\u00e1nea para barcos de crucero a vela con destino en Ibiza, que se disputa anualmente en Semana Santa.\",\"potentialAction\":[{\"@type\":\"SearchAction\",\"target\":{\"@type\":\"EntryPoint\",\"urlTemplate\":\"https:\/\/labs.100x100.net\/projects\/rutasal\/?s={search_term_string}\"},\"query-input\":\"required name=search_term_string\"}],\"inLanguage\":\"es\"},{\"@type\":\"Person\",\"@id\":\"https:\/\/labs.100x100.net\/projects\/rutasal\/#\/schema\/person\/214eeb4a2e78fd8373a0a94f6d93c9ca\",\"name\":\"La Ruta de la Sal\",\"image\":{\"@type\":\"ImageObject\",\"inLanguage\":\"es\",\"@id\":\"https:\/\/labs.100x100.net\/projects\/rutasal\/#\/schema\/person\/image\/\",\"url\":\"https:\/\/secure.gravatar.com\/avatar\/b247286d4b801d6b1cfcfb3807587284?s=96&d=mm&r=g\",\"contentUrl\":\"https:\/\/secure.gravatar.com\/avatar\/b247286d4b801d6b1cfcfb3807587284?s=96&d=mm&r=g\",\"caption\":\"La Ruta de la Sal\"}}]}<\/script>\n<!-- \/ Yoast SEO plugin. -->","yoast_head_json":{"title":"Comienza La Ruta de La Sal 2017 | Regata La Ruta de la Sal","robots":{"index":"noindex","follow":"follow","max-snippet":"max-snippet:-1","max-image-preview":"max-image-preview:large","max-video-preview":"max-video-preview:-1"},"og_locale":"es_ES","og_type":"article","og_title":"Comienza La Ruta de La Sal 2017 | Regata La Ruta de la Sal","og_description":"Hoy 13 de Abril, Jueves Santo, ha comenzado la 30 edici\u00f3n , de la Regata de Altura de la Ruta de la Sal - Trofeo Pepe Ferres con salidas desde Port Ginesta en Barcelona para la Versi\u00f3n Norte de la regata, Denia para Versi\u00f3n Este y Puerto de Andraxt en Mallorca para la nueva Versi\u00f3n Oeste de La Sal, con llegada, para los tres recorridos, en Sant Antoni de Portmany en Ibiza.","og_url":"https:\/\/labs.100x100.net\/projects\/rutasal\/comienza-la-ruta-de-la-sal-2017\/","og_site_name":"Regata La Ruta de la Sal","article_publisher":"https:\/\/www.facebook.com\/rutadelasal\/","article_published_time":"2017-04-13T09:41:17+00:00","article_modified_time":"2019-03-08T08:19:37+00:00","og_image":[{"width":320,"height":243,"url":"https:\/\/labs.100x100.net\/projects\/rutasal\/custom\/uploads\/2017\/04\/34011265405_21858de1e9_n.jpg","type":"image\/jpeg"}],"author":"La Ruta de la Sal","twitter_card":"summary_large_image","twitter_creator":"@AnamMedi","twitter_site":"@AnamMedi","twitter_misc":{"Escrito por":"La Ruta de la Sal","Tiempo de lectura":"4 minutos"},"schema":{"@context":"https:\/\/schema.org","@graph":[{"@type":"WebPage","@id":"https:\/\/labs.100x100.net\/projects\/rutasal\/comienza-la-ruta-de-la-sal-2017\/","url":"https:\/\/labs.100x100.net\/projects\/rutasal\/comienza-la-ruta-de-la-sal-2017\/","name":"Comienza La Ruta de La Sal 2017 | Regata La Ruta de la Sal","isPartOf":{"@id":"https:\/\/labs.100x100.net\/projects\/rutasal\/#website"},"primaryImageOfPage":{"@id":"https:\/\/labs.100x100.net\/projects\/rutasal\/comienza-la-ruta-de-la-sal-2017\/#primaryimage"},"image":{"@id":"https:\/\/labs.100x100.net\/projects\/rutasal\/comienza-la-ruta-de-la-sal-2017\/#primaryimage"},"thumbnailUrl":"https:\/\/labs.100x100.net\/projects\/rutasal\/custom\/uploads\/2017\/04\/34011265405_21858de1e9_n.jpg","datePublished":"2017-04-13T09:41:17+00:00","dateModified":"2019-03-08T08:19:37+00:00","author":{"@id":"https:\/\/labs.100x100.net\/projects\/rutasal\/#\/schema\/person\/214eeb4a2e78fd8373a0a94f6d93c9ca"},"breadcrumb":{"@id":"https:\/\/labs.100x100.net\/projects\/rutasal\/comienza-la-ruta-de-la-sal-2017\/#breadcrumb"},"inLanguage":"es","potentialAction":[{"@type":"ReadAction","target":["https:\/\/labs.100x100.net\/projects\/rutasal\/comienza-la-ruta-de-la-sal-2017\/"]}]},{"@type":"ImageObject","inLanguage":"es","@id":"https:\/\/labs.100x100.net\/projects\/rutasal\/comienza-la-ruta-de-la-sal-2017\/#primaryimage","url":"https:\/\/labs.100x100.net\/projects\/rutasal\/custom\/uploads\/2017\/04\/34011265405_21858de1e9_n.jpg","contentUrl":"https:\/\/labs.100x100.net\/projects\/rutasal\/custom\/uploads\/2017\/04\/34011265405_21858de1e9_n.jpg","width":320,"height":243},{"@type":"BreadcrumbList","@id":"https:\/\/labs.100x100.net\/projects\/rutasal\/comienza-la-ruta-de-la-sal-2017\/#breadcrumb","itemListElement":[{"@type":"ListItem","position":1,"name":"Portada","item":"https:\/\/labs.100x100.net\/projects\/rutasal\/"},{"@type":"ListItem","position":2,"name":"Comienza La Ruta de La Sal 2017"}]},{"@type":"WebSite","@id":"https:\/\/labs.100x100.net\/projects\/rutasal\/#website","url":"https:\/\/labs.100x100.net\/projects\/rutasal\/","name":"Regata La Ruta de la Sal","description":"Regata La Ruta de la Sal es una regata de Altura Mediterr\u00e1nea para barcos de crucero a vela con destino en Ibiza, que se disputa anualmente en Semana Santa.","potentialAction":[{"@type":"SearchAction","target":{"@type":"EntryPoint","urlTemplate":"https:\/\/labs.100x100.net\/projects\/rutasal\/?s={search_term_string}"},"query-input":"required name=search_term_string"}],"inLanguage":"es"},{"@type":"Person","@id":"https:\/\/labs.100x100.net\/projects\/rutasal\/#\/schema\/person\/214eeb4a2e78fd8373a0a94f6d93c9ca","name":"La Ruta de la Sal","image":{"@type":"ImageObject","inLanguage":"es","@id":"https:\/\/labs.100x100.net\/projects\/rutasal\/#\/schema\/person\/image\/","url":"https:\/\/secure.gravatar.com\/avatar\/b247286d4b801d6b1cfcfb3807587284?s=96&d=mm&r=g","contentUrl":"https:\/\/secure.gravatar.com\/avatar\/b247286d4b801d6b1cfcfb3807587284?s=96&d=mm&r=g","caption":"La Ruta de la Sal"}}]}},"_links":{"self":[{"href":"https:\/\/labs.100x100.net\/projects\/rutasal\/wp-json\/wp\/v2\/posts\/2570"}],"collection":[{"href":"https:\/\/labs.100x100.net\/projects\/rutasal\/wp-json\/wp\/v2\/posts"}],"about":[{"href":"https:\/\/labs.100x100.net\/projects\/rutasal\/wp-json\/wp\/v2\/types\/post"}],"author":[{"embeddable":true,"href":"https:\/\/labs.100x100.net\/projects\/rutasal\/wp-json\/wp\/v2\/users\/1"}],"replies":[{"embeddable":true,"href":"https:\/\/labs.100x100.net\/projects\/rutasal\/wp-json\/wp\/v2\/comments?post=2570"}],"version-history":[{"count":2,"href":"https:\/\/labs.100x100.net\/projects\/rutasal\/wp-json\/wp\/v2\/posts\/2570\/revisions"}],"predecessor-version":[{"id":3631,"href":"https:\/\/labs.100x100.net\/projects\/rutasal\/wp-json\/wp\/v2\/posts\/2570\/revisions\/3631"}],"wp:featuredmedia":[{"embeddable":true,"href":"https:\/\/labs.100x100.net\/projects\/rutasal\/wp-json\/wp\/v2\/media\/3630"}],"wp:attachment":[{"href":"https:\/\/labs.100x100.net\/projects\/rutasal\/wp-json\/wp\/v2\/media?parent=2570"}],"wp:term":[{"taxonomy":"category","embeddable":true,"href":"https:\/\/labs.100x100.net\/projects\/rutasal\/wp-json\/wp\/v2\/categories?post=2570"},{"taxonomy":"post_tag","embeddable":true,"href":"https:\/\/labs.100x100.net\/projects\/rutasal\/wp-json\/wp\/v2\/tags?post=2570"}],"curies":[{"name":"wp","href":"https:\/\/api.w.org\/{rel}","templated":true}]}}