{"id":2521,"date":"2017-04-12T07:40:32","date_gmt":"2017-04-12T05:40:32","guid":{"rendered":"https:\/\/larutadelasal.com\/?p=2521"},"modified":"2019-03-08T10:21:53","modified_gmt":"2019-03-08T08:21:53","slug":"record-de-participacion-en-la-30-edicion-de-la-ruta-de-la-sal","status":"publish","type":"post","link":"https:\/\/labs.100x100.net\/projects\/rutasal\/record-de-participacion-en-la-30-edicion-de-la-ruta-de-la-sal\/","title":{"rendered":"R\u00c9CORD DE PARTICIPACI\u00d3N EN LA 30 EDICI\u00d3N DE LA RUTA DE LA SAL"},"content":{"rendered":"<ul>\n<li>\n<h4><strong>Con 211 embarcaciones inscritas La Sal 2017 es la regata de altura con m\u00e1s barcos en competici\u00f3n de todo el Mediterr\u00e1neo.<\/strong><\/h4>\n<\/li>\n<li>\n<h4><strong>Cita de campeones en la 30 edici\u00f3n de La Sal<\/strong><\/h4>\n<\/li>\n<li>\n<h4><strong>Una participaci\u00f3n de lujo que reunir\u00e1 a los equipos m\u00e1s punteros de las \u00faltimas ediciones de la Ruta de La Sal.<\/strong><\/h4>\n<\/li>\n<\/ul>\n<p>Ma\u00f1ana d\u00eda 13 de abril, Jueves Santo, comenzara la 30 edici\u00f3n de la Regata de Altura de la Ruta de la Sal, con salidas desde Port Ginesta- Barcelona para la Versi\u00f3n Norte de la regata, Denia para Versi\u00f3n Este y Puerto de Andraxt-Mallorca para la nueva Versi\u00f3n Oeste, con llegada, en todos los casos, en Sant Antoni de Portmany en Ibiza.<\/p>\n<p><a title=\"29 Edici\u00f3n de La Ruta de La Sal 2016 (Trofeo Pepe Ferr\u00e9s)\" href=\"#\" rel=\"\"><img loading=\"lazy\" decoding=\"async\" title=\"29 Edici\u00f3n de La Ruta de La Sal 2016 (Trofeo Pepe Ferr\u00e9s)\" src=\"http:\/\/farm2.staticflickr.com\/1577\/25420639603_eaa275a5f5_z.jpg\" alt=\"29 Edici\u00f3n de La Ruta de La Sal 2016 (Trofeo Pepe Ferr\u00e9s)\" width=\"640\" height=\"471\" \/><\/a><\/p>\n<p>La salida de la Versi\u00f3n Norte de La Sal, en la que van a competir\u00e1n 74 embarcaciones tripuladas por unos 480 regatistas est\u00e1 prevista para ma\u00f1ana, 13 de Abril a las 10:00h desde el CM Port Ginesta en Barcelona. La flota cubrir\u00e1 un recorrido de 140 millas con rumbo directo hasta el CN Sant Antoni de Portmany en Ibiza.<\/p>\n<p>La Versi\u00f3n Este, con 94 veleros inscritos tripulados por cerca de 570 deportistas, tomara la salida a las 14:00 h de ma\u00f1ana, d\u00eda 13 de Abril, desde el RC N\u00e1utico de Denia. Los participantes se ver\u00e1n obligados a navegar por un circuito de 120 millas que exige tomar Formentera y el islote de Tagomago por babor y costear por el norte de Ibiza hasta Sant Antoni.<\/p>\n<p>La nueva Versi\u00f3n Oeste de La Sal con 43 embarcaciones con unos 270 tripulantes se iniciara a las 12.00 h. del jueves 13 de abril del 2017 desde Puerto de Andratx a St. Antoni, dejando por estribor las islas de Tagomago, Formentera, Es Vedr\u00e1 , Bledas y Conejera. Unas 103 millas de singladura.<\/p>\n<p>Se prev\u00e9 que los barcos m\u00e1s r\u00e1pidos, podr\u00edan llegar a Sant Antoni de Portmany a partir de la madrugada o primeras horas del viernes 14 de abril y, dependiendo de las condiciones meteorol\u00f3gicas que finalmente predominen en el Mar Balear durante las pr\u00f3ximas 72 horas, se podr\u00edan prolongar hasta la ma\u00f1ana del s\u00e1bado 15 de abril del 2017.<\/p>\n<p>Como referencia indicar que hasta la fecha el barco m\u00e1s r\u00e1pido en recorrer las 140 millas de la Versi\u00f3n Norte ha sido el velero Alem\u00e1n \u201cCaro\u201d con un registro, de tan solo 13 horas, 18 minutos y 54 segundos. Acreditando una velocidad media durante toda traves\u00eda superior a los 10,70 nudos. En la Versi\u00f3n Este el record tiempo se sit\u00faa en 13 horas, 10 minutos y 15 segundos que apunto el \u201cPlis-Play\u201d en la regata del 2012. En la Versi\u00f3n Oeste, los tiempos que se establezcan en esta edici\u00f3n ser\u00e1n la referencia para este circuito que se estrena como novedad deportiva del 30 aniversario de la Ruta de La Sal.<\/p>\n<p><a title=\"29 Edici\u00f3n de La Ruta de La Sal 2016 (Trofeo Pepe Ferr\u00e9s)\" href=\"#\" rel=\"\"><img loading=\"lazy\" decoding=\"async\" title=\"29 Edici\u00f3n de La Ruta de La Sal 2016 (Trofeo Pepe Ferr\u00e9s)\" src=\"http:\/\/farm2.staticflickr.com\/1461\/25907754332_56beef60d3_z.jpg\" alt=\"29 Edici\u00f3n de La Ruta de La Sal 2016 (Trofeo Pepe Ferr\u00e9s)\" width=\"640\" height=\"471\" \/><\/a><\/p>\n<p>Como equipos favoritos, por su historial deportivo cabe destacar, en la Versi\u00f3n Norte, el velero alem\u00e1n \u00abCaro\u00bb de Maximilian Klink, ganador de La Sal del 2007, 2011 y 2016. El Swam 45 \u00abCoratge\u00bb de Manuel Jane, con victorias en las ediciones del 1989, 1990, 2014 y 2015. Finalmente una referencia a David Tur, con su B&amp;C 45 \u201cAtlant del Vent\u201d del CN de Ibiza, ganador de La Ruta de la Sal del 2003 y p\u00f3diums en las ediciones del 2007, 2009, 2010 y 2015.<\/p>\n<p>En la Versi\u00f3n Este una referencia obligada al \u201cNautic Caf\u00e9 del Mar\u201d de Juan Carlos Sanchis del CN de Sant Antoni de Portmany, ganador de las ediciones del 2013 y 2014 de La Sal. Tambi\u00e9n al \u201cEstropada-Caf\u00e9 del Mar\u201d patroneado por Toni Tur, y finalmente, entre otros, al X-65 Performance, \u201cDos Much\u201d de Joan Segui del RCN del Puerto de Pollensa; equipo que en el 2011, fue ganador en tiempo Real de la Versi\u00f3n Este de la Sal.<\/p>\n<p>La nueva Versi\u00f3n Oeste se estrena con una flota muy competitiva entre los que destacamos al Swam 56 \u00abClem\u00bb de Amanda Hatley del Club de Mar de Mallorca, ganadores de La Sal en el 2009, 2010 y un p\u00f3dium en el 2013. Tambi\u00e9n a el Fortuna 9 \u201cPosidonia Uno\u201d de Ram\u00f3n Balanzat del CN de Ibiza, ganador de la Versi\u00f3n Este de la 25 edici\u00f3n de La Ruta de La Sal disputada en el 2012. Amador Magraner de Real Club N\u00e1utico del Puerto de Pollensa, ganador de la Versi\u00f3n Norte de La Sal el 2011, que participara en esta largada con el Swam 441R \u201cCarat\u201d. El Dufour 40J \u201cAlba Alba\u201d de Luis Mata del CN de Ibiza, segundo en la general de la Versi\u00f3n Este del 2016, o a bordo del Swam 65, \u201cLib\u00e9lula\u201d Borja Pella, ganador absoluto de La Ruta de La Sal 2005 y 2006.<\/p>\n<p><a title=\"29 Edici\u00f3n de La Ruta de La Sal 2016 (Trofeo Pepe Ferr\u00e9s)\" href=\"#\" rel=\"\"><img loading=\"lazy\" decoding=\"async\" title=\"29 Edici\u00f3n de La Ruta de La Sal 2016 (Trofeo Pepe Ferr\u00e9s)\" src=\"http:\/\/farm2.staticflickr.com\/1638\/25950289042_e69ea352f3_z.jpg\" alt=\"29 Edici\u00f3n de La Ruta de La Sal 2016 (Trofeo Pepe Ferr\u00e9s)\" width=\"640\" height=\"471\" \/><\/a><\/p>\n<p>Las predicciones meteorol\u00f3gicas apuntan en principio a que La Sal 2017 se va a navegar bajo vientos dominantes de componente Sur, con predominios en el Mar Balear de SSO\/SO de fuerza 2\/3 que, para el caso de la Versi\u00f3n Norte oscilaran entre un E de 5\/6 nudos en la salida para rolar en pocas horas a SO\/ SSO con intensidades medias de entre fuerza 2\/3. En la Versi\u00f3n Este ser\u00e1n, en la salida, de SSE de 6\/8 nudos que rolaran hacia el SSO da hasta un m\u00e1ximo de 12 nudos. En la Versi\u00f3n Oeste, se espera que comience la competici\u00f3n con vientos de 6\/7 nudos del SO. En las costas de Sant Antoni a partir de la noche del 13 y madrugada del 14 de abril, cuando podr\u00edan empezar a llegar los barcos m\u00e1s r\u00e1pidos, los vientos ser\u00e1n del SSO muy flojos, que a largo del d\u00eda ir\u00e1n rolando hacia el O y NNO de fuerza 2\/3. El estado de la mar ser\u00e1 bueno, predominando la marejadilla y en ocasiones mar en calma.<\/p>\n<p>Unos escenarios que dibujan, en general, una regata muy t\u00e1ctica marcada por vientos relativamente variables y algo inestables.. Una competici\u00f3n donde los micro-climas zonales, las corrientes de superficie y las estrategias generales de aproximaci\u00f3n a Ibiza ser\u00e1n determinantes. A nivel general d\u00edas soleados, horario de verano y, seg\u00fan como, las inestabilidades propias del cambio de luna.<\/p>\n<p>La p\u00e1gina Web de la Ruta de La Sal \u2013 <a title=\"https:\/\/larutadelasal.com\" href=\"https:\/\/larutadelasal.com\" target=\"_blank\" rel=\"noopener\">https:\/\/larutadelasal.com<\/a> \u2013 ofrecer\u00e1 informaciones peri\u00f3dicas, e im\u00e1genes, sobre el desarrollo organizativo y deportivo de esta regata.<\/p>\n","protected":false},"excerpt":{"rendered":"<p>Con 211 embarcaciones inscritas La Sal 2017 es la regata de altura con m\u00e1s barcos en competici\u00f3n de todo el Mediterr\u00e1neo. Cita de campeones en la 30 edici\u00f3n de La Sal Una participaci\u00f3n de lujo que reunir\u00e1 a los equipos m\u00e1s punteros de las \u00faltimas ediciones de la Ruta de La Sal. Ma\u00f1ana d\u00eda 13 [&hellip;]<\/p>\n","protected":false},"author":1,"featured_media":3634,"comment_status":"open","ping_status":"open","sticky":false,"template":"","format":"standard","meta":{"_acf_changed":false,"footnotes":""},"categories":[3],"tags":[],"acf":[],"yoast_head":"<!-- This site is optimized with the Yoast SEO plugin v23.0 - https:\/\/yoast.com\/wordpress\/plugins\/seo\/ -->\n<title>R\u00c9CORD DE PARTICIPACI\u00d3N EN LA 30 EDICI\u00d3N DE LA RUTA DE LA SAL | Regata La Ruta de la Sal<\/title>\n<meta name=\"robots\" content=\"noindex, follow, max-snippet:-1, max-image-preview:large, max-video-preview:-1\" \/>\n<meta property=\"og:locale\" content=\"es_ES\" \/>\n<meta property=\"og:type\" content=\"article\" \/>\n<meta property=\"og:title\" content=\"R\u00c9CORD DE PARTICIPACI\u00d3N EN LA 30 EDICI\u00d3N DE LA RUTA DE LA SAL | Regata La Ruta de la Sal\" \/>\n<meta property=\"og:description\" content=\"Con 211 embarcaciones inscritas La Sal 2017 es la regata de altura con m\u00e1s barcos en competici\u00f3n de todo el Mediterr\u00e1neo. Cita de campeones en la 30 edici\u00f3n de La Sal Una participaci\u00f3n de lujo que reunir\u00e1 a los equipos m\u00e1s punteros de las \u00faltimas ediciones de la Ruta de La Sal. Ma\u00f1ana d\u00eda 13 [&hellip;]\" \/>\n<meta property=\"og:url\" content=\"https:\/\/labs.100x100.net\/projects\/rutasal\/record-de-participacion-en-la-30-edicion-de-la-ruta-de-la-sal\/\" \/>\n<meta property=\"og:site_name\" content=\"Regata La Ruta de la Sal\" \/>\n<meta property=\"article:publisher\" content=\"https:\/\/www.facebook.com\/rutadelasal\/\" \/>\n<meta property=\"article:published_time\" content=\"2017-04-12T05:40:32+00:00\" \/>\n<meta property=\"article:modified_time\" content=\"2019-03-08T08:21:53+00:00\" \/>\n<meta property=\"og:image\" content=\"https:\/\/labs.100x100.net\/projects\/rutasal\/custom\/uploads\/2017\/04\/25420639603_eaa275a5f5_z.jpg\" \/>\n\t<meta property=\"og:image:width\" content=\"640\" \/>\n\t<meta property=\"og:image:height\" content=\"471\" \/>\n\t<meta property=\"og:image:type\" content=\"image\/jpeg\" \/>\n<meta name=\"author\" content=\"La Ruta de la Sal\" \/>\n<meta name=\"twitter:card\" content=\"summary_large_image\" \/>\n<meta name=\"twitter:creator\" content=\"@AnamMedi\" \/>\n<meta name=\"twitter:site\" content=\"@AnamMedi\" \/>\n<meta name=\"twitter:label1\" content=\"Escrito por\" \/>\n\t<meta name=\"twitter:data1\" content=\"La Ruta de la Sal\" \/>\n\t<meta name=\"twitter:label2\" content=\"Tiempo de lectura\" \/>\n\t<meta name=\"twitter:data2\" content=\"5 minutos\" \/>\n<script type=\"application\/ld+json\" class=\"yoast-schema-graph\">{\"@context\":\"https:\/\/schema.org\",\"@graph\":[{\"@type\":\"WebPage\",\"@id\":\"https:\/\/labs.100x100.net\/projects\/rutasal\/record-de-participacion-en-la-30-edicion-de-la-ruta-de-la-sal\/\",\"url\":\"https:\/\/labs.100x100.net\/projects\/rutasal\/record-de-participacion-en-la-30-edicion-de-la-ruta-de-la-sal\/\",\"name\":\"R\u00c9CORD DE PARTICIPACI\u00d3N EN LA 30 EDICI\u00d3N DE LA RUTA DE LA SAL | Regata La Ruta de la Sal\",\"isPartOf\":{\"@id\":\"https:\/\/labs.100x100.net\/projects\/rutasal\/#website\"},\"primaryImageOfPage\":{\"@id\":\"https:\/\/labs.100x100.net\/projects\/rutasal\/record-de-participacion-en-la-30-edicion-de-la-ruta-de-la-sal\/#primaryimage\"},\"image\":{\"@id\":\"https:\/\/labs.100x100.net\/projects\/rutasal\/record-de-participacion-en-la-30-edicion-de-la-ruta-de-la-sal\/#primaryimage\"},\"thumbnailUrl\":\"https:\/\/labs.100x100.net\/projects\/rutasal\/custom\/uploads\/2017\/04\/25420639603_eaa275a5f5_z.jpg\",\"datePublished\":\"2017-04-12T05:40:32+00:00\",\"dateModified\":\"2019-03-08T08:21:53+00:00\",\"author\":{\"@id\":\"https:\/\/labs.100x100.net\/projects\/rutasal\/#\/schema\/person\/214eeb4a2e78fd8373a0a94f6d93c9ca\"},\"breadcrumb\":{\"@id\":\"https:\/\/labs.100x100.net\/projects\/rutasal\/record-de-participacion-en-la-30-edicion-de-la-ruta-de-la-sal\/#breadcrumb\"},\"inLanguage\":\"es\",\"potentialAction\":[{\"@type\":\"ReadAction\",\"target\":[\"https:\/\/labs.100x100.net\/projects\/rutasal\/record-de-participacion-en-la-30-edicion-de-la-ruta-de-la-sal\/\"]}]},{\"@type\":\"ImageObject\",\"inLanguage\":\"es\",\"@id\":\"https:\/\/labs.100x100.net\/projects\/rutasal\/record-de-participacion-en-la-30-edicion-de-la-ruta-de-la-sal\/#primaryimage\",\"url\":\"https:\/\/labs.100x100.net\/projects\/rutasal\/custom\/uploads\/2017\/04\/25420639603_eaa275a5f5_z.jpg\",\"contentUrl\":\"https:\/\/labs.100x100.net\/projects\/rutasal\/custom\/uploads\/2017\/04\/25420639603_eaa275a5f5_z.jpg\",\"width\":640,\"height\":471},{\"@type\":\"BreadcrumbList\",\"@id\":\"https:\/\/labs.100x100.net\/projects\/rutasal\/record-de-participacion-en-la-30-edicion-de-la-ruta-de-la-sal\/#breadcrumb\",\"itemListElement\":[{\"@type\":\"ListItem\",\"position\":1,\"name\":\"Portada\",\"item\":\"https:\/\/labs.100x100.net\/projects\/rutasal\/\"},{\"@type\":\"ListItem\",\"position\":2,\"name\":\"R\u00c9CORD DE PARTICIPACI\u00d3N EN LA 30 EDICI\u00d3N DE LA RUTA DE LA SAL\"}]},{\"@type\":\"WebSite\",\"@id\":\"https:\/\/labs.100x100.net\/projects\/rutasal\/#website\",\"url\":\"https:\/\/labs.100x100.net\/projects\/rutasal\/\",\"name\":\"Regata La Ruta de la Sal\",\"description\":\"Regata La Ruta de la Sal es una regata de Altura Mediterr\u00e1nea para barcos de crucero a vela con destino en Ibiza, que se disputa anualmente en Semana Santa.\",\"potentialAction\":[{\"@type\":\"SearchAction\",\"target\":{\"@type\":\"EntryPoint\",\"urlTemplate\":\"https:\/\/labs.100x100.net\/projects\/rutasal\/?s={search_term_string}\"},\"query-input\":\"required name=search_term_string\"}],\"inLanguage\":\"es\"},{\"@type\":\"Person\",\"@id\":\"https:\/\/labs.100x100.net\/projects\/rutasal\/#\/schema\/person\/214eeb4a2e78fd8373a0a94f6d93c9ca\",\"name\":\"La Ruta de la Sal\",\"image\":{\"@type\":\"ImageObject\",\"inLanguage\":\"es\",\"@id\":\"https:\/\/labs.100x100.net\/projects\/rutasal\/#\/schema\/person\/image\/\",\"url\":\"https:\/\/secure.gravatar.com\/avatar\/b247286d4b801d6b1cfcfb3807587284?s=96&d=mm&r=g\",\"contentUrl\":\"https:\/\/secure.gravatar.com\/avatar\/b247286d4b801d6b1cfcfb3807587284?s=96&d=mm&r=g\",\"caption\":\"La Ruta de la Sal\"}}]}<\/script>\n<!-- \/ Yoast SEO plugin. -->","yoast_head_json":{"title":"R\u00c9CORD DE PARTICIPACI\u00d3N EN LA 30 EDICI\u00d3N DE LA RUTA DE LA SAL | Regata La Ruta de la Sal","robots":{"index":"noindex","follow":"follow","max-snippet":"max-snippet:-1","max-image-preview":"max-image-preview:large","max-video-preview":"max-video-preview:-1"},"og_locale":"es_ES","og_type":"article","og_title":"R\u00c9CORD DE PARTICIPACI\u00d3N EN LA 30 EDICI\u00d3N DE LA RUTA DE LA SAL | Regata La Ruta de la Sal","og_description":"Con 211 embarcaciones inscritas La Sal 2017 es la regata de altura con m\u00e1s barcos en competici\u00f3n de todo el Mediterr\u00e1neo. Cita de campeones en la 30 edici\u00f3n de La Sal Una participaci\u00f3n de lujo que reunir\u00e1 a los equipos m\u00e1s punteros de las \u00faltimas ediciones de la Ruta de La Sal. Ma\u00f1ana d\u00eda 13 [&hellip;]","og_url":"https:\/\/labs.100x100.net\/projects\/rutasal\/record-de-participacion-en-la-30-edicion-de-la-ruta-de-la-sal\/","og_site_name":"Regata La Ruta de la Sal","article_publisher":"https:\/\/www.facebook.com\/rutadelasal\/","article_published_time":"2017-04-12T05:40:32+00:00","article_modified_time":"2019-03-08T08:21:53+00:00","og_image":[{"width":640,"height":471,"url":"https:\/\/labs.100x100.net\/projects\/rutasal\/custom\/uploads\/2017\/04\/25420639603_eaa275a5f5_z.jpg","type":"image\/jpeg"}],"author":"La Ruta de la Sal","twitter_card":"summary_large_image","twitter_creator":"@AnamMedi","twitter_site":"@AnamMedi","twitter_misc":{"Escrito por":"La Ruta de la Sal","Tiempo de lectura":"5 minutos"},"schema":{"@context":"https:\/\/schema.org","@graph":[{"@type":"WebPage","@id":"https:\/\/labs.100x100.net\/projects\/rutasal\/record-de-participacion-en-la-30-edicion-de-la-ruta-de-la-sal\/","url":"https:\/\/labs.100x100.net\/projects\/rutasal\/record-de-participacion-en-la-30-edicion-de-la-ruta-de-la-sal\/","name":"R\u00c9CORD DE PARTICIPACI\u00d3N EN LA 30 EDICI\u00d3N DE LA RUTA DE LA SAL | Regata La Ruta de la Sal","isPartOf":{"@id":"https:\/\/labs.100x100.net\/projects\/rutasal\/#website"},"primaryImageOfPage":{"@id":"https:\/\/labs.100x100.net\/projects\/rutasal\/record-de-participacion-en-la-30-edicion-de-la-ruta-de-la-sal\/#primaryimage"},"image":{"@id":"https:\/\/labs.100x100.net\/projects\/rutasal\/record-de-participacion-en-la-30-edicion-de-la-ruta-de-la-sal\/#primaryimage"},"thumbnailUrl":"https:\/\/labs.100x100.net\/projects\/rutasal\/custom\/uploads\/2017\/04\/25420639603_eaa275a5f5_z.jpg","datePublished":"2017-04-12T05:40:32+00:00","dateModified":"2019-03-08T08:21:53+00:00","author":{"@id":"https:\/\/labs.100x100.net\/projects\/rutasal\/#\/schema\/person\/214eeb4a2e78fd8373a0a94f6d93c9ca"},"breadcrumb":{"@id":"https:\/\/labs.100x100.net\/projects\/rutasal\/record-de-participacion-en-la-30-edicion-de-la-ruta-de-la-sal\/#breadcrumb"},"inLanguage":"es","potentialAction":[{"@type":"ReadAction","target":["https:\/\/labs.100x100.net\/projects\/rutasal\/record-de-participacion-en-la-30-edicion-de-la-ruta-de-la-sal\/"]}]},{"@type":"ImageObject","inLanguage":"es","@id":"https:\/\/labs.100x100.net\/projects\/rutasal\/record-de-participacion-en-la-30-edicion-de-la-ruta-de-la-sal\/#primaryimage","url":"https:\/\/labs.100x100.net\/projects\/rutasal\/custom\/uploads\/2017\/04\/25420639603_eaa275a5f5_z.jpg","contentUrl":"https:\/\/labs.100x100.net\/projects\/rutasal\/custom\/uploads\/2017\/04\/25420639603_eaa275a5f5_z.jpg","width":640,"height":471},{"@type":"BreadcrumbList","@id":"https:\/\/labs.100x100.net\/projects\/rutasal\/record-de-participacion-en-la-30-edicion-de-la-ruta-de-la-sal\/#breadcrumb","itemListElement":[{"@type":"ListItem","position":1,"name":"Portada","item":"https:\/\/labs.100x100.net\/projects\/rutasal\/"},{"@type":"ListItem","position":2,"name":"R\u00c9CORD DE PARTICIPACI\u00d3N EN LA 30 EDICI\u00d3N DE LA RUTA DE LA SAL"}]},{"@type":"WebSite","@id":"https:\/\/labs.100x100.net\/projects\/rutasal\/#website","url":"https:\/\/labs.100x100.net\/projects\/rutasal\/","name":"Regata La Ruta de la Sal","description":"Regata La Ruta de la Sal es una regata de Altura Mediterr\u00e1nea para barcos de crucero a vela con destino en Ibiza, que se disputa anualmente en Semana Santa.","potentialAction":[{"@type":"SearchAction","target":{"@type":"EntryPoint","urlTemplate":"https:\/\/labs.100x100.net\/projects\/rutasal\/?s={search_term_string}"},"query-input":"required name=search_term_string"}],"inLanguage":"es"},{"@type":"Person","@id":"https:\/\/labs.100x100.net\/projects\/rutasal\/#\/schema\/person\/214eeb4a2e78fd8373a0a94f6d93c9ca","name":"La Ruta de la Sal","image":{"@type":"ImageObject","inLanguage":"es","@id":"https:\/\/labs.100x100.net\/projects\/rutasal\/#\/schema\/person\/image\/","url":"https:\/\/secure.gravatar.com\/avatar\/b247286d4b801d6b1cfcfb3807587284?s=96&d=mm&r=g","contentUrl":"https:\/\/secure.gravatar.com\/avatar\/b247286d4b801d6b1cfcfb3807587284?s=96&d=mm&r=g","caption":"La Ruta de la Sal"}}]}},"_links":{"self":[{"href":"https:\/\/labs.100x100.net\/projects\/rutasal\/wp-json\/wp\/v2\/posts\/2521"}],"collection":[{"href":"https:\/\/labs.100x100.net\/projects\/rutasal\/wp-json\/wp\/v2\/posts"}],"about":[{"href":"https:\/\/labs.100x100.net\/projects\/rutasal\/wp-json\/wp\/v2\/types\/post"}],"author":[{"embeddable":true,"href":"https:\/\/labs.100x100.net\/projects\/rutasal\/wp-json\/wp\/v2\/users\/1"}],"replies":[{"embeddable":true,"href":"https:\/\/labs.100x100.net\/projects\/rutasal\/wp-json\/wp\/v2\/comments?post=2521"}],"version-history":[{"count":2,"href":"https:\/\/labs.100x100.net\/projects\/rutasal\/wp-json\/wp\/v2\/posts\/2521\/revisions"}],"predecessor-version":[{"id":3635,"href":"https:\/\/labs.100x100.net\/projects\/rutasal\/wp-json\/wp\/v2\/posts\/2521\/revisions\/3635"}],"wp:featuredmedia":[{"embeddable":true,"href":"https:\/\/labs.100x100.net\/projects\/rutasal\/wp-json\/wp\/v2\/media\/3634"}],"wp:attachment":[{"href":"https:\/\/labs.100x100.net\/projects\/rutasal\/wp-json\/wp\/v2\/media?parent=2521"}],"wp:term":[{"taxonomy":"category","embeddable":true,"href":"https:\/\/labs.100x100.net\/projects\/rutasal\/wp-json\/wp\/v2\/categories?post=2521"},{"taxonomy":"post_tag","embeddable":true,"href":"https:\/\/labs.100x100.net\/projects\/rutasal\/wp-json\/wp\/v2\/tags?post=2521"}],"curies":[{"name":"wp","href":"https:\/\/api.w.org\/{rel}","templated":true}]}}