{"id":2503,"date":"2017-04-06T18:12:03","date_gmt":"2017-04-06T16:12:03","guid":{"rendered":"https:\/\/larutadelasal.com\/?p=2503"},"modified":"2019-03-08T10:27:23","modified_gmt":"2019-03-08T08:27:23","slug":"rumbo-a-sant-antoni-ibiza-comienza-la-30-ruta-de-la-sal","status":"publish","type":"post","link":"https:\/\/labs.100x100.net\/projects\/rutasal\/rumbo-a-sant-antoni-ibiza-comienza-la-30-ruta-de-la-sal\/","title":{"rendered":"RUMBO A SANT ANTONI &#8211; IBIZA: COMIENZA LA  30 RUTA DE LA SAL."},"content":{"rendered":"<p><strong>Con 202 equipos confirmados, se cierra la inscripci\u00f3n de La Sal 2017.<\/strong><\/p>\n<p><strong>&#8211; M\u00e1s de 200 embarcaciones y 1.300 regatistas participaran en la Ruta de La Sal \u2013Trofeo Pepe Ferres 2017.<\/strong><\/p>\n<p><strong>-.\u00c9xito de participaci\u00f3n de la nueva Versi\u00f3n Oeste: m\u00e1s de 40 equipos en competici\u00f3n y un alto nivel deportivo.<\/strong><\/p>\n<p><strong>-.Cita de campeones en la 30 edici\u00f3n de La Sal:<\/strong><\/p>\n<p><strong>Una participaci\u00f3n de lujo que reunir\u00e1 a los equipos m\u00e1s punteros de las \u00faltimas ediciones de la Ruta de La Sal.<\/strong><\/p>\n<p>La 30 edici\u00f3n de la regata de altura de La Ruta de La Sal ha superado todas las previsiones y con 202 embarcaciones que han confirmado su participaci\u00f3n, la organizaci\u00f3n se ha visto obligada a cerrar la inscripci\u00f3n, generando una lista de espera cuya entrada en el evento, en estos momentos, no puede garantizarse. Una situaci\u00f3n que no ocurre desde hace muchos a\u00f1os, que confirma que la Ruta de Sal, llega a su 30 aniversario con una salud extraordinaria. Convertida en la regata de altura con mayores \u00edndices de participaci\u00f3n del Mediterr\u00e1neo.<\/p>\n<p><a title=\"29 Edici\u00f3n de La Ruta de La Sal 2016 (Trofeo Pepe Ferr\u00e9s)\" href=\"#\" rel=\"\"><img loading=\"lazy\" decoding=\"async\" title=\"29 Edici\u00f3n de La Ruta de La Sal 2016 (Trofeo Pepe Ferr\u00e9s)\" src=\"http:\/\/farm2.staticflickr.com\/1577\/25420639603_eaa275a5f5_z.jpg\" alt=\"29 Edici\u00f3n de La Ruta de La Sal 2016 (Trofeo Pepe Ferr\u00e9s)\" width=\"640\" height=\"471\" \/><\/a><\/p>\n<p>El pr\u00f3ximo d\u00eda 13 de abril, Jueves Santo, comenzara la 30 edici\u00f3n de la Regata de Altura de la Ruta de la Sal con salidas desde Port Ginesta en Barcelona para la Versi\u00f3n Norte de la regata; Denia para Versi\u00f3n Este, y Puerto de Andraxt en Mallorca para la nueva Versi\u00f3n Oeste de La Sal; llegadas, para todo los casos, en Sant Antoni de Portmany en Ibiza.<\/p>\n<p><strong>VERSI\u00d3N NORTE:<\/strong><\/p>\n<p>En la versi\u00f3n Norte, de Barcelona a Sant Antoni de Portmany en Ibiza, competir\u00e1n, pendiente de los cierres finales de las inscripciones, mas de 70 embarcaciones tripuladas por unos 480 regatistas. La flota incluir\u00e1 a una potente representaci\u00f3n equipos de los litorales catalanes y levantinos. Entradas puntuales de las islas baleares, y litorales andaluces; unos 18 clubes n\u00e1uticos, marinas y asociaciones deportivas representadas. Y, finalmente, mas de 20 embarcaciones extranjeras, con pabellones de Rusia, Italia, Alemania, Inglaterra, Suiza, Luxemburgo, Portugal y, muy especialmente Francia que entra en la competici\u00f3n con m\u00e1s de de 8 desaf\u00edos. Confirmando, de alguna manera, una internacionalidad que cada a\u00f1o se hace m\u00e1s evidente, en la que entran en juego tanto equipos extranjeros formados por residentes comunitarios con embarcaciones con base en puertos espa\u00f1oles del mediterr\u00e1neo occidental. Como equipos que se trasladan desde sus pa\u00edses de origen para tomar parte en La Sal, caso de la totalidad de los barcos franceses que, en su mayor\u00eda provienen de puertos de las costas Mediterr\u00e1neas del Languedoc-Rosell\u00f3n y Provenza-Costa Azul.<br \/>\n<a title=\"_AFB1538\" href=\"#\" rel=\"\"><img loading=\"lazy\" decoding=\"async\" class=\"alignleft\" style=\"float: left;\" title=\"_AFB1538\" src=\"http:\/\/farm2.staticflickr.com\/1719\/25971544562_da9b531710_n.jpg\" alt=\"_AFB1538\" width=\"320\" height=\"236\" \/><\/a><a title=\"_AFB1273\" href=\"#\" rel=\"\"><img loading=\"lazy\" decoding=\"async\" class=\"alignleft\" style=\"float: left;\" title=\"_AFB1273\" src=\"http:\/\/farm2.staticflickr.com\/1590\/25791145700_cc63cb5aa6_n.jpg\" alt=\"_AFB1273\" width=\"320\" height=\"236\" \/><\/a><\/p>\n<p>En la salida desde Barcelona defiende el t\u00edtulo del 2016, y se define como un firme candidato a adjudicarse la 30 edici\u00f3n de La Sal, el velero alem\u00e1n \u00abCaro\u00bb de Maximilian Klink; un Bot\u00edn 65 \u201cque tras invertir 18h, 42m, 05s en la singladura desde Barcelona a Sant Antoni de Portmany, se proclamo vencedor de la Versi\u00f3n Norte de la regata, acumulando tanto la victoria en Tiempo Real como la de ganador absoluto en la general de este grupo. Un resultado de lujo que acredita a este equipo de regatas como una referencia deportiva obligada en la historia de La Sal<\/p>\n<p>Para el armador alem\u00e1n Maximilian Klink, los resultados del 2016 no hacen m\u00e1s que confirmar su extraordinario palmares deportivo en diferentes convocatorias de La Sal; cabe recordar que Maximilian Klink y su equipo acumulan ya tres importantes victorias en la Versi\u00f3n Norte de Ruta de La Sal; En el 2007, fue vencedor absoluto en tiempo real y compensado, lo que le convirti\u00f3 en el primer equipo extranjero que lograba vencer en la regata. En el 2011, con su J&amp;V50 \u201cCaro\u201d fue el m\u00e1s r\u00e1pido en cubrir las 140 millas desde Port Ginesta hasta San Antoni de Portamny con un registro, de tan solo 13 horas, 18 minutos y 54 segundos. Acreditando una velocidad media durante toda traves\u00eda superior a los 10,70 nudos. Estableciendo un record para esta singladura que, normalmente, ser\u00e1 muy dif\u00edcil de superar.<br \/>\n<a title=\"29 Edici\u00f3n de La Ruta de La Sal 2016 (Trofeo Pepe Ferr\u00e9s)\" href=\"#\" rel=\"\"><img loading=\"lazy\" decoding=\"async\" title=\"29 Edici\u00f3n de La Ruta de La Sal 2016 (Trofeo Pepe Ferr\u00e9s)\" src=\"http:\/\/farm2.staticflickr.com\/1506\/25950288762_c6dda4ae89_z.jpg\" alt=\"29 Edici\u00f3n de La Ruta de La Sal 2016 (Trofeo Pepe Ferr\u00e9s)\" width=\"640\" height=\"471\" \/><\/a><\/p>\n<p>Otro equipo importante que sin duda contribuir\u00e1 mucho a animar deportivamente esta largada, ser\u00e1 el del Swam 45 \u00abCoratge\u00bb de Manuel Jane, ganador absoluto de las Versiones Norte de La Ruta de La Sal del 2014 y 2015, a\u00f1os en los que, hay que considerar que logro imponerse claramente, en ambos casos, en tiempo real y en compensado, demostrando un potencial extraordinario en este tipo de recorridos. Manuel Jane es, sin duda alguna, uno de los armadores con mejores resultados deportivos a lo largo de la historia de la Ruta de La Sal; Parad\u00f3jicamente fue el ganador, con su Baltic 39 \u00abCoratge\u00bb, de la primera y segunda edici\u00f3n de la Ruta de la Sal, en 1989 y 1990. Con cuatro t\u00edtulos absolutos el equipo del \u00abCoratge\u00bb es un firme candidato a optar por el premio en este 30 aniversario de La Ruta de La Sal.<\/p>\n<p>David Tur, con su B&amp;C 45 \u201cAtlant del Vent\u201d es otro equipo a considerar; Con un largo historial deportivo en La Sal que se remonta a finales de los 90, este equipo del CN de Ibiza ya fue vencedor absoluto de la Versi\u00f3n Norte de la Sal en el 2003 con el J7V45 \u201cLa Maison del Elephant\u201d, Lograron p\u00f3diums en la clasificaciones generales del a\u00f1o, 2007, 2009, 2010, y en el 2015. En general un desaf\u00edo muy competitivo, gran conocedor del Mar Balear, favorito, de todos modos, para una plaza de honor en este aniversario de la regata.<\/p>\n<p>Tambi\u00e9n un a\u00f1o m\u00e1s el Udondo 40 \u00abAltamar\u00bb de Javier Ramos, quien ostenta el record de ser el barco que ha participado en m\u00e1s ediciones de la regata.<\/p>\n<p><strong>VERSI\u00d3N ESTE:<\/strong><\/p>\n<p>La Versi\u00f3n Este, de Denia a Sant Antoni, con unos 90 veleros tripulados por unos 570 deportistas , reunir\u00e1 a flotas procedentes de al menos 25 Clubes N\u00e1uticos y Marinas, con entradas espec\u00edficas de equipos con base en las costas Andaluzas, Levantinas y Catalanas. As\u00ed como equipos procedentes de las Islas Canarias, Galicia y Cantabria. La flota con pabellones extranjeros, alineara a unos 23 desaf\u00edos. Una participaci\u00f3n muy plural que convierte a esta largada de La Sal en una regata potente y cargada de atractivos deportivos.<\/p>\n<p>Como embarcaciones a tener en cuenta, el \u201cNautic Caf\u00e9 del Mar\u201d de Juan Carlos Sanchis del CN de Sant Antoni de Portmany; un regatista brillante con muchas millas de experiencia, ganador en cuatro ocasiones de La Ruta de La Sal, inicialmente a bordo de \u201cAlba\u201d y \u201cAivis\u201d, y ya con el J92 S \u201cCaf\u00e9 del Mar\u201d en las ediciones del 2013 y 2014. Que se apunta en esta 30 edici\u00f3n de La sal, con un rapid\u00edsimo Espada 34 dise\u00f1ado por I\u00f1igo de Echenique que, sin duda alguna, puede considerarse como un favorito al p\u00f3dium. Curiosamente el J92S con el que Sanchis gano las ediciones del 2013 y 2014 de La Sal, participara, en esta ocasi\u00f3n, como \u201cEstropada-Caf\u00e9 del Mar\u201d patroneado por Toni Tur de CN de Sant Antoni.<\/p>\n<p>Tambi\u00e9n el X-65 Performance, \u00abDos Much\u00bb de Joan Segu\u00ed del RCN del Puerto de Pollensa; equipo que en el 2011, fue ganador en tiempo Real de la Versi\u00f3n Este de la Sal.<\/p>\n<p>En definitiva una flota muy competitiva, muy numerosa y en general con bandas de esloras muy similares que garantizan una regata amena y de alto nivel para esta salida desde Denia de la Ruta de La Sal 2017.<\/p>\n<p><strong>VERSI\u00d3N OESTE:<\/strong><\/p>\n<p>La nueva Versi\u00f3n Oeste de La Sal de Puerto de Andraxt en Mallorca a Sant Antoni, reunir\u00e1 una flota de m\u00e1s de 40 embarcaciones con unos 270 tripulantes, procedentes en su gran mayor\u00eda de la isla de Mallorca, con entradas puntuales de equipos de Ibiza y de las costas del Sur de la Pen\u00ednsula Ib\u00e9rica. Una participaci\u00f3n extranjera que re\u00fane a unas 10 embarcaciones, en su mayor\u00eda barcos de residentes extranjeros con base en la Isla Baleares.<\/p>\n<p>Una flota importante entre las que se apuntan algunos de los equipos m\u00e1s competitivos de la historia m\u00e1s reciente de La Ruta de Sal, que no han dudado, en este 30 aniversario, en integrarse en esta nueva salida de La Sal, apostando por la novedad y las opciones de un recorrido, en el que todo est\u00e1 por escribir y registrar, lo que augura una competici\u00f3n muy din\u00e1mica y de alto nivel deportivo.<\/p>\n<p>Como desaf\u00edos a tener en cuenta de cara a los posibles resultados finales de esta nueva Versi\u00f3n Oeste, el del Swam 56 \u00abClem\u00bb de Amanda Hatley del Club de Mar de Mallorca, un equipo con much\u00edsima experiencia en la navegaci\u00f3n oce\u00e1nica, con un palmar\u00e9s internacional extraordinario, ganador absoluto de la Versi\u00f3n Norte de la Ruta de La Sal en el 2009 y 2010, a\u00f1o este ultimo que tambi\u00e9n fue ganador en Tiempo Real .Ganador en Real en la Versi\u00f3n Este del 2013, convocatoria en la que logro la tercera plaza en la general absoluta de esta largada. Un barco muy r\u00e1pido con una tripulaci\u00f3n que conoce perfectamente los escenarios donde se va a navegar esta singladura.<br \/>\n<a title=\"29 Edici\u00f3n de La Ruta de La Sal 2016 (Trofeo Pepe Ferr\u00e9s)\" href=\"#\" rel=\"\"><img loading=\"lazy\" decoding=\"async\" title=\"29 Edici\u00f3n de La Ruta de La Sal 2016 (Trofeo Pepe Ferr\u00e9s)\" src=\"http:\/\/farm2.staticflickr.com\/1470\/25907839322_0b985fd671_z.jpg\" alt=\"29 Edici\u00f3n de La Ruta de La Sal 2016 (Trofeo Pepe Ferr\u00e9s)\" width=\"640\" height=\"471\" \/><\/a><br \/>\nSe confirma la participaci\u00f3n, en esta salida, del Fortuna 9 \u201cPosidonia Uno\u201d de Ram\u00f3n Balanzat del CN de Ibiza, un equipo importante, muy competitivo en las aguas del Mar Balear, ganador de la Versi\u00f3n Este de la 25 edici\u00f3n de La Ruta de La Sal disputada en la Semana Santa del 2012. Amador Magraner de Real Club N\u00e1utico del Puerto de Pollensa, ganador de la Versi\u00f3n Norte de La Sal el 2011, participara en esta largada con el Swam 441R \u201cCarat\u201d. El Dufour 40J \u201cAlba Alba\u201d de Luis Mata del CN de Ibiza, segundo en la general de la Versi\u00f3n Este del 2016.<\/p>\n<p>A bordo del Swam 65, Lib\u00e9lula participara, como patr\u00f3n el navegante Borja Pella, ganador absoluto de La Ruta de La Sal 2005 y 2006, con el S&amp;S 56 \u201cGalvana\u201d. Un deportista con mucha experiencia en la navegaci\u00f3n de altura y muchas millas de competici\u00f3n acumuladas en diferentes ediciones de la Ruta de La Sal.<\/p>\n<p><strong>LA METEOROLOG\u00cdA.<\/strong><\/p>\n<p>Pendientes de la evoluci\u00f3n que pueda experimentar la meteorolog\u00eda en el Mediterr\u00e1neo Occidental durante las pr\u00f3ximas horas, las primeras predicciones apuntan a que la regata se podr\u00eda disputar, con vientos medios fuerza 2\/3 y muy puntualmente \u00e1reas de fuerza 4 muy variables y fundamentalmente del tercer y cuatro cuadrante. Vientos fundamentalmente de componente sur que ir\u00e1n rolando hacia el SO\/O. En general unas se prev\u00e9n unas condiciones que, de cumplirse, garantizan una competici\u00f3n muy t\u00e1ctica y cargada de emociones.<\/p>\n<p><strong>LAS SALIDAS <\/strong><\/p>\n<p>La salida de la Versi\u00f3n Norte de La Sal que est\u00e1 prevista para el pr\u00f3ximo d\u00eda 13 de Abril del 2017, Jueves Santo, a las 10:00h desde el CM Port Ginesta, en Barcelona, se competir\u00e1 sobre un recorrido de 140 millas con rumbo directo hasta el CN Sant Antoni de Portmany en Ibiza.<\/p>\n<p>La Versi\u00f3n Este que zarpara a las 14:00 h del jueves 13 de Abril del 2017 desde el RC N\u00e1utico de Denia, se ver\u00e1 obligada a cubrir un circuito de 120 millas que implicara tomar Formentera por babor, la Isla de Tagomago y, navegando por la costa norte de Ibiza, llegar hasta Sant Antoni.<\/p>\n<p>La Versi\u00f3n Oeste tomara la salida a las 12.00 h. del jueves 13 de abril del 2017 desde Puerto de Andratx a St. Antoni, dejando por estribor las islas de Tagomago, Formentera, Es Vedr\u00e1 , Bledas y Conejera. Unas 103 millas de singladura. La llegada, como en todos los casos, en Cab Negret, a unas dos millas al norte del puerto de Sant Antoni de Portmany.<\/p>\n<p><a title=\"3 puntos de salida de La Ruta de la Sal\" href=\"#\" rel=\"\"><img loading=\"lazy\" decoding=\"async\" class=\" alignright\" style=\"float: left;\" title=\"3 puntos de salida de La Ruta de la Sal\" src=\"http:\/\/farm6.staticflickr.com\/5750\/31173567105_d34deb8ba5_z.jpg\" alt=\"3 puntos de salida de La Ruta de la Sal\" width=\"640\" height=\"556\" \/><\/a><\/p>\n<p><strong>\u00a0<\/strong><\/p>\n<p>&nbsp;<\/p>\n<p>&nbsp;<\/p>\n<p>&nbsp;<\/p>\n<p>&nbsp;<\/p>\n<p>&nbsp;<\/p>\n<p>&nbsp;<\/p>\n<p>&nbsp;<\/p>\n<p>&nbsp;<\/p>\n<p>&nbsp;<\/p>\n<p>&nbsp;<\/p>\n<p>&nbsp;<\/p>\n<p>&nbsp;<\/p>\n<p>&nbsp;<\/p>\n<p>&nbsp;<\/p>\n<p>&nbsp;<\/p>\n<p>&nbsp;<\/p>\n<p>&nbsp;<\/p>\n<p>&nbsp;<\/p>\n<p>&nbsp;<\/p>\n<p><strong>EN SANT ANTONI DE PORTMANY \u2013 IBIZA.<\/strong><\/p>\n<p>Las llegadas de los participantes a Sant Antoni de Portmany, dependiendo de las condiciones meteorol\u00f3gicas, se prev\u00e9 podr\u00edan comenzar a partir de la madrugada del Viernes 14 de Abril,<\/p>\n<p>En Ibiza a partir de primeras horas de Jueves 13, todo estar\u00e1 preparado para recibir a la regata; el Comit\u00e9 de Bienvenida en el CN Sant Antoni, abierto las 24h., estar\u00e1 listo para atender a los participantes seg\u00fan vayan arribando al puerto. Algo que normalmente podr\u00eda ocurrir a partir de las primeras horas de la madrugada del viernes 14 de abril Aunque en alguna ocasi\u00f3n, no muchas, los m\u00e1s r\u00e1pidos lograron llegar el mismo d\u00eda de la salida. Otras, sin embargo, se retrasaron las llegadas hasta bien entrado el d\u00eda siguiente de las partidas desde las costas de la Pen\u00ednsula.<\/p>\n<p>En todo caso el Viernes 14 est\u00e1 prevista la invitaci\u00f3n a la Copa de Arribada en Rio Ibiza, para todas las tripulaciones, con m\u00fasica y ambiente, en este punto de encuentro de los navegantes..<br \/>\n<a title=\"XXVIII LA RUTA DE LA SAL 2015 (TROFEO PEPE FERR\u00c9S)\" href=\"#\" rel=\"\"><img loading=\"lazy\" decoding=\"async\" class=\" aligncenter\" style=\"float: left;\" title=\"XXVIII LA RUTA DE LA SAL 2015 (TROFEO PEPE FERR\u00c9S)\" src=\"http:\/\/farm8.staticflickr.com\/7608\/16969153409_19de52b1c1_z.jpg\" alt=\"XXVIII LA RUTA DE LA SAL 2015 (TROFEO PEPE FERR\u00c9S)\" width=\"640\" height=\"460\" \/><\/a><\/p>\n<p>&nbsp;<\/p>\n<p>&nbsp;<\/p>\n<p>&nbsp;<\/p>\n<p>&nbsp;<\/p>\n<p>&nbsp;<\/p>\n<p>&nbsp;<\/p>\n<p>&nbsp;<\/p>\n<p>&nbsp;<\/p>\n<p>&nbsp;<\/p>\n<p>&nbsp;<\/p>\n<p>&nbsp;<\/p>\n<p>&nbsp;<\/p>\n<p>&nbsp;<\/p>\n<p>&nbsp;<\/p>\n<p>&nbsp;<\/p>\n<p>&nbsp;<\/p>\n<p>El s\u00e1bado 15 de abril, se prepara mucha actividad; por la ma\u00f1ana. A las 11 h. se ha organizado una Cata de Vinos Ibicencos en el Club N\u00e1utico&#8230; A las 12:00 h se celebrara la tradicional rueda de prensa con los vencedores de la regata. A las 13h. Est\u00e1 prevista la inauguraci\u00f3n para los Regatistas, de la Exposici\u00f3n de los 30 A\u00f1os de La Sal, en El Far de Ses Coves Blanques. Desde sus inicios en 1988 hasta la pasada edici\u00f3n de 2016, dando paso a continuaci\u00f3n a Un Aperitivo Ibicenco ofrecido por el Ajuntament de St. Antoni, en el jard\u00edn de entrada del Faro ., a las 20:00 h el Acto Oficial de Entrega de Trofeos en la Carpa de La Sal, y finalmente a partir de las 21:00 h la Cena \u2013 Bufet para todas las tripulaciones que tendr\u00e1 lugar en el incomparable marco del Restaurante Es Nautic, en el Club N\u00e1utico, que terminara con Fiesta del 30 Aniversario de La Sal que, normalmente como siempre ocurre en Ibiza se alargara hasta bien entrada la madrugada..<\/p>\n<p>La p\u00e1gina Web de la Ruta de La Sal &#8211;<a href=\"%20https:\/\/larutadelasal.com \" target=\"_blank\" rel=\"noopener\"> https:\/\/larutadelasal.com <\/a>&#8211; ofrecer\u00e1 informaciones peri\u00f3dicas, e im\u00e1genes, sobre el desarrollo organizativo y deportivo de esta regata.<\/p>\n<p><a title=\"DSCN0155\" href=\"#\" rel=\"\"><img loading=\"lazy\" decoding=\"async\" title=\"DSCN0155\" src=\"http:\/\/farm3.staticflickr.com\/2936\/33033726724_097e1f5a67_z.jpg\" alt=\"DSCN0155\" width=\"640\" height=\"480\" \/><\/a><\/p>\n","protected":false},"excerpt":{"rendered":"<p>Con 202 equipos confirmados, se cierra la inscripci\u00f3n de La Sal 2017. &#8211; M\u00e1s de 200 embarcaciones y 1.300 regatistas participaran en la Ruta de La Sal \u2013Trofeo Pepe Ferres 2017. -.\u00c9xito de participaci\u00f3n de la nueva Versi\u00f3n Oeste: m\u00e1s de 40 equipos en competici\u00f3n y un alto nivel deportivo. -.Cita de campeones en la [&hellip;]<\/p>\n","protected":false},"author":1,"featured_media":3636,"comment_status":"open","ping_status":"open","sticky":false,"template":"","format":"standard","meta":{"_acf_changed":false,"footnotes":""},"categories":[3],"tags":[],"acf":[],"yoast_head":"<!-- This site is optimized with the Yoast SEO plugin v23.0 - https:\/\/yoast.com\/wordpress\/plugins\/seo\/ -->\n<title>RUMBO A SANT ANTONI - IBIZA: COMIENZA LA 30 RUTA DE LA SAL. | Regata La Ruta de la Sal<\/title>\n<meta name=\"robots\" content=\"noindex, follow, max-snippet:-1, max-image-preview:large, max-video-preview:-1\" \/>\n<meta property=\"og:locale\" content=\"es_ES\" \/>\n<meta property=\"og:type\" content=\"article\" \/>\n<meta property=\"og:title\" content=\"RUMBO A SANT ANTONI - IBIZA: COMIENZA LA 30 RUTA DE LA SAL. | Regata La Ruta de la Sal\" \/>\n<meta property=\"og:description\" content=\"Con 202 equipos confirmados, se cierra la inscripci\u00f3n de La Sal 2017. &#8211; M\u00e1s de 200 embarcaciones y 1.300 regatistas participaran en la Ruta de La Sal \u2013Trofeo Pepe Ferres 2017. -.\u00c9xito de participaci\u00f3n de la nueva Versi\u00f3n Oeste: m\u00e1s de 40 equipos en competici\u00f3n y un alto nivel deportivo. -.Cita de campeones en la [&hellip;]\" \/>\n<meta property=\"og:url\" content=\"https:\/\/labs.100x100.net\/projects\/rutasal\/rumbo-a-sant-antoni-ibiza-comienza-la-30-ruta-de-la-sal\/\" \/>\n<meta property=\"og:site_name\" content=\"Regata La Ruta de la Sal\" \/>\n<meta property=\"article:publisher\" content=\"https:\/\/www.facebook.com\/rutadelasal\/\" \/>\n<meta property=\"article:published_time\" content=\"2017-04-06T16:12:03+00:00\" \/>\n<meta property=\"article:modified_time\" content=\"2019-03-08T08:27:23+00:00\" \/>\n<meta property=\"og:image\" content=\"https:\/\/labs.100x100.net\/projects\/rutasal\/custom\/uploads\/2017\/04\/31173567105_d34deb8ba5_z.jpg\" \/>\n\t<meta property=\"og:image:width\" content=\"640\" \/>\n\t<meta property=\"og:image:height\" content=\"556\" \/>\n\t<meta property=\"og:image:type\" content=\"image\/jpeg\" \/>\n<meta name=\"author\" content=\"La Ruta de la Sal\" \/>\n<meta name=\"twitter:card\" content=\"summary_large_image\" \/>\n<meta name=\"twitter:creator\" content=\"@AnamMedi\" \/>\n<meta name=\"twitter:site\" content=\"@AnamMedi\" \/>\n<meta name=\"twitter:label1\" content=\"Escrito por\" \/>\n\t<meta name=\"twitter:data1\" content=\"La Ruta de la Sal\" \/>\n\t<meta name=\"twitter:label2\" content=\"Tiempo de lectura\" \/>\n\t<meta name=\"twitter:data2\" content=\"12 minutos\" \/>\n<script type=\"application\/ld+json\" class=\"yoast-schema-graph\">{\"@context\":\"https:\/\/schema.org\",\"@graph\":[{\"@type\":\"WebPage\",\"@id\":\"https:\/\/labs.100x100.net\/projects\/rutasal\/rumbo-a-sant-antoni-ibiza-comienza-la-30-ruta-de-la-sal\/\",\"url\":\"https:\/\/labs.100x100.net\/projects\/rutasal\/rumbo-a-sant-antoni-ibiza-comienza-la-30-ruta-de-la-sal\/\",\"name\":\"RUMBO A SANT ANTONI - IBIZA: COMIENZA LA 30 RUTA DE LA SAL. | Regata La Ruta de la Sal\",\"isPartOf\":{\"@id\":\"https:\/\/labs.100x100.net\/projects\/rutasal\/#website\"},\"primaryImageOfPage\":{\"@id\":\"https:\/\/labs.100x100.net\/projects\/rutasal\/rumbo-a-sant-antoni-ibiza-comienza-la-30-ruta-de-la-sal\/#primaryimage\"},\"image\":{\"@id\":\"https:\/\/labs.100x100.net\/projects\/rutasal\/rumbo-a-sant-antoni-ibiza-comienza-la-30-ruta-de-la-sal\/#primaryimage\"},\"thumbnailUrl\":\"https:\/\/labs.100x100.net\/projects\/rutasal\/custom\/uploads\/2017\/04\/31173567105_d34deb8ba5_z.jpg\",\"datePublished\":\"2017-04-06T16:12:03+00:00\",\"dateModified\":\"2019-03-08T08:27:23+00:00\",\"author\":{\"@id\":\"https:\/\/labs.100x100.net\/projects\/rutasal\/#\/schema\/person\/214eeb4a2e78fd8373a0a94f6d93c9ca\"},\"breadcrumb\":{\"@id\":\"https:\/\/labs.100x100.net\/projects\/rutasal\/rumbo-a-sant-antoni-ibiza-comienza-la-30-ruta-de-la-sal\/#breadcrumb\"},\"inLanguage\":\"es\",\"potentialAction\":[{\"@type\":\"ReadAction\",\"target\":[\"https:\/\/labs.100x100.net\/projects\/rutasal\/rumbo-a-sant-antoni-ibiza-comienza-la-30-ruta-de-la-sal\/\"]}]},{\"@type\":\"ImageObject\",\"inLanguage\":\"es\",\"@id\":\"https:\/\/labs.100x100.net\/projects\/rutasal\/rumbo-a-sant-antoni-ibiza-comienza-la-30-ruta-de-la-sal\/#primaryimage\",\"url\":\"https:\/\/labs.100x100.net\/projects\/rutasal\/custom\/uploads\/2017\/04\/31173567105_d34deb8ba5_z.jpg\",\"contentUrl\":\"https:\/\/labs.100x100.net\/projects\/rutasal\/custom\/uploads\/2017\/04\/31173567105_d34deb8ba5_z.jpg\",\"width\":640,\"height\":556},{\"@type\":\"BreadcrumbList\",\"@id\":\"https:\/\/labs.100x100.net\/projects\/rutasal\/rumbo-a-sant-antoni-ibiza-comienza-la-30-ruta-de-la-sal\/#breadcrumb\",\"itemListElement\":[{\"@type\":\"ListItem\",\"position\":1,\"name\":\"Portada\",\"item\":\"https:\/\/labs.100x100.net\/projects\/rutasal\/\"},{\"@type\":\"ListItem\",\"position\":2,\"name\":\"RUMBO A SANT ANTONI &#8211; IBIZA: COMIENZA LA 30 RUTA DE LA SAL.\"}]},{\"@type\":\"WebSite\",\"@id\":\"https:\/\/labs.100x100.net\/projects\/rutasal\/#website\",\"url\":\"https:\/\/labs.100x100.net\/projects\/rutasal\/\",\"name\":\"Regata La Ruta de la Sal\",\"description\":\"Regata La Ruta de la Sal es una regata de Altura Mediterr\u00e1nea para barcos de crucero a vela con destino en Ibiza, que se disputa anualmente en Semana Santa.\",\"potentialAction\":[{\"@type\":\"SearchAction\",\"target\":{\"@type\":\"EntryPoint\",\"urlTemplate\":\"https:\/\/labs.100x100.net\/projects\/rutasal\/?s={search_term_string}\"},\"query-input\":\"required name=search_term_string\"}],\"inLanguage\":\"es\"},{\"@type\":\"Person\",\"@id\":\"https:\/\/labs.100x100.net\/projects\/rutasal\/#\/schema\/person\/214eeb4a2e78fd8373a0a94f6d93c9ca\",\"name\":\"La Ruta de la Sal\",\"image\":{\"@type\":\"ImageObject\",\"inLanguage\":\"es\",\"@id\":\"https:\/\/labs.100x100.net\/projects\/rutasal\/#\/schema\/person\/image\/\",\"url\":\"https:\/\/secure.gravatar.com\/avatar\/b247286d4b801d6b1cfcfb3807587284?s=96&d=mm&r=g\",\"contentUrl\":\"https:\/\/secure.gravatar.com\/avatar\/b247286d4b801d6b1cfcfb3807587284?s=96&d=mm&r=g\",\"caption\":\"La Ruta de la Sal\"}}]}<\/script>\n<!-- \/ Yoast SEO plugin. -->","yoast_head_json":{"title":"RUMBO A SANT ANTONI - IBIZA: COMIENZA LA 30 RUTA DE LA SAL. | Regata La Ruta de la Sal","robots":{"index":"noindex","follow":"follow","max-snippet":"max-snippet:-1","max-image-preview":"max-image-preview:large","max-video-preview":"max-video-preview:-1"},"og_locale":"es_ES","og_type":"article","og_title":"RUMBO A SANT ANTONI - IBIZA: COMIENZA LA 30 RUTA DE LA SAL. | Regata La Ruta de la Sal","og_description":"Con 202 equipos confirmados, se cierra la inscripci\u00f3n de La Sal 2017. &#8211; M\u00e1s de 200 embarcaciones y 1.300 regatistas participaran en la Ruta de La Sal \u2013Trofeo Pepe Ferres 2017. -.\u00c9xito de participaci\u00f3n de la nueva Versi\u00f3n Oeste: m\u00e1s de 40 equipos en competici\u00f3n y un alto nivel deportivo. -.Cita de campeones en la [&hellip;]","og_url":"https:\/\/labs.100x100.net\/projects\/rutasal\/rumbo-a-sant-antoni-ibiza-comienza-la-30-ruta-de-la-sal\/","og_site_name":"Regata La Ruta de la Sal","article_publisher":"https:\/\/www.facebook.com\/rutadelasal\/","article_published_time":"2017-04-06T16:12:03+00:00","article_modified_time":"2019-03-08T08:27:23+00:00","og_image":[{"width":640,"height":556,"url":"https:\/\/labs.100x100.net\/projects\/rutasal\/custom\/uploads\/2017\/04\/31173567105_d34deb8ba5_z.jpg","type":"image\/jpeg"}],"author":"La Ruta de la Sal","twitter_card":"summary_large_image","twitter_creator":"@AnamMedi","twitter_site":"@AnamMedi","twitter_misc":{"Escrito por":"La Ruta de la Sal","Tiempo de lectura":"12 minutos"},"schema":{"@context":"https:\/\/schema.org","@graph":[{"@type":"WebPage","@id":"https:\/\/labs.100x100.net\/projects\/rutasal\/rumbo-a-sant-antoni-ibiza-comienza-la-30-ruta-de-la-sal\/","url":"https:\/\/labs.100x100.net\/projects\/rutasal\/rumbo-a-sant-antoni-ibiza-comienza-la-30-ruta-de-la-sal\/","name":"RUMBO A SANT ANTONI - IBIZA: COMIENZA LA 30 RUTA DE LA SAL. | Regata La Ruta de la Sal","isPartOf":{"@id":"https:\/\/labs.100x100.net\/projects\/rutasal\/#website"},"primaryImageOfPage":{"@id":"https:\/\/labs.100x100.net\/projects\/rutasal\/rumbo-a-sant-antoni-ibiza-comienza-la-30-ruta-de-la-sal\/#primaryimage"},"image":{"@id":"https:\/\/labs.100x100.net\/projects\/rutasal\/rumbo-a-sant-antoni-ibiza-comienza-la-30-ruta-de-la-sal\/#primaryimage"},"thumbnailUrl":"https:\/\/labs.100x100.net\/projects\/rutasal\/custom\/uploads\/2017\/04\/31173567105_d34deb8ba5_z.jpg","datePublished":"2017-04-06T16:12:03+00:00","dateModified":"2019-03-08T08:27:23+00:00","author":{"@id":"https:\/\/labs.100x100.net\/projects\/rutasal\/#\/schema\/person\/214eeb4a2e78fd8373a0a94f6d93c9ca"},"breadcrumb":{"@id":"https:\/\/labs.100x100.net\/projects\/rutasal\/rumbo-a-sant-antoni-ibiza-comienza-la-30-ruta-de-la-sal\/#breadcrumb"},"inLanguage":"es","potentialAction":[{"@type":"ReadAction","target":["https:\/\/labs.100x100.net\/projects\/rutasal\/rumbo-a-sant-antoni-ibiza-comienza-la-30-ruta-de-la-sal\/"]}]},{"@type":"ImageObject","inLanguage":"es","@id":"https:\/\/labs.100x100.net\/projects\/rutasal\/rumbo-a-sant-antoni-ibiza-comienza-la-30-ruta-de-la-sal\/#primaryimage","url":"https:\/\/labs.100x100.net\/projects\/rutasal\/custom\/uploads\/2017\/04\/31173567105_d34deb8ba5_z.jpg","contentUrl":"https:\/\/labs.100x100.net\/projects\/rutasal\/custom\/uploads\/2017\/04\/31173567105_d34deb8ba5_z.jpg","width":640,"height":556},{"@type":"BreadcrumbList","@id":"https:\/\/labs.100x100.net\/projects\/rutasal\/rumbo-a-sant-antoni-ibiza-comienza-la-30-ruta-de-la-sal\/#breadcrumb","itemListElement":[{"@type":"ListItem","position":1,"name":"Portada","item":"https:\/\/labs.100x100.net\/projects\/rutasal\/"},{"@type":"ListItem","position":2,"name":"RUMBO A SANT ANTONI &#8211; IBIZA: COMIENZA LA 30 RUTA DE LA SAL."}]},{"@type":"WebSite","@id":"https:\/\/labs.100x100.net\/projects\/rutasal\/#website","url":"https:\/\/labs.100x100.net\/projects\/rutasal\/","name":"Regata La Ruta de la Sal","description":"Regata La Ruta de la Sal es una regata de Altura Mediterr\u00e1nea para barcos de crucero a vela con destino en Ibiza, que se disputa anualmente en Semana Santa.","potentialAction":[{"@type":"SearchAction","target":{"@type":"EntryPoint","urlTemplate":"https:\/\/labs.100x100.net\/projects\/rutasal\/?s={search_term_string}"},"query-input":"required name=search_term_string"}],"inLanguage":"es"},{"@type":"Person","@id":"https:\/\/labs.100x100.net\/projects\/rutasal\/#\/schema\/person\/214eeb4a2e78fd8373a0a94f6d93c9ca","name":"La Ruta de la Sal","image":{"@type":"ImageObject","inLanguage":"es","@id":"https:\/\/labs.100x100.net\/projects\/rutasal\/#\/schema\/person\/image\/","url":"https:\/\/secure.gravatar.com\/avatar\/b247286d4b801d6b1cfcfb3807587284?s=96&d=mm&r=g","contentUrl":"https:\/\/secure.gravatar.com\/avatar\/b247286d4b801d6b1cfcfb3807587284?s=96&d=mm&r=g","caption":"La Ruta de la Sal"}}]}},"_links":{"self":[{"href":"https:\/\/labs.100x100.net\/projects\/rutasal\/wp-json\/wp\/v2\/posts\/2503"}],"collection":[{"href":"https:\/\/labs.100x100.net\/projects\/rutasal\/wp-json\/wp\/v2\/posts"}],"about":[{"href":"https:\/\/labs.100x100.net\/projects\/rutasal\/wp-json\/wp\/v2\/types\/post"}],"author":[{"embeddable":true,"href":"https:\/\/labs.100x100.net\/projects\/rutasal\/wp-json\/wp\/v2\/users\/1"}],"replies":[{"embeddable":true,"href":"https:\/\/labs.100x100.net\/projects\/rutasal\/wp-json\/wp\/v2\/comments?post=2503"}],"version-history":[{"count":2,"href":"https:\/\/labs.100x100.net\/projects\/rutasal\/wp-json\/wp\/v2\/posts\/2503\/revisions"}],"predecessor-version":[{"id":3637,"href":"https:\/\/labs.100x100.net\/projects\/rutasal\/wp-json\/wp\/v2\/posts\/2503\/revisions\/3637"}],"wp:featuredmedia":[{"embeddable":true,"href":"https:\/\/labs.100x100.net\/projects\/rutasal\/wp-json\/wp\/v2\/media\/3636"}],"wp:attachment":[{"href":"https:\/\/labs.100x100.net\/projects\/rutasal\/wp-json\/wp\/v2\/media?parent=2503"}],"wp:term":[{"taxonomy":"category","embeddable":true,"href":"https:\/\/labs.100x100.net\/projects\/rutasal\/wp-json\/wp\/v2\/categories?post=2503"},{"taxonomy":"post_tag","embeddable":true,"href":"https:\/\/labs.100x100.net\/projects\/rutasal\/wp-json\/wp\/v2\/tags?post=2503"}],"curies":[{"name":"wp","href":"https:\/\/api.w.org\/{rel}","templated":true}]}}