{"id":2499,"date":"2017-04-06T13:47:08","date_gmt":"2017-04-06T13:47:08","guid":{"rendered":"https:\/\/larutadelasal.com\/?p=2499"},"modified":"2019-03-01T13:57:44","modified_gmt":"2019-03-01T11:57:44","slug":"exposicion-30-anos-de-la-ruta-de-la-sal","status":"publish","type":"post","link":"https:\/\/labs.100x100.net\/projects\/rutasal\/exposicion-30-anos-de-la-ruta-de-la-sal\/","title":{"rendered":"Exposici\u00f3n 30 a\u00f1os de la Ruta de la Sal"},"content":{"rendered":"<p><a title=\"DSCN0155\" href=\"#\" rel=\"\"><img loading=\"lazy\" decoding=\"async\" title=\"DSCN0155\" src=\"http:\/\/farm3.staticflickr.com\/2936\/33033726724_097e1f5a67_z.jpg\" alt=\"DSCN0155\" width=\"640\" height=\"480\" \/><\/a><\/p>\n<p>Con motivo del 30 aniversario de la regata de altura La ruta de la Sal se ha inaugurado una exposici\u00f3n con fotograf\u00edas que recuerdan los mejores momentos de la regata desde sus inicios.<\/p>\n<p>Un recorrido por los 30 a\u00f1os de la Ruta de la Sal en fotos<\/p>\n<p>Este recorrido de la Ruta de la Sal podr\u00e1 verse durante la regata en el far ses Coves Blanques para que los participantes puedan acercarse y rememorar los mejores momentos.<\/p>\n<p>En este recorrido por los 30 a\u00f1os de la ruta de la sal destacan momentos como la presentaci\u00f3n de primera la edici\u00f3n de la regata con el cantante Juan Manuel Serrat y M\u00f3nica Randal junto a Pepe Ferr\u00e9s en 1988 e im\u00e1genes de \u00c1lex Pella con el OpenSea en 2005.<\/p>\n<p><a title=\"Exposici\u00f3n 30 a\u00f1os\" href=\"#\" rel=\"\"><img loading=\"lazy\" decoding=\"async\" class=\"alignleft\" style=\"float: left;\" title=\"Exposici\u00f3n 30 a\u00f1os\" src=\"http:\/\/farm4.staticflickr.com\/3842\/33717946982_665f7040f4_n.jpg\" alt=\"Exposici\u00f3n 30 a\u00f1os\" width=\"320\" height=\"192\" \/><\/a><a title=\"Exposici\u00f3n 30 a\u00f1os\" href=\"#\" rel=\"\"><img loading=\"lazy\" decoding=\"async\" class=\"alignleft\" style=\"float: left;\" title=\"Exposici\u00f3n 30 a\u00f1os\" src=\"http:\/\/farm3.staticflickr.com\/2835\/33061072193_a4f4809e4f_n.jpg\" alt=\"Exposici\u00f3n 30 a\u00f1os\" width=\"320\" height=\"192\" \/><\/a><a title=\"Exposici\u00f3n 30 a\u00f1os\" href=\"#\" rel=\"\"><img loading=\"lazy\" decoding=\"async\" class=\"alignleft\" style=\"float: left;\" title=\"Exposici\u00f3n 30 a\u00f1os\" src=\"http:\/\/farm3.staticflickr.com\/2935\/33874757075_2d7462dced_n.jpg\" alt=\"Exposici\u00f3n 30 a\u00f1os\" width=\"320\" height=\"192\" \/><\/a><br \/>\n<a title=\"DSCN0157\" href=\"#\" rel=\"\"><img loading=\"lazy\" decoding=\"async\" class=\"alignleft\" style=\"float: left;\" title=\"DSCN0157\" src=\"http:\/\/farm3.staticflickr.com\/2893\/33748234421_c0318aeb7d_n.jpg\" alt=\"DSCN0157\" width=\"320\" height=\"240\" \/><\/a><a title=\"DSCN0159\" href=\"#\" rel=\"\"><img loading=\"lazy\" decoding=\"async\" class=\"alignleft\" style=\"float: left;\" title=\"DSCN0159\" src=\"http:\/\/farm3.staticflickr.com\/2846\/33748236761_7e6097e53c_n.jpg\" alt=\"DSCN0159\" width=\"320\" height=\"240\" \/><\/a><a title=\"DSCN0171\" href=\"#\" rel=\"\"><img loading=\"lazy\" decoding=\"async\" class=\"alignleft\" style=\"float: left;\" title=\"DSCN0171\" src=\"http:\/\/farm3.staticflickr.com\/2941\/33748238711_4de832fb64_n.jpg\" alt=\"DSCN0171\" width=\"240\" height=\"320\" \/><\/a><br \/>\n<a href=\"#\" title=\"Exposici\u00f3n 30 a\u00f1os\" rel=\"\"><img loading=\"lazy\" decoding=\"async\" src=\"http:\/\/farm3.staticflickr.com\/2809\/33717951452_891a5f1bcd_n.jpg\" width=\"192\" height=\"320\" alt=\"Exposici\u00f3n 30 a\u00f1os\" title=\"Exposici\u00f3n 30 a\u00f1os\" class=\"alignleft\" style=\"float: left;\"><\/a><a href=\"#\" title=\"Exposici\u00f3n 30 a\u00f1os\" rel=\"\"><img loading=\"lazy\" decoding=\"async\" src=\"http:\/\/farm3.staticflickr.com\/2900\/33717956992_3cb6024b0f_n.jpg\" width=\"192\" height=\"320\" alt=\"Exposici\u00f3n 30 a\u00f1os\" title=\"Exposici\u00f3n 30 a\u00f1os\" class=\"alignleft\" style=\"float: left;\"><\/a><\/p>\n","protected":false},"excerpt":{"rendered":"<p>Con motivo del 30 aniversario de la regata de altura La ruta de la Sal se ha inaugurado una exposici\u00f3n con fotograf\u00edas que recuerdan los mejores momentos de la regata desde sus inicios. Un recorrido por los 30 a\u00f1os de la Ruta de la Sal en fotos Este recorrido de la Ruta de la Sal [&hellip;]<\/p>\n","protected":false},"author":1,"featured_media":3455,"comment_status":"open","ping_status":"open","sticky":false,"template":"","format":"standard","meta":{"_acf_changed":false,"footnotes":""},"categories":[3],"tags":[],"acf":[],"yoast_head":"<!-- This site is optimized with the Yoast SEO plugin v23.0 - https:\/\/yoast.com\/wordpress\/plugins\/seo\/ -->\n<title>Exposici\u00f3n 30 a\u00f1os de la Ruta de la Sal | Regata La Ruta de la Sal<\/title>\n<meta name=\"robots\" content=\"noindex, follow, max-snippet:-1, max-image-preview:large, max-video-preview:-1\" \/>\n<meta property=\"og:locale\" content=\"es_ES\" \/>\n<meta property=\"og:type\" content=\"article\" \/>\n<meta property=\"og:title\" content=\"Exposici\u00f3n 30 a\u00f1os de la Ruta de la Sal | Regata La Ruta de la Sal\" \/>\n<meta property=\"og:description\" content=\"Con motivo del 30 aniversario de la regata de altura La ruta de la Sal se ha inaugurado una exposici\u00f3n con fotograf\u00edas que recuerdan los mejores momentos de la regata desde sus inicios. Un recorrido por los 30 a\u00f1os de la Ruta de la Sal en fotos Este recorrido de la Ruta de la Sal [&hellip;]\" \/>\n<meta property=\"og:url\" content=\"https:\/\/labs.100x100.net\/projects\/rutasal\/exposicion-30-anos-de-la-ruta-de-la-sal\/\" \/>\n<meta property=\"og:site_name\" content=\"Regata La Ruta de la Sal\" \/>\n<meta property=\"article:publisher\" content=\"https:\/\/www.facebook.com\/rutadelasal\/\" \/>\n<meta property=\"article:published_time\" content=\"2017-04-06T13:47:08+00:00\" \/>\n<meta property=\"article:modified_time\" content=\"2019-03-01T11:57:44+00:00\" \/>\n<meta property=\"og:image\" content=\"https:\/\/labs.100x100.net\/projects\/rutasal\/custom\/uploads\/2017\/04\/33033726724_097e1f5a67_z.jpg\" \/>\n\t<meta property=\"og:image:width\" content=\"640\" \/>\n\t<meta property=\"og:image:height\" content=\"480\" \/>\n\t<meta property=\"og:image:type\" content=\"image\/jpeg\" \/>\n<meta name=\"author\" content=\"La Ruta de la Sal\" \/>\n<meta name=\"twitter:card\" content=\"summary_large_image\" \/>\n<meta name=\"twitter:creator\" content=\"@AnamMedi\" \/>\n<meta name=\"twitter:site\" content=\"@AnamMedi\" \/>\n<meta name=\"twitter:label1\" content=\"Escrito por\" \/>\n\t<meta name=\"twitter:data1\" content=\"La Ruta de la Sal\" \/>\n\t<meta name=\"twitter:label2\" content=\"Tiempo de lectura\" \/>\n\t<meta name=\"twitter:data2\" content=\"1 minuto\" \/>\n<script type=\"application\/ld+json\" class=\"yoast-schema-graph\">{\"@context\":\"https:\/\/schema.org\",\"@graph\":[{\"@type\":\"WebPage\",\"@id\":\"https:\/\/labs.100x100.net\/projects\/rutasal\/exposicion-30-anos-de-la-ruta-de-la-sal\/\",\"url\":\"https:\/\/labs.100x100.net\/projects\/rutasal\/exposicion-30-anos-de-la-ruta-de-la-sal\/\",\"name\":\"Exposici\u00f3n 30 a\u00f1os de la Ruta de la Sal | Regata La Ruta de la Sal\",\"isPartOf\":{\"@id\":\"https:\/\/labs.100x100.net\/projects\/rutasal\/#website\"},\"primaryImageOfPage\":{\"@id\":\"https:\/\/labs.100x100.net\/projects\/rutasal\/exposicion-30-anos-de-la-ruta-de-la-sal\/#primaryimage\"},\"image\":{\"@id\":\"https:\/\/labs.100x100.net\/projects\/rutasal\/exposicion-30-anos-de-la-ruta-de-la-sal\/#primaryimage\"},\"thumbnailUrl\":\"https:\/\/labs.100x100.net\/projects\/rutasal\/custom\/uploads\/2017\/04\/33033726724_097e1f5a67_z.jpg\",\"datePublished\":\"2017-04-06T13:47:08+00:00\",\"dateModified\":\"2019-03-01T11:57:44+00:00\",\"author\":{\"@id\":\"https:\/\/labs.100x100.net\/projects\/rutasal\/#\/schema\/person\/214eeb4a2e78fd8373a0a94f6d93c9ca\"},\"breadcrumb\":{\"@id\":\"https:\/\/labs.100x100.net\/projects\/rutasal\/exposicion-30-anos-de-la-ruta-de-la-sal\/#breadcrumb\"},\"inLanguage\":\"es\",\"potentialAction\":[{\"@type\":\"ReadAction\",\"target\":[\"https:\/\/labs.100x100.net\/projects\/rutasal\/exposicion-30-anos-de-la-ruta-de-la-sal\/\"]}]},{\"@type\":\"ImageObject\",\"inLanguage\":\"es\",\"@id\":\"https:\/\/labs.100x100.net\/projects\/rutasal\/exposicion-30-anos-de-la-ruta-de-la-sal\/#primaryimage\",\"url\":\"https:\/\/labs.100x100.net\/projects\/rutasal\/custom\/uploads\/2017\/04\/33033726724_097e1f5a67_z.jpg\",\"contentUrl\":\"https:\/\/labs.100x100.net\/projects\/rutasal\/custom\/uploads\/2017\/04\/33033726724_097e1f5a67_z.jpg\",\"width\":640,\"height\":480},{\"@type\":\"BreadcrumbList\",\"@id\":\"https:\/\/labs.100x100.net\/projects\/rutasal\/exposicion-30-anos-de-la-ruta-de-la-sal\/#breadcrumb\",\"itemListElement\":[{\"@type\":\"ListItem\",\"position\":1,\"name\":\"Portada\",\"item\":\"https:\/\/labs.100x100.net\/projects\/rutasal\/\"},{\"@type\":\"ListItem\",\"position\":2,\"name\":\"Exposici\u00f3n 30 a\u00f1os de la Ruta de la Sal\"}]},{\"@type\":\"WebSite\",\"@id\":\"https:\/\/labs.100x100.net\/projects\/rutasal\/#website\",\"url\":\"https:\/\/labs.100x100.net\/projects\/rutasal\/\",\"name\":\"Regata La Ruta de la Sal\",\"description\":\"Regata La Ruta de la Sal es una regata de Altura Mediterr\u00e1nea para barcos de crucero a vela con destino en Ibiza, que se disputa anualmente en Semana Santa.\",\"potentialAction\":[{\"@type\":\"SearchAction\",\"target\":{\"@type\":\"EntryPoint\",\"urlTemplate\":\"https:\/\/labs.100x100.net\/projects\/rutasal\/?s={search_term_string}\"},\"query-input\":\"required name=search_term_string\"}],\"inLanguage\":\"es\"},{\"@type\":\"Person\",\"@id\":\"https:\/\/labs.100x100.net\/projects\/rutasal\/#\/schema\/person\/214eeb4a2e78fd8373a0a94f6d93c9ca\",\"name\":\"La Ruta de la Sal\",\"image\":{\"@type\":\"ImageObject\",\"inLanguage\":\"es\",\"@id\":\"https:\/\/labs.100x100.net\/projects\/rutasal\/#\/schema\/person\/image\/\",\"url\":\"https:\/\/secure.gravatar.com\/avatar\/b247286d4b801d6b1cfcfb3807587284?s=96&d=mm&r=g\",\"contentUrl\":\"https:\/\/secure.gravatar.com\/avatar\/b247286d4b801d6b1cfcfb3807587284?s=96&d=mm&r=g\",\"caption\":\"La Ruta de la Sal\"}}]}<\/script>\n<!-- \/ Yoast SEO plugin. -->","yoast_head_json":{"title":"Exposici\u00f3n 30 a\u00f1os de la Ruta de la Sal | Regata La Ruta de la Sal","robots":{"index":"noindex","follow":"follow","max-snippet":"max-snippet:-1","max-image-preview":"max-image-preview:large","max-video-preview":"max-video-preview:-1"},"og_locale":"es_ES","og_type":"article","og_title":"Exposici\u00f3n 30 a\u00f1os de la Ruta de la Sal | Regata La Ruta de la Sal","og_description":"Con motivo del 30 aniversario de la regata de altura La ruta de la Sal se ha inaugurado una exposici\u00f3n con fotograf\u00edas que recuerdan los mejores momentos de la regata desde sus inicios. Un recorrido por los 30 a\u00f1os de la Ruta de la Sal en fotos Este recorrido de la Ruta de la Sal [&hellip;]","og_url":"https:\/\/labs.100x100.net\/projects\/rutasal\/exposicion-30-anos-de-la-ruta-de-la-sal\/","og_site_name":"Regata La Ruta de la Sal","article_publisher":"https:\/\/www.facebook.com\/rutadelasal\/","article_published_time":"2017-04-06T13:47:08+00:00","article_modified_time":"2019-03-01T11:57:44+00:00","og_image":[{"width":640,"height":480,"url":"https:\/\/labs.100x100.net\/projects\/rutasal\/custom\/uploads\/2017\/04\/33033726724_097e1f5a67_z.jpg","type":"image\/jpeg"}],"author":"La Ruta de la Sal","twitter_card":"summary_large_image","twitter_creator":"@AnamMedi","twitter_site":"@AnamMedi","twitter_misc":{"Escrito por":"La Ruta de la Sal","Tiempo de lectura":"1 minuto"},"schema":{"@context":"https:\/\/schema.org","@graph":[{"@type":"WebPage","@id":"https:\/\/labs.100x100.net\/projects\/rutasal\/exposicion-30-anos-de-la-ruta-de-la-sal\/","url":"https:\/\/labs.100x100.net\/projects\/rutasal\/exposicion-30-anos-de-la-ruta-de-la-sal\/","name":"Exposici\u00f3n 30 a\u00f1os de la Ruta de la Sal | Regata La Ruta de la Sal","isPartOf":{"@id":"https:\/\/labs.100x100.net\/projects\/rutasal\/#website"},"primaryImageOfPage":{"@id":"https:\/\/labs.100x100.net\/projects\/rutasal\/exposicion-30-anos-de-la-ruta-de-la-sal\/#primaryimage"},"image":{"@id":"https:\/\/labs.100x100.net\/projects\/rutasal\/exposicion-30-anos-de-la-ruta-de-la-sal\/#primaryimage"},"thumbnailUrl":"https:\/\/labs.100x100.net\/projects\/rutasal\/custom\/uploads\/2017\/04\/33033726724_097e1f5a67_z.jpg","datePublished":"2017-04-06T13:47:08+00:00","dateModified":"2019-03-01T11:57:44+00:00","author":{"@id":"https:\/\/labs.100x100.net\/projects\/rutasal\/#\/schema\/person\/214eeb4a2e78fd8373a0a94f6d93c9ca"},"breadcrumb":{"@id":"https:\/\/labs.100x100.net\/projects\/rutasal\/exposicion-30-anos-de-la-ruta-de-la-sal\/#breadcrumb"},"inLanguage":"es","potentialAction":[{"@type":"ReadAction","target":["https:\/\/labs.100x100.net\/projects\/rutasal\/exposicion-30-anos-de-la-ruta-de-la-sal\/"]}]},{"@type":"ImageObject","inLanguage":"es","@id":"https:\/\/labs.100x100.net\/projects\/rutasal\/exposicion-30-anos-de-la-ruta-de-la-sal\/#primaryimage","url":"https:\/\/labs.100x100.net\/projects\/rutasal\/custom\/uploads\/2017\/04\/33033726724_097e1f5a67_z.jpg","contentUrl":"https:\/\/labs.100x100.net\/projects\/rutasal\/custom\/uploads\/2017\/04\/33033726724_097e1f5a67_z.jpg","width":640,"height":480},{"@type":"BreadcrumbList","@id":"https:\/\/labs.100x100.net\/projects\/rutasal\/exposicion-30-anos-de-la-ruta-de-la-sal\/#breadcrumb","itemListElement":[{"@type":"ListItem","position":1,"name":"Portada","item":"https:\/\/labs.100x100.net\/projects\/rutasal\/"},{"@type":"ListItem","position":2,"name":"Exposici\u00f3n 30 a\u00f1os de la Ruta de la Sal"}]},{"@type":"WebSite","@id":"https:\/\/labs.100x100.net\/projects\/rutasal\/#website","url":"https:\/\/labs.100x100.net\/projects\/rutasal\/","name":"Regata La Ruta de la Sal","description":"Regata La Ruta de la Sal es una regata de Altura Mediterr\u00e1nea para barcos de crucero a vela con destino en Ibiza, que se disputa anualmente en Semana Santa.","potentialAction":[{"@type":"SearchAction","target":{"@type":"EntryPoint","urlTemplate":"https:\/\/labs.100x100.net\/projects\/rutasal\/?s={search_term_string}"},"query-input":"required name=search_term_string"}],"inLanguage":"es"},{"@type":"Person","@id":"https:\/\/labs.100x100.net\/projects\/rutasal\/#\/schema\/person\/214eeb4a2e78fd8373a0a94f6d93c9ca","name":"La Ruta de la Sal","image":{"@type":"ImageObject","inLanguage":"es","@id":"https:\/\/labs.100x100.net\/projects\/rutasal\/#\/schema\/person\/image\/","url":"https:\/\/secure.gravatar.com\/avatar\/b247286d4b801d6b1cfcfb3807587284?s=96&d=mm&r=g","contentUrl":"https:\/\/secure.gravatar.com\/avatar\/b247286d4b801d6b1cfcfb3807587284?s=96&d=mm&r=g","caption":"La Ruta de la Sal"}}]}},"_links":{"self":[{"href":"https:\/\/labs.100x100.net\/projects\/rutasal\/wp-json\/wp\/v2\/posts\/2499"}],"collection":[{"href":"https:\/\/labs.100x100.net\/projects\/rutasal\/wp-json\/wp\/v2\/posts"}],"about":[{"href":"https:\/\/labs.100x100.net\/projects\/rutasal\/wp-json\/wp\/v2\/types\/post"}],"author":[{"embeddable":true,"href":"https:\/\/labs.100x100.net\/projects\/rutasal\/wp-json\/wp\/v2\/users\/1"}],"replies":[{"embeddable":true,"href":"https:\/\/labs.100x100.net\/projects\/rutasal\/wp-json\/wp\/v2\/comments?post=2499"}],"version-history":[{"count":1,"href":"https:\/\/labs.100x100.net\/projects\/rutasal\/wp-json\/wp\/v2\/posts\/2499\/revisions"}],"predecessor-version":[{"id":3456,"href":"https:\/\/labs.100x100.net\/projects\/rutasal\/wp-json\/wp\/v2\/posts\/2499\/revisions\/3456"}],"wp:featuredmedia":[{"embeddable":true,"href":"https:\/\/labs.100x100.net\/projects\/rutasal\/wp-json\/wp\/v2\/media\/3455"}],"wp:attachment":[{"href":"https:\/\/labs.100x100.net\/projects\/rutasal\/wp-json\/wp\/v2\/media?parent=2499"}],"wp:term":[{"taxonomy":"category","embeddable":true,"href":"https:\/\/labs.100x100.net\/projects\/rutasal\/wp-json\/wp\/v2\/categories?post=2499"},{"taxonomy":"post_tag","embeddable":true,"href":"https:\/\/labs.100x100.net\/projects\/rutasal\/wp-json\/wp\/v2\/tags?post=2499"}],"curies":[{"name":"wp","href":"https:\/\/api.w.org\/{rel}","templated":true}]}}