{"id":2474,"date":"2017-03-24T13:01:20","date_gmt":"2017-03-24T11:01:20","guid":{"rendered":"https:\/\/larutadelasal.com\/?p=2474"},"modified":"2019-03-08T10:44:18","modified_gmt":"2019-03-08T08:44:18","slug":"2474","status":"publish","type":"post","link":"https:\/\/labs.100x100.net\/projects\/rutasal\/2474\/","title":{"rendered":"PROGRAMA DE ACTOS 30\u00aa EDICI\u00d3N DE LA RUTA DE LA SAL"},"content":{"rendered":"<h2>PROGRAMA DE ACTOS 30\u00aa EDICI\u00d3N DE LA RUTA DE LA SAL<\/h2>\n<p>&nbsp;<\/p>\n<p><a title=\"_AFB2029\" href=\"#\" rel=\"\"><img loading=\"lazy\" decoding=\"async\" title=\"_AFB2029\" src=\"http:\/\/farm2.staticflickr.com\/1576\/25791510770_4b8d894491_z.jpg\" alt=\"_AFB2029\" width=\"640\" height=\"471\" \/><\/a><\/p>\n<h1>VERSI\u00d3N NORTE &#8211;\u00a0CM PORT GINESTA<\/h1>\n<p>A partir del <strong>s\u00e1bado 8 de abril<\/strong> puedes dejar tu barco en el CM Port Ginesta (Canal 9 VHF).<\/p>\n<p>Contactar con Port Ginesta para comunicar el d\u00eda de arribada.<br \/>\nTef. Oficina Port Ginesta: 936 643 661 \u2013 677 527 009<\/p>\n<p><strong>COMIT\u00c9 DE REGATA<\/strong><\/p>\n<p><strong>Situado en el primer piso del Restaurante SANTOS.<\/strong><\/p>\n<p><strong>Martes 11 de abril<\/strong><\/p>\n<p><strong>11:00 &#8211; 19:00 h<\/strong><\/p>\n<p>Formalizaci\u00f3n de inscripciones y entrega de la Bolsa del Capit\u00e1n con camisetas y obsequios.<\/p>\n<p><a title=\"La Ruta de la Sal 2016\" href=\"#\" rel=\"\"><img loading=\"lazy\" decoding=\"async\" title=\"La Ruta de la Sal 2016\" src=\"http:\/\/farm2.staticflickr.com\/1561\/25398336043_022a2f3548_z.jpg\" alt=\"La Ruta de la Sal 2016\" width=\"640\" height=\"471\" \/><\/a><\/p>\n<p><strong>Mi\u00e9rcoles 12 de abril<\/strong><\/p>\n<p><strong>11:00 &#8211; 19:00 h<\/strong><\/p>\n<p>Formalizaci\u00f3n de inscripciones y entrega de la Bolsa del Capit\u00e1n con camisetas y obsequios.<\/p>\n<p><strong>19:00 h<\/strong><\/p>\n<p>Reuni\u00f3n de Patrones<\/p>\n<p><strong>20:00 h<\/strong><\/p>\n<p>Recepci\u00f3n de Bienvenida a las tripulaciones participantes en el Restaurante El Capit\u00e0 con Fideu\u00e1 y degustaciones varias y Cava Gramona.<\/p>\n<p><strong>Jueves 13 de abril<\/strong><\/p>\n<p><strong>10:00 h.<\/strong><\/p>\n<p>Salida de la Regata que se confirmar\u00e1 en la reuni\u00f3n de Patrones.<\/p>\n<p>Tef. Comit\u00e9 de Regata: 627 875 200 \u2013 661 242 221<\/p>\n<p><strong>A tu regreso, puedes dejar tu barco en Port Ginesta hasta el viernes 5 de mayo, para participar en la Regata del Delta. En Sant Carles Marina, todos los participantes dispondr\u00e9is de amarre gratuito hasta el domingo 21 de mayo.<\/strong><\/p>\n<h1>LA RUTA DE LA SAL 2017 &#8211;\u00a0VERSI\u00d3N ESTE &#8211;\u00a0REAL CLUB N\u00c1UTICO DENIA<\/h1>\n<p>A partir del<strong> s\u00e1bado 8 de abril<\/strong> puedes dejar tu barco en el Real Club N\u00e1utico Denia.<\/p>\n<p>(Canal 9 VHF).<\/p>\n<p>Contactar con R.C. N\u00e1utico Denia para comunicar el d\u00eda de arribada.<br \/>\nTef. Oficina R.C. N\u00e1utico Denia: 965 780 989.<\/p>\n<p><strong>Mi\u00e9rcoles 12 de abril<\/strong><\/p>\n<p><strong>De 10:00h a 20:00h<\/strong><br \/>\nFormalizaci\u00f3n de inscripciones y entrega de la Bolsa del Capit\u00e1n con camisetas y obsequios.<\/p>\n<p><strong>21:00h:<\/strong><\/p>\n<p>Recepci\u00f3n de Bienvenida a las Tripulaciones participantes en el Club con Fideu\u00e1 y degustaciones varias y Cava Gramona.<\/p>\n<p><a title=\"DSC_2767 (2)\" href=\"#\" rel=\"\"><img loading=\"lazy\" decoding=\"async\" title=\"DSC_2767 (2)\" src=\"http:\/\/farm2.staticflickr.com\/1557\/26023292485_7af176a723_z.jpg\" alt=\"DSC_2767 (2)\" width=\"640\" height=\"427\" \/><\/a><\/p>\n<p><strong>Jueves 13 de abril<\/strong><\/p>\n<p><strong>10:00h.<\/strong><\/p>\n<p>Reuni\u00f3n de Patrones en el Club en la 2a planta.<\/p>\n<p><strong>14:00h.<\/strong><\/p>\n<p>Salida de la Regata que se confirmar\u00e1 en la reuni\u00f3n de Patrones.<\/p>\n<p>Tef. Comit\u00e9 de Regata: 607 723 546.<\/p>\n<p>&nbsp;<\/p>\n<p>&nbsp;<\/p>\n<h1>VERSI\u00d3N OESTE &#8211; CV ANDRATX<\/h1>\n<p>A partir del s\u00e1bado 8 de abril puedes dejar tu barco en el Club de Vela Andratx. (Canal 9 VHF)<\/p>\n<p>Contactar con C.V. Andratx para comunicar el d\u00eda de arribada.<br \/>\nTef. Oficina C.V. Andratx: 971 671 721.<\/p>\n<p><strong>Mi\u00e9rcoles 12 de abril<\/strong><\/p>\n<p><strong>10:00 &#8211; 20:00 h<\/strong><\/p>\n<p>Formalizaci\u00f3n de inscripciones y entrega de la Bolsa del Capit\u00e1n con camisetas y obsequios.<\/p>\n<p><strong>21:00 h<\/strong><\/p>\n<p>Recepci\u00f3n de Bienvenida a las tripulaciones en el Club con catering, degustaciones varias y Cava Gramona.<\/p>\n<p><strong>Jueves 13 de abril<\/strong><\/p>\n<p><strong>09:00 h.<\/strong><\/p>\n<p>Reuni\u00f3n de Patrones en el Club.<\/p>\n<p><strong>12:00 h<\/strong><\/p>\n<p>Salida de la Regata que se confirmar\u00e1 en la reuni\u00f3n de Patrones.<\/p>\n<p>Tef. Comit\u00e9 de Regata: 669 902 145 \u2013 670 219 372.<\/p>\n<p><a title=\"_AFB2072\" href=\"#\" rel=\"\"><img loading=\"lazy\" decoding=\"async\" title=\"_AFB2072\" src=\"http:\/\/farm2.staticflickr.com\/1625\/25459559674_2ef82ea588_z.jpg\" alt=\"_AFB2072\" width=\"640\" height=\"471\" \/><\/a><\/p>\n<p>&nbsp;<\/p>\n<p>&nbsp;<\/p>\n<h1>ACTOS SOCIALES EN IBIZA &#8211;\u00a0SANT ANTONI DE PORTMANY &#8211;\u00a0VILLAGE DE LA SAL.<\/h1>\n<p>&nbsp;<\/p>\n<p>COMIT\u00c9 DE BIENVENIDA.<\/p>\n<p>Con atenci\u00f3n permanente las 24h.<br \/>\nEn el Comit\u00e9 de Bienvenida, al entregar la Hoja de Ruta y Arribada, se os obsequiar\u00e1 con el tradicional Saquito de Sal y la MEDALLA CONMEMORATIVA DEL 30 ANIVERSARIO DE LA RUTA DE LA SAL.<br \/>\nTambi\u00e9n podr\u00e9is depositar, en la urna, el n\u00famero para el Sorteo de La Sal 30.<\/p>\n<p>Sorteo que se celebrar\u00e1 al inicio del Acto de Entrega de Trofeos.<\/p>\n<p><strong>ALQUILER DE COCHES.<\/strong><br \/>\n<strong> En el Village: CLASS 971 196 285 \/ 902 654 123<\/strong><\/p>\n<p><a title=\"_AFB1310\" href=\"#\" rel=\"\"><img loading=\"lazy\" decoding=\"async\" title=\"_AFB1310\" src=\"http:\/\/farm2.staticflickr.com\/1572\/25971458742_900f674b58_z.jpg\" alt=\"_AFB1310\" width=\"640\" height=\"471\" \/><\/a><\/p>\n<p><strong>VIERNES 14 DE ABRIL<\/strong><\/p>\n<p>Bienvenida a las Tripulaciones en su arribada.<br \/>\nRio Ibiza, punto de encuentro de los navegantes.<br \/>\nInvitaci\u00f3n gratuita a la COPA DE ARRIBADA para todas las tripulaciones en las terrazas de Rio Ibiza.<\/p>\n<p><strong>S\u00c1BADO 15 DE ABRIL<\/strong><\/p>\n<p><strong>11:00 h.<\/strong><\/p>\n<p>Cata de Vinos Ibicencos CON LOS VENCEDORES DE LA REGATA en el Club N\u00e0utic.<\/p>\n<p><strong>12:00h.<\/strong><\/p>\n<p>RUEDA DE PRENSA.<\/p>\n<p>Con los Vencedores de la Regata en el Club N\u00e0utic Sant Antoni.<\/p>\n<p><strong>13:00 h.<\/strong><\/p>\n<p>Inauguraci\u00f3n de la Exposici\u00f3n de los 30 A\u00d1OS DE LA RUTA DE LA SAL en el Far de ses Coves Blanques con APERITIVO IBICENCO ofrecido por el Ajuntament de Sant Antoni.<\/p>\n<p><strong>20:00 h.<\/strong><\/p>\n<p>ACTO OFICIAL DE ENTREGA DE TROFEOS EN LA CARPA DE LA SAL.<\/p>\n<p>Situada en el Paseo Mar\u00edtimo, frente a los amarres de la Autoridad Portuaria, a 5 minutos del Club N\u00e0utic.<\/p>\n<p><strong>21:00 h.<\/strong><\/p>\n<p>En el Restaurante Es N\u00e0utic Cena-Bufet de Bienvenida para todos los participantes en la Regata.<br \/>\nSer\u00e1 imprescindible la presentaci\u00f3n de la invitaci\u00f3n para acceder al recinto.<\/p>\n<p>Y, seguidamente&#8230;<\/p>\n<p>Fiesta del 30 Aniversario de la Ruta de la Sal .<\/p>\n<p>&nbsp;<\/p>\n","protected":false},"excerpt":{"rendered":"<p>PROGRAMA DE ACTOS 30\u00aa EDICI\u00d3N DE LA RUTA DE LA SAL &nbsp; VERSI\u00d3N NORTE &#8211;\u00a0CM PORT GINESTA A partir del s\u00e1bado 8 de abril puedes dejar tu barco en el CM Port Ginesta (Canal 9 VHF). Contactar con Port Ginesta para comunicar el d\u00eda de arribada. Tef. Oficina Port Ginesta: 936 643 661 \u2013 677 [&hellip;]<\/p>\n","protected":false},"author":1,"featured_media":3638,"comment_status":"open","ping_status":"open","sticky":false,"template":"","format":"standard","meta":{"_acf_changed":false,"footnotes":""},"categories":[3],"tags":[],"acf":[],"yoast_head":"<!-- This site is optimized with the Yoast SEO plugin v23.0 - https:\/\/yoast.com\/wordpress\/plugins\/seo\/ -->\n<title>PROGRAMA DE ACTOS 30\u00aa EDICI\u00d3N DE LA RUTA DE LA SAL | Regata La Ruta de la Sal<\/title>\n<meta name=\"robots\" content=\"noindex, follow, max-snippet:-1, max-image-preview:large, max-video-preview:-1\" \/>\n<meta property=\"og:locale\" content=\"es_ES\" \/>\n<meta property=\"og:type\" content=\"article\" \/>\n<meta property=\"og:title\" content=\"PROGRAMA DE ACTOS 30\u00aa EDICI\u00d3N DE LA RUTA DE LA SAL | Regata La Ruta de la Sal\" \/>\n<meta property=\"og:description\" content=\"PROGRAMA DE ACTOS 30\u00aa EDICI\u00d3N DE LA RUTA DE LA SAL &nbsp; VERSI\u00d3N NORTE &#8211;\u00a0CM PORT GINESTA A partir del s\u00e1bado 8 de abril puedes dejar tu barco en el CM Port Ginesta (Canal 9 VHF). Contactar con Port Ginesta para comunicar el d\u00eda de arribada. Tef. Oficina Port Ginesta: 936 643 661 \u2013 677 [&hellip;]\" \/>\n<meta property=\"og:url\" content=\"https:\/\/labs.100x100.net\/projects\/rutasal\/2474\/\" \/>\n<meta property=\"og:site_name\" content=\"Regata La Ruta de la Sal\" \/>\n<meta property=\"article:publisher\" content=\"https:\/\/www.facebook.com\/rutadelasal\/\" \/>\n<meta property=\"article:published_time\" content=\"2017-03-24T11:01:20+00:00\" \/>\n<meta property=\"article:modified_time\" content=\"2019-03-08T08:44:18+00:00\" \/>\n<meta property=\"og:image\" content=\"https:\/\/labs.100x100.net\/projects\/rutasal\/custom\/uploads\/2017\/03\/25791510770_4b8d894491_z.jpg\" \/>\n\t<meta property=\"og:image:width\" content=\"640\" \/>\n\t<meta property=\"og:image:height\" content=\"471\" \/>\n\t<meta property=\"og:image:type\" content=\"image\/jpeg\" \/>\n<meta name=\"author\" content=\"La Ruta de la Sal\" \/>\n<meta name=\"twitter:card\" content=\"summary_large_image\" \/>\n<meta name=\"twitter:creator\" content=\"@AnamMedi\" \/>\n<meta name=\"twitter:site\" content=\"@AnamMedi\" \/>\n<meta name=\"twitter:label1\" content=\"Escrito por\" \/>\n\t<meta name=\"twitter:data1\" content=\"La Ruta de la Sal\" \/>\n\t<meta name=\"twitter:label2\" content=\"Tiempo de lectura\" \/>\n\t<meta name=\"twitter:data2\" content=\"4 minutos\" \/>\n<script type=\"application\/ld+json\" class=\"yoast-schema-graph\">{\"@context\":\"https:\/\/schema.org\",\"@graph\":[{\"@type\":\"WebPage\",\"@id\":\"https:\/\/labs.100x100.net\/projects\/rutasal\/2474\/\",\"url\":\"https:\/\/labs.100x100.net\/projects\/rutasal\/2474\/\",\"name\":\"PROGRAMA DE ACTOS 30\u00aa EDICI\u00d3N DE LA RUTA DE LA SAL | Regata La Ruta de la Sal\",\"isPartOf\":{\"@id\":\"https:\/\/labs.100x100.net\/projects\/rutasal\/#website\"},\"primaryImageOfPage\":{\"@id\":\"https:\/\/labs.100x100.net\/projects\/rutasal\/2474\/#primaryimage\"},\"image\":{\"@id\":\"https:\/\/labs.100x100.net\/projects\/rutasal\/2474\/#primaryimage\"},\"thumbnailUrl\":\"https:\/\/labs.100x100.net\/projects\/rutasal\/custom\/uploads\/2017\/03\/25791510770_4b8d894491_z.jpg\",\"datePublished\":\"2017-03-24T11:01:20+00:00\",\"dateModified\":\"2019-03-08T08:44:18+00:00\",\"author\":{\"@id\":\"https:\/\/labs.100x100.net\/projects\/rutasal\/#\/schema\/person\/214eeb4a2e78fd8373a0a94f6d93c9ca\"},\"breadcrumb\":{\"@id\":\"https:\/\/labs.100x100.net\/projects\/rutasal\/2474\/#breadcrumb\"},\"inLanguage\":\"es\",\"potentialAction\":[{\"@type\":\"ReadAction\",\"target\":[\"https:\/\/labs.100x100.net\/projects\/rutasal\/2474\/\"]}]},{\"@type\":\"ImageObject\",\"inLanguage\":\"es\",\"@id\":\"https:\/\/labs.100x100.net\/projects\/rutasal\/2474\/#primaryimage\",\"url\":\"https:\/\/labs.100x100.net\/projects\/rutasal\/custom\/uploads\/2017\/03\/25791510770_4b8d894491_z.jpg\",\"contentUrl\":\"https:\/\/labs.100x100.net\/projects\/rutasal\/custom\/uploads\/2017\/03\/25791510770_4b8d894491_z.jpg\",\"width\":640,\"height\":471},{\"@type\":\"BreadcrumbList\",\"@id\":\"https:\/\/labs.100x100.net\/projects\/rutasal\/2474\/#breadcrumb\",\"itemListElement\":[{\"@type\":\"ListItem\",\"position\":1,\"name\":\"Portada\",\"item\":\"https:\/\/labs.100x100.net\/projects\/rutasal\/\"},{\"@type\":\"ListItem\",\"position\":2,\"name\":\"PROGRAMA DE ACTOS 30\u00aa EDICI\u00d3N DE LA RUTA DE LA SAL\"}]},{\"@type\":\"WebSite\",\"@id\":\"https:\/\/labs.100x100.net\/projects\/rutasal\/#website\",\"url\":\"https:\/\/labs.100x100.net\/projects\/rutasal\/\",\"name\":\"Regata La Ruta de la Sal\",\"description\":\"Regata La Ruta de la Sal es una regata de Altura Mediterr\u00e1nea para barcos de crucero a vela con destino en Ibiza, que se disputa anualmente en Semana Santa.\",\"potentialAction\":[{\"@type\":\"SearchAction\",\"target\":{\"@type\":\"EntryPoint\",\"urlTemplate\":\"https:\/\/labs.100x100.net\/projects\/rutasal\/?s={search_term_string}\"},\"query-input\":\"required name=search_term_string\"}],\"inLanguage\":\"es\"},{\"@type\":\"Person\",\"@id\":\"https:\/\/labs.100x100.net\/projects\/rutasal\/#\/schema\/person\/214eeb4a2e78fd8373a0a94f6d93c9ca\",\"name\":\"La Ruta de la Sal\",\"image\":{\"@type\":\"ImageObject\",\"inLanguage\":\"es\",\"@id\":\"https:\/\/labs.100x100.net\/projects\/rutasal\/#\/schema\/person\/image\/\",\"url\":\"https:\/\/secure.gravatar.com\/avatar\/b247286d4b801d6b1cfcfb3807587284?s=96&d=mm&r=g\",\"contentUrl\":\"https:\/\/secure.gravatar.com\/avatar\/b247286d4b801d6b1cfcfb3807587284?s=96&d=mm&r=g\",\"caption\":\"La Ruta de la Sal\"}}]}<\/script>\n<!-- \/ Yoast SEO plugin. -->","yoast_head_json":{"title":"PROGRAMA DE ACTOS 30\u00aa EDICI\u00d3N DE LA RUTA DE LA SAL | Regata La Ruta de la Sal","robots":{"index":"noindex","follow":"follow","max-snippet":"max-snippet:-1","max-image-preview":"max-image-preview:large","max-video-preview":"max-video-preview:-1"},"og_locale":"es_ES","og_type":"article","og_title":"PROGRAMA DE ACTOS 30\u00aa EDICI\u00d3N DE LA RUTA DE LA SAL | Regata La Ruta de la Sal","og_description":"PROGRAMA DE ACTOS 30\u00aa EDICI\u00d3N DE LA RUTA DE LA SAL &nbsp; VERSI\u00d3N NORTE &#8211;\u00a0CM PORT GINESTA A partir del s\u00e1bado 8 de abril puedes dejar tu barco en el CM Port Ginesta (Canal 9 VHF). Contactar con Port Ginesta para comunicar el d\u00eda de arribada. Tef. Oficina Port Ginesta: 936 643 661 \u2013 677 [&hellip;]","og_url":"https:\/\/labs.100x100.net\/projects\/rutasal\/2474\/","og_site_name":"Regata La Ruta de la Sal","article_publisher":"https:\/\/www.facebook.com\/rutadelasal\/","article_published_time":"2017-03-24T11:01:20+00:00","article_modified_time":"2019-03-08T08:44:18+00:00","og_image":[{"width":640,"height":471,"url":"https:\/\/labs.100x100.net\/projects\/rutasal\/custom\/uploads\/2017\/03\/25791510770_4b8d894491_z.jpg","type":"image\/jpeg"}],"author":"La Ruta de la Sal","twitter_card":"summary_large_image","twitter_creator":"@AnamMedi","twitter_site":"@AnamMedi","twitter_misc":{"Escrito por":"La Ruta de la Sal","Tiempo de lectura":"4 minutos"},"schema":{"@context":"https:\/\/schema.org","@graph":[{"@type":"WebPage","@id":"https:\/\/labs.100x100.net\/projects\/rutasal\/2474\/","url":"https:\/\/labs.100x100.net\/projects\/rutasal\/2474\/","name":"PROGRAMA DE ACTOS 30\u00aa EDICI\u00d3N DE LA RUTA DE LA SAL | Regata La Ruta de la Sal","isPartOf":{"@id":"https:\/\/labs.100x100.net\/projects\/rutasal\/#website"},"primaryImageOfPage":{"@id":"https:\/\/labs.100x100.net\/projects\/rutasal\/2474\/#primaryimage"},"image":{"@id":"https:\/\/labs.100x100.net\/projects\/rutasal\/2474\/#primaryimage"},"thumbnailUrl":"https:\/\/labs.100x100.net\/projects\/rutasal\/custom\/uploads\/2017\/03\/25791510770_4b8d894491_z.jpg","datePublished":"2017-03-24T11:01:20+00:00","dateModified":"2019-03-08T08:44:18+00:00","author":{"@id":"https:\/\/labs.100x100.net\/projects\/rutasal\/#\/schema\/person\/214eeb4a2e78fd8373a0a94f6d93c9ca"},"breadcrumb":{"@id":"https:\/\/labs.100x100.net\/projects\/rutasal\/2474\/#breadcrumb"},"inLanguage":"es","potentialAction":[{"@type":"ReadAction","target":["https:\/\/labs.100x100.net\/projects\/rutasal\/2474\/"]}]},{"@type":"ImageObject","inLanguage":"es","@id":"https:\/\/labs.100x100.net\/projects\/rutasal\/2474\/#primaryimage","url":"https:\/\/labs.100x100.net\/projects\/rutasal\/custom\/uploads\/2017\/03\/25791510770_4b8d894491_z.jpg","contentUrl":"https:\/\/labs.100x100.net\/projects\/rutasal\/custom\/uploads\/2017\/03\/25791510770_4b8d894491_z.jpg","width":640,"height":471},{"@type":"BreadcrumbList","@id":"https:\/\/labs.100x100.net\/projects\/rutasal\/2474\/#breadcrumb","itemListElement":[{"@type":"ListItem","position":1,"name":"Portada","item":"https:\/\/labs.100x100.net\/projects\/rutasal\/"},{"@type":"ListItem","position":2,"name":"PROGRAMA DE ACTOS 30\u00aa EDICI\u00d3N DE LA RUTA DE LA SAL"}]},{"@type":"WebSite","@id":"https:\/\/labs.100x100.net\/projects\/rutasal\/#website","url":"https:\/\/labs.100x100.net\/projects\/rutasal\/","name":"Regata La Ruta de la Sal","description":"Regata La Ruta de la Sal es una regata de Altura Mediterr\u00e1nea para barcos de crucero a vela con destino en Ibiza, que se disputa anualmente en Semana Santa.","potentialAction":[{"@type":"SearchAction","target":{"@type":"EntryPoint","urlTemplate":"https:\/\/labs.100x100.net\/projects\/rutasal\/?s={search_term_string}"},"query-input":"required name=search_term_string"}],"inLanguage":"es"},{"@type":"Person","@id":"https:\/\/labs.100x100.net\/projects\/rutasal\/#\/schema\/person\/214eeb4a2e78fd8373a0a94f6d93c9ca","name":"La Ruta de la Sal","image":{"@type":"ImageObject","inLanguage":"es","@id":"https:\/\/labs.100x100.net\/projects\/rutasal\/#\/schema\/person\/image\/","url":"https:\/\/secure.gravatar.com\/avatar\/b247286d4b801d6b1cfcfb3807587284?s=96&d=mm&r=g","contentUrl":"https:\/\/secure.gravatar.com\/avatar\/b247286d4b801d6b1cfcfb3807587284?s=96&d=mm&r=g","caption":"La Ruta de la Sal"}}]}},"_links":{"self":[{"href":"https:\/\/labs.100x100.net\/projects\/rutasal\/wp-json\/wp\/v2\/posts\/2474"}],"collection":[{"href":"https:\/\/labs.100x100.net\/projects\/rutasal\/wp-json\/wp\/v2\/posts"}],"about":[{"href":"https:\/\/labs.100x100.net\/projects\/rutasal\/wp-json\/wp\/v2\/types\/post"}],"author":[{"embeddable":true,"href":"https:\/\/labs.100x100.net\/projects\/rutasal\/wp-json\/wp\/v2\/users\/1"}],"replies":[{"embeddable":true,"href":"https:\/\/labs.100x100.net\/projects\/rutasal\/wp-json\/wp\/v2\/comments?post=2474"}],"version-history":[{"count":1,"href":"https:\/\/labs.100x100.net\/projects\/rutasal\/wp-json\/wp\/v2\/posts\/2474\/revisions"}],"predecessor-version":[{"id":3306,"href":"https:\/\/labs.100x100.net\/projects\/rutasal\/wp-json\/wp\/v2\/posts\/2474\/revisions\/3306"}],"wp:featuredmedia":[{"embeddable":true,"href":"https:\/\/labs.100x100.net\/projects\/rutasal\/wp-json\/wp\/v2\/media\/3638"}],"wp:attachment":[{"href":"https:\/\/labs.100x100.net\/projects\/rutasal\/wp-json\/wp\/v2\/media?parent=2474"}],"wp:term":[{"taxonomy":"category","embeddable":true,"href":"https:\/\/labs.100x100.net\/projects\/rutasal\/wp-json\/wp\/v2\/categories?post=2474"},{"taxonomy":"post_tag","embeddable":true,"href":"https:\/\/labs.100x100.net\/projects\/rutasal\/wp-json\/wp\/v2\/tags?post=2474"}],"curies":[{"name":"wp","href":"https:\/\/api.w.org\/{rel}","templated":true}]}}