{"id":2452,"date":"2017-03-16T20:34:47","date_gmt":"2017-03-16T18:34:47","guid":{"rendered":"https:\/\/larutadelasal.com\/?p=2452"},"modified":"2019-03-08T10:29:38","modified_gmt":"2019-03-08T08:29:38","slug":"rumbo-a-la-30-edicion-de-la-ruta-de-la-sal-trofeo-pepe-ferres","status":"publish","type":"post","link":"https:\/\/labs.100x100.net\/projects\/rutasal\/rumbo-a-la-30-edicion-de-la-ruta-de-la-sal-trofeo-pepe-ferres\/","title":{"rendered":"Rumbo a la 30 edici\u00f3n de\u00a0LA RUTA DE LA SAL \u2013 TROFEO PEPE FERRES."},"content":{"rendered":"<p><a title=\"29 Edici\u00f3n de La Ruta de La Sal 2016 (Trofeo Pepe Ferr\u00e9s)\" href=\"#\" rel=\"\"><img loading=\"lazy\" decoding=\"async\" title=\"29 Edici\u00f3n de La Ruta de La Sal 2016 (Trofeo Pepe Ferr\u00e9s)\" src=\"http:\/\/farm2.staticflickr.com\/1470\/25907839322_0b985fd671_z.jpg\" alt=\"29 Edici\u00f3n de La Ruta de La Sal 2016 (Trofeo Pepe Ferr\u00e9s)\" width=\"640\" height=\"471\" \/><\/a><\/p>\n<p style=\"text-align: justify;\">Estamos \u00a0a \u00a0menos de un par de semanas para iniciar la temporada 2017 participando en esta extraordinaria aventura \u00a0que es la Regata de Altura de La Ruta de la Sal.<\/p>\n<p style=\"text-align: justify;\"><strong><strong>\u00a0<\/strong><\/strong><\/p>\n<p style=\"text-align: justify;\"><span style=\"font-weight: 400;\">Todo un lujo y, sin duda alguna, una manera brillante de experimentar las alegr\u00edas y bondades de la competici\u00f3n alta mar, regateando contra muchos barcos en una prueba emblem\u00e1tica, \u00a0divertida, \u00a0con mucho ambiente a mar y a competici\u00f3n, hoy considerada como una referencia deportiva obligada dentro de su tipolog\u00eda, para lo que en todos casos, conviene considerar los siguientes temas:<\/span><\/p>\n<p style=\"text-align: justify;\"><strong><strong>\u00a0<\/strong><\/strong><\/p>\n<h1 style=\"text-align: justify;\"><strong>-.Uno, las fechas y los recorridos&#8230; <\/strong><\/h1>\n<p style=\"text-align: justify;\"><strong>\u00a0<\/strong><\/p>\n<p style=\"text-align: justify;\"><span style=\"font-weight: 400;\">La Sal, como siempre, se disputara en unos escenarios extraordinarios, dif\u00edciles de prever; \u00a0inestables, con muchas variables de obligan a negociar muchas estrategias, t\u00e1cticas y resoluciones \u00a0que har\u00e1n que la navegaci\u00f3n, como siempre ocurre en el Trofeo Pepe Ferres, sea exigente; \u00a0de gran valor deportivo. Tambi\u00e9n muy excitante y divertida<\/span><\/p>\n<p style=\"text-align: justify;\"><strong><strong>\u00a0<\/strong><\/strong><\/p>\n<p style=\"text-align: justify;\"><strong>La \u00a0VERSI\u00d3N NORTE \u00a0de La Sal que saldr\u00e1 el pr\u00f3ximo jueves 13 de abril de 2017 \u00a0\u00a0a las 10:00 h desde el CM Port Ginesta, se competir\u00e1, como ya es habitual, sobre un recorrido de 140 millas con rumbo directo hasta el Club N\u00e1utico de Sant Antoni de Portmany en Ibiza. \u00a0<\/strong><\/p>\n<p style=\"text-align: justify;\"><strong><strong>\u00a0<\/strong><\/strong><\/p>\n<p style=\"text-align: justify;\"><strong><strong><a title=\"29 Edici\u00f3n de La Ruta de La Sal 2016 (Trofeo Pepe Ferr\u00e9s)\" href=\"#\" rel=\"\"><img loading=\"lazy\" decoding=\"async\" class=\"alignleft\" style=\"float: left;\" title=\"29 Edici\u00f3n de La Ruta de La Sal 2016 (Trofeo Pepe Ferr\u00e9s)\" src=\"http:\/\/farm2.staticflickr.com\/1506\/25950288762_c6dda4ae89_n.jpg\" alt=\"29 Edici\u00f3n de La Ruta de La Sal 2016 (Trofeo Pepe Ferr\u00e9s)\" width=\"320\" height=\"236\" \/><\/a><a title=\"29 Edici\u00f3n de La Ruta de La Sal 2016 (Trofeo Pepe Ferr\u00e9s)\" href=\"#\" rel=\"\"><img loading=\"lazy\" decoding=\"async\" class=\"alignright\" style=\"float: right;\" title=\"29 Edici\u00f3n de La Ruta de La Sal 2016 (Trofeo Pepe Ferr\u00e9s)\" src=\"http:\/\/farm2.staticflickr.com\/1638\/25950289042_e69ea352f3_n.jpg\" alt=\"29 Edici\u00f3n de La Ruta de La Sal 2016 (Trofeo Pepe Ferr\u00e9s)\" width=\"320\" height=\"236\" \/><\/a><\/strong><\/strong><\/p>\n<p style=\"text-align: justify;\"><span style=\"font-weight: 400;\">La regata desde Barcelona, \u00a0es b\u00e1sicamente \u00a0una navegaci\u00f3n de altura media muy condicionada por los panoramas meteorol\u00f3gicos de las costas norte de Mallorca e Ibiza y, tambi\u00e9n del Golfo de Sant Jordi. \u00a0Un circuito en el que en el 2016 se proclamo Vencedor Absoluto el \u00a0Botin 65 \u201cCARO\u201d \u00a0del alem\u00e1n Maximilian Klink , que tambi\u00e9n logro la Victoria en Tiempo Real.. Algo muy dif\u00edcil en una regata como La Sal.<\/span><\/p>\n<p style=\"text-align: justify;\"><strong><strong>\u00a0<\/strong><\/strong><\/p>\n<p style=\"text-align: justify;\"><strong>La \u00a0VERSI\u00d3N ESTE \u00a0con salida prevista para las \u00a014: 00 h del \u00a0jueves 13 de abril, del 2017, \u00a0\u00a0desde el RC N\u00e1utico de Denia, implica un circuito de 120 millas que obliga a los equipos en competici\u00f3n a tomar Formentera por babor, la Isla de Tagomago y, navegando por la costa norte de Ibiza, llegar hasta Sant Antoni de Portmany. \u00a0<\/strong><\/p>\n<p style=\"text-align: justify;\"><strong><strong>\u00a0<\/strong><\/strong><\/p>\n<p style=\"text-align: justify;\"><span style=\"font-weight: 400;\">La ruta desde Denia, vencida en el 2016 por Damia Verdera, \u00a0con el Dufour 40 \u201cFinal de Obra\u201d, del CN de Ibiza, \u00a0\u00a0se dibuja como una exigente y compleja regata en la que cohabitan la navegaci\u00f3n de altura con un recorrido costero cargado de opciones, muy influenciado por los micro-climas de la costa de la Pitiussa Mayor y los Freus de Formentera.. Una singladura en la que la pasada edici\u00f3n de la regata, el barco m\u00e1s r\u00e1pido de la flota, el ganador de la clasificaci\u00f3n en Tiempo Real, \u00a0fue para el Swan 80 del RCR de Alicante,, \u201cPLIS PLAY\u201d de Vicente Garc\u00eda, con un tiempo de 14h. 17m. 14s..<\/span><\/p>\n<p style=\"text-align: justify;\"><strong><strong>\u00a0<\/strong><\/strong><\/p>\n<p style=\"text-align: justify;\"><strong>La nueva VERSI\u00d3N OESTE \u00a0de La Sal , zarpara a las 12.00h.del jueves 13 de abril del 2017 \u00a0\u00a0desde Puerto de Andratx a St. Antoni, dejando por estribor las islas de Tagomago, Formentera, Es Vedr\u00e1 , Bledas y \u00a0Conejera. Unas 103 millas de singladura, que se dibujan como un recorrido bastante asequible por distancias pero con grandes dificultades t\u00e1cticas, en especial a partir de Tagomago y hasta la l\u00ednea de llegada en Cab Negret, en Sant Antoni de Portmany.<\/strong><\/p>\n<p style=\"text-align: justify;\"><strong><strong>\u00a0<\/strong><\/strong><\/p>\n<p style=\"text-align: justify;\"><span style=\"font-weight: 400;\"><img loading=\"lazy\" decoding=\"async\" class=\"alignleft\" style=\"float: left;\" title=\"29 Edici\u00f3n de La Ruta de La Sal 2016 (Trofeo Pepe Ferr\u00e9s)\" src=\"http:\/\/farm2.staticflickr.com\/1577\/25420639603_eaa275a5f5_n.jpg\" alt=\"29 Edici\u00f3n de La Ruta de La Sal 2016 (Trofeo Pepe Ferr\u00e9s)\" width=\"320\" height=\"236\" \/><img loading=\"lazy\" decoding=\"async\" class=\" alignright\" style=\"float: right;\" title=\"29 Edici\u00f3n de La Ruta de La Sal 2016 (Trofeo Pepe Ferr\u00e9s)\" src=\"http:\/\/farm2.staticflickr.com\/1702\/25727616880_f38e93c70f_n.jpg\" alt=\"29 Edici\u00f3n de La Ruta de La Sal 2016 (Trofeo Pepe Ferr\u00e9s)\" width=\"320\" height=\"236\" \/>La Versi\u00f3n Oeste, es la gran novedad deportiva del 30 aniversario de La Sal, un recorrido, en el que todo est\u00e1 por escribir y registrar, \u00a0destinado a potenciar la participaci\u00f3n de equipos de Mallorca y Menorca y, tambi\u00e9n, la \u00fanica largada de La Sal que se disputa entre dos Isla del Archipi\u00e9lago Balear, condici\u00f3n que ha servido de argumento para que el Govern Balear, a trav\u00e9s del IDI \u2013 <\/span><i><span style=\"font-weight: 400;\">Instituto de Innovaci\u00f3n Empresarial de las Islas Baleraes<\/span><\/i><span style=\"font-weight: 400;\">&#8211; haya creado el \u201cTrofeo Entre Islas\u201d, un premio, basado en una exclusiva pieza de claro valor art\u00edstico, \u00a0que se adjudicara al \u00a0ganador absoluto de esta Versi\u00f3n Oeste de La Sal. Un recorrido en el que, \u00a0por el momento la inscripci\u00f3n ya incluye a equipos muy competitivo \u00a0con importantes resultados deportivos en los hist\u00f3ricos de la Sal que aspira a convertirse, a corto plazo, en una imp\u00f3rtate regata dentro del calendario Balear de pruebas de altura.<\/span><\/p>\n<h1 style=\"text-align: justify;\"><strong>-.Dos, \u00a0opciones de participaci\u00f3n; las clases y las categor\u00edas&#8230;<\/strong><\/h1>\n<p style=\"text-align: justify;\"><strong><strong>\u00a0<\/strong><\/strong><\/p>\n<p style=\"text-align: justify;\"><span style=\"font-weight: 400;\">Las embarcaciones participantes, en todos los casos, se agrupara en las Categor\u00edas siguientes:<\/span><\/p>\n<p style=\"text-align: justify;\"><strong><strong>\u00a0<\/strong><\/strong><\/p>\n<p style=\"text-align: justify;\"><span style=\"font-weight: 400;\">\u201cALFA\u201d:\u00a0Cruceros Actuales. Dise\u00f1os a partir de 1\/I\/2000; \u201cBRAVO\u201d:\u00a0Cruceros Dise\u00f1ados del a\u00f1o 1992 hasta el 31\/XII\/1999; \u201cMODERN VINTAGE\u201d:\u00a0Cruceros dise\u00f1ados del 1980 hasta el 31\/XII\/1991; \u201cVINTAGE\u201d: Cruceros dise\u00f1ados anteriores hasta el 31\/12\/79; \u201cDELTA\u201d:\u00a0Multicascos de Crucero (de construcci\u00f3n en serie y habitables entre cascos); \u201cECHO\u201d: Todos aquellos barcos que su certificado oficial de rating lo refleje.<\/span><\/p>\n<p style=\"text-align: justify;\"><strong><strong>\u00a0<\/strong><\/strong><\/p>\n<p style=\"text-align: justify;\"><span style=\"font-weight: 400;\">Para el caso de Tripulaciones, los equipos participantes podr\u00e1n encuadrarse en la categor\u00eda \u00a0\u201cGOLF\u201d:\u00a0Cruceros tripulados por dos personas y \u201c\u201dSALINA \u201ccon \u00a0tripulaciones mayoritariamente femeninas <\/span><\/p>\n<p style=\"text-align: justify;\"><strong><strong>\u00a0<a title=\"29 Edici\u00f3n de La Ruta de La Sal 2016 (Trofeo Pepe Ferr\u00e9s)\" href=\"#\" rel=\"\"><img loading=\"lazy\" decoding=\"async\" title=\"29 Edici\u00f3n de La Ruta de La Sal 2016 (Trofeo Pepe Ferr\u00e9s)\" src=\"http:\/\/farm2.staticflickr.com\/1461\/25907754332_56beef60d3_z.jpg\" alt=\"29 Edici\u00f3n de La Ruta de La Sal 2016 (Trofeo Pepe Ferr\u00e9s)\" width=\"640\" height=\"471\" \/><\/a><\/strong><\/strong><\/p>\n<p style=\"text-align: justify;\"><span style=\"font-weight: 400;\">Finalmente, se contempla la Categor\u00eda \u201cTRAINING\u201d:\u00a0Barcos en lista 6\u00aa \u00a0\u00a0con patr\u00f3n profesional o de demostrada experiencia \u00a0y \u00a0la \u00a0\u00a0\u00a0\u00a0\u00a0\u201cMINI-SAL ESTE\u201d :\u00a0Recorrido acortado: de Denia a ST. Antoni\u00a0con rumbo directo.\u00a0Para tripulaciones que quieran iniciarse en \u00a0regatas de altura. <\/span><\/p>\n<p style=\"text-align: justify;\"><strong><strong>\u00a0<\/strong><\/strong><\/p>\n<p style=\"text-align: justify;\"><span style=\"font-weight: 400;\">En definitiva , unas propuestas muy bien estudiadas que permiten que los participantes, al margen de las clasificaciones general absolutas, puedan competir en grupos muy bien dimensionados, en la medida de lo posible muy homog\u00e9neos \u00a0que tratan de igualar performances contribuyendo, de esta manera, \u00a0a hacer la competici\u00f3n m\u00e1s equilibrada y amena Tambi\u00e9n bajo aspectos t\u00e9cnicos y hasta conceptuales \u00a0m\u00e1s justa. <\/span><\/p>\n<h1 style=\"text-align: justify;\"><strong>-.Tres, un bordo por el programa&#8230;<\/strong><\/h1>\n<p>&nbsp;<\/p>\n<h2><strong>VERSI\u00d3N ESTE SALIDA DESDE DENIA<\/strong><\/h2>\n<h2><\/h2>\n<p>&nbsp;<\/p>\n<p style=\"text-align: justify;\"><strong>En la Versi\u00f3n Este, todo comenzara el mi\u00e9rcoles 12 de abril \u00a0en el RCN de Denia<\/strong><span style=\"font-weight: 400;\"><strong>.<\/strong> Durante gran parte de la jornada, de las 12:00 h. a las 18.00 h, \u00a0los participantes podr\u00e1n proceder a formalizar las inscripciones. Recibir\u00e1n la bolsa del capit\u00e1n, camisetas y obsequios que ofrecer\u00e1n los patrocinadores y colaboradores a todos los equipos apuntados a la regata. Finalmente, a las 20.00 h, el RCN de Denia y la Organizaci\u00f3n de La Sal proponen, en las instalaciones del Club, \u00a0una recepci\u00f3n de Bienvenida para todas las tripulaciones \u00a0con catering, degustaciones y \u00a0Gramona, el Cava Oficial de regata.<\/span><\/p>\n<p style=\"text-align: justify;\"><strong><strong>\u00a0<\/strong><\/strong><\/p>\n<p style=\"text-align: justify;\"><span style=\"font-weight: 400;\">El Jueves 13 de abril, a las 10:30 h, se celebrara en las instalaciones del \u00a0CN de Denia la Reuni\u00f3n de Patrones, donde la organizaci\u00f3n aportara a los participantes importantes datos de inter\u00e9s t\u00e9cnico y log\u00edstico; avances e interpretaciones meteorol\u00f3gicas. An\u00e1lisis de procedimientos de seguimiento y seguridad de la regata. Datos sobre el recorrido, posici\u00f3n de l\u00ednea de llegada. Procedimiento de atraque en Sant Antoni, etc, etc. <\/span><\/p>\n<p style=\"text-align: justify;\"><strong><strong>\u00a0<\/strong><\/strong><\/p>\n<p style=\"text-align: justify;\"><strong>A las 14.00 h se dar\u00e1 la salida de la Versi\u00f3n Este de La Sal, una flota que normalmente reunir\u00e1 cerca de un centenar de \u00a0embarcaciones.<\/strong><\/p>\n<p style=\"text-align: justify;\"><strong>En el CM de Port Ginesta, base de salida de la Versi\u00f3n Norte de la Ruta de La Sal, el martes dia 11 de abril se abrir\u00e1 el Comit\u00e9 de Regata de 11 a a 19h.<\/strong><\/p>\n<p style=\"text-align: justify;\"><strong>\u00a0<\/strong><\/p>\n<p style=\"text-align: justify;\"><strong><img loading=\"lazy\" decoding=\"async\" class=\" alignright\" style=\"float: right;\" title=\"La Ruta de la Sal 2016\" src=\"http:\/\/farm2.staticflickr.com\/1648\/25726553880_a5b5672db0_n.jpg\" alt=\"La Ruta de la Sal 2016\" width=\"320\" height=\"236\" \/><a title=\"La Ruta de la Sal 2016\" href=\"#\" rel=\"\"><img loading=\"lazy\" decoding=\"async\" class=\" alignleft\" style=\"float: left;\" title=\"La Ruta de la Sal 2016\" src=\"http:\/\/farm2.staticflickr.com\/1550\/25395086444_342083b6d4_n.jpg\" alt=\"La Ruta de la Sal 2016\" width=\"320\" height=\"236\" \/><\/a><\/strong><\/p>\n<p style=\"text-align: justify;\">Durante el mi\u00e9rcoles 12 de abril, \u00a0las cosas ocurrir\u00e1n seg\u00fan los siguientes \u00f3rdenes; de 1100 h a 19:00 h los participantes podr\u00e1n proceder a formalizar las inscripciones. Recibir\u00e1n la bolsa del \u00a0Patrones, con un formato id\u00e9ntico al explicado para el caso de la Versi\u00f3n Este, en el que los participantes podr\u00e1n tener acceso a importantes datos e informes relativos al desarrollo t\u00e9cnico y funcional de la regata. A las 19h. se celebrar\u00e1 la Reuni\u00f3n de Patrones. Terminara la jornada, a partir de las 20:00 h, \u00a0en el Restaurant Es Capit\u00e0, \u00a0en el mismo Port Ginesta, con una Recepci\u00f3n de Bienvenida para todas las tripulaciones con catering, degustaciones y Cava Gramona.<\/p>\n<p>&nbsp;<\/p>\n<h2 style=\"text-align: justify;\"><strong>VERSI\u00d3N NORTE SALIDA DESDE PORT GINESTA\u00a0<\/strong><\/h2>\n<h2><\/h2>\n<p>&nbsp;<\/p>\n<p style=\"text-align: justify;\"><strong>La Versi\u00f3n Norte, con una flota prevista \u00a0de unas 80 \u00a0embarcaciones, \u00a0zarpara desde las aguas de Barcelona con rumbo directo a Sant Antoni de Portmany en Ibiza, el jueves 13 de abril \u00a0a las 10:00 h. \u00a0<\/strong><\/p>\n<p>&nbsp;<\/p>\n<h2><strong>VERSI\u00d3N OESTE SALIDA DESDE PUERTO DE ANDRATX<\/strong><\/h2>\n<p>&nbsp;<\/p>\n<p style=\"text-align: justify;\"><strong>En la Versi\u00f3n Oeste, con salida desde el Club de Vela del Puerto de \u00a0Andratx.<\/strong><\/p>\n<p style=\"text-align: justify;\"><strong>El mi\u00e9rcoles 12 de abril de 10 a 20 horas estar\u00e1 abierto el Comit\u00e9 de Regata para formalizaci\u00f3n de inscripciones y entrega de la bolsa del Capit\u00e1n, con camisetas y obsequios, al igual que en las otras dos versiones de la regata.<\/strong> <span style=\"font-weight: 400;\">A las 21h., de este mismo d\u00eda, \u00a0en la sede social del CV, \u00a0tendr\u00e1 lugar la Recepci\u00f3n de Bienvenida, con catering y degustaciones varias. <\/span><\/p>\n<p style=\"text-align: justify;\"><strong><strong>\u00a0<\/strong><\/strong><\/p>\n<p style=\"text-align: justify;\"><strong>El jueves d\u00eda 13 de abril del 2017, \u00a0a las 09.00h. Est\u00e1 prevista la Reuni\u00f3n de Patrones en las instalaciones del Club de Vela \u00a0del Puerto de Andraxt y a las 12h. frente a La Mola, \u00a0la salida de la regata, donde se \u00a0prev\u00e9 una participaci\u00f3n de unas 30 \u00a0embarcaciones.<\/strong><\/p>\n<p style=\"text-align: justify;\"><strong>En Ibiza a partir de primeras horas de jueves 13, \u00a0todo estar\u00e1 preparado para recibir a la regata<\/strong><span style=\"font-weight: 400;\">; el Comit\u00e9 de Bienvenida\u00a0en el CN Sant Antoni, abierto las 24h.,\u00a0 estar\u00e1 listo para atender a los participantes seg\u00fan vayan arribando al puerto. Algo que normalmente podr\u00eda ocurrir a partir de las primeras horas de la madrugada del viernes 14 de abril Aunque en alguna ocasi\u00f3n, no muchas, los m\u00e1s r\u00e1pidos lograron llegar el mismo d\u00eda de la salida. Otras, sin embargo, se retrasaron las llegadas hasta bien entrado el d\u00eda siguiente de las partidas desde las costas de la Pen\u00ednsula.<\/span><\/p>\n<p style=\"text-align: justify;\"><strong><strong>\u00a0<\/strong><\/strong><\/p>\n<p style=\"text-align: justify;\"><strong>En todo caso el Viernes 14 \u00a0est\u00e1 prevista la invitaci\u00f3n a la Copa de Arribada en Rio Ibiza, para todas las tripulaciones, con m\u00fasica y ambiente, en este punto de encuentro de los navegantes..<\/strong><\/p>\n<p style=\"text-align: justify;\"><strong>\u00a0<\/strong><\/p>\n<p style=\"text-align: justify;\"><span style=\"font-weight: 400;\">Class, pone a disposici\u00f3n de toda la flota, el alquiler de coches, con precios especiales y \u00a0descuentos para poder realizar, si se desea, una vuelta por tierra en la Isla.<\/span><\/p>\n<p style=\"text-align: justify;\"><strong><strong>\u00a0<\/strong><\/strong><\/p>\n<p style=\"text-align: justify;\"><strong><strong><a title=\"_AFB2148\" href=\"#\" rel=\"\"><img loading=\"lazy\" decoding=\"async\" class=\"alignleft\" style=\"float: left;\" title=\"_AFB2148\" src=\"http:\/\/farm2.staticflickr.com\/1514\/25461714243_14bb81c93b_n.jpg\" alt=\"_AFB2148\" width=\"320\" height=\"236\" \/><\/a><a title=\"_AFB2055\" href=\"#\" rel=\"\"><img loading=\"lazy\" decoding=\"async\" class=\"alignright\" style=\"float: right;\" title=\"_AFB2055\" src=\"http:\/\/farm2.staticflickr.com\/1563\/26038405486_362f34088e_n.jpg\" alt=\"_AFB2055\" width=\"320\" height=\"236\" \/><\/a><\/strong><\/strong><\/p>\n<p style=\"text-align: justify;\"><strong>El s\u00e1bado 15 de abril, se prepara mucha actividad; por la ma\u00f1ana. A las 11 \u00a0h. se ha organizado una Cata de Vinos Ibicencos en el Club N\u00e1utico.. A las 12:00 h se celebrara la tradicional rueda de prensa con los vencedores de la regata. <\/strong><\/p>\n<p style=\"text-align: justify;\"><strong>A las 13h. est\u00e1 prevista la inauguraci\u00f3n de la Exposici\u00f3n de los 30 A\u00f1os de La Sal, en \u201cEl Far de Ses Coves Blanques\u201d, desde sus inicios en 1988 hasta la pasada edici\u00f3n de 2016, \u00a0dando paso a continuaci\u00f3n a un Aperitivo Ibicenco ofrecido por el Ajuntament de St. Antoni, en el jard\u00edn de entrada del Faro . <\/strong><\/p>\n<p style=\"text-align: justify;\"><strong>A las \u00a019h. se proceder\u00e1 a la entrega de la Medalla Conmemorativa de este 30 Aniversario de \u00a0La Sal a todas las embarcaciones participantes y a las 20:00 h el Acto Oficial de Entrega de Trofeos en la Carpa de La Sal, \u00a0y finalmente a partir de las 21:00 h la \u00a0Cena \u2013 Bufet para todas las tripulaciones que tendr\u00e1 lugar en el incomparable marco del Restaurante Es Nautic, en el Club N\u00e1utico, que terminara con Fiesta del 30 Aniversario de La Sal \u00a0que, normalmente como siempre ocurre en Ibiza se alargara hasta bien entrada la madrugada..<\/strong><\/p>\n<h1 style=\"text-align: justify;\"><strong>-Cuatro, como inscribirse&#8230;<\/strong><\/h1>\n<p style=\"text-align: justify;\"><strong><strong>\u00a0<\/strong><\/strong>La inscripci\u00f3n para la Ruta de La Sal del 2017 est\u00e1 abierta. Los datos avanzan una participaci\u00f3n que podr\u00eda reunir a unas 200 embarcaciones. Es el momento de tomar la decisi\u00f3n de plantearse la posibilidad de participar en la gran aventura de la Ruta de La Sal \u2013 Trofeo Pepe Ferres. La inscripci\u00f3n es f\u00e1cil de tramitar a trav\u00e9s de este enlace <a title=\"https:\/\/larutadelasal.com\/hoja-de-inscripcion\/ \" href=\"https:\/\/larutadelasal.com\/hoja-de-inscripcion\/%20\" target=\"_blank\" rel=\"noopener\">https:\/\/larutadelasal.com\/hoja-de-inscripcion\/\u00a0<\/a><\/p>\n<p style=\"text-align: justify;\">El evento merece la pena.<\/p>\n","protected":false},"excerpt":{"rendered":"<p>La \u00a0Ruta de La Sal \u2013 Trofeo Pepe Ferres se celebra del 13 al 16 de abril y reunir\u00e1 a unos \u00a0200 equipos en competici\u00f3n, \u00a0\u00a0\u00a0\u00a0ser\u00e1 la regata de altura m\u00e1s importante del Mediterr\u00e1neo.<\/p>\n","protected":false},"author":1,"featured_media":3639,"comment_status":"open","ping_status":"open","sticky":false,"template":"","format":"standard","meta":{"_acf_changed":false,"footnotes":""},"categories":[3],"tags":[],"acf":[],"yoast_head":"<!-- This site is optimized with the Yoast SEO plugin v23.0 - https:\/\/yoast.com\/wordpress\/plugins\/seo\/ -->\n<title>Rumbo a la 30 edici\u00f3n de\u00a0LA RUTA DE LA SAL \u2013 TROFEO PEPE FERRES. | Regata La Ruta de la Sal<\/title>\n<meta name=\"robots\" content=\"noindex, follow, max-snippet:-1, max-image-preview:large, max-video-preview:-1\" \/>\n<meta property=\"og:locale\" content=\"es_ES\" \/>\n<meta property=\"og:type\" content=\"article\" \/>\n<meta property=\"og:title\" content=\"Rumbo a la 30 edici\u00f3n de\u00a0LA RUTA DE LA SAL \u2013 TROFEO PEPE FERRES. | Regata La Ruta de la Sal\" \/>\n<meta property=\"og:description\" content=\"La \u00a0Ruta de La Sal \u2013 Trofeo Pepe Ferres se celebra del 13 al 16 de abril y reunir\u00e1 a unos \u00a0200 equipos en competici\u00f3n, \u00a0\u00a0\u00a0\u00a0ser\u00e1 la regata de altura m\u00e1s importante del Mediterr\u00e1neo.\" \/>\n<meta property=\"og:url\" content=\"https:\/\/labs.100x100.net\/projects\/rutasal\/rumbo-a-la-30-edicion-de-la-ruta-de-la-sal-trofeo-pepe-ferres\/\" \/>\n<meta property=\"og:site_name\" content=\"Regata La Ruta de la Sal\" \/>\n<meta property=\"article:publisher\" content=\"https:\/\/www.facebook.com\/rutadelasal\/\" \/>\n<meta property=\"article:published_time\" content=\"2017-03-16T18:34:47+00:00\" \/>\n<meta property=\"article:modified_time\" content=\"2019-03-08T08:29:38+00:00\" \/>\n<meta property=\"og:image\" content=\"https:\/\/labs.100x100.net\/projects\/rutasal\/custom\/uploads\/2017\/03\/25907839322_0b985fd671_z.jpg\" \/>\n\t<meta property=\"og:image:width\" content=\"640\" \/>\n\t<meta property=\"og:image:height\" content=\"471\" \/>\n\t<meta property=\"og:image:type\" content=\"image\/jpeg\" \/>\n<meta name=\"author\" content=\"La Ruta de la Sal\" \/>\n<meta name=\"twitter:card\" content=\"summary_large_image\" \/>\n<meta name=\"twitter:creator\" content=\"@AnamMedi\" \/>\n<meta name=\"twitter:site\" content=\"@AnamMedi\" \/>\n<meta name=\"twitter:label1\" content=\"Escrito por\" \/>\n\t<meta name=\"twitter:data1\" content=\"La Ruta de la Sal\" \/>\n\t<meta name=\"twitter:label2\" content=\"Tiempo de lectura\" \/>\n\t<meta name=\"twitter:data2\" content=\"10 minutos\" \/>\n<script type=\"application\/ld+json\" class=\"yoast-schema-graph\">{\"@context\":\"https:\/\/schema.org\",\"@graph\":[{\"@type\":\"WebPage\",\"@id\":\"https:\/\/labs.100x100.net\/projects\/rutasal\/rumbo-a-la-30-edicion-de-la-ruta-de-la-sal-trofeo-pepe-ferres\/\",\"url\":\"https:\/\/labs.100x100.net\/projects\/rutasal\/rumbo-a-la-30-edicion-de-la-ruta-de-la-sal-trofeo-pepe-ferres\/\",\"name\":\"Rumbo a la 30 edici\u00f3n de\u00a0LA RUTA DE LA SAL \u2013 TROFEO PEPE FERRES. | Regata La Ruta de la Sal\",\"isPartOf\":{\"@id\":\"https:\/\/labs.100x100.net\/projects\/rutasal\/#website\"},\"primaryImageOfPage\":{\"@id\":\"https:\/\/labs.100x100.net\/projects\/rutasal\/rumbo-a-la-30-edicion-de-la-ruta-de-la-sal-trofeo-pepe-ferres\/#primaryimage\"},\"image\":{\"@id\":\"https:\/\/labs.100x100.net\/projects\/rutasal\/rumbo-a-la-30-edicion-de-la-ruta-de-la-sal-trofeo-pepe-ferres\/#primaryimage\"},\"thumbnailUrl\":\"https:\/\/labs.100x100.net\/projects\/rutasal\/custom\/uploads\/2017\/03\/25907839322_0b985fd671_z.jpg\",\"datePublished\":\"2017-03-16T18:34:47+00:00\",\"dateModified\":\"2019-03-08T08:29:38+00:00\",\"author\":{\"@id\":\"https:\/\/labs.100x100.net\/projects\/rutasal\/#\/schema\/person\/214eeb4a2e78fd8373a0a94f6d93c9ca\"},\"breadcrumb\":{\"@id\":\"https:\/\/labs.100x100.net\/projects\/rutasal\/rumbo-a-la-30-edicion-de-la-ruta-de-la-sal-trofeo-pepe-ferres\/#breadcrumb\"},\"inLanguage\":\"es\",\"potentialAction\":[{\"@type\":\"ReadAction\",\"target\":[\"https:\/\/labs.100x100.net\/projects\/rutasal\/rumbo-a-la-30-edicion-de-la-ruta-de-la-sal-trofeo-pepe-ferres\/\"]}]},{\"@type\":\"ImageObject\",\"inLanguage\":\"es\",\"@id\":\"https:\/\/labs.100x100.net\/projects\/rutasal\/rumbo-a-la-30-edicion-de-la-ruta-de-la-sal-trofeo-pepe-ferres\/#primaryimage\",\"url\":\"https:\/\/labs.100x100.net\/projects\/rutasal\/custom\/uploads\/2017\/03\/25907839322_0b985fd671_z.jpg\",\"contentUrl\":\"https:\/\/labs.100x100.net\/projects\/rutasal\/custom\/uploads\/2017\/03\/25907839322_0b985fd671_z.jpg\",\"width\":640,\"height\":471},{\"@type\":\"BreadcrumbList\",\"@id\":\"https:\/\/labs.100x100.net\/projects\/rutasal\/rumbo-a-la-30-edicion-de-la-ruta-de-la-sal-trofeo-pepe-ferres\/#breadcrumb\",\"itemListElement\":[{\"@type\":\"ListItem\",\"position\":1,\"name\":\"Portada\",\"item\":\"https:\/\/labs.100x100.net\/projects\/rutasal\/\"},{\"@type\":\"ListItem\",\"position\":2,\"name\":\"Rumbo a la 30 edici\u00f3n de\u00a0LA RUTA DE LA SAL \u2013 TROFEO PEPE FERRES.\"}]},{\"@type\":\"WebSite\",\"@id\":\"https:\/\/labs.100x100.net\/projects\/rutasal\/#website\",\"url\":\"https:\/\/labs.100x100.net\/projects\/rutasal\/\",\"name\":\"Regata La Ruta de la Sal\",\"description\":\"Regata La Ruta de la Sal es una regata de Altura Mediterr\u00e1nea para barcos de crucero a vela con destino en Ibiza, que se disputa anualmente en Semana Santa.\",\"potentialAction\":[{\"@type\":\"SearchAction\",\"target\":{\"@type\":\"EntryPoint\",\"urlTemplate\":\"https:\/\/labs.100x100.net\/projects\/rutasal\/?s={search_term_string}\"},\"query-input\":\"required name=search_term_string\"}],\"inLanguage\":\"es\"},{\"@type\":\"Person\",\"@id\":\"https:\/\/labs.100x100.net\/projects\/rutasal\/#\/schema\/person\/214eeb4a2e78fd8373a0a94f6d93c9ca\",\"name\":\"La Ruta de la Sal\",\"image\":{\"@type\":\"ImageObject\",\"inLanguage\":\"es\",\"@id\":\"https:\/\/labs.100x100.net\/projects\/rutasal\/#\/schema\/person\/image\/\",\"url\":\"https:\/\/secure.gravatar.com\/avatar\/b247286d4b801d6b1cfcfb3807587284?s=96&d=mm&r=g\",\"contentUrl\":\"https:\/\/secure.gravatar.com\/avatar\/b247286d4b801d6b1cfcfb3807587284?s=96&d=mm&r=g\",\"caption\":\"La Ruta de la Sal\"}}]}<\/script>\n<!-- \/ Yoast SEO plugin. -->","yoast_head_json":{"title":"Rumbo a la 30 edici\u00f3n de\u00a0LA RUTA DE LA SAL \u2013 TROFEO PEPE FERRES. | Regata La Ruta de la Sal","robots":{"index":"noindex","follow":"follow","max-snippet":"max-snippet:-1","max-image-preview":"max-image-preview:large","max-video-preview":"max-video-preview:-1"},"og_locale":"es_ES","og_type":"article","og_title":"Rumbo a la 30 edici\u00f3n de\u00a0LA RUTA DE LA SAL \u2013 TROFEO PEPE FERRES. | Regata La Ruta de la Sal","og_description":"La \u00a0Ruta de La Sal \u2013 Trofeo Pepe Ferres se celebra del 13 al 16 de abril y reunir\u00e1 a unos \u00a0200 equipos en competici\u00f3n, \u00a0\u00a0\u00a0\u00a0ser\u00e1 la regata de altura m\u00e1s importante del Mediterr\u00e1neo.","og_url":"https:\/\/labs.100x100.net\/projects\/rutasal\/rumbo-a-la-30-edicion-de-la-ruta-de-la-sal-trofeo-pepe-ferres\/","og_site_name":"Regata La Ruta de la Sal","article_publisher":"https:\/\/www.facebook.com\/rutadelasal\/","article_published_time":"2017-03-16T18:34:47+00:00","article_modified_time":"2019-03-08T08:29:38+00:00","og_image":[{"width":640,"height":471,"url":"https:\/\/labs.100x100.net\/projects\/rutasal\/custom\/uploads\/2017\/03\/25907839322_0b985fd671_z.jpg","type":"image\/jpeg"}],"author":"La Ruta de la Sal","twitter_card":"summary_large_image","twitter_creator":"@AnamMedi","twitter_site":"@AnamMedi","twitter_misc":{"Escrito por":"La Ruta de la Sal","Tiempo de lectura":"10 minutos"},"schema":{"@context":"https:\/\/schema.org","@graph":[{"@type":"WebPage","@id":"https:\/\/labs.100x100.net\/projects\/rutasal\/rumbo-a-la-30-edicion-de-la-ruta-de-la-sal-trofeo-pepe-ferres\/","url":"https:\/\/labs.100x100.net\/projects\/rutasal\/rumbo-a-la-30-edicion-de-la-ruta-de-la-sal-trofeo-pepe-ferres\/","name":"Rumbo a la 30 edici\u00f3n de\u00a0LA RUTA DE LA SAL \u2013 TROFEO PEPE FERRES. | Regata La Ruta de la Sal","isPartOf":{"@id":"https:\/\/labs.100x100.net\/projects\/rutasal\/#website"},"primaryImageOfPage":{"@id":"https:\/\/labs.100x100.net\/projects\/rutasal\/rumbo-a-la-30-edicion-de-la-ruta-de-la-sal-trofeo-pepe-ferres\/#primaryimage"},"image":{"@id":"https:\/\/labs.100x100.net\/projects\/rutasal\/rumbo-a-la-30-edicion-de-la-ruta-de-la-sal-trofeo-pepe-ferres\/#primaryimage"},"thumbnailUrl":"https:\/\/labs.100x100.net\/projects\/rutasal\/custom\/uploads\/2017\/03\/25907839322_0b985fd671_z.jpg","datePublished":"2017-03-16T18:34:47+00:00","dateModified":"2019-03-08T08:29:38+00:00","author":{"@id":"https:\/\/labs.100x100.net\/projects\/rutasal\/#\/schema\/person\/214eeb4a2e78fd8373a0a94f6d93c9ca"},"breadcrumb":{"@id":"https:\/\/labs.100x100.net\/projects\/rutasal\/rumbo-a-la-30-edicion-de-la-ruta-de-la-sal-trofeo-pepe-ferres\/#breadcrumb"},"inLanguage":"es","potentialAction":[{"@type":"ReadAction","target":["https:\/\/labs.100x100.net\/projects\/rutasal\/rumbo-a-la-30-edicion-de-la-ruta-de-la-sal-trofeo-pepe-ferres\/"]}]},{"@type":"ImageObject","inLanguage":"es","@id":"https:\/\/labs.100x100.net\/projects\/rutasal\/rumbo-a-la-30-edicion-de-la-ruta-de-la-sal-trofeo-pepe-ferres\/#primaryimage","url":"https:\/\/labs.100x100.net\/projects\/rutasal\/custom\/uploads\/2017\/03\/25907839322_0b985fd671_z.jpg","contentUrl":"https:\/\/labs.100x100.net\/projects\/rutasal\/custom\/uploads\/2017\/03\/25907839322_0b985fd671_z.jpg","width":640,"height":471},{"@type":"BreadcrumbList","@id":"https:\/\/labs.100x100.net\/projects\/rutasal\/rumbo-a-la-30-edicion-de-la-ruta-de-la-sal-trofeo-pepe-ferres\/#breadcrumb","itemListElement":[{"@type":"ListItem","position":1,"name":"Portada","item":"https:\/\/labs.100x100.net\/projects\/rutasal\/"},{"@type":"ListItem","position":2,"name":"Rumbo a la 30 edici\u00f3n de\u00a0LA RUTA DE LA SAL \u2013 TROFEO PEPE FERRES."}]},{"@type":"WebSite","@id":"https:\/\/labs.100x100.net\/projects\/rutasal\/#website","url":"https:\/\/labs.100x100.net\/projects\/rutasal\/","name":"Regata La Ruta de la Sal","description":"Regata La Ruta de la Sal es una regata de Altura Mediterr\u00e1nea para barcos de crucero a vela con destino en Ibiza, que se disputa anualmente en Semana Santa.","potentialAction":[{"@type":"SearchAction","target":{"@type":"EntryPoint","urlTemplate":"https:\/\/labs.100x100.net\/projects\/rutasal\/?s={search_term_string}"},"query-input":"required name=search_term_string"}],"inLanguage":"es"},{"@type":"Person","@id":"https:\/\/labs.100x100.net\/projects\/rutasal\/#\/schema\/person\/214eeb4a2e78fd8373a0a94f6d93c9ca","name":"La Ruta de la Sal","image":{"@type":"ImageObject","inLanguage":"es","@id":"https:\/\/labs.100x100.net\/projects\/rutasal\/#\/schema\/person\/image\/","url":"https:\/\/secure.gravatar.com\/avatar\/b247286d4b801d6b1cfcfb3807587284?s=96&d=mm&r=g","contentUrl":"https:\/\/secure.gravatar.com\/avatar\/b247286d4b801d6b1cfcfb3807587284?s=96&d=mm&r=g","caption":"La Ruta de la Sal"}}]}},"_links":{"self":[{"href":"https:\/\/labs.100x100.net\/projects\/rutasal\/wp-json\/wp\/v2\/posts\/2452"}],"collection":[{"href":"https:\/\/labs.100x100.net\/projects\/rutasal\/wp-json\/wp\/v2\/posts"}],"about":[{"href":"https:\/\/labs.100x100.net\/projects\/rutasal\/wp-json\/wp\/v2\/types\/post"}],"author":[{"embeddable":true,"href":"https:\/\/labs.100x100.net\/projects\/rutasal\/wp-json\/wp\/v2\/users\/1"}],"replies":[{"embeddable":true,"href":"https:\/\/labs.100x100.net\/projects\/rutasal\/wp-json\/wp\/v2\/comments?post=2452"}],"version-history":[{"count":3,"href":"https:\/\/labs.100x100.net\/projects\/rutasal\/wp-json\/wp\/v2\/posts\/2452\/revisions"}],"predecessor-version":[{"id":3641,"href":"https:\/\/labs.100x100.net\/projects\/rutasal\/wp-json\/wp\/v2\/posts\/2452\/revisions\/3641"}],"wp:featuredmedia":[{"embeddable":true,"href":"https:\/\/labs.100x100.net\/projects\/rutasal\/wp-json\/wp\/v2\/media\/3639"}],"wp:attachment":[{"href":"https:\/\/labs.100x100.net\/projects\/rutasal\/wp-json\/wp\/v2\/media?parent=2452"}],"wp:term":[{"taxonomy":"category","embeddable":true,"href":"https:\/\/labs.100x100.net\/projects\/rutasal\/wp-json\/wp\/v2\/categories?post=2452"},{"taxonomy":"post_tag","embeddable":true,"href":"https:\/\/labs.100x100.net\/projects\/rutasal\/wp-json\/wp\/v2\/tags?post=2452"}],"curies":[{"name":"wp","href":"https:\/\/api.w.org\/{rel}","templated":true}]}}