{"id":2399,"date":"2017-02-13T15:57:52","date_gmt":"2017-02-13T13:57:52","guid":{"rendered":"https:\/\/larutadelasal.com\/?p=2399"},"modified":"2019-03-08T10:34:36","modified_gmt":"2019-03-08T08:34:36","slug":"preguntas-y-respuestas-sobre-la-categoria-salina-de-la-ruta-de-la-sal","status":"publish","type":"post","link":"https:\/\/labs.100x100.net\/projects\/rutasal\/preguntas-y-respuestas-sobre-la-categoria-salina-de-la-ruta-de-la-sal\/","title":{"rendered":"Preguntas y respuestas sobre la Categor\u00eda Salina de La Ruta de la Sal"},"content":{"rendered":"<p><strong>1.- \u00bfQU\u00c9 ES LA CATEGOR\u00cdA SALINA DE LA RUTA DE LA SAL?<\/strong><\/p>\n<p>Tal y como se especifica en el anuncio de regata de La Ruta de la Sal , pueden participar en la Categor\u00eda Salina aquellas embarcaciones de tripulaci\u00f3n completa patroneadas por una mujer y en las que un m\u00ednimo del 50% de la tripulaci\u00f3n sea femenina.<\/p>\n<p><a title=\"https:\/\/larutadelasal.com\/anuncio-de-regata\/\" href=\"https:\/\/larutadelasal.com\/anuncio-de-regata\/\" target=\"_blank\" rel=\"noopener\">https:\/\/larutadelasal.com\/anuncio-de-regata\/<\/a><\/p>\n<p>Para poder abrir la categor\u00eda en cualquiera de las versiones de la Ruta de la Sal (Norte, Oeste o Este) se requiere la inscripci\u00f3n de un m\u00ednimo de seis barcos en la versi\u00f3n correspondiente.<\/p>\n<p>Los barcos que cumplan las condiciones y se inscriban tendr\u00e1n m\u00e1s opciones de competir ya que participan en dos categor\u00edas, en la que originalmente les corresponde (alfa, bravo, etc) y en la Categor\u00eda Salina.<\/p>\n<p><strong>2.- \u00bfDE D\u00d3NDE VIENE EL NOMBRE?<\/strong><\/p>\n<p>Con ocasi\u00f3n del XXX edici\u00f3n de la Ruta de la Sal se ha creado esta categor\u00eda que pretende promover la vela femenina. En recuerdo de Pepe Ferr\u00e9s, fundador de esta regata hace ya 30 a\u00f1os, su esposa Isabel sugiri\u00f3 ponerle el nombre de Salina a la categor\u00eda ya que a Pepe le habr\u00eda gustado poner ese nombre a alguna de sus nietas. Rom\u00e1ntico, \u00bfno?<\/p>\n<p><a title=\"5142916910_edc2324130_o\" href=\"#\" rel=\"\"><img loading=\"lazy\" decoding=\"async\" title=\"5142916910_edc2324130_o\" src=\"http:\/\/farm6.staticflickr.com\/5495\/30633001573_0c24e7055f_z.jpg\" alt=\"5142916910_edc2324130_o\" width=\"640\" height=\"428\" \/><\/a><\/p>\n<p>&nbsp;<\/p>\n<p><strong>3.- \u00bfPOR QU\u00c9 SE HA CREADO LA CATEGOR\u00cdA SALINA?<\/strong><\/p>\n<p>El objetivo de la Categor\u00eda Salina es promover la participaci\u00f3n de las mujeres en competiciones de vela en general, y su participaci\u00f3n en regatas de altura en particular con acciones en dos direcciones: MOTIVAR y DAR VISIBILIDAD:<\/p>\n<p>&#8211; MOTIVAR que m\u00e1s mujeres se animen a participar activamente en regatas de altura ocupando posiciones tan cruciales como las de patrona a trav\u00e9s de la experiencia directa en una regata de prestigio como la Ruta de la Sal.<br \/>\n&#8211; MOTIVAR que m\u00e1s armadores se animen a incluir a m\u00e1s mujeres entre su tripulaci\u00f3n, a trav\u00e9s de la convivencia generada en la Ruta de la Sal.<\/p>\n<p>&#8211; DAR VISIBILIDAD tanto a estas mujeres que aceptan el reto, como a los armadores que se animan a tener una tripulaci\u00f3n diversa a bordo y ceder el puesto de patr\u00f3n a una mujer.<\/p>\n<p><strong>4.- \u00bfNO ES UNA INICIATIVA FEMINISTA?<\/strong><\/p>\n<p>En absoluto. No estamos reivindicando ning\u00fan derecho. Simplemente creemos en la diversidad entendida como m\u00e1s mujeres navegando que se traduzca en el futuro en m\u00e1s mujeres patronas o incluso armadoras y a medio plazo en m\u00e1s barcos con tripulaciones mixtas m\u00e1s equilibradas o incluso 100% femeninos.<\/p>\n<p><a title=\"DSC_3820 (2)\" href=\"#\" rel=\"\"><img loading=\"lazy\" decoding=\"async\" title=\"DSC_3820 (2)\" src=\"http:\/\/farm2.staticflickr.com\/1450\/25956847361_8fea443f34_z.jpg\" alt=\"DSC_3820 (2)\" width=\"640\" height=\"429\" \/><\/a><\/p>\n<p><strong>5.-\u00bfPOR QU\u00c9 SOLO SE EXIGE TAN SOLO UN 50% DE LA TRIPULACI\u00d3N FEMENINA Y NO UN 100%?<\/strong><\/p>\n<p>Ojal\u00e1 hubiera suficientes barcos y chicas para tener una categor\u00eda 100% femenina, pero creemos que actualmente esto es dif\u00edcil de conseguir.<\/p>\n<p>&#8211; En la actualidad la gran mayor\u00eda de la flota est\u00e1 en manos de armadores masculinos y suelen ser ellos los que ejercen de patr\u00f3n cuando participan en regatas. Es complicado por tanto encontrar armadores que cedan sus barcos tanto a chicos como a chicas.<br \/>\n&#8211; Mientras que hay chicas que han expresado su deseo de navegar en tripulaciones enteramente femeninas, las hay que prefieren navegar en tripulaciones mixtas. Mediante esta iniciativa lo \u00fanico que se pretende es que haya cada vez m\u00e1s chicas que se animen a competir y que adquieran la experiencia necesaria para hacer regatas, dejando abierto la posibilidad de hacerlo en un barco mixto o enteramente femenino.<br \/>\n&#8211; Aunque en nuestro pa\u00eds hay grandes mujeres regatistas, que est\u00e1n destacando incluso m\u00e1s que los hombres, la realidad es que a\u00fan son minor\u00eda en regatas de crucero. Esto quiere decir tambi\u00e9n que hay m\u00e1s hombres con suficiente experiencia en navegaci\u00f3n y por tanto lo que se pretende motivando a armadores a completar su tripulaci\u00f3n con mujeres, es que este conocimiento se transfiera.<br \/>\n&#8211; La mayor\u00eda de los barcos que compiten en regatas tiene una tripulaci\u00f3n fija que suele ser en la mayor\u00eda de los casos 100% masculina. En caso de que necesiten completar su tripulaci\u00f3n por potenciales bajas, es m\u00e1s f\u00e1cil animar a que la completen con chicas a crear tripulaciones nuevas 100% femeninas.<\/p>\n<p><strong>6.- \u00bfPUEDE PARTICIPAR UN BARCO CON TRIPULACI\u00d3N 100% FEMENINA?<\/strong><\/p>\n<p>\u00a1Claro que s\u00ed! El m\u00ednimo es del 50% hasta el 100%.<\/p>\n<p><strong>7.- SOY ARMADOR Y SUELO EJERCER DE PATR\u00d3N DE MI BARCO. \u00bfPUEDO PARTICIPAR EN LA CATEGOR\u00cdA SALINA?<\/strong><\/p>\n<p>S\u00ed, siempre y cuando completes la tripulaci\u00f3n de tu barco con un m\u00ednimo del 50% de chicas y asignes a una de ellas como patr\u00f3n.<\/p>\n<p><strong>8.- EN MI BARCO M\u00c1S DEL 50% DE LA TRIPULACI\u00d3N ES FEMENINA, PERO NINGUNA TIENE EXPERIENCIA COMO PATR\u00d3N. \u00bfPODEMOS PARTICIPAR?<\/strong><\/p>\n<p>\u00a1Por supuesto! El objetivo de la Categor\u00eda Salina no es solo fomentar que m\u00e1s chicas naveguen, sino que haya cada vez m\u00e1s chicas que se vean capaces de ejercer de patronas y quiz\u00e1s alg\u00fan d\u00eda, tengamos m\u00e1s mujeres armadoras. Por varios motivos, en el panorama n\u00e1utico actual hay muy pocas mujeres que navegan, pero menos a\u00fan que sean patronas o armadoras. Por lo tanto, en estos momentos, y simplemente porque hay m\u00e1s, los mayor\u00eda de los grandes expertos en navegaci\u00f3n a vela son hombres, exceptuando algunas valientes mujeres que han sabido romper moldes luchando por su pasi\u00f3n no sin dificultades.<\/p>\n<p>Como dice Ian Walker, skipper del Abu Dhabi Ocean Racing en la pasada edici\u00f3n de la VOR, en referencia a las nuevas normas para competir en la VOR: \u201cSi las regatistas oce\u00e1nicas quieren llegar a competir al mismo nivel que los mejores del mundo, necesitan entrenar y regatear con los mejores\u201d. Si las mujeres queremos competir al m\u00e1ximo nivel, el que cada una se marque, debemos aprender de los mejores, sean hombres o mujeres.<\/p>\n<p>Nos gustar\u00eda que esta iniciativa sirviera como plataforma de transferencia de conocimiento. Debes elegir una chica que ejercer\u00e1 como patrona con tu ayuda. Te pedimos que ejerzas de mentor transfiriendo tu experiencia a la patrona que hayas elegido asegur\u00e1ndote de que la patrona est\u00e9 totalmente involucrada en la toma de decisiones tanto estrat\u00e9gicas como t\u00e9cnicas. Es importante por tanto de que la chica que elijas est\u00e9 suficientemente motivada como para aceptar el reto y aprovechar al m\u00e1ximo esta experiencia.<\/p>\n<p><a title=\"_AFB2045\" href=\"#\" rel=\"\"><img loading=\"lazy\" decoding=\"async\" title=\"_AFB2045\" src=\"http:\/\/farm2.staticflickr.com\/1448\/26038418436_57275d0e08_z.jpg\" alt=\"_AFB2045\" width=\"640\" height=\"471\" \/><\/a><\/p>\n<p>Seguro que t\u00fa has llegado donde est\u00e1s porque alguien hizo lo mismo por ti en alg\u00fan momento. Ahora tienes la oportunidad de agradecerlo.<\/p>\n<p><strong>9.- SOY REGATISTA FEMENINA Y ME GUSTAR\u00cdA PARTICIPAR EN LA CATEGOR\u00cdA SALINA. \u00bfC\u00d3MO ENCUENTRO BARCO?<\/strong><\/p>\n<p>Puedes contactar con armadores de varias maneras:<\/p>\n<p>1.- FACEBOOK<br \/>\nHazte seguidor del grupo de Facebook SALINA para seguir las novedades de la categor\u00eda.<br \/>\n<a title=\"https:\/\/www.facebook.com\/groups\/categoriasalina\/\" href=\"https:\/\/www.facebook.com\/groups\/categoriasalina\/\" target=\"_blank\" rel=\"noopener\">https:\/\/www.facebook.com\/groups\/categoriasalina\/<\/a><\/p>\n<p>2.- BYDSEA.COM<br \/>\nCrear un perfil n\u00e1utico en esta plataforma es la mejor manera de que los potenciales armadores valoren tus aptitudes y elijan a las personas que crean que se ajustan mejor a las posiciones que quieren cubrir y al equipo.<br \/>\n\u00danete al Club SALINA y publica un Anuncio proponi\u00e9ndote como tripulante incluyendo las posiciones que puedes desempe\u00f1ar.<br \/>\n<a title=\"https:\/\/www.bydsea.com\/club\/chicasylarutade\" href=\"https:\/\/www.bydsea.com\/club\/chicasylarutade\" target=\"_blank\" rel=\"noopener\">https:\/\/www.bydsea.com\/club\/chicasylarutade<\/a><\/p>\n<p>3.- CORREO ELECTR\u00d3NICO<br \/>\ncategoriasalina@gmail.com<\/p>\n<p><a title=\"XXVIII LA RUTA DE LA SAL 2015 (TROFEO PEPE FERR\u00c9S)\" href=\"#\" rel=\"\"><img loading=\"lazy\" decoding=\"async\" title=\"XXVIII LA RUTA DE LA SAL 2015 (TROFEO PEPE FERR\u00c9S)\" src=\"http:\/\/farm8.staticflickr.com\/7632\/16801135577_127df11f97_z.jpg\" alt=\"XXVIII LA RUTA DE LA SAL 2015 (TROFEO PEPE FERR\u00c9S)\" width=\"640\" height=\"460\" \/><\/a><\/p>\n<p><strong>10.- SOY ARMADOR Y ME GUSTAR\u00cdA COMPLETAR MI TRIPULACI\u00d3N CON CHICAS. \u00bfC\u00d3MO LO HAGO?<\/strong><\/p>\n<p>Puedes contactar con tripulantes femeninas de varias maneras:<\/p>\n<p>1.- FACEBOOK<br \/>\nHazte seguidor del grupo de Facebook SALINA para seguir las novedades de la categor\u00eda.<br \/>\nhttps:\/\/www.facebook.com\/groups\/categoriasalina\/<\/p>\n<p>2.- BYDSEA.COM<br \/>\nCrear un perfil n\u00e1utico como armador en esta plataforma es la mejor manera de que los potenciales tripulantes valoren tus conocimientos, aptitudes y experiencia y elijan enrolarse en tu barco.<br \/>\n\u00danete al Club SALINA y publica un Anuncio especificando qu\u00e9 tipo de tripulaci\u00f3n buscas y para qu\u00e9 posiciones.<br \/>\nhttps:\/\/www.bydsea.com\/club\/chicasylarutade<\/p>\n<p>3.- CORREO ELECTR\u00d3NICO<br \/>\ncategoriasalina@gmail.com<\/p>\n<p><strong>11.- HE VISTO UN GRUPO EN FACEBOOK Y UN CLUB EN BYDSEA CON EL NOMBRE SALINA. \u00bfQU\u00c9 RELACI\u00d3N TIENEN CON LA CATEGOR\u00cdA SALINA DE LA RUTA DE LA SAL?<\/strong><\/p>\n<p>Esta iniciativa en redes sociales llamada SALINA, se ha creado al margen de la organizaci\u00f3n para conseguir a trav\u00e9s de estos medios y de contactos directos con clubes y armadores la participaci\u00f3n m\u00ednima que se requiere para que la Categor\u00eda Salina sea una realidad.<br \/>\nAunque no pertenecemos a la organizaci\u00f3n de la regata, s\u00ed que mantenemos peri\u00f3dicamente reuniones y comunicaciones para estar alineados en cuanto a la propuesta de valor que se pretende conseguir y no dar mensajes contradictorios.<\/p>\n<p><strong>12.- Y DESPU\u00c9S DE LA RUTA DE LA SAL\u2026\u00bfQU\u00c9?<\/strong><\/p>\n<p>La comunidad que se haya creado a partir de esta primera iniciativa se mantendr\u00e1 para dar soporte tanto a futuras regatas que quieran adoptar f\u00f3rmulas similares, como a otras iniciativas que fomenten la participaci\u00f3n femenina en las regatas de vela crucero. Tambi\u00e9n servir\u00e1 como punto de contacto para armadores que quieran optar por completar su tripulaci\u00f3n con chicas.<\/p>\n<p>\u00bfTienes alguna idea para fomentar la vela femenina? Cu\u00e9ntanosla y te ayudamos.<\/p>\n","protected":false},"excerpt":{"rendered":"<p>Con ocasi\u00f3n del XXX edici\u00f3n de la Ruta de la Sal se ha creado la categor\u00eda Salina que pretende promover la vela femenina. Pueden participar en la Categor\u00eda Salina aquellas embarcaciones de tripulaci\u00f3n completa patroneadas por una mujer y en las que un m\u00ednimo del 50% de la tripulaci\u00f3n sea femenina.<\/p>\n","protected":false},"author":1,"featured_media":3644,"comment_status":"open","ping_status":"open","sticky":false,"template":"","format":"standard","meta":{"_acf_changed":false,"footnotes":""},"categories":[3],"tags":[],"acf":[],"yoast_head":"<!-- This site is optimized with the Yoast SEO plugin v23.0 - https:\/\/yoast.com\/wordpress\/plugins\/seo\/ -->\n<title>Preguntas y respuestas sobre la Categor\u00eda Salina de La Ruta de la Sal | Regata La Ruta de la Sal<\/title>\n<meta name=\"robots\" content=\"noindex, follow, max-snippet:-1, max-image-preview:large, max-video-preview:-1\" \/>\n<meta property=\"og:locale\" content=\"es_ES\" \/>\n<meta property=\"og:type\" content=\"article\" \/>\n<meta property=\"og:title\" content=\"Preguntas y respuestas sobre la Categor\u00eda Salina de La Ruta de la Sal | Regata La Ruta de la Sal\" \/>\n<meta property=\"og:description\" content=\"Con ocasi\u00f3n del XXX edici\u00f3n de la Ruta de la Sal se ha creado la categor\u00eda Salina que pretende promover la vela femenina. Pueden participar en la Categor\u00eda Salina aquellas embarcaciones de tripulaci\u00f3n completa patroneadas por una mujer y en las que un m\u00ednimo del 50% de la tripulaci\u00f3n sea femenina.\" \/>\n<meta property=\"og:url\" content=\"https:\/\/labs.100x100.net\/projects\/rutasal\/preguntas-y-respuestas-sobre-la-categoria-salina-de-la-ruta-de-la-sal\/\" \/>\n<meta property=\"og:site_name\" content=\"Regata La Ruta de la Sal\" \/>\n<meta property=\"article:publisher\" content=\"https:\/\/www.facebook.com\/rutadelasal\/\" \/>\n<meta property=\"article:published_time\" content=\"2017-02-13T13:57:52+00:00\" \/>\n<meta property=\"article:modified_time\" content=\"2019-03-08T08:34:36+00:00\" \/>\n<meta property=\"og:image\" content=\"https:\/\/labs.100x100.net\/projects\/rutasal\/custom\/uploads\/2017\/02\/30633001573_0c24e7055f_z.jpg\" \/>\n\t<meta property=\"og:image:width\" content=\"640\" \/>\n\t<meta property=\"og:image:height\" content=\"428\" \/>\n\t<meta property=\"og:image:type\" content=\"image\/jpeg\" \/>\n<meta name=\"author\" content=\"La Ruta de la Sal\" \/>\n<meta name=\"twitter:card\" content=\"summary_large_image\" \/>\n<meta name=\"twitter:creator\" content=\"@AnamMedi\" \/>\n<meta name=\"twitter:site\" content=\"@AnamMedi\" \/>\n<meta name=\"twitter:label1\" content=\"Escrito por\" \/>\n\t<meta name=\"twitter:data1\" content=\"La Ruta de la Sal\" \/>\n\t<meta name=\"twitter:label2\" content=\"Tiempo de lectura\" \/>\n\t<meta name=\"twitter:data2\" content=\"8 minutos\" \/>\n<script type=\"application\/ld+json\" class=\"yoast-schema-graph\">{\"@context\":\"https:\/\/schema.org\",\"@graph\":[{\"@type\":\"WebPage\",\"@id\":\"https:\/\/labs.100x100.net\/projects\/rutasal\/preguntas-y-respuestas-sobre-la-categoria-salina-de-la-ruta-de-la-sal\/\",\"url\":\"https:\/\/labs.100x100.net\/projects\/rutasal\/preguntas-y-respuestas-sobre-la-categoria-salina-de-la-ruta-de-la-sal\/\",\"name\":\"Preguntas y respuestas sobre la Categor\u00eda Salina de La Ruta de la Sal | Regata La Ruta de la Sal\",\"isPartOf\":{\"@id\":\"https:\/\/labs.100x100.net\/projects\/rutasal\/#website\"},\"primaryImageOfPage\":{\"@id\":\"https:\/\/labs.100x100.net\/projects\/rutasal\/preguntas-y-respuestas-sobre-la-categoria-salina-de-la-ruta-de-la-sal\/#primaryimage\"},\"image\":{\"@id\":\"https:\/\/labs.100x100.net\/projects\/rutasal\/preguntas-y-respuestas-sobre-la-categoria-salina-de-la-ruta-de-la-sal\/#primaryimage\"},\"thumbnailUrl\":\"https:\/\/labs.100x100.net\/projects\/rutasal\/custom\/uploads\/2017\/02\/30633001573_0c24e7055f_z.jpg\",\"datePublished\":\"2017-02-13T13:57:52+00:00\",\"dateModified\":\"2019-03-08T08:34:36+00:00\",\"author\":{\"@id\":\"https:\/\/labs.100x100.net\/projects\/rutasal\/#\/schema\/person\/214eeb4a2e78fd8373a0a94f6d93c9ca\"},\"breadcrumb\":{\"@id\":\"https:\/\/labs.100x100.net\/projects\/rutasal\/preguntas-y-respuestas-sobre-la-categoria-salina-de-la-ruta-de-la-sal\/#breadcrumb\"},\"inLanguage\":\"es\",\"potentialAction\":[{\"@type\":\"ReadAction\",\"target\":[\"https:\/\/labs.100x100.net\/projects\/rutasal\/preguntas-y-respuestas-sobre-la-categoria-salina-de-la-ruta-de-la-sal\/\"]}]},{\"@type\":\"ImageObject\",\"inLanguage\":\"es\",\"@id\":\"https:\/\/labs.100x100.net\/projects\/rutasal\/preguntas-y-respuestas-sobre-la-categoria-salina-de-la-ruta-de-la-sal\/#primaryimage\",\"url\":\"https:\/\/labs.100x100.net\/projects\/rutasal\/custom\/uploads\/2017\/02\/30633001573_0c24e7055f_z.jpg\",\"contentUrl\":\"https:\/\/labs.100x100.net\/projects\/rutasal\/custom\/uploads\/2017\/02\/30633001573_0c24e7055f_z.jpg\",\"width\":640,\"height\":428},{\"@type\":\"BreadcrumbList\",\"@id\":\"https:\/\/labs.100x100.net\/projects\/rutasal\/preguntas-y-respuestas-sobre-la-categoria-salina-de-la-ruta-de-la-sal\/#breadcrumb\",\"itemListElement\":[{\"@type\":\"ListItem\",\"position\":1,\"name\":\"Portada\",\"item\":\"https:\/\/labs.100x100.net\/projects\/rutasal\/\"},{\"@type\":\"ListItem\",\"position\":2,\"name\":\"Preguntas y respuestas sobre la Categor\u00eda Salina de La Ruta de la Sal\"}]},{\"@type\":\"WebSite\",\"@id\":\"https:\/\/labs.100x100.net\/projects\/rutasal\/#website\",\"url\":\"https:\/\/labs.100x100.net\/projects\/rutasal\/\",\"name\":\"Regata La Ruta de la Sal\",\"description\":\"Regata La Ruta de la Sal es una regata de Altura Mediterr\u00e1nea para barcos de crucero a vela con destino en Ibiza, que se disputa anualmente en Semana Santa.\",\"potentialAction\":[{\"@type\":\"SearchAction\",\"target\":{\"@type\":\"EntryPoint\",\"urlTemplate\":\"https:\/\/labs.100x100.net\/projects\/rutasal\/?s={search_term_string}\"},\"query-input\":\"required name=search_term_string\"}],\"inLanguage\":\"es\"},{\"@type\":\"Person\",\"@id\":\"https:\/\/labs.100x100.net\/projects\/rutasal\/#\/schema\/person\/214eeb4a2e78fd8373a0a94f6d93c9ca\",\"name\":\"La Ruta de la Sal\",\"image\":{\"@type\":\"ImageObject\",\"inLanguage\":\"es\",\"@id\":\"https:\/\/labs.100x100.net\/projects\/rutasal\/#\/schema\/person\/image\/\",\"url\":\"https:\/\/secure.gravatar.com\/avatar\/b247286d4b801d6b1cfcfb3807587284?s=96&d=mm&r=g\",\"contentUrl\":\"https:\/\/secure.gravatar.com\/avatar\/b247286d4b801d6b1cfcfb3807587284?s=96&d=mm&r=g\",\"caption\":\"La Ruta de la Sal\"}}]}<\/script>\n<!-- \/ Yoast SEO plugin. -->","yoast_head_json":{"title":"Preguntas y respuestas sobre la Categor\u00eda Salina de La Ruta de la Sal | Regata La Ruta de la Sal","robots":{"index":"noindex","follow":"follow","max-snippet":"max-snippet:-1","max-image-preview":"max-image-preview:large","max-video-preview":"max-video-preview:-1"},"og_locale":"es_ES","og_type":"article","og_title":"Preguntas y respuestas sobre la Categor\u00eda Salina de La Ruta de la Sal | Regata La Ruta de la Sal","og_description":"Con ocasi\u00f3n del XXX edici\u00f3n de la Ruta de la Sal se ha creado la categor\u00eda Salina que pretende promover la vela femenina. Pueden participar en la Categor\u00eda Salina aquellas embarcaciones de tripulaci\u00f3n completa patroneadas por una mujer y en las que un m\u00ednimo del 50% de la tripulaci\u00f3n sea femenina.","og_url":"https:\/\/labs.100x100.net\/projects\/rutasal\/preguntas-y-respuestas-sobre-la-categoria-salina-de-la-ruta-de-la-sal\/","og_site_name":"Regata La Ruta de la Sal","article_publisher":"https:\/\/www.facebook.com\/rutadelasal\/","article_published_time":"2017-02-13T13:57:52+00:00","article_modified_time":"2019-03-08T08:34:36+00:00","og_image":[{"width":640,"height":428,"url":"https:\/\/labs.100x100.net\/projects\/rutasal\/custom\/uploads\/2017\/02\/30633001573_0c24e7055f_z.jpg","type":"image\/jpeg"}],"author":"La Ruta de la Sal","twitter_card":"summary_large_image","twitter_creator":"@AnamMedi","twitter_site":"@AnamMedi","twitter_misc":{"Escrito por":"La Ruta de la Sal","Tiempo de lectura":"8 minutos"},"schema":{"@context":"https:\/\/schema.org","@graph":[{"@type":"WebPage","@id":"https:\/\/labs.100x100.net\/projects\/rutasal\/preguntas-y-respuestas-sobre-la-categoria-salina-de-la-ruta-de-la-sal\/","url":"https:\/\/labs.100x100.net\/projects\/rutasal\/preguntas-y-respuestas-sobre-la-categoria-salina-de-la-ruta-de-la-sal\/","name":"Preguntas y respuestas sobre la Categor\u00eda Salina de La Ruta de la Sal | Regata La Ruta de la Sal","isPartOf":{"@id":"https:\/\/labs.100x100.net\/projects\/rutasal\/#website"},"primaryImageOfPage":{"@id":"https:\/\/labs.100x100.net\/projects\/rutasal\/preguntas-y-respuestas-sobre-la-categoria-salina-de-la-ruta-de-la-sal\/#primaryimage"},"image":{"@id":"https:\/\/labs.100x100.net\/projects\/rutasal\/preguntas-y-respuestas-sobre-la-categoria-salina-de-la-ruta-de-la-sal\/#primaryimage"},"thumbnailUrl":"https:\/\/labs.100x100.net\/projects\/rutasal\/custom\/uploads\/2017\/02\/30633001573_0c24e7055f_z.jpg","datePublished":"2017-02-13T13:57:52+00:00","dateModified":"2019-03-08T08:34:36+00:00","author":{"@id":"https:\/\/labs.100x100.net\/projects\/rutasal\/#\/schema\/person\/214eeb4a2e78fd8373a0a94f6d93c9ca"},"breadcrumb":{"@id":"https:\/\/labs.100x100.net\/projects\/rutasal\/preguntas-y-respuestas-sobre-la-categoria-salina-de-la-ruta-de-la-sal\/#breadcrumb"},"inLanguage":"es","potentialAction":[{"@type":"ReadAction","target":["https:\/\/labs.100x100.net\/projects\/rutasal\/preguntas-y-respuestas-sobre-la-categoria-salina-de-la-ruta-de-la-sal\/"]}]},{"@type":"ImageObject","inLanguage":"es","@id":"https:\/\/labs.100x100.net\/projects\/rutasal\/preguntas-y-respuestas-sobre-la-categoria-salina-de-la-ruta-de-la-sal\/#primaryimage","url":"https:\/\/labs.100x100.net\/projects\/rutasal\/custom\/uploads\/2017\/02\/30633001573_0c24e7055f_z.jpg","contentUrl":"https:\/\/labs.100x100.net\/projects\/rutasal\/custom\/uploads\/2017\/02\/30633001573_0c24e7055f_z.jpg","width":640,"height":428},{"@type":"BreadcrumbList","@id":"https:\/\/labs.100x100.net\/projects\/rutasal\/preguntas-y-respuestas-sobre-la-categoria-salina-de-la-ruta-de-la-sal\/#breadcrumb","itemListElement":[{"@type":"ListItem","position":1,"name":"Portada","item":"https:\/\/labs.100x100.net\/projects\/rutasal\/"},{"@type":"ListItem","position":2,"name":"Preguntas y respuestas sobre la Categor\u00eda Salina de La Ruta de la Sal"}]},{"@type":"WebSite","@id":"https:\/\/labs.100x100.net\/projects\/rutasal\/#website","url":"https:\/\/labs.100x100.net\/projects\/rutasal\/","name":"Regata La Ruta de la Sal","description":"Regata La Ruta de la Sal es una regata de Altura Mediterr\u00e1nea para barcos de crucero a vela con destino en Ibiza, que se disputa anualmente en Semana Santa.","potentialAction":[{"@type":"SearchAction","target":{"@type":"EntryPoint","urlTemplate":"https:\/\/labs.100x100.net\/projects\/rutasal\/?s={search_term_string}"},"query-input":"required name=search_term_string"}],"inLanguage":"es"},{"@type":"Person","@id":"https:\/\/labs.100x100.net\/projects\/rutasal\/#\/schema\/person\/214eeb4a2e78fd8373a0a94f6d93c9ca","name":"La Ruta de la Sal","image":{"@type":"ImageObject","inLanguage":"es","@id":"https:\/\/labs.100x100.net\/projects\/rutasal\/#\/schema\/person\/image\/","url":"https:\/\/secure.gravatar.com\/avatar\/b247286d4b801d6b1cfcfb3807587284?s=96&d=mm&r=g","contentUrl":"https:\/\/secure.gravatar.com\/avatar\/b247286d4b801d6b1cfcfb3807587284?s=96&d=mm&r=g","caption":"La Ruta de la Sal"}}]}},"_links":{"self":[{"href":"https:\/\/labs.100x100.net\/projects\/rutasal\/wp-json\/wp\/v2\/posts\/2399"}],"collection":[{"href":"https:\/\/labs.100x100.net\/projects\/rutasal\/wp-json\/wp\/v2\/posts"}],"about":[{"href":"https:\/\/labs.100x100.net\/projects\/rutasal\/wp-json\/wp\/v2\/types\/post"}],"author":[{"embeddable":true,"href":"https:\/\/labs.100x100.net\/projects\/rutasal\/wp-json\/wp\/v2\/users\/1"}],"replies":[{"embeddable":true,"href":"https:\/\/labs.100x100.net\/projects\/rutasal\/wp-json\/wp\/v2\/comments?post=2399"}],"version-history":[{"count":2,"href":"https:\/\/labs.100x100.net\/projects\/rutasal\/wp-json\/wp\/v2\/posts\/2399\/revisions"}],"predecessor-version":[{"id":3645,"href":"https:\/\/labs.100x100.net\/projects\/rutasal\/wp-json\/wp\/v2\/posts\/2399\/revisions\/3645"}],"wp:featuredmedia":[{"embeddable":true,"href":"https:\/\/labs.100x100.net\/projects\/rutasal\/wp-json\/wp\/v2\/media\/3644"}],"wp:attachment":[{"href":"https:\/\/labs.100x100.net\/projects\/rutasal\/wp-json\/wp\/v2\/media?parent=2399"}],"wp:term":[{"taxonomy":"category","embeddable":true,"href":"https:\/\/labs.100x100.net\/projects\/rutasal\/wp-json\/wp\/v2\/categories?post=2399"},{"taxonomy":"post_tag","embeddable":true,"href":"https:\/\/labs.100x100.net\/projects\/rutasal\/wp-json\/wp\/v2\/tags?post=2399"}],"curies":[{"name":"wp","href":"https:\/\/api.w.org\/{rel}","templated":true}]}}