{"id":2388,"date":"2017-01-18T16:37:24","date_gmt":"2017-01-18T14:37:24","guid":{"rendered":"https:\/\/larutadelasal.com\/?p=2388"},"modified":"2019-03-08T10:35:18","modified_gmt":"2019-03-08T08:35:18","slug":"la-ruta-de-la-sal-trofeo-pepe-ferres-2017-presenta-en-fitur-su-30-aniversario","status":"publish","type":"post","link":"https:\/\/labs.100x100.net\/projects\/rutasal\/la-ruta-de-la-sal-trofeo-pepe-ferres-2017-presenta-en-fitur-su-30-aniversario\/","title":{"rendered":"La Ruta de la Sal &#8211; Trofeo Pepe Ferr\u00e9s 2017 presenta en Fitur su 30 aniversario"},"content":{"rendered":"<p>\u2022 Zarpar\u00e1 de Barcelona, Denia y Mallorca con destino a la Isla de Ibiza.<\/p>\n<p>\u2022 La Gran Aventura N\u00e1utica con m\u00e1s solera del Mediterr\u00e1neo.<\/p>\n<p>\u2022 Esta 30 edici\u00f3n de LA RUTA DE LA SAL, apuesta por la internacionalidad.<\/p>\n<p>\u2022 Unos 180 embarcaciones participar\u00e1n en La Sal 2017.<\/p>\n<div style=\"width: 650px\" class=\"wp-caption alignnone\"><a title=\"Presentaci\u00f3n ruta de la Sal FITUR 2017\" href=\"#\"><img loading=\"lazy\" decoding=\"async\" title=\"Presentaci\u00f3n ruta de la Sal FITUR 2017\" src=\"http:\/\/farm1.staticflickr.com\/533\/32348828796_b4590742f1_z.jpg\" alt=\"Presentaci\u00f3n ruta de la Sal FITUR 2017\" width=\"640\" height=\"360\" \/><\/a><p class=\"wp-caption-text\">Han estado presentes en este acto oficial Vicent Torres Guasch president del Consell d&#8217;Eivissa, Jose Tur Alcalde de st. Antoni de Portmany, Vicent Torres Director Insular de Turisme, la presentadora televisiva y deportista M\u00f3nica Mart\u00ednez, junto Enrique Curt , Presidente y Fundador de Curt Ediciones, e Isabel Subirats, presidenta de ANAM, organizadores de la regata .<\/p><\/div>\n<p>&nbsp;<\/p>\n<p>&nbsp;<\/p>\n<p><a title=\"rutadelasal30aniversario\" href=\"#\" rel=\"\"><img loading=\"lazy\" decoding=\"async\" class=\"alignright\" style=\"float: right;\" title=\"rutadelasal30aniversario\" src=\"http:\/\/farm1.staticflickr.com\/279\/32238055922_85c4124e7f.jpg\" alt=\"rutadelasal30aniversario\" width=\"196\" height=\"298\" \/><\/a>La 30 edici\u00f3n de la Ruta de la Sal que se celebrar\u00e1 durante la pr\u00f3xima Semana Santa, <strong>del 13 al 16 de abril de 2017,<\/strong> marcar\u00e1, sin duda alguna, el comienzo de un nuevo bordo en la historia de esta gran cl\u00e1sica de la navegaci\u00f3n de altura, La Sal, hoy situada como una prueba de clara referencia dentro del calendario mediterr\u00e1neo de regatas de altura.<\/p>\n<p>Por otra parte, la promoci\u00f3n de La Sal, <strong>apostar\u00e1 por potenciar la internacionalidad del evento, flotas muy punteras<\/strong>, representativas, fundamentalmente, de los principales pa\u00edses del norte de Europa, como Alemania, Holanda, Reino Unido, Suecia y Dinamarca, entre otros. Algo que permitir\u00e1, al margen de potenciar la vocaci\u00f3n internacional de la regata, promocionar directamente el evento, y muy en especial la marca \u201cIbiza\u201d, en mercados susceptibles de generar un importante turismo especializado en n\u00e1utica, lo que sin duda alguna, es un objetivo estrat\u00e9gico en la gesti\u00f3n del proyecto de La Ruta de La Sal.<\/p>\n<p>La presentaci\u00f3n de la 30 Ruta de la Sal en FITUR , como evento deportivo y tur\u00edstico de especial inter\u00e9s para el Consell de Ibiza y el Ayuntamiento de Sant Antoni de Portmany, dibuja claramente el potencial de La Sal como agente promocional de las islas Pitiussas. Su enorme capacidad de dinamizar el turismo n\u00e1utico y, l\u00f3gicamente, su car\u00e1cter de evento desestacionalizador de la temporada tur\u00edstica.<\/p>\n<p><a title=\"Presentaci\u00f3n ruta de la Sal FITUR 2017\" href=\"#\" rel=\"\"><img loading=\"lazy\" decoding=\"async\" title=\"Presentaci\u00f3n ruta de la Sal FITUR 2017\" src=\"http:\/\/farm1.staticflickr.com\/504\/31577066493_9c2442c909_z.jpg\" alt=\"Presentaci\u00f3n ruta de la Sal FITUR 2017\" width=\"640\" height=\"480\" \/><\/a><\/p>\n<p>En este punto conviene recordar que en <strong>estos 30 a\u00f1os de historia han navegado en La Sal unas 5.680 embarcaciones tripuladas por cerca de 37.500 regatistas.<\/strong> Unas cifras que dan una idea de la magnitud de este evento que, al margen de sus bondades deportivas, se ha convertido en un excelente promotor de las cualidades de Ibiza de cara a la n\u00e1utica de recreo.<\/p>\n<p>La Versi\u00f3n Norte, zarpar\u00e1 desde Port Ginesta con rumbo a Ibiza, 140 millas n\u00e1uticas hasta la l\u00ednea de llegada. La Este desde Denia dejando las islas de Formentera, Tagomago e Ibiza por babor, en total unas 120 millas. La nueva Versi\u00f3n Oeste desde Puerto de Andratx a Sant Antoni, dejando por estribor las islas de Tagomago, Formentera, Es Vedr\u00e0, Bledas y Conejera. Unas 103 millas de singladura sobre las que todo est\u00e1 por escribir. Lo que sin duda abre muchas expectativas deportivas y medi\u00e1ticas.<\/p>\n<p>Ser\u00e1 un acontecimiento muy singular. Todos los participantes tendr\u00e1n que cruzar la l\u00ednea de llegada en Cap Negret, junto a la entrada del Puerto de Sant Antoni. Ser\u00e1 un gran espect\u00e1culo.<\/p>\n<p>Han estado presentes en este acto oficial:<\/p>\n<p>Vicent Torres Guasch president del Consell d&#8217;Eivissa, \u00a0Jose Tur Alcalde de st. Antoni de Portmany, Vicent Torres Director Insular de Turisme, \u00a0 la \u00a0presentadora televisiva y deportista M\u00f3nica Mart\u00ednez, junto Enrique Curt , Presidente y Fundador de Curt Ediciones, e Isabel Subirats, \u00a0presidenta de ANAM, organizadores de la regata .<\/p>\n<p>&nbsp;<\/p>\n","protected":false},"excerpt":{"rendered":"<p>La Ruta de La Sal,  la Regata de Vela de Crucero con mayor participaci\u00f3n del Mediterr\u00e1neo en la Isla de Ibiza, present\u00f3 en FITUR su 30 aniversario. <\/p>\n","protected":false},"author":1,"featured_media":3646,"comment_status":"open","ping_status":"open","sticky":false,"template":"","format":"standard","meta":{"_acf_changed":false,"footnotes":""},"categories":[3],"tags":[],"acf":[],"yoast_head":"<!-- This site is optimized with the Yoast SEO plugin v23.0 - https:\/\/yoast.com\/wordpress\/plugins\/seo\/ -->\n<title>La Ruta de la Sal - Trofeo Pepe Ferr\u00e9s 2017 presenta en Fitur su 30 aniversario | Regata La Ruta de la Sal<\/title>\n<meta name=\"robots\" content=\"noindex, follow, max-snippet:-1, max-image-preview:large, max-video-preview:-1\" \/>\n<meta property=\"og:locale\" content=\"es_ES\" \/>\n<meta property=\"og:type\" content=\"article\" \/>\n<meta property=\"og:title\" content=\"La Ruta de la Sal - Trofeo Pepe Ferr\u00e9s 2017 presenta en Fitur su 30 aniversario | Regata La Ruta de la Sal\" \/>\n<meta property=\"og:description\" content=\"La Ruta de La Sal, la Regata de Vela de Crucero con mayor participaci\u00f3n del Mediterr\u00e1neo en la Isla de Ibiza, present\u00f3 en FITUR su 30 aniversario.\" \/>\n<meta property=\"og:url\" content=\"https:\/\/labs.100x100.net\/projects\/rutasal\/la-ruta-de-la-sal-trofeo-pepe-ferres-2017-presenta-en-fitur-su-30-aniversario\/\" \/>\n<meta property=\"og:site_name\" content=\"Regata La Ruta de la Sal\" \/>\n<meta property=\"article:publisher\" content=\"https:\/\/www.facebook.com\/rutadelasal\/\" \/>\n<meta property=\"article:published_time\" content=\"2017-01-18T14:37:24+00:00\" \/>\n<meta property=\"article:modified_time\" content=\"2019-03-08T08:35:18+00:00\" \/>\n<meta property=\"og:image\" content=\"https:\/\/labs.100x100.net\/projects\/rutasal\/custom\/uploads\/2017\/01\/32348828796_b4590742f1_z.jpg\" \/>\n\t<meta property=\"og:image:width\" content=\"640\" \/>\n\t<meta property=\"og:image:height\" content=\"360\" \/>\n\t<meta property=\"og:image:type\" content=\"image\/jpeg\" \/>\n<meta name=\"author\" content=\"La Ruta de la Sal\" \/>\n<meta name=\"twitter:card\" content=\"summary_large_image\" \/>\n<meta name=\"twitter:creator\" content=\"@AnamMedi\" \/>\n<meta name=\"twitter:site\" content=\"@AnamMedi\" \/>\n<meta name=\"twitter:label1\" content=\"Escrito por\" \/>\n\t<meta name=\"twitter:data1\" content=\"La Ruta de la Sal\" \/>\n\t<meta name=\"twitter:label2\" content=\"Tiempo de lectura\" \/>\n\t<meta name=\"twitter:data2\" content=\"3 minutos\" \/>\n<script type=\"application\/ld+json\" class=\"yoast-schema-graph\">{\"@context\":\"https:\/\/schema.org\",\"@graph\":[{\"@type\":\"WebPage\",\"@id\":\"https:\/\/labs.100x100.net\/projects\/rutasal\/la-ruta-de-la-sal-trofeo-pepe-ferres-2017-presenta-en-fitur-su-30-aniversario\/\",\"url\":\"https:\/\/labs.100x100.net\/projects\/rutasal\/la-ruta-de-la-sal-trofeo-pepe-ferres-2017-presenta-en-fitur-su-30-aniversario\/\",\"name\":\"La Ruta de la Sal - Trofeo Pepe Ferr\u00e9s 2017 presenta en Fitur su 30 aniversario | Regata La Ruta de la Sal\",\"isPartOf\":{\"@id\":\"https:\/\/labs.100x100.net\/projects\/rutasal\/#website\"},\"primaryImageOfPage\":{\"@id\":\"https:\/\/labs.100x100.net\/projects\/rutasal\/la-ruta-de-la-sal-trofeo-pepe-ferres-2017-presenta-en-fitur-su-30-aniversario\/#primaryimage\"},\"image\":{\"@id\":\"https:\/\/labs.100x100.net\/projects\/rutasal\/la-ruta-de-la-sal-trofeo-pepe-ferres-2017-presenta-en-fitur-su-30-aniversario\/#primaryimage\"},\"thumbnailUrl\":\"https:\/\/labs.100x100.net\/projects\/rutasal\/custom\/uploads\/2017\/01\/32348828796_b4590742f1_z.jpg\",\"datePublished\":\"2017-01-18T14:37:24+00:00\",\"dateModified\":\"2019-03-08T08:35:18+00:00\",\"author\":{\"@id\":\"https:\/\/labs.100x100.net\/projects\/rutasal\/#\/schema\/person\/214eeb4a2e78fd8373a0a94f6d93c9ca\"},\"breadcrumb\":{\"@id\":\"https:\/\/labs.100x100.net\/projects\/rutasal\/la-ruta-de-la-sal-trofeo-pepe-ferres-2017-presenta-en-fitur-su-30-aniversario\/#breadcrumb\"},\"inLanguage\":\"es\",\"potentialAction\":[{\"@type\":\"ReadAction\",\"target\":[\"https:\/\/labs.100x100.net\/projects\/rutasal\/la-ruta-de-la-sal-trofeo-pepe-ferres-2017-presenta-en-fitur-su-30-aniversario\/\"]}]},{\"@type\":\"ImageObject\",\"inLanguage\":\"es\",\"@id\":\"https:\/\/labs.100x100.net\/projects\/rutasal\/la-ruta-de-la-sal-trofeo-pepe-ferres-2017-presenta-en-fitur-su-30-aniversario\/#primaryimage\",\"url\":\"https:\/\/labs.100x100.net\/projects\/rutasal\/custom\/uploads\/2017\/01\/32348828796_b4590742f1_z.jpg\",\"contentUrl\":\"https:\/\/labs.100x100.net\/projects\/rutasal\/custom\/uploads\/2017\/01\/32348828796_b4590742f1_z.jpg\",\"width\":640,\"height\":360},{\"@type\":\"BreadcrumbList\",\"@id\":\"https:\/\/labs.100x100.net\/projects\/rutasal\/la-ruta-de-la-sal-trofeo-pepe-ferres-2017-presenta-en-fitur-su-30-aniversario\/#breadcrumb\",\"itemListElement\":[{\"@type\":\"ListItem\",\"position\":1,\"name\":\"Portada\",\"item\":\"https:\/\/labs.100x100.net\/projects\/rutasal\/\"},{\"@type\":\"ListItem\",\"position\":2,\"name\":\"La Ruta de la Sal &#8211; Trofeo Pepe Ferr\u00e9s 2017 presenta en Fitur su 30 aniversario\"}]},{\"@type\":\"WebSite\",\"@id\":\"https:\/\/labs.100x100.net\/projects\/rutasal\/#website\",\"url\":\"https:\/\/labs.100x100.net\/projects\/rutasal\/\",\"name\":\"Regata La Ruta de la Sal\",\"description\":\"Regata La Ruta de la Sal es una regata de Altura Mediterr\u00e1nea para barcos de crucero a vela con destino en Ibiza, que se disputa anualmente en Semana Santa.\",\"potentialAction\":[{\"@type\":\"SearchAction\",\"target\":{\"@type\":\"EntryPoint\",\"urlTemplate\":\"https:\/\/labs.100x100.net\/projects\/rutasal\/?s={search_term_string}\"},\"query-input\":\"required name=search_term_string\"}],\"inLanguage\":\"es\"},{\"@type\":\"Person\",\"@id\":\"https:\/\/labs.100x100.net\/projects\/rutasal\/#\/schema\/person\/214eeb4a2e78fd8373a0a94f6d93c9ca\",\"name\":\"La Ruta de la Sal\",\"image\":{\"@type\":\"ImageObject\",\"inLanguage\":\"es\",\"@id\":\"https:\/\/labs.100x100.net\/projects\/rutasal\/#\/schema\/person\/image\/\",\"url\":\"https:\/\/secure.gravatar.com\/avatar\/b247286d4b801d6b1cfcfb3807587284?s=96&d=mm&r=g\",\"contentUrl\":\"https:\/\/secure.gravatar.com\/avatar\/b247286d4b801d6b1cfcfb3807587284?s=96&d=mm&r=g\",\"caption\":\"La Ruta de la Sal\"}}]}<\/script>\n<!-- \/ Yoast SEO plugin. -->","yoast_head_json":{"title":"La Ruta de la Sal - Trofeo Pepe Ferr\u00e9s 2017 presenta en Fitur su 30 aniversario | Regata La Ruta de la Sal","robots":{"index":"noindex","follow":"follow","max-snippet":"max-snippet:-1","max-image-preview":"max-image-preview:large","max-video-preview":"max-video-preview:-1"},"og_locale":"es_ES","og_type":"article","og_title":"La Ruta de la Sal - Trofeo Pepe Ferr\u00e9s 2017 presenta en Fitur su 30 aniversario | Regata La Ruta de la Sal","og_description":"La Ruta de La Sal, la Regata de Vela de Crucero con mayor participaci\u00f3n del Mediterr\u00e1neo en la Isla de Ibiza, present\u00f3 en FITUR su 30 aniversario.","og_url":"https:\/\/labs.100x100.net\/projects\/rutasal\/la-ruta-de-la-sal-trofeo-pepe-ferres-2017-presenta-en-fitur-su-30-aniversario\/","og_site_name":"Regata La Ruta de la Sal","article_publisher":"https:\/\/www.facebook.com\/rutadelasal\/","article_published_time":"2017-01-18T14:37:24+00:00","article_modified_time":"2019-03-08T08:35:18+00:00","og_image":[{"width":640,"height":360,"url":"https:\/\/labs.100x100.net\/projects\/rutasal\/custom\/uploads\/2017\/01\/32348828796_b4590742f1_z.jpg","type":"image\/jpeg"}],"author":"La Ruta de la Sal","twitter_card":"summary_large_image","twitter_creator":"@AnamMedi","twitter_site":"@AnamMedi","twitter_misc":{"Escrito por":"La Ruta de la Sal","Tiempo de lectura":"3 minutos"},"schema":{"@context":"https:\/\/schema.org","@graph":[{"@type":"WebPage","@id":"https:\/\/labs.100x100.net\/projects\/rutasal\/la-ruta-de-la-sal-trofeo-pepe-ferres-2017-presenta-en-fitur-su-30-aniversario\/","url":"https:\/\/labs.100x100.net\/projects\/rutasal\/la-ruta-de-la-sal-trofeo-pepe-ferres-2017-presenta-en-fitur-su-30-aniversario\/","name":"La Ruta de la Sal - Trofeo Pepe Ferr\u00e9s 2017 presenta en Fitur su 30 aniversario | Regata La Ruta de la Sal","isPartOf":{"@id":"https:\/\/labs.100x100.net\/projects\/rutasal\/#website"},"primaryImageOfPage":{"@id":"https:\/\/labs.100x100.net\/projects\/rutasal\/la-ruta-de-la-sal-trofeo-pepe-ferres-2017-presenta-en-fitur-su-30-aniversario\/#primaryimage"},"image":{"@id":"https:\/\/labs.100x100.net\/projects\/rutasal\/la-ruta-de-la-sal-trofeo-pepe-ferres-2017-presenta-en-fitur-su-30-aniversario\/#primaryimage"},"thumbnailUrl":"https:\/\/labs.100x100.net\/projects\/rutasal\/custom\/uploads\/2017\/01\/32348828796_b4590742f1_z.jpg","datePublished":"2017-01-18T14:37:24+00:00","dateModified":"2019-03-08T08:35:18+00:00","author":{"@id":"https:\/\/labs.100x100.net\/projects\/rutasal\/#\/schema\/person\/214eeb4a2e78fd8373a0a94f6d93c9ca"},"breadcrumb":{"@id":"https:\/\/labs.100x100.net\/projects\/rutasal\/la-ruta-de-la-sal-trofeo-pepe-ferres-2017-presenta-en-fitur-su-30-aniversario\/#breadcrumb"},"inLanguage":"es","potentialAction":[{"@type":"ReadAction","target":["https:\/\/labs.100x100.net\/projects\/rutasal\/la-ruta-de-la-sal-trofeo-pepe-ferres-2017-presenta-en-fitur-su-30-aniversario\/"]}]},{"@type":"ImageObject","inLanguage":"es","@id":"https:\/\/labs.100x100.net\/projects\/rutasal\/la-ruta-de-la-sal-trofeo-pepe-ferres-2017-presenta-en-fitur-su-30-aniversario\/#primaryimage","url":"https:\/\/labs.100x100.net\/projects\/rutasal\/custom\/uploads\/2017\/01\/32348828796_b4590742f1_z.jpg","contentUrl":"https:\/\/labs.100x100.net\/projects\/rutasal\/custom\/uploads\/2017\/01\/32348828796_b4590742f1_z.jpg","width":640,"height":360},{"@type":"BreadcrumbList","@id":"https:\/\/labs.100x100.net\/projects\/rutasal\/la-ruta-de-la-sal-trofeo-pepe-ferres-2017-presenta-en-fitur-su-30-aniversario\/#breadcrumb","itemListElement":[{"@type":"ListItem","position":1,"name":"Portada","item":"https:\/\/labs.100x100.net\/projects\/rutasal\/"},{"@type":"ListItem","position":2,"name":"La Ruta de la Sal &#8211; Trofeo Pepe Ferr\u00e9s 2017 presenta en Fitur su 30 aniversario"}]},{"@type":"WebSite","@id":"https:\/\/labs.100x100.net\/projects\/rutasal\/#website","url":"https:\/\/labs.100x100.net\/projects\/rutasal\/","name":"Regata La Ruta de la Sal","description":"Regata La Ruta de la Sal es una regata de Altura Mediterr\u00e1nea para barcos de crucero a vela con destino en Ibiza, que se disputa anualmente en Semana Santa.","potentialAction":[{"@type":"SearchAction","target":{"@type":"EntryPoint","urlTemplate":"https:\/\/labs.100x100.net\/projects\/rutasal\/?s={search_term_string}"},"query-input":"required name=search_term_string"}],"inLanguage":"es"},{"@type":"Person","@id":"https:\/\/labs.100x100.net\/projects\/rutasal\/#\/schema\/person\/214eeb4a2e78fd8373a0a94f6d93c9ca","name":"La Ruta de la Sal","image":{"@type":"ImageObject","inLanguage":"es","@id":"https:\/\/labs.100x100.net\/projects\/rutasal\/#\/schema\/person\/image\/","url":"https:\/\/secure.gravatar.com\/avatar\/b247286d4b801d6b1cfcfb3807587284?s=96&d=mm&r=g","contentUrl":"https:\/\/secure.gravatar.com\/avatar\/b247286d4b801d6b1cfcfb3807587284?s=96&d=mm&r=g","caption":"La Ruta de la Sal"}}]}},"_links":{"self":[{"href":"https:\/\/labs.100x100.net\/projects\/rutasal\/wp-json\/wp\/v2\/posts\/2388"}],"collection":[{"href":"https:\/\/labs.100x100.net\/projects\/rutasal\/wp-json\/wp\/v2\/posts"}],"about":[{"href":"https:\/\/labs.100x100.net\/projects\/rutasal\/wp-json\/wp\/v2\/types\/post"}],"author":[{"embeddable":true,"href":"https:\/\/labs.100x100.net\/projects\/rutasal\/wp-json\/wp\/v2\/users\/1"}],"replies":[{"embeddable":true,"href":"https:\/\/labs.100x100.net\/projects\/rutasal\/wp-json\/wp\/v2\/comments?post=2388"}],"version-history":[{"count":1,"href":"https:\/\/labs.100x100.net\/projects\/rutasal\/wp-json\/wp\/v2\/posts\/2388\/revisions"}],"predecessor-version":[{"id":3450,"href":"https:\/\/labs.100x100.net\/projects\/rutasal\/wp-json\/wp\/v2\/posts\/2388\/revisions\/3450"}],"wp:featuredmedia":[{"embeddable":true,"href":"https:\/\/labs.100x100.net\/projects\/rutasal\/wp-json\/wp\/v2\/media\/3646"}],"wp:attachment":[{"href":"https:\/\/labs.100x100.net\/projects\/rutasal\/wp-json\/wp\/v2\/media?parent=2388"}],"wp:term":[{"taxonomy":"category","embeddable":true,"href":"https:\/\/labs.100x100.net\/projects\/rutasal\/wp-json\/wp\/v2\/categories?post=2388"},{"taxonomy":"post_tag","embeddable":true,"href":"https:\/\/labs.100x100.net\/projects\/rutasal\/wp-json\/wp\/v2\/tags?post=2388"}],"curies":[{"name":"wp","href":"https:\/\/api.w.org\/{rel}","templated":true}]}}