{"id":2364,"date":"2016-11-18T11:14:29","date_gmt":"2016-11-18T09:14:29","guid":{"rendered":"https:\/\/larutadelasal.com\/?p=2364"},"modified":"2019-03-08T10:36:02","modified_gmt":"2019-03-08T08:36:02","slug":"en-la-ruta-hacia-el-30-aniversario-de-la-sal","status":"publish","type":"post","link":"https:\/\/labs.100x100.net\/projects\/rutasal\/en-la-ruta-hacia-el-30-aniversario-de-la-sal\/","title":{"rendered":"En La Ruta hacia el 30 aniversario de La Sal."},"content":{"rendered":"<p><strong><br \/>\n&#8211; ANAM y Difusi\u00f3n N\u00e1utica se fusionan para gestionar La Ruta de La Sal.<\/strong><\/p>\n<p>&#8211; Se crea una nueva salida; la Versi\u00f3n Oeste desde Puerto de Andratx, en Mallorca, hasta Sant Antoni de Portmany en Ibiza.<\/p>\n<p>&#8211; Unos 180\/200 equipos participar\u00e1n en La Sal 2017.<\/p>\n<p>La 30 edici\u00f3n de La Ruta de la Sal que se va a celebrar entre los pr\u00f3ximos <strong>13 al 15 de abril<\/strong> del 2017, llega cargada de importantes novedades que, sin duda alguna, marcaran el comienzo de una nueva \u201cera\u201d en la historia de esta extraordinaria regata.<\/p>\n<p>Por un lado la Associaci\u00f3 de Navegants d\u2019Altura Mediterranis &#8211; <strong>ANAM<\/strong>, responsable de La Sal desde su creaci\u00f3n y <strong><a href=\"http:\/\/www.difusionnautica.com\">Difusi\u00f3n N\u00e1utica<\/a><\/strong> de Enrique Curt, especialistas en la organizaci\u00f3n de eventos n\u00e1uticos, se fusionan. Lo que va a aportar a la regata un modelo organizativo potente, moderno y muy profesional, que permitir\u00e1 optimizar recursos y prestaciones, sin perder los valores sociales y deportivos que han provocado que la Ruta de La Sal, tras 30 a\u00f1os de historia, sea <strong>la regata de altura m\u00e1s importante del Mediterr\u00e1neo<\/strong>. Una regata imprescindible para miles de aficionados a la navegaci\u00f3n en alta mar.<\/p>\n<p>En definitiva una fusi\u00f3n de profesionales con much\u00edsima experiencia que adelanta, para La Sal, un futuro cargado de \u00e9xitos. Para los participantes en la regata la garant\u00eda de competir en una prueba gestionada con muchos medios. Con absoluta calidad t\u00e9cnica y deportiva. Una regata, como siempre, en la que cada participante es un amigo y cuyo valor deportivo, que duda cabe, es cada vez m\u00e1s potente.<\/p>\n<p>A nivel deportivo coincidiendo con este 30 aniversario, y ya como primera aportaci\u00f3n de esta nueva organizaci\u00f3n, se introduce un nuevo recorrido con <strong>salida desde la Isla de Mallorca; La Versi\u00f3n Oeste<\/strong>, con salida desde el <strong>Club de Vela del Puerto de Andratx<\/strong> \u2013 hasta Sant Antoni de Portmany en Ibiza dejando las islas de Tagomago , Formentera, Es Vedr\u00e0, Bledas y Conejera por estribor. Un recorrido relativamente asequible, muy divertido, con interesantes posibilidades t\u00e1cticas. Se mire, como se mire, muy t\u00e9cnico. Con una distancia m\u00ednima de unas 103 millas n\u00e1uticas que introduce un nuevo e interesante aliciente deportivo al programa de La Ruta de la Sal. Que, de este modo, el pr\u00f3ximo 13 de abril del 2017, Jueves Santo, iniciar\u00e1 su 30 aniversario con salidas desde <strong>Denia<\/strong>, <strong>Port Ginesta<\/strong> y <strong>Puerto de Andratx<\/strong>. Tres rutas de aproximaci\u00f3n a Ibiza que, sin duda alguna, potencian muy sensiblemente el valor estrat\u00e9gico de este gran acontecimiento deportivo que es La Ruta de la Sal.<\/p>\n<p>Para las importantes flotas de la Isla de Mallorca y hasta incluso para las menorquinas, la posibilidad de disponer de una salida desde Puerto de Andraxt es un verdadero lujo, que aporta unas magn\u00edficas expectativas deportivas de cara al inicio de la temporada. Tambi\u00e9n, porque no decirlo, una oportunidad \u00fanica para participar en esta extraordinaria regata sin demasiadas complicaciones.<\/p>\n<p>Pero el 30 aniversario traer\u00e1 m\u00e1s novedades que conviene, en todos los casos tener muy en cuenta ya que, en su conjunto, entendemos contribuyen a convertir este conmemoraci\u00f3n en algo realmente especial:<\/p>\n<p>En el Far de Ses Coves Blanques en Sant Antoni de Portmany, hoy convertido en centro cultural, se instalar\u00e1 una atractiva <strong>exposici\u00f3n fotogr\u00e1fica de estos 30 a\u00f1os de historia de La Ruta de la Sal<\/strong>. Un autentico \u201cbordo\u201d por los momentos estelares de esta fascinante traves\u00eda por el tiempo de La Sal que comenz\u00f3, en un ya muy lejano 1989, cuando nuestro amigo Pepe Ferr\u00e9s con el objetivo de promocionar la navegaci\u00f3n de altura, ide\u00f3 y organiz\u00f3 la primera Ruta de La Sal. Todo un acierto. Una exposici\u00f3n que, sin duda alguna ser\u00e1 <strong>un tributo a Pepe Ferr\u00e9s<\/strong> y a todos los que durante estos a\u00f1os han contribuido a que este evento haya sido posible; regatistas, organizadores, patrocinadores, instituciones p\u00fablicas, etc \u2026<\/p>\n<p><strong>El Village de La Sal<\/strong> se instalar\u00e1, en esta ocasi\u00f3n, en el paseo Mar\u00edtimo del Puerto de Sant Antoni, el Club N\u00e1utico ser\u00e1 el gran anfitri\u00f3n. Unas instalaciones de lujo para todos los participantes. Se adelanta mucha actividad social y una gran implicaci\u00f3n del empresariado local. La Sal es patrimonio de <strong>Ibiza<\/strong>. Se trata de un aniversario importante. 30 a\u00f1os para una regata es mucho tiempo; poder celebrarlos es un s\u00edntoma de gran solidez deportiva, social y comercial.<\/p>\n<p>Todos los participantes tendr\u00e1n una medalla que acreditar\u00e1 el haber participado en esta edici\u00f3n de la regata. Tambi\u00e9n para todos los que logren clasificarse <strong>magn\u00edficos premios y regalos<\/strong> aportados por much\u00edsimas empresas especializadas en n\u00e1utica que quieren, en esta ocasi\u00f3n, rendir un homenaje a esta regata que ha contribuido tanto a fomentar la afici\u00f3n a la navegaci\u00f3n en su m\u00e1s pura esencia. Que ha ayudado a crear tantos y tantos aficionados durante los \u00faltimos 30 a\u00f1os.<\/p>\n<p>La gran cena del 30 aniversario ser\u00e1 en el restaurante Es N\u00e1utic, en el <strong>Club N\u00e1utico de Sant Antoni<\/strong>; En las magnificas terrazas del <strong>Ri\u00f3 Ibiza<\/strong>, justo frente a la entrada del Club, la \u201cCopa de Arriba\u201d y, normalmente mucho, mucho m\u00e1s\u2026 Finalmente en el Village la entrega de premios y la <strong>fiesta de La Sal<\/strong>, que, como siempre ser\u00e1 algo m\u00e1gica; durar\u00e1 hasta bien entrada la madrugada. Casi hasta el amanecer\u2026 Como hemos dicho ser\u00e1 el comienzo de una nueva etapa para La Ruta de la Sal que, tras 30 a\u00f1os se muestra m\u00e1s din\u00e1mica que nunca.<\/p>\n<p>Durante los \u00faltimos 30 a\u00f1os La Sal ha contribuido de una manera decisiva a fomentar y promocionar la navegaci\u00f3n de crucero en nuestro pa\u00eds. Hoy es una de las regatas de altura m\u00e1s consolidadas del Mediterr\u00e1neo, <strong>l\u00edder indiscutible en participaci\u00f3n y popularidad<\/strong>. En estos 30 a\u00f1os han navegado en La Sal unas 5.680 embarcaciones tripuladas por cerca de 37.500 regatistas, y se han cubierto unas 7.740 millas de competici\u00f3n. Las cifras dan una idea de la magnitud de este evento que, al margen de sus bondades deportivas, se ha convertido en un excelente promotor del <strong>turismo n\u00e1utico para Ibiza<\/strong>.<\/p>\n<p>El pr\u00f3ximo 13 de abril del 2017, como siempre Jueves Santo, los participantes en la 30 edici\u00f3n de La Ruta de la Sal comenzar\u00e1n a escribir la historia de los pr\u00f3ximos a\u00f1os de esta apasionante aventura. Atr\u00e1s quedan oc\u00e9anos de an\u00e9cdotas y haza\u00f1as con sabor a Sal. Innumerables r\u00e9cords deportivos para registrar y muchos magn\u00edficos y entra\u00f1ables amigos que recordar. La <strong>Versi\u00f3n Norte<\/strong>, zarpar\u00e1 desde Port Ginesta con rumbo a Ibiza; 140 millas n\u00e1uticas hasta la l\u00ednea de llegada. <strong>La Este<\/strong> desde Denia dejando las islas de Formentera, Tagomago e Ibiza por babor, en total unas 120 millas. <strong>La nueva Versi\u00f3n Oeste<\/strong> desde Puerto de Andratx a Sant Antoni, dejando por estribor las islas de Tagomago, Formentera, Es Vedr\u00e0, Bledas y Conejera. Unas 103 millas de singladura sobre las que todo est\u00e1 por escribir. La participaci\u00f3n podr\u00eda acercarse a las 180\/200 embarcaciones. Ser\u00e1 un acontecimiento muy singular. Yo no me lo perder\u00eda.<\/p>\n<p>DEPARTAMENTO DE COMUNICACI\u00d3N<br \/>\nRUTA DE LA SAL 2017<\/p>\n","protected":false},"excerpt":{"rendered":"<p>&#8211; ANAM y Difusi\u00f3n N\u00e1utica se fusionan para gestionar La Ruta de La Sal. &#8211; Se crea una nueva salida; la Versi\u00f3n Oeste desde Puerto de Andratx, en Mallorca, hasta Sant Antoni de Portmany en Ibiza. &#8211; Unos 180\/200 equipos participar\u00e1n en La Sal 2017. La 30 edici\u00f3n de La Ruta de la Sal que [&hellip;]<\/p>\n","protected":false},"author":1,"featured_media":3494,"comment_status":"open","ping_status":"open","sticky":false,"template":"","format":"standard","meta":{"_acf_changed":false,"footnotes":""},"categories":[3],"tags":[],"acf":[],"yoast_head":"<!-- This site is optimized with the Yoast SEO plugin v23.0 - https:\/\/yoast.com\/wordpress\/plugins\/seo\/ -->\n<title>En La Ruta hacia el 30 aniversario de La Sal. | Regata La Ruta de la Sal<\/title>\n<meta name=\"robots\" content=\"noindex, follow, max-snippet:-1, max-image-preview:large, max-video-preview:-1\" \/>\n<meta property=\"og:locale\" content=\"es_ES\" \/>\n<meta property=\"og:type\" content=\"article\" \/>\n<meta property=\"og:title\" content=\"En La Ruta hacia el 30 aniversario de La Sal. | Regata La Ruta de la Sal\" \/>\n<meta property=\"og:description\" content=\"&#8211; ANAM y Difusi\u00f3n N\u00e1utica se fusionan para gestionar La Ruta de La Sal. &#8211; Se crea una nueva salida; la Versi\u00f3n Oeste desde Puerto de Andratx, en Mallorca, hasta Sant Antoni de Portmany en Ibiza. &#8211; Unos 180\/200 equipos participar\u00e1n en La Sal 2017. La 30 edici\u00f3n de La Ruta de la Sal que [&hellip;]\" \/>\n<meta property=\"og:url\" content=\"https:\/\/labs.100x100.net\/projects\/rutasal\/en-la-ruta-hacia-el-30-aniversario-de-la-sal\/\" \/>\n<meta property=\"og:site_name\" content=\"Regata La Ruta de la Sal\" \/>\n<meta property=\"article:publisher\" content=\"https:\/\/www.facebook.com\/rutadelasal\/\" \/>\n<meta property=\"article:published_time\" content=\"2016-11-18T09:14:29+00:00\" \/>\n<meta property=\"article:modified_time\" content=\"2019-03-08T08:36:02+00:00\" \/>\n<meta property=\"og:image\" content=\"https:\/\/labs.100x100.net\/projects\/rutasal\/custom\/uploads\/2018\/05\/40579834464_5b5da59b7b.jpg\" \/>\n\t<meta property=\"og:image:width\" content=\"500\" \/>\n\t<meta property=\"og:image:height\" content=\"334\" \/>\n\t<meta property=\"og:image:type\" content=\"image\/jpeg\" \/>\n<meta name=\"author\" content=\"La Ruta de la Sal\" \/>\n<meta name=\"twitter:card\" content=\"summary_large_image\" \/>\n<meta name=\"twitter:creator\" content=\"@AnamMedi\" \/>\n<meta name=\"twitter:site\" content=\"@AnamMedi\" \/>\n<meta name=\"twitter:label1\" content=\"Escrito por\" \/>\n\t<meta name=\"twitter:data1\" content=\"La Ruta de la Sal\" \/>\n\t<meta name=\"twitter:label2\" content=\"Tiempo de lectura\" \/>\n\t<meta name=\"twitter:data2\" content=\"6 minutos\" \/>\n<script type=\"application\/ld+json\" class=\"yoast-schema-graph\">{\"@context\":\"https:\/\/schema.org\",\"@graph\":[{\"@type\":\"WebPage\",\"@id\":\"https:\/\/labs.100x100.net\/projects\/rutasal\/en-la-ruta-hacia-el-30-aniversario-de-la-sal\/\",\"url\":\"https:\/\/labs.100x100.net\/projects\/rutasal\/en-la-ruta-hacia-el-30-aniversario-de-la-sal\/\",\"name\":\"En La Ruta hacia el 30 aniversario de La Sal. | Regata La Ruta de la Sal\",\"isPartOf\":{\"@id\":\"https:\/\/labs.100x100.net\/projects\/rutasal\/#website\"},\"primaryImageOfPage\":{\"@id\":\"https:\/\/labs.100x100.net\/projects\/rutasal\/en-la-ruta-hacia-el-30-aniversario-de-la-sal\/#primaryimage\"},\"image\":{\"@id\":\"https:\/\/labs.100x100.net\/projects\/rutasal\/en-la-ruta-hacia-el-30-aniversario-de-la-sal\/#primaryimage\"},\"thumbnailUrl\":\"https:\/\/labs.100x100.net\/projects\/rutasal\/custom\/uploads\/2018\/05\/40579834464_5b5da59b7b.jpg\",\"datePublished\":\"2016-11-18T09:14:29+00:00\",\"dateModified\":\"2019-03-08T08:36:02+00:00\",\"author\":{\"@id\":\"https:\/\/labs.100x100.net\/projects\/rutasal\/#\/schema\/person\/214eeb4a2e78fd8373a0a94f6d93c9ca\"},\"breadcrumb\":{\"@id\":\"https:\/\/labs.100x100.net\/projects\/rutasal\/en-la-ruta-hacia-el-30-aniversario-de-la-sal\/#breadcrumb\"},\"inLanguage\":\"es\",\"potentialAction\":[{\"@type\":\"ReadAction\",\"target\":[\"https:\/\/labs.100x100.net\/projects\/rutasal\/en-la-ruta-hacia-el-30-aniversario-de-la-sal\/\"]}]},{\"@type\":\"ImageObject\",\"inLanguage\":\"es\",\"@id\":\"https:\/\/labs.100x100.net\/projects\/rutasal\/en-la-ruta-hacia-el-30-aniversario-de-la-sal\/#primaryimage\",\"url\":\"https:\/\/labs.100x100.net\/projects\/rutasal\/custom\/uploads\/2018\/05\/40579834464_5b5da59b7b.jpg\",\"contentUrl\":\"https:\/\/labs.100x100.net\/projects\/rutasal\/custom\/uploads\/2018\/05\/40579834464_5b5da59b7b.jpg\",\"width\":500,\"height\":334},{\"@type\":\"BreadcrumbList\",\"@id\":\"https:\/\/labs.100x100.net\/projects\/rutasal\/en-la-ruta-hacia-el-30-aniversario-de-la-sal\/#breadcrumb\",\"itemListElement\":[{\"@type\":\"ListItem\",\"position\":1,\"name\":\"Portada\",\"item\":\"https:\/\/labs.100x100.net\/projects\/rutasal\/\"},{\"@type\":\"ListItem\",\"position\":2,\"name\":\"En La Ruta hacia el 30 aniversario de La Sal.\"}]},{\"@type\":\"WebSite\",\"@id\":\"https:\/\/labs.100x100.net\/projects\/rutasal\/#website\",\"url\":\"https:\/\/labs.100x100.net\/projects\/rutasal\/\",\"name\":\"Regata La Ruta de la Sal\",\"description\":\"Regata La Ruta de la Sal es una regata de Altura Mediterr\u00e1nea para barcos de crucero a vela con destino en Ibiza, que se disputa anualmente en Semana Santa.\",\"potentialAction\":[{\"@type\":\"SearchAction\",\"target\":{\"@type\":\"EntryPoint\",\"urlTemplate\":\"https:\/\/labs.100x100.net\/projects\/rutasal\/?s={search_term_string}\"},\"query-input\":\"required name=search_term_string\"}],\"inLanguage\":\"es\"},{\"@type\":\"Person\",\"@id\":\"https:\/\/labs.100x100.net\/projects\/rutasal\/#\/schema\/person\/214eeb4a2e78fd8373a0a94f6d93c9ca\",\"name\":\"La Ruta de la Sal\",\"image\":{\"@type\":\"ImageObject\",\"inLanguage\":\"es\",\"@id\":\"https:\/\/labs.100x100.net\/projects\/rutasal\/#\/schema\/person\/image\/\",\"url\":\"https:\/\/secure.gravatar.com\/avatar\/b247286d4b801d6b1cfcfb3807587284?s=96&d=mm&r=g\",\"contentUrl\":\"https:\/\/secure.gravatar.com\/avatar\/b247286d4b801d6b1cfcfb3807587284?s=96&d=mm&r=g\",\"caption\":\"La Ruta de la Sal\"}}]}<\/script>\n<!-- \/ Yoast SEO plugin. -->","yoast_head_json":{"title":"En La Ruta hacia el 30 aniversario de La Sal. | Regata La Ruta de la Sal","robots":{"index":"noindex","follow":"follow","max-snippet":"max-snippet:-1","max-image-preview":"max-image-preview:large","max-video-preview":"max-video-preview:-1"},"og_locale":"es_ES","og_type":"article","og_title":"En La Ruta hacia el 30 aniversario de La Sal. | Regata La Ruta de la Sal","og_description":"&#8211; ANAM y Difusi\u00f3n N\u00e1utica se fusionan para gestionar La Ruta de La Sal. &#8211; Se crea una nueva salida; la Versi\u00f3n Oeste desde Puerto de Andratx, en Mallorca, hasta Sant Antoni de Portmany en Ibiza. &#8211; Unos 180\/200 equipos participar\u00e1n en La Sal 2017. La 30 edici\u00f3n de La Ruta de la Sal que [&hellip;]","og_url":"https:\/\/labs.100x100.net\/projects\/rutasal\/en-la-ruta-hacia-el-30-aniversario-de-la-sal\/","og_site_name":"Regata La Ruta de la Sal","article_publisher":"https:\/\/www.facebook.com\/rutadelasal\/","article_published_time":"2016-11-18T09:14:29+00:00","article_modified_time":"2019-03-08T08:36:02+00:00","og_image":[{"width":500,"height":334,"url":"https:\/\/labs.100x100.net\/projects\/rutasal\/custom\/uploads\/2018\/05\/40579834464_5b5da59b7b.jpg","type":"image\/jpeg"}],"author":"La Ruta de la Sal","twitter_card":"summary_large_image","twitter_creator":"@AnamMedi","twitter_site":"@AnamMedi","twitter_misc":{"Escrito por":"La Ruta de la Sal","Tiempo de lectura":"6 minutos"},"schema":{"@context":"https:\/\/schema.org","@graph":[{"@type":"WebPage","@id":"https:\/\/labs.100x100.net\/projects\/rutasal\/en-la-ruta-hacia-el-30-aniversario-de-la-sal\/","url":"https:\/\/labs.100x100.net\/projects\/rutasal\/en-la-ruta-hacia-el-30-aniversario-de-la-sal\/","name":"En La Ruta hacia el 30 aniversario de La Sal. | Regata La Ruta de la Sal","isPartOf":{"@id":"https:\/\/labs.100x100.net\/projects\/rutasal\/#website"},"primaryImageOfPage":{"@id":"https:\/\/labs.100x100.net\/projects\/rutasal\/en-la-ruta-hacia-el-30-aniversario-de-la-sal\/#primaryimage"},"image":{"@id":"https:\/\/labs.100x100.net\/projects\/rutasal\/en-la-ruta-hacia-el-30-aniversario-de-la-sal\/#primaryimage"},"thumbnailUrl":"https:\/\/labs.100x100.net\/projects\/rutasal\/custom\/uploads\/2018\/05\/40579834464_5b5da59b7b.jpg","datePublished":"2016-11-18T09:14:29+00:00","dateModified":"2019-03-08T08:36:02+00:00","author":{"@id":"https:\/\/labs.100x100.net\/projects\/rutasal\/#\/schema\/person\/214eeb4a2e78fd8373a0a94f6d93c9ca"},"breadcrumb":{"@id":"https:\/\/labs.100x100.net\/projects\/rutasal\/en-la-ruta-hacia-el-30-aniversario-de-la-sal\/#breadcrumb"},"inLanguage":"es","potentialAction":[{"@type":"ReadAction","target":["https:\/\/labs.100x100.net\/projects\/rutasal\/en-la-ruta-hacia-el-30-aniversario-de-la-sal\/"]}]},{"@type":"ImageObject","inLanguage":"es","@id":"https:\/\/labs.100x100.net\/projects\/rutasal\/en-la-ruta-hacia-el-30-aniversario-de-la-sal\/#primaryimage","url":"https:\/\/labs.100x100.net\/projects\/rutasal\/custom\/uploads\/2018\/05\/40579834464_5b5da59b7b.jpg","contentUrl":"https:\/\/labs.100x100.net\/projects\/rutasal\/custom\/uploads\/2018\/05\/40579834464_5b5da59b7b.jpg","width":500,"height":334},{"@type":"BreadcrumbList","@id":"https:\/\/labs.100x100.net\/projects\/rutasal\/en-la-ruta-hacia-el-30-aniversario-de-la-sal\/#breadcrumb","itemListElement":[{"@type":"ListItem","position":1,"name":"Portada","item":"https:\/\/labs.100x100.net\/projects\/rutasal\/"},{"@type":"ListItem","position":2,"name":"En La Ruta hacia el 30 aniversario de La Sal."}]},{"@type":"WebSite","@id":"https:\/\/labs.100x100.net\/projects\/rutasal\/#website","url":"https:\/\/labs.100x100.net\/projects\/rutasal\/","name":"Regata La Ruta de la Sal","description":"Regata La Ruta de la Sal es una regata de Altura Mediterr\u00e1nea para barcos de crucero a vela con destino en Ibiza, que se disputa anualmente en Semana Santa.","potentialAction":[{"@type":"SearchAction","target":{"@type":"EntryPoint","urlTemplate":"https:\/\/labs.100x100.net\/projects\/rutasal\/?s={search_term_string}"},"query-input":"required name=search_term_string"}],"inLanguage":"es"},{"@type":"Person","@id":"https:\/\/labs.100x100.net\/projects\/rutasal\/#\/schema\/person\/214eeb4a2e78fd8373a0a94f6d93c9ca","name":"La Ruta de la Sal","image":{"@type":"ImageObject","inLanguage":"es","@id":"https:\/\/labs.100x100.net\/projects\/rutasal\/#\/schema\/person\/image\/","url":"https:\/\/secure.gravatar.com\/avatar\/b247286d4b801d6b1cfcfb3807587284?s=96&d=mm&r=g","contentUrl":"https:\/\/secure.gravatar.com\/avatar\/b247286d4b801d6b1cfcfb3807587284?s=96&d=mm&r=g","caption":"La Ruta de la Sal"}}]}},"_links":{"self":[{"href":"https:\/\/labs.100x100.net\/projects\/rutasal\/wp-json\/wp\/v2\/posts\/2364"}],"collection":[{"href":"https:\/\/labs.100x100.net\/projects\/rutasal\/wp-json\/wp\/v2\/posts"}],"about":[{"href":"https:\/\/labs.100x100.net\/projects\/rutasal\/wp-json\/wp\/v2\/types\/post"}],"author":[{"embeddable":true,"href":"https:\/\/labs.100x100.net\/projects\/rutasal\/wp-json\/wp\/v2\/users\/1"}],"replies":[{"embeddable":true,"href":"https:\/\/labs.100x100.net\/projects\/rutasal\/wp-json\/wp\/v2\/comments?post=2364"}],"version-history":[{"count":2,"href":"https:\/\/labs.100x100.net\/projects\/rutasal\/wp-json\/wp\/v2\/posts\/2364\/revisions"}],"predecessor-version":[{"id":3647,"href":"https:\/\/labs.100x100.net\/projects\/rutasal\/wp-json\/wp\/v2\/posts\/2364\/revisions\/3647"}],"wp:featuredmedia":[{"embeddable":true,"href":"https:\/\/labs.100x100.net\/projects\/rutasal\/wp-json\/wp\/v2\/media\/3494"}],"wp:attachment":[{"href":"https:\/\/labs.100x100.net\/projects\/rutasal\/wp-json\/wp\/v2\/media?parent=2364"}],"wp:term":[{"taxonomy":"category","embeddable":true,"href":"https:\/\/labs.100x100.net\/projects\/rutasal\/wp-json\/wp\/v2\/categories?post=2364"},{"taxonomy":"post_tag","embeddable":true,"href":"https:\/\/labs.100x100.net\/projects\/rutasal\/wp-json\/wp\/v2\/tags?post=2364"}],"curies":[{"name":"wp","href":"https:\/\/api.w.org\/{rel}","templated":true}]}}