{"id":2334,"date":"2016-10-16T19:43:50","date_gmt":"2016-10-16T17:43:50","guid":{"rendered":"https:\/\/larutadelasal.com\/?p=2334"},"modified":"2019-03-08T10:39:22","modified_gmt":"2019-03-08T08:39:22","slug":"el-30-aniversario-de-la-ruta-de-la-sal-se-ha-presentado-en-el-salon-nautico-internacional-de-barcelona-2","status":"publish","type":"post","link":"https:\/\/labs.100x100.net\/projects\/rutasal\/el-30-aniversario-de-la-ruta-de-la-sal-se-ha-presentado-en-el-salon-nautico-internacional-de-barcelona-2\/","title":{"rendered":"EL 30 ANIVERSARIO DE LA RUTA DE LA SAL SE HA PRESENTADO EN EL SALON NAUTICO INTERNACIONAL DE BARCELONA"},"content":{"rendered":"<p><a title=\"EL 30 ANIVERSARIO DE LA RUTA DE LA SAL PRESENTADA EN EL SALON N\u00c1UTICO INTERNACIONAL DE BARCELONA 2016\" href=\"#\" rel=\"\"><img loading=\"lazy\" decoding=\"async\" title=\"EL 30 ANIVERSARIO DE LA RUTA DE LA SAL PRESENTADA EN EL SALON N\u00c1UTICO INTERNACIONAL DE BARCELONA 2016\" src=\"http:\/\/farm8.staticflickr.com\/7771\/29695811634_ff64c042d8_z.jpg\" alt=\"EL 30 ANIVERSARIO DE LA RUTA DE LA SAL PRESENTADA EN EL SALON N\u00c1UTICO INTERNACIONAL DE BARCELONA 2016\" width=\"640\" height=\"428\" \/><\/a><\/p>\n<p>LA 30 EDICI\u00d3N DE LA REGATA ZARPARA COMO SIEMPRE EN SEMANA SANTA, EL JUEVES 13 DE ABRIL DESDE BARCELONA Y DENIA RUMBO A SANT ANTONI DE IBIZA.<\/p>\n<p>Un a\u00f1o mas, en el Espai de Mar del Sal\u00f3n N\u00e1utico Internacional de Barcelona, se ha presentado oficialmente la 30 edici\u00f3n de La Ruta de la Sal- Trofeo Pepe Ferr\u00e9s acto que ha estado presidido por Vicent Torres, president del Consell d\u00b4Eivissa y Jos\u00e9 Tur Alcalde de St. Antoni<\/p>\n<p>La Regata, una de las pruebas deportivas m\u00e1s importantes del Mediterr\u00e1neo , durante estos 30 a\u00f1os ha contribuido de una manera decisiva a fomentar y promocionar la navegaci\u00f3n de crucero en nuestro pa\u00eds<br \/>\nHoy por hoy, es una de las regatas m\u00e1s consolidadas del Mediterr\u00e1neo, l\u00edder indiscutible en \u00edndices de participaci\u00f3n y de popularidad.<\/p>\n<p>En estos 30 a\u00f1os han navegado en La Ruta de la Sal, unas 5.680 embarcaciones, tripuladas por cerca de 37.500 regatistas, y se han cubierto unas 7.740 millas de competici\u00f3n.<\/p>\n<p>Las cifras dan una idea de la magnitud de este evento que, al margen de sus bondades deportivas, se ha convertido en un excelente promotor del turismo n\u00e1utico en Ibiza.<\/p>\n<p><a title=\"EL 30 ANIVERSARIO DE LA RUTA DE LA SAL PRESENTADA EN EL SALON NAUTICO INTERNACIONAL DE BARCELONA 2016\" href=\"#\" rel=\"\"><img loading=\"lazy\" decoding=\"async\" title=\"EL 30 ANIVERSARIO DE LA RUTA DE LA SAL PRESENTADA EN EL SALON NAUTICO INTERNACIONAL DE BARCELONA 2016\" src=\"http:\/\/farm8.staticflickr.com\/7568\/30029617800_9c8f4baa49_z.jpg\" alt=\"EL 30 ANIVERSARIO DE LA RUTA DE LA SAL PRESENTADA EN EL SALON NAUTICO INTERNACIONAL DE BARCELONA 2016\" width=\"640\" height=\"428\" \/><\/a><\/p>\n<p>&nbsp;<\/p>\n<p>Hoy La Ruta de la Sal se mantiene fiel a aquellos planteamientos que hicieron que, en aquel ya lejano 1980, Pepe Ferr\u00e9s y su equipo de ANAM, apostasen por esta gran aventura.<\/p>\n<p>El pr\u00f3ximo 13 de abril de 2017, como siempre Jueves Santo, los participantes en la 30 Edici\u00f3n de La Ruta de la Sal, comenzar\u00e1n a escribir la historia de los pr\u00f3ximos a\u00f1os de esta apasionante aventura.<br \/>\nAtr\u00e1s quedan oc\u00e9anos de an\u00e9cdotas y haza\u00f1as con sabor a Sal.<br \/>\nInnumerables r\u00e9cords deportivos para registrar y muchos y entra\u00f1ables amigos que recordar.<\/p>\n<p>Como siempre La Versi\u00f3n Norte zarpar\u00e1 desde Port Ginesta, como en 1989, con rumbo a Ibiza. 140 millas hasta la l\u00ednea de llegada en St. Antoni de Portmany.<br \/>\nLa Versi\u00f3n Este, largara desde Denia, dejando las islas de Formentera, Tagomago e Ibiza por babor, en total unas 120 millas.<\/p>\n<p><a title=\"_DSC5094 (1)\" href=\"#\" rel=\"\"><img loading=\"lazy\" decoding=\"async\" class=\"alignleft\" style=\"float: left;\" title=\"_DSC5094 (1)\" src=\"http:\/\/farm9.staticflickr.com\/8582\/29713440854_0cbb4bc409_n.jpg\" alt=\"_DSC5094 (1)\" width=\"320\" height=\"213\" \/><\/a><\/p>\n<p><a title=\"_DSC5128\" href=\"#\" rel=\"\"><img loading=\"lazy\" decoding=\"async\" class=\"alignright\" style=\"float: right;\" title=\"_DSC5128\" src=\"http:\/\/farm9.staticflickr.com\/8582\/30257459121_2e0b266c4a_n.jpg\" alt=\"_DSC5128\" width=\"320\" height=\"213\" \/><\/a>Ser\u00e1 un gran acontecimiento, una magnifica ocasi\u00f3n para comenzar la temporada de regatas.<\/p>\n<p>Han estado presentes en este Acto Oficial<br \/>\nLuis Conde Presidente del Sal\u00f3n Nautico Internacional de Barcelona<br \/>\nVicent Torres President del Consell d\u2019Eivissa<br \/>\nJos\u00e9 Tur Alcalde de St. Antoni d\u2019Eivissa y Presidente del CNautico de St. Antoni<br \/>\nVicent Torres, Director Insultar de Turismo<br \/>\nEnric Curt, Presidente y Fundador de Curt Ediciones<br \/>\nJaime Portol\u00e9s, Presidente del CNautico Denia<br \/>\nRodrigo de Febrer, Capit\u00e1n de Port Ginesta<br \/>\nEul\u00e0lia Pujol, Jefa de Salvamento Mar\u00edtimo de Barcelona<br \/>\nAmadeu Oliva, de la Federaci\u00f3 Catalana de Vela<br \/>\nJes\u00fas Turr\u00f3, Presidente de la Real Asociaci\u00f3n Nacional de Crucero<br \/>\nTom\u00e1s Molina, Meteor\u00f3logo de TV 3 y de La Sal<br \/>\nIsabel Subirats, Presidenta de Anam<\/p>\n<p><a title=\"EL 30 ANIVERSARIO DE LA RUTA DE LA SAL PRESENTADA EN EL SALON NAUTICO INTERNACIONAL DE BARCELONA 2016\" href=\"#\" rel=\"\"><img loading=\"lazy\" decoding=\"async\" title=\"EL 30 ANIVERSARIO DE LA RUTA DE LA SAL PRESENTADA EN EL SALON NAUTICO INTERNACIONAL DE BARCELONA 2016\" src=\"http:\/\/farm9.staticflickr.com\/8270\/30325854605_4b70b672d4_z.jpg\" alt=\"EL 30 ANIVERSARIO DE LA RUTA DE LA SAL PRESENTADA EN EL SALON NAUTICO INTERNACIONAL DE BARCELONA 2016\" width=\"640\" height=\"428\" \/><\/a><\/p>\n<p>Como novedad en esta pr\u00f3xima edici\u00f3n de la Ruta de La Sal se ha creado la CATEGOR\u00cdA SALINA para tripulaciones completas en las que la patrona sea mujer y un m\u00ednimo del 50% de la tripulaci\u00f3n sea femenina (incluyendo la patrona).<\/p>\n<p><a title=\"EL 30 ANIVERSARIO DE LA RUTA DE LA SAL PRESENTADA EN EL SALON NAUTICO INTERNACIONAL DE BARCELONA 2016\" href=\"#\" rel=\"\"><img loading=\"lazy\" decoding=\"async\" class=\"alignleft\" style=\"float: left;\" title=\"EL 30 ANIVERSARIO DE LA RUTA DE LA SAL PRESENTADA EN EL SALON NAUTICO INTERNACIONAL DE BARCELONA 2016\" src=\"http:\/\/farm6.staticflickr.com\/5466\/29713440494_413a43b146_n.jpg\" alt=\"EL 30 ANIVERSARIO DE LA RUTA DE LA SAL PRESENTADA EN EL SALON NAUTICO INTERNACIONAL DE BARCELONA 2016\" width=\"320\" height=\"214\" \/><\/a><a title=\"EL 30 ANIVERSARIO DE LA RUTA DE LA SAL PRESENTADA EN EL SALON NAUTICO INTERNACIONAL DE BARCELONA 2016\" href=\"#\" rel=\"\"><img loading=\"lazy\" decoding=\"async\" class=\"alignright\" style=\"float: right;\" title=\"EL 30 ANIVERSARIO DE LA RUTA DE LA SAL PRESENTADA EN EL SALON NAUTICO INTERNACIONAL DE BARCELONA 2016\" src=\"http:\/\/farm6.staticflickr.com\/5349\/29713440554_1e7287c029_n.jpg\" alt=\"EL 30 ANIVERSARIO DE LA RUTA DE LA SAL PRESENTADA EN EL SALON NAUTICO INTERNACIONAL DE BARCELONA 2016\" width=\"320\" height=\"214\" \/><\/a><br \/>\n<a title=\"EL 30 ANIVERSARIO DE LA RUTA DE LA SAL PRESENTADA EN EL SALON NAUTICO INTERNACIONAL DE BARCELONA 2016\" href=\"#\" rel=\"\"><img loading=\"lazy\" decoding=\"async\" class=\"alignleft\" style=\"float: left;\" title=\"EL 30 ANIVERSARIO DE LA RUTA DE LA SAL PRESENTADA EN EL SALON NAUTICO INTERNACIONAL DE BARCELONA 2016\" src=\"http:\/\/farm6.staticflickr.com\/5648\/30257458611_e808fe78b2_n.jpg\" alt=\"EL 30 ANIVERSARIO DE LA RUTA DE LA SAL PRESENTADA EN EL SALON NAUTICO INTERNACIONAL DE BARCELONA 2016\" width=\"320\" height=\"214\" \/><\/a><a title=\"EL 30 ANIVERSARIO DE LA RUTA DE LA SAL PRESENTADA EN EL SALON NAUTICO INTERNACIONAL DE BARCELONA 2016\" href=\"#\" rel=\"\"><img loading=\"lazy\" decoding=\"async\" class=\"alignright\" style=\"float: right;\" title=\"EL 30 ANIVERSARIO DE LA RUTA DE LA SAL PRESENTADA EN EL SALON NAUTICO INTERNACIONAL DE BARCELONA 2016\" src=\"http:\/\/farm9.staticflickr.com\/8274\/30343361715_9dca4cf929_n.jpg\" alt=\"EL 30 ANIVERSARIO DE LA RUTA DE LA SAL PRESENTADA EN EL SALON NAUTICO INTERNACIONAL DE BARCELONA 2016\" width=\"320\" height=\"214\" \/><\/a><a title=\"EL 30 ANIVERSARIO DE LA RUTA DE LA SAL PRESENTADA EN EL SALON NAUTICO INTERNACIONAL DE BARCELONA 2016\" href=\"#\" rel=\"\"><img loading=\"lazy\" decoding=\"async\" class=\"alignleft\" style=\"float: left;\" title=\"EL 30 ANIVERSARIO DE LA RUTA DE LA SAL PRESENTADA EN EL SALON NAUTICO INTERNACIONAL DE BARCELONA 2016\" src=\"http:\/\/farm9.staticflickr.com\/8584\/30029618480_d1be1b44cb_n.jpg\" alt=\"EL 30 ANIVERSARIO DE LA RUTA DE LA SAL PRESENTADA EN EL SALON NAUTICO INTERNACIONAL DE BARCELONA 2016\" width=\"320\" height=\"214\" \/><\/a><a title=\"EL 30 ANIVERSARIO DE LA RUTA DE LA SAL PRESENTADA EN EL SALON NAUTICO INTERNACIONAL DE BARCELONA 2016\" href=\"#\" rel=\"\"><img loading=\"lazy\" decoding=\"async\" class=\"alignright\" style=\"float: right;\" title=\"EL 30 ANIVERSARIO DE LA RUTA DE LA SAL PRESENTADA EN EL SALON NAUTICO INTERNACIONAL DE BARCELONA 2016\" src=\"http:\/\/farm9.staticflickr.com\/8418\/29713440394_dce9f4c6bd_n.jpg\" alt=\"EL 30 ANIVERSARIO DE LA RUTA DE LA SAL PRESENTADA EN EL SALON NAUTICO INTERNACIONAL DE BARCELONA 2016\" width=\"320\" height=\"214\" \/><\/a><a title=\"_DSC5084\" href=\"#\" rel=\"\"><img loading=\"lazy\" decoding=\"async\" class=\"alignleft\" style=\"float: left;\" title=\"_DSC5084\" src=\"http:\/\/farm6.staticflickr.com\/5717\/30343383505_ab867e8832_n.jpg\" alt=\"_DSC5084\" width=\"320\" height=\"213\" \/><\/a><a title=\"_DSC5290\" href=\"#\" rel=\"\"><img loading=\"lazy\" decoding=\"async\" class=\"alignright\" style=\"float: right;\" title=\"_DSC5290\" src=\"http:\/\/farm9.staticflickr.com\/8569\/30046698550_de260edf9a_n.jpg\" alt=\"_DSC5290\" width=\"320\" height=\"213\" \/><\/a><a title=\"_DSC5253\" href=\"#\" rel=\"\"><img loading=\"lazy\" decoding=\"async\" class=\"alignleft\" style=\"float: left;\" title=\"_DSC5253\" src=\"http:\/\/farm9.staticflickr.com\/8132\/29712098133_f1ca460fcb_n.jpg\" alt=\"_DSC5253\" width=\"320\" height=\"213\" \/><\/a><a title=\"_DSC5037\" href=\"#\" rel=\"\"><img loading=\"lazy\" decoding=\"async\" class=\" alignright\" style=\"float: left;\" title=\"_DSC5037\" src=\"http:\/\/farm9.staticflickr.com\/8279\/30046689910_c402e7f187_n.jpg\" alt=\"_DSC5037\" width=\"320\" height=\"213\" \/><\/a><a title=\"_DSC5024\" href=\"#\" rel=\"\"><img loading=\"lazy\" decoding=\"async\" class=\"alignright\" style=\"float: right;\" title=\"_DSC5024\" src=\"http:\/\/farm9.staticflickr.com\/8556\/30257479311_24006dfe26_n.jpg\" alt=\"_DSC5024\" width=\"320\" height=\"213\" \/><\/a><a title=\"_DSC5257\" href=\"#\" rel=\"\"><img loading=\"lazy\" decoding=\"async\" class=\" alignleft\" style=\"float: right;\" title=\"_DSC5257\" src=\"http:\/\/farm9.staticflickr.com\/8414\/29712098353_327166eb06_n.jpg\" alt=\"_DSC5257\" width=\"320\" height=\"213\" \/><\/a><a title=\"_DSC5269\" href=\"#\" rel=\"\"><img loading=\"lazy\" decoding=\"async\" class=\"alignleft\" style=\"float: left;\" title=\"_DSC5269\" src=\"http:\/\/farm6.staticflickr.com\/5333\/30046701880_9df9bd29c7_n.jpg\" alt=\"_DSC5269\" width=\"320\" height=\"213\" \/><\/a><a title=\"_DSC5285\" href=\"#\" rel=\"\"><img loading=\"lazy\" decoding=\"async\" class=\"alignright\" style=\"float: right;\" title=\"_DSC5285\" src=\"http:\/\/farm6.staticflickr.com\/5605\/29713441024_d262400685_n.jpg\" alt=\"_DSC5285\" width=\"320\" height=\"213\" \/><\/a><a title=\"_DSC5299\" href=\"#\" rel=\"\"><img loading=\"lazy\" decoding=\"async\" class=\"alignleft\" style=\"float: left;\" title=\"_DSC5299\" src=\"http:\/\/farm9.staticflickr.com\/8274\/30046696520_ae00e3e115_n.jpg\" alt=\"_DSC5299\" width=\"320\" height=\"213\" \/><\/a><a title=\"_DSC5325\" href=\"#\" rel=\"\"><img loading=\"lazy\" decoding=\"async\" class=\"alignright\" style=\"float: right;\" title=\"_DSC5325\" src=\"http:\/\/farm6.staticflickr.com\/5566\/29713451324_2ec39936b8_n.jpg\" alt=\"_DSC5325\" width=\"320\" height=\"213\" \/><\/a><\/p>\n","protected":false},"excerpt":{"rendered":"<p>Un a\u00f1o mas, en el Espai de Mar del Sal\u00f3n N\u00e1utico Internacional de Barcelona, se ha presentado oficialmente la 30 edici\u00f3n de La Ruta de la Sal- Trofeo Pepe Ferr\u00e9s<br \/>\nacto que ha estado presidido por Vicent Torres, president del Consell d\u00b4Eivissa y Jos\u00e9 Tur Alcalde de St. Antoni<\/p>\n","protected":false},"author":1,"featured_media":3648,"comment_status":"open","ping_status":"open","sticky":false,"template":"","format":"standard","meta":{"_acf_changed":false,"footnotes":""},"categories":[3],"tags":[],"acf":[],"yoast_head":"<!-- This site is optimized with the Yoast SEO plugin v23.0 - https:\/\/yoast.com\/wordpress\/plugins\/seo\/ -->\n<title>EL 30 ANIVERSARIO DE LA RUTA DE LA SAL SE HA PRESENTADO EN EL SALON NAUTICO INTERNACIONAL DE BARCELONA | Regata La Ruta de la Sal<\/title>\n<meta name=\"robots\" content=\"noindex, follow, max-snippet:-1, max-image-preview:large, max-video-preview:-1\" \/>\n<meta property=\"og:locale\" content=\"es_ES\" \/>\n<meta property=\"og:type\" content=\"article\" \/>\n<meta property=\"og:title\" content=\"EL 30 ANIVERSARIO DE LA RUTA DE LA SAL SE HA PRESENTADO EN EL SALON NAUTICO INTERNACIONAL DE BARCELONA | Regata La Ruta de la Sal\" \/>\n<meta property=\"og:description\" content=\"Un a\u00f1o mas, en el Espai de Mar del Sal\u00f3n N\u00e1utico Internacional de Barcelona, se ha presentado oficialmente la 30 edici\u00f3n de La Ruta de la Sal- Trofeo Pepe Ferr\u00e9s acto que ha estado presidido por Vicent Torres, president del Consell d\u00b4Eivissa y Jos\u00e9 Tur Alcalde de St. Antoni\" \/>\n<meta property=\"og:url\" content=\"https:\/\/labs.100x100.net\/projects\/rutasal\/el-30-aniversario-de-la-ruta-de-la-sal-se-ha-presentado-en-el-salon-nautico-internacional-de-barcelona-2\/\" \/>\n<meta property=\"og:site_name\" content=\"Regata La Ruta de la Sal\" \/>\n<meta property=\"article:publisher\" content=\"https:\/\/www.facebook.com\/rutadelasal\/\" \/>\n<meta property=\"article:published_time\" content=\"2016-10-16T17:43:50+00:00\" \/>\n<meta property=\"article:modified_time\" content=\"2019-03-08T08:39:22+00:00\" \/>\n<meta property=\"og:image\" content=\"https:\/\/labs.100x100.net\/projects\/rutasal\/custom\/uploads\/2016\/10\/29695811634_ff64c042d8_z.jpg\" \/>\n\t<meta property=\"og:image:width\" content=\"640\" \/>\n\t<meta property=\"og:image:height\" content=\"428\" \/>\n\t<meta property=\"og:image:type\" content=\"image\/jpeg\" \/>\n<meta name=\"author\" content=\"La Ruta de la Sal\" \/>\n<meta name=\"twitter:card\" content=\"summary_large_image\" \/>\n<meta name=\"twitter:creator\" content=\"@AnamMedi\" \/>\n<meta name=\"twitter:site\" content=\"@AnamMedi\" \/>\n<meta name=\"twitter:label1\" content=\"Escrito por\" \/>\n\t<meta name=\"twitter:data1\" content=\"La Ruta de la Sal\" \/>\n\t<meta name=\"twitter:label2\" content=\"Tiempo de lectura\" \/>\n\t<meta name=\"twitter:data2\" content=\"3 minutos\" \/>\n<script type=\"application\/ld+json\" class=\"yoast-schema-graph\">{\"@context\":\"https:\/\/schema.org\",\"@graph\":[{\"@type\":\"WebPage\",\"@id\":\"https:\/\/labs.100x100.net\/projects\/rutasal\/el-30-aniversario-de-la-ruta-de-la-sal-se-ha-presentado-en-el-salon-nautico-internacional-de-barcelona-2\/\",\"url\":\"https:\/\/labs.100x100.net\/projects\/rutasal\/el-30-aniversario-de-la-ruta-de-la-sal-se-ha-presentado-en-el-salon-nautico-internacional-de-barcelona-2\/\",\"name\":\"EL 30 ANIVERSARIO DE LA RUTA DE LA SAL SE HA PRESENTADO EN EL SALON NAUTICO INTERNACIONAL DE BARCELONA | Regata La Ruta de la Sal\",\"isPartOf\":{\"@id\":\"https:\/\/labs.100x100.net\/projects\/rutasal\/#website\"},\"primaryImageOfPage\":{\"@id\":\"https:\/\/labs.100x100.net\/projects\/rutasal\/el-30-aniversario-de-la-ruta-de-la-sal-se-ha-presentado-en-el-salon-nautico-internacional-de-barcelona-2\/#primaryimage\"},\"image\":{\"@id\":\"https:\/\/labs.100x100.net\/projects\/rutasal\/el-30-aniversario-de-la-ruta-de-la-sal-se-ha-presentado-en-el-salon-nautico-internacional-de-barcelona-2\/#primaryimage\"},\"thumbnailUrl\":\"https:\/\/labs.100x100.net\/projects\/rutasal\/custom\/uploads\/2016\/10\/29695811634_ff64c042d8_z.jpg\",\"datePublished\":\"2016-10-16T17:43:50+00:00\",\"dateModified\":\"2019-03-08T08:39:22+00:00\",\"author\":{\"@id\":\"https:\/\/labs.100x100.net\/projects\/rutasal\/#\/schema\/person\/214eeb4a2e78fd8373a0a94f6d93c9ca\"},\"breadcrumb\":{\"@id\":\"https:\/\/labs.100x100.net\/projects\/rutasal\/el-30-aniversario-de-la-ruta-de-la-sal-se-ha-presentado-en-el-salon-nautico-internacional-de-barcelona-2\/#breadcrumb\"},\"inLanguage\":\"es\",\"potentialAction\":[{\"@type\":\"ReadAction\",\"target\":[\"https:\/\/labs.100x100.net\/projects\/rutasal\/el-30-aniversario-de-la-ruta-de-la-sal-se-ha-presentado-en-el-salon-nautico-internacional-de-barcelona-2\/\"]}]},{\"@type\":\"ImageObject\",\"inLanguage\":\"es\",\"@id\":\"https:\/\/labs.100x100.net\/projects\/rutasal\/el-30-aniversario-de-la-ruta-de-la-sal-se-ha-presentado-en-el-salon-nautico-internacional-de-barcelona-2\/#primaryimage\",\"url\":\"https:\/\/labs.100x100.net\/projects\/rutasal\/custom\/uploads\/2016\/10\/29695811634_ff64c042d8_z.jpg\",\"contentUrl\":\"https:\/\/labs.100x100.net\/projects\/rutasal\/custom\/uploads\/2016\/10\/29695811634_ff64c042d8_z.jpg\",\"width\":640,\"height\":428},{\"@type\":\"BreadcrumbList\",\"@id\":\"https:\/\/labs.100x100.net\/projects\/rutasal\/el-30-aniversario-de-la-ruta-de-la-sal-se-ha-presentado-en-el-salon-nautico-internacional-de-barcelona-2\/#breadcrumb\",\"itemListElement\":[{\"@type\":\"ListItem\",\"position\":1,\"name\":\"Portada\",\"item\":\"https:\/\/labs.100x100.net\/projects\/rutasal\/\"},{\"@type\":\"ListItem\",\"position\":2,\"name\":\"EL 30 ANIVERSARIO DE LA RUTA DE LA SAL SE HA PRESENTADO EN EL SALON NAUTICO INTERNACIONAL DE BARCELONA\"}]},{\"@type\":\"WebSite\",\"@id\":\"https:\/\/labs.100x100.net\/projects\/rutasal\/#website\",\"url\":\"https:\/\/labs.100x100.net\/projects\/rutasal\/\",\"name\":\"Regata La Ruta de la Sal\",\"description\":\"Regata La Ruta de la Sal es una regata de Altura Mediterr\u00e1nea para barcos de crucero a vela con destino en Ibiza, que se disputa anualmente en Semana Santa.\",\"potentialAction\":[{\"@type\":\"SearchAction\",\"target\":{\"@type\":\"EntryPoint\",\"urlTemplate\":\"https:\/\/labs.100x100.net\/projects\/rutasal\/?s={search_term_string}\"},\"query-input\":\"required name=search_term_string\"}],\"inLanguage\":\"es\"},{\"@type\":\"Person\",\"@id\":\"https:\/\/labs.100x100.net\/projects\/rutasal\/#\/schema\/person\/214eeb4a2e78fd8373a0a94f6d93c9ca\",\"name\":\"La Ruta de la Sal\",\"image\":{\"@type\":\"ImageObject\",\"inLanguage\":\"es\",\"@id\":\"https:\/\/labs.100x100.net\/projects\/rutasal\/#\/schema\/person\/image\/\",\"url\":\"https:\/\/secure.gravatar.com\/avatar\/b247286d4b801d6b1cfcfb3807587284?s=96&d=mm&r=g\",\"contentUrl\":\"https:\/\/secure.gravatar.com\/avatar\/b247286d4b801d6b1cfcfb3807587284?s=96&d=mm&r=g\",\"caption\":\"La Ruta de la Sal\"}}]}<\/script>\n<!-- \/ Yoast SEO plugin. -->","yoast_head_json":{"title":"EL 30 ANIVERSARIO DE LA RUTA DE LA SAL SE HA PRESENTADO EN EL SALON NAUTICO INTERNACIONAL DE BARCELONA | Regata La Ruta de la Sal","robots":{"index":"noindex","follow":"follow","max-snippet":"max-snippet:-1","max-image-preview":"max-image-preview:large","max-video-preview":"max-video-preview:-1"},"og_locale":"es_ES","og_type":"article","og_title":"EL 30 ANIVERSARIO DE LA RUTA DE LA SAL SE HA PRESENTADO EN EL SALON NAUTICO INTERNACIONAL DE BARCELONA | Regata La Ruta de la Sal","og_description":"Un a\u00f1o mas, en el Espai de Mar del Sal\u00f3n N\u00e1utico Internacional de Barcelona, se ha presentado oficialmente la 30 edici\u00f3n de La Ruta de la Sal- Trofeo Pepe Ferr\u00e9s acto que ha estado presidido por Vicent Torres, president del Consell d\u00b4Eivissa y Jos\u00e9 Tur Alcalde de St. Antoni","og_url":"https:\/\/labs.100x100.net\/projects\/rutasal\/el-30-aniversario-de-la-ruta-de-la-sal-se-ha-presentado-en-el-salon-nautico-internacional-de-barcelona-2\/","og_site_name":"Regata La Ruta de la Sal","article_publisher":"https:\/\/www.facebook.com\/rutadelasal\/","article_published_time":"2016-10-16T17:43:50+00:00","article_modified_time":"2019-03-08T08:39:22+00:00","og_image":[{"width":640,"height":428,"url":"https:\/\/labs.100x100.net\/projects\/rutasal\/custom\/uploads\/2016\/10\/29695811634_ff64c042d8_z.jpg","type":"image\/jpeg"}],"author":"La Ruta de la Sal","twitter_card":"summary_large_image","twitter_creator":"@AnamMedi","twitter_site":"@AnamMedi","twitter_misc":{"Escrito por":"La Ruta de la Sal","Tiempo de lectura":"3 minutos"},"schema":{"@context":"https:\/\/schema.org","@graph":[{"@type":"WebPage","@id":"https:\/\/labs.100x100.net\/projects\/rutasal\/el-30-aniversario-de-la-ruta-de-la-sal-se-ha-presentado-en-el-salon-nautico-internacional-de-barcelona-2\/","url":"https:\/\/labs.100x100.net\/projects\/rutasal\/el-30-aniversario-de-la-ruta-de-la-sal-se-ha-presentado-en-el-salon-nautico-internacional-de-barcelona-2\/","name":"EL 30 ANIVERSARIO DE LA RUTA DE LA SAL SE HA PRESENTADO EN EL SALON NAUTICO INTERNACIONAL DE BARCELONA | Regata La Ruta de la Sal","isPartOf":{"@id":"https:\/\/labs.100x100.net\/projects\/rutasal\/#website"},"primaryImageOfPage":{"@id":"https:\/\/labs.100x100.net\/projects\/rutasal\/el-30-aniversario-de-la-ruta-de-la-sal-se-ha-presentado-en-el-salon-nautico-internacional-de-barcelona-2\/#primaryimage"},"image":{"@id":"https:\/\/labs.100x100.net\/projects\/rutasal\/el-30-aniversario-de-la-ruta-de-la-sal-se-ha-presentado-en-el-salon-nautico-internacional-de-barcelona-2\/#primaryimage"},"thumbnailUrl":"https:\/\/labs.100x100.net\/projects\/rutasal\/custom\/uploads\/2016\/10\/29695811634_ff64c042d8_z.jpg","datePublished":"2016-10-16T17:43:50+00:00","dateModified":"2019-03-08T08:39:22+00:00","author":{"@id":"https:\/\/labs.100x100.net\/projects\/rutasal\/#\/schema\/person\/214eeb4a2e78fd8373a0a94f6d93c9ca"},"breadcrumb":{"@id":"https:\/\/labs.100x100.net\/projects\/rutasal\/el-30-aniversario-de-la-ruta-de-la-sal-se-ha-presentado-en-el-salon-nautico-internacional-de-barcelona-2\/#breadcrumb"},"inLanguage":"es","potentialAction":[{"@type":"ReadAction","target":["https:\/\/labs.100x100.net\/projects\/rutasal\/el-30-aniversario-de-la-ruta-de-la-sal-se-ha-presentado-en-el-salon-nautico-internacional-de-barcelona-2\/"]}]},{"@type":"ImageObject","inLanguage":"es","@id":"https:\/\/labs.100x100.net\/projects\/rutasal\/el-30-aniversario-de-la-ruta-de-la-sal-se-ha-presentado-en-el-salon-nautico-internacional-de-barcelona-2\/#primaryimage","url":"https:\/\/labs.100x100.net\/projects\/rutasal\/custom\/uploads\/2016\/10\/29695811634_ff64c042d8_z.jpg","contentUrl":"https:\/\/labs.100x100.net\/projects\/rutasal\/custom\/uploads\/2016\/10\/29695811634_ff64c042d8_z.jpg","width":640,"height":428},{"@type":"BreadcrumbList","@id":"https:\/\/labs.100x100.net\/projects\/rutasal\/el-30-aniversario-de-la-ruta-de-la-sal-se-ha-presentado-en-el-salon-nautico-internacional-de-barcelona-2\/#breadcrumb","itemListElement":[{"@type":"ListItem","position":1,"name":"Portada","item":"https:\/\/labs.100x100.net\/projects\/rutasal\/"},{"@type":"ListItem","position":2,"name":"EL 30 ANIVERSARIO DE LA RUTA DE LA SAL SE HA PRESENTADO EN EL SALON NAUTICO INTERNACIONAL DE BARCELONA"}]},{"@type":"WebSite","@id":"https:\/\/labs.100x100.net\/projects\/rutasal\/#website","url":"https:\/\/labs.100x100.net\/projects\/rutasal\/","name":"Regata La Ruta de la Sal","description":"Regata La Ruta de la Sal es una regata de Altura Mediterr\u00e1nea para barcos de crucero a vela con destino en Ibiza, que se disputa anualmente en Semana Santa.","potentialAction":[{"@type":"SearchAction","target":{"@type":"EntryPoint","urlTemplate":"https:\/\/labs.100x100.net\/projects\/rutasal\/?s={search_term_string}"},"query-input":"required name=search_term_string"}],"inLanguage":"es"},{"@type":"Person","@id":"https:\/\/labs.100x100.net\/projects\/rutasal\/#\/schema\/person\/214eeb4a2e78fd8373a0a94f6d93c9ca","name":"La Ruta de la Sal","image":{"@type":"ImageObject","inLanguage":"es","@id":"https:\/\/labs.100x100.net\/projects\/rutasal\/#\/schema\/person\/image\/","url":"https:\/\/secure.gravatar.com\/avatar\/b247286d4b801d6b1cfcfb3807587284?s=96&d=mm&r=g","contentUrl":"https:\/\/secure.gravatar.com\/avatar\/b247286d4b801d6b1cfcfb3807587284?s=96&d=mm&r=g","caption":"La Ruta de la Sal"}}]}},"_links":{"self":[{"href":"https:\/\/labs.100x100.net\/projects\/rutasal\/wp-json\/wp\/v2\/posts\/2334"}],"collection":[{"href":"https:\/\/labs.100x100.net\/projects\/rutasal\/wp-json\/wp\/v2\/posts"}],"about":[{"href":"https:\/\/labs.100x100.net\/projects\/rutasal\/wp-json\/wp\/v2\/types\/post"}],"author":[{"embeddable":true,"href":"https:\/\/labs.100x100.net\/projects\/rutasal\/wp-json\/wp\/v2\/users\/1"}],"replies":[{"embeddable":true,"href":"https:\/\/labs.100x100.net\/projects\/rutasal\/wp-json\/wp\/v2\/comments?post=2334"}],"version-history":[{"count":1,"href":"https:\/\/labs.100x100.net\/projects\/rutasal\/wp-json\/wp\/v2\/posts\/2334\/revisions"}],"predecessor-version":[{"id":3448,"href":"https:\/\/labs.100x100.net\/projects\/rutasal\/wp-json\/wp\/v2\/posts\/2334\/revisions\/3448"}],"wp:featuredmedia":[{"embeddable":true,"href":"https:\/\/labs.100x100.net\/projects\/rutasal\/wp-json\/wp\/v2\/media\/3648"}],"wp:attachment":[{"href":"https:\/\/labs.100x100.net\/projects\/rutasal\/wp-json\/wp\/v2\/media?parent=2334"}],"wp:term":[{"taxonomy":"category","embeddable":true,"href":"https:\/\/labs.100x100.net\/projects\/rutasal\/wp-json\/wp\/v2\/categories?post=2334"},{"taxonomy":"post_tag","embeddable":true,"href":"https:\/\/labs.100x100.net\/projects\/rutasal\/wp-json\/wp\/v2\/tags?post=2334"}],"curies":[{"name":"wp","href":"https:\/\/api.w.org\/{rel}","templated":true}]}}