{"id":2294,"date":"2016-09-16T17:46:42","date_gmt":"2016-09-16T15:46:42","guid":{"rendered":"https:\/\/larutadelasal.com\/?p=2294"},"modified":"2019-03-08T10:40:17","modified_gmt":"2019-03-08T08:40:17","slug":"la-xxx-edicion-de-la-ruta-de-la-sal-se-presenta-en-el-salon-nautico-internacional-de-barcelona","status":"publish","type":"post","link":"https:\/\/labs.100x100.net\/projects\/rutasal\/la-xxx-edicion-de-la-ruta-de-la-sal-se-presenta-en-el-salon-nautico-internacional-de-barcelona\/","title":{"rendered":"La XXX Edici\u00f3n de La Ruta de la Sal se presenta el 14 de octubre a las 18:30 en el Sal\u00f3n N\u00e1utico Internacional de Barcelona"},"content":{"rendered":"<p><a title=\"_AFB7620\" href=\"#\" rel=\"\"><img loading=\"lazy\" decoding=\"async\" title=\"_AFB7620\" src=\"http:\/\/farm6.staticflickr.com\/5638\/22199172676_45621be33c_z.jpg\" alt=\"_AFB7620\" width=\"640\" height=\"428\" \/><\/a><\/p>\n<p>Nos complace comunicarte que durante el Sal\u00f3n N\u00e1utico Internacional de Barcelona, que este a\u00f1o se celebra del 12 al 16 de octubre en el Port Vell,\u00a0el<strong> STAND ANAM \u2013 LA RUTA DE LA SAL estar\u00e1 situado en el mismo lugar que el a\u00f1o pasado, Moll de la Fusta Stand D-490<\/strong>, punto de encuentro de los navegantes.<\/p>\n<p><strong>El viernes 14 de octubre a las 18,30h, en el Espai de Mar, se celebrar\u00e1 la Presentaci\u00f3n Oficial de la XXX Edici\u00f3n de La Ruta de la Sal<\/strong> con asistencia\u00a0de conocidos regatistas que nos dar\u00e1n una breve pincelada de sus experiencias\u00a0en La Ruta de la Sal.<\/p>\n<p>Seguidamente se presentar\u00e1 el Circuito ANAM de Regatas 2017 con la Regata del Delta, La Bah\u00eda de Pollen\u00e7a, la Ruta de la Tramuntana y la ya presentada Ruta<br \/>\nde la Sal.<\/p>\n<p>Para finalizar el acto, se proceder\u00e1 a la Entrega de Premios de Circuito ANAM de Regatas -Trofeo AUSMAR 2016.<br \/>\nA continuaci\u00f3n, como siempre, se brindar\u00e1 con Gramona, el cava oficial de la regata.<\/p>\n<p><strong>El acto contar\u00e1 con la actuaci\u00f3n del Jazz Classic, GILI-ROMAN\u00cd JAZZ TRIO<\/strong><\/p>\n","protected":false},"excerpt":{"rendered":"<p>El viernes 14 de octubre a las 18,30h, en el Espai de Mar, se celebrar\u00e1 la Presentaci\u00f3n Oficial de la XXX Edici\u00f3n de La Ruta de la Sal con asistencia de conocidos regatistas que nos dar\u00e1n una breve pincelada de sus experiencias en La Ruta de la Sal.<\/p>\n","protected":false},"author":1,"featured_media":3649,"comment_status":"open","ping_status":"open","sticky":false,"template":"","format":"standard","meta":{"_acf_changed":false,"footnotes":""},"categories":[3],"tags":[],"acf":[],"yoast_head":"<!-- This site is optimized with the Yoast SEO plugin v23.0 - https:\/\/yoast.com\/wordpress\/plugins\/seo\/ -->\n<title>La XXX Edici\u00f3n de La Ruta de la Sal se presenta el 14 de octubre a las 18:30 en el Sal\u00f3n N\u00e1utico Internacional de Barcelona | Regata La Ruta de la Sal<\/title>\n<meta name=\"robots\" content=\"noindex, follow, max-snippet:-1, max-image-preview:large, max-video-preview:-1\" \/>\n<meta property=\"og:locale\" content=\"es_ES\" \/>\n<meta property=\"og:type\" content=\"article\" \/>\n<meta property=\"og:title\" content=\"La XXX Edici\u00f3n de La Ruta de la Sal se presenta el 14 de octubre a las 18:30 en el Sal\u00f3n N\u00e1utico Internacional de Barcelona | Regata La Ruta de la Sal\" \/>\n<meta property=\"og:description\" content=\"El viernes 14 de octubre a las 18,30h, en el Espai de Mar, se celebrar\u00e1 la Presentaci\u00f3n Oficial de la XXX Edici\u00f3n de La Ruta de la Sal con asistencia de conocidos regatistas que nos dar\u00e1n una breve pincelada de sus experiencias en La Ruta de la Sal.\" \/>\n<meta property=\"og:url\" content=\"https:\/\/labs.100x100.net\/projects\/rutasal\/la-xxx-edicion-de-la-ruta-de-la-sal-se-presenta-en-el-salon-nautico-internacional-de-barcelona\/\" \/>\n<meta property=\"og:site_name\" content=\"Regata La Ruta de la Sal\" \/>\n<meta property=\"article:publisher\" content=\"https:\/\/www.facebook.com\/rutadelasal\/\" \/>\n<meta property=\"article:published_time\" content=\"2016-09-16T15:46:42+00:00\" \/>\n<meta property=\"article:modified_time\" content=\"2019-03-08T08:40:17+00:00\" \/>\n<meta property=\"og:image\" content=\"https:\/\/labs.100x100.net\/projects\/rutasal\/custom\/uploads\/2016\/09\/22199172676_45621be33c_z.jpg\" \/>\n\t<meta property=\"og:image:width\" content=\"2048\" \/>\n\t<meta property=\"og:image:height\" content=\"1367\" \/>\n\t<meta property=\"og:image:type\" content=\"image\/jpeg\" \/>\n<meta name=\"author\" content=\"La Ruta de la Sal\" \/>\n<meta name=\"twitter:card\" content=\"summary_large_image\" \/>\n<meta name=\"twitter:creator\" content=\"@AnamMedi\" \/>\n<meta name=\"twitter:site\" content=\"@AnamMedi\" \/>\n<meta name=\"twitter:label1\" content=\"Escrito por\" \/>\n\t<meta name=\"twitter:data1\" content=\"La Ruta de la Sal\" \/>\n\t<meta name=\"twitter:label2\" content=\"Tiempo de lectura\" \/>\n\t<meta name=\"twitter:data2\" content=\"1 minuto\" \/>\n<script type=\"application\/ld+json\" class=\"yoast-schema-graph\">{\"@context\":\"https:\/\/schema.org\",\"@graph\":[{\"@type\":\"WebPage\",\"@id\":\"https:\/\/labs.100x100.net\/projects\/rutasal\/la-xxx-edicion-de-la-ruta-de-la-sal-se-presenta-en-el-salon-nautico-internacional-de-barcelona\/\",\"url\":\"https:\/\/labs.100x100.net\/projects\/rutasal\/la-xxx-edicion-de-la-ruta-de-la-sal-se-presenta-en-el-salon-nautico-internacional-de-barcelona\/\",\"name\":\"La XXX Edici\u00f3n de La Ruta de la Sal se presenta el 14 de octubre a las 18:30 en el Sal\u00f3n N\u00e1utico Internacional de Barcelona | Regata La Ruta de la Sal\",\"isPartOf\":{\"@id\":\"https:\/\/labs.100x100.net\/projects\/rutasal\/#website\"},\"primaryImageOfPage\":{\"@id\":\"https:\/\/labs.100x100.net\/projects\/rutasal\/la-xxx-edicion-de-la-ruta-de-la-sal-se-presenta-en-el-salon-nautico-internacional-de-barcelona\/#primaryimage\"},\"image\":{\"@id\":\"https:\/\/labs.100x100.net\/projects\/rutasal\/la-xxx-edicion-de-la-ruta-de-la-sal-se-presenta-en-el-salon-nautico-internacional-de-barcelona\/#primaryimage\"},\"thumbnailUrl\":\"https:\/\/labs.100x100.net\/projects\/rutasal\/custom\/uploads\/2016\/09\/22199172676_45621be33c_z.jpg\",\"datePublished\":\"2016-09-16T15:46:42+00:00\",\"dateModified\":\"2019-03-08T08:40:17+00:00\",\"author\":{\"@id\":\"https:\/\/labs.100x100.net\/projects\/rutasal\/#\/schema\/person\/214eeb4a2e78fd8373a0a94f6d93c9ca\"},\"breadcrumb\":{\"@id\":\"https:\/\/labs.100x100.net\/projects\/rutasal\/la-xxx-edicion-de-la-ruta-de-la-sal-se-presenta-en-el-salon-nautico-internacional-de-barcelona\/#breadcrumb\"},\"inLanguage\":\"es\",\"potentialAction\":[{\"@type\":\"ReadAction\",\"target\":[\"https:\/\/labs.100x100.net\/projects\/rutasal\/la-xxx-edicion-de-la-ruta-de-la-sal-se-presenta-en-el-salon-nautico-internacional-de-barcelona\/\"]}]},{\"@type\":\"ImageObject\",\"inLanguage\":\"es\",\"@id\":\"https:\/\/labs.100x100.net\/projects\/rutasal\/la-xxx-edicion-de-la-ruta-de-la-sal-se-presenta-en-el-salon-nautico-internacional-de-barcelona\/#primaryimage\",\"url\":\"https:\/\/labs.100x100.net\/projects\/rutasal\/custom\/uploads\/2016\/09\/22199172676_45621be33c_z.jpg\",\"contentUrl\":\"https:\/\/labs.100x100.net\/projects\/rutasal\/custom\/uploads\/2016\/09\/22199172676_45621be33c_z.jpg\",\"width\":2048,\"height\":1367},{\"@type\":\"BreadcrumbList\",\"@id\":\"https:\/\/labs.100x100.net\/projects\/rutasal\/la-xxx-edicion-de-la-ruta-de-la-sal-se-presenta-en-el-salon-nautico-internacional-de-barcelona\/#breadcrumb\",\"itemListElement\":[{\"@type\":\"ListItem\",\"position\":1,\"name\":\"Portada\",\"item\":\"https:\/\/labs.100x100.net\/projects\/rutasal\/\"},{\"@type\":\"ListItem\",\"position\":2,\"name\":\"La XXX Edici\u00f3n de La Ruta de la Sal se presenta el 14 de octubre a las 18:30 en el Sal\u00f3n N\u00e1utico Internacional de Barcelona\"}]},{\"@type\":\"WebSite\",\"@id\":\"https:\/\/labs.100x100.net\/projects\/rutasal\/#website\",\"url\":\"https:\/\/labs.100x100.net\/projects\/rutasal\/\",\"name\":\"Regata La Ruta de la Sal\",\"description\":\"Regata La Ruta de la Sal es una regata de Altura Mediterr\u00e1nea para barcos de crucero a vela con destino en Ibiza, que se disputa anualmente en Semana Santa.\",\"potentialAction\":[{\"@type\":\"SearchAction\",\"target\":{\"@type\":\"EntryPoint\",\"urlTemplate\":\"https:\/\/labs.100x100.net\/projects\/rutasal\/?s={search_term_string}\"},\"query-input\":\"required name=search_term_string\"}],\"inLanguage\":\"es\"},{\"@type\":\"Person\",\"@id\":\"https:\/\/labs.100x100.net\/projects\/rutasal\/#\/schema\/person\/214eeb4a2e78fd8373a0a94f6d93c9ca\",\"name\":\"La Ruta de la Sal\",\"image\":{\"@type\":\"ImageObject\",\"inLanguage\":\"es\",\"@id\":\"https:\/\/labs.100x100.net\/projects\/rutasal\/#\/schema\/person\/image\/\",\"url\":\"https:\/\/secure.gravatar.com\/avatar\/b247286d4b801d6b1cfcfb3807587284?s=96&d=mm&r=g\",\"contentUrl\":\"https:\/\/secure.gravatar.com\/avatar\/b247286d4b801d6b1cfcfb3807587284?s=96&d=mm&r=g\",\"caption\":\"La Ruta de la Sal\"}}]}<\/script>\n<!-- \/ Yoast SEO plugin. -->","yoast_head_json":{"title":"La XXX Edici\u00f3n de La Ruta de la Sal se presenta el 14 de octubre a las 18:30 en el Sal\u00f3n N\u00e1utico Internacional de Barcelona | Regata La Ruta de la Sal","robots":{"index":"noindex","follow":"follow","max-snippet":"max-snippet:-1","max-image-preview":"max-image-preview:large","max-video-preview":"max-video-preview:-1"},"og_locale":"es_ES","og_type":"article","og_title":"La XXX Edici\u00f3n de La Ruta de la Sal se presenta el 14 de octubre a las 18:30 en el Sal\u00f3n N\u00e1utico Internacional de Barcelona | Regata La Ruta de la Sal","og_description":"El viernes 14 de octubre a las 18,30h, en el Espai de Mar, se celebrar\u00e1 la Presentaci\u00f3n Oficial de la XXX Edici\u00f3n de La Ruta de la Sal con asistencia de conocidos regatistas que nos dar\u00e1n una breve pincelada de sus experiencias en La Ruta de la Sal.","og_url":"https:\/\/labs.100x100.net\/projects\/rutasal\/la-xxx-edicion-de-la-ruta-de-la-sal-se-presenta-en-el-salon-nautico-internacional-de-barcelona\/","og_site_name":"Regata La Ruta de la Sal","article_publisher":"https:\/\/www.facebook.com\/rutadelasal\/","article_published_time":"2016-09-16T15:46:42+00:00","article_modified_time":"2019-03-08T08:40:17+00:00","og_image":[{"width":2048,"height":1367,"url":"https:\/\/labs.100x100.net\/projects\/rutasal\/custom\/uploads\/2016\/09\/22199172676_45621be33c_z.jpg","type":"image\/jpeg"}],"author":"La Ruta de la Sal","twitter_card":"summary_large_image","twitter_creator":"@AnamMedi","twitter_site":"@AnamMedi","twitter_misc":{"Escrito por":"La Ruta de la Sal","Tiempo de lectura":"1 minuto"},"schema":{"@context":"https:\/\/schema.org","@graph":[{"@type":"WebPage","@id":"https:\/\/labs.100x100.net\/projects\/rutasal\/la-xxx-edicion-de-la-ruta-de-la-sal-se-presenta-en-el-salon-nautico-internacional-de-barcelona\/","url":"https:\/\/labs.100x100.net\/projects\/rutasal\/la-xxx-edicion-de-la-ruta-de-la-sal-se-presenta-en-el-salon-nautico-internacional-de-barcelona\/","name":"La XXX Edici\u00f3n de La Ruta de la Sal se presenta el 14 de octubre a las 18:30 en el Sal\u00f3n N\u00e1utico Internacional de Barcelona | Regata La Ruta de la Sal","isPartOf":{"@id":"https:\/\/labs.100x100.net\/projects\/rutasal\/#website"},"primaryImageOfPage":{"@id":"https:\/\/labs.100x100.net\/projects\/rutasal\/la-xxx-edicion-de-la-ruta-de-la-sal-se-presenta-en-el-salon-nautico-internacional-de-barcelona\/#primaryimage"},"image":{"@id":"https:\/\/labs.100x100.net\/projects\/rutasal\/la-xxx-edicion-de-la-ruta-de-la-sal-se-presenta-en-el-salon-nautico-internacional-de-barcelona\/#primaryimage"},"thumbnailUrl":"https:\/\/labs.100x100.net\/projects\/rutasal\/custom\/uploads\/2016\/09\/22199172676_45621be33c_z.jpg","datePublished":"2016-09-16T15:46:42+00:00","dateModified":"2019-03-08T08:40:17+00:00","author":{"@id":"https:\/\/labs.100x100.net\/projects\/rutasal\/#\/schema\/person\/214eeb4a2e78fd8373a0a94f6d93c9ca"},"breadcrumb":{"@id":"https:\/\/labs.100x100.net\/projects\/rutasal\/la-xxx-edicion-de-la-ruta-de-la-sal-se-presenta-en-el-salon-nautico-internacional-de-barcelona\/#breadcrumb"},"inLanguage":"es","potentialAction":[{"@type":"ReadAction","target":["https:\/\/labs.100x100.net\/projects\/rutasal\/la-xxx-edicion-de-la-ruta-de-la-sal-se-presenta-en-el-salon-nautico-internacional-de-barcelona\/"]}]},{"@type":"ImageObject","inLanguage":"es","@id":"https:\/\/labs.100x100.net\/projects\/rutasal\/la-xxx-edicion-de-la-ruta-de-la-sal-se-presenta-en-el-salon-nautico-internacional-de-barcelona\/#primaryimage","url":"https:\/\/labs.100x100.net\/projects\/rutasal\/custom\/uploads\/2016\/09\/22199172676_45621be33c_z.jpg","contentUrl":"https:\/\/labs.100x100.net\/projects\/rutasal\/custom\/uploads\/2016\/09\/22199172676_45621be33c_z.jpg","width":2048,"height":1367},{"@type":"BreadcrumbList","@id":"https:\/\/labs.100x100.net\/projects\/rutasal\/la-xxx-edicion-de-la-ruta-de-la-sal-se-presenta-en-el-salon-nautico-internacional-de-barcelona\/#breadcrumb","itemListElement":[{"@type":"ListItem","position":1,"name":"Portada","item":"https:\/\/labs.100x100.net\/projects\/rutasal\/"},{"@type":"ListItem","position":2,"name":"La XXX Edici\u00f3n de La Ruta de la Sal se presenta el 14 de octubre a las 18:30 en el Sal\u00f3n N\u00e1utico Internacional de Barcelona"}]},{"@type":"WebSite","@id":"https:\/\/labs.100x100.net\/projects\/rutasal\/#website","url":"https:\/\/labs.100x100.net\/projects\/rutasal\/","name":"Regata La Ruta de la Sal","description":"Regata La Ruta de la Sal es una regata de Altura Mediterr\u00e1nea para barcos de crucero a vela con destino en Ibiza, que se disputa anualmente en Semana Santa.","potentialAction":[{"@type":"SearchAction","target":{"@type":"EntryPoint","urlTemplate":"https:\/\/labs.100x100.net\/projects\/rutasal\/?s={search_term_string}"},"query-input":"required name=search_term_string"}],"inLanguage":"es"},{"@type":"Person","@id":"https:\/\/labs.100x100.net\/projects\/rutasal\/#\/schema\/person\/214eeb4a2e78fd8373a0a94f6d93c9ca","name":"La Ruta de la Sal","image":{"@type":"ImageObject","inLanguage":"es","@id":"https:\/\/labs.100x100.net\/projects\/rutasal\/#\/schema\/person\/image\/","url":"https:\/\/secure.gravatar.com\/avatar\/b247286d4b801d6b1cfcfb3807587284?s=96&d=mm&r=g","contentUrl":"https:\/\/secure.gravatar.com\/avatar\/b247286d4b801d6b1cfcfb3807587284?s=96&d=mm&r=g","caption":"La Ruta de la Sal"}}]}},"_links":{"self":[{"href":"https:\/\/labs.100x100.net\/projects\/rutasal\/wp-json\/wp\/v2\/posts\/2294"}],"collection":[{"href":"https:\/\/labs.100x100.net\/projects\/rutasal\/wp-json\/wp\/v2\/posts"}],"about":[{"href":"https:\/\/labs.100x100.net\/projects\/rutasal\/wp-json\/wp\/v2\/types\/post"}],"author":[{"embeddable":true,"href":"https:\/\/labs.100x100.net\/projects\/rutasal\/wp-json\/wp\/v2\/users\/1"}],"replies":[{"embeddable":true,"href":"https:\/\/labs.100x100.net\/projects\/rutasal\/wp-json\/wp\/v2\/comments?post=2294"}],"version-history":[{"count":1,"href":"https:\/\/labs.100x100.net\/projects\/rutasal\/wp-json\/wp\/v2\/posts\/2294\/revisions"}],"predecessor-version":[{"id":3303,"href":"https:\/\/labs.100x100.net\/projects\/rutasal\/wp-json\/wp\/v2\/posts\/2294\/revisions\/3303"}],"wp:featuredmedia":[{"embeddable":true,"href":"https:\/\/labs.100x100.net\/projects\/rutasal\/wp-json\/wp\/v2\/media\/3649"}],"wp:attachment":[{"href":"https:\/\/labs.100x100.net\/projects\/rutasal\/wp-json\/wp\/v2\/media?parent=2294"}],"wp:term":[{"taxonomy":"category","embeddable":true,"href":"https:\/\/labs.100x100.net\/projects\/rutasal\/wp-json\/wp\/v2\/categories?post=2294"},{"taxonomy":"post_tag","embeddable":true,"href":"https:\/\/labs.100x100.net\/projects\/rutasal\/wp-json\/wp\/v2\/tags?post=2294"}],"curies":[{"name":"wp","href":"https:\/\/api.w.org\/{rel}","templated":true}]}}