{"id":2274,"date":"2016-03-31T11:06:33","date_gmt":"2016-03-31T09:06:33","guid":{"rendered":"https:\/\/larutadelasal.com\/?p=2274"},"modified":"2019-03-08T10:43:12","modified_gmt":"2019-03-08T08:43:12","slug":"gracias-a-todos-por-vuestra-participacion-en-la-29-edicion-de-la-ruta-de-la-sal-proximo-rumbo-la-regata-del-delta","status":"publish","type":"post","link":"https:\/\/labs.100x100.net\/projects\/rutasal\/gracias-a-todos-por-vuestra-participacion-en-la-29-edicion-de-la-ruta-de-la-sal-proximo-rumbo-la-regata-del-delta\/","title":{"rendered":"Gracias a todos por vuestra participaci\u00f3n en la 29 edici\u00f3n de La Ruta de la Sal, pr\u00f3ximo rumbo la Regata del Delta"},"content":{"rendered":"<p dir=\"ltr\">Amigo\/a Regatista<br \/>\nEn primer lugar agradecer vuestra participaci\u00f3n en esta 29 edici\u00f3n de La Ruta de la Sal, que se ha cerrado con un notable \u00e9xito.<\/p>\n<p dir=\"ltr\">Y, recordaros que el proximo viernes 22 de abril a las 18.30h. larga amarras la REGATA DEL DELTA, desde Port Ginesta con destino a St. Carles de la Rapita en el Delta del Ebro<\/p>\n<p dir=\"ltr\">Los que habeis participado el La Sal, teneis un 10% de descuento en la inscripcion.<\/p>\n<p dir=\"ltr\">Tambi\u00e9n este a\u00f1o la MINI DELTA zarpa del CN L&#8217;Ampolla a las 08.00h. de la ma\u00f1ana\u00a0 del s\u00e1bado 23 y la DELTA SUR a las 10.00h.<\/p>\n<p dir=\"ltr\">Y como manda la tradicion, el sabado a las 20 h.\u00a0 en Sant Carles Marina, tendra lugar el Aperitivo de Bienvenida y el Acto Oficial de Entrega de Trofeos y a continuacion la CENA MARINERA<br \/>\npara todas las tripulaciones<\/p>\n<p dir=\"ltr\">Os esperamos<\/p>\n<p dir=\"ltr\">\n","protected":false},"excerpt":{"rendered":"<p>Amigo\/a Regatista En primer lugar agradecer vuestra participaci\u00f3n en esta 29 edici\u00f3n de La Ruta de la Sal, que se ha cerrado con un notable \u00e9xito. Y, recordaros que el proximo viernes 22 de abril a las 18.30h. larga amarras la REGATA DEL DELTA, desde Port Ginesta con destino a St. Carles de la Rapita [&hellip;]<\/p>\n","protected":false},"author":1,"featured_media":3587,"comment_status":"open","ping_status":"open","sticky":false,"template":"","format":"standard","meta":{"_acf_changed":false,"footnotes":""},"categories":[3],"tags":[],"acf":[],"yoast_head":"<!-- This site is optimized with the Yoast SEO plugin v23.0 - https:\/\/yoast.com\/wordpress\/plugins\/seo\/ -->\n<title>Gracias a todos por vuestra participaci\u00f3n en la 29 edici\u00f3n de La Ruta de la Sal, pr\u00f3ximo rumbo la Regata del Delta | Regata La Ruta de la Sal<\/title>\n<meta name=\"robots\" content=\"noindex, follow, max-snippet:-1, max-image-preview:large, max-video-preview:-1\" \/>\n<meta property=\"og:locale\" content=\"es_ES\" \/>\n<meta property=\"og:type\" content=\"article\" \/>\n<meta property=\"og:title\" content=\"Gracias a todos por vuestra participaci\u00f3n en la 29 edici\u00f3n de La Ruta de la Sal, pr\u00f3ximo rumbo la Regata del Delta | Regata La Ruta de la Sal\" \/>\n<meta property=\"og:description\" content=\"Amigo\/a Regatista En primer lugar agradecer vuestra participaci\u00f3n en esta 29 edici\u00f3n de La Ruta de la Sal, que se ha cerrado con un notable \u00e9xito. Y, recordaros que el proximo viernes 22 de abril a las 18.30h. larga amarras la REGATA DEL DELTA, desde Port Ginesta con destino a St. Carles de la Rapita [&hellip;]\" \/>\n<meta property=\"og:url\" content=\"https:\/\/labs.100x100.net\/projects\/rutasal\/gracias-a-todos-por-vuestra-participacion-en-la-29-edicion-de-la-ruta-de-la-sal-proximo-rumbo-la-regata-del-delta\/\" \/>\n<meta property=\"og:site_name\" content=\"Regata La Ruta de la Sal\" \/>\n<meta property=\"article:publisher\" content=\"https:\/\/www.facebook.com\/rutadelasal\/\" \/>\n<meta property=\"article:published_time\" content=\"2016-03-31T09:06:33+00:00\" \/>\n<meta property=\"article:modified_time\" content=\"2019-03-08T08:43:12+00:00\" \/>\n<meta property=\"og:image\" content=\"https:\/\/labs.100x100.net\/projects\/rutasal\/custom\/uploads\/2019\/03\/40412618904-500x300.jpg\" \/>\n\t<meta property=\"og:image:width\" content=\"500\" \/>\n\t<meta property=\"og:image:height\" content=\"300\" \/>\n\t<meta property=\"og:image:type\" content=\"image\/jpeg\" \/>\n<meta name=\"author\" content=\"La Ruta de la Sal\" \/>\n<meta name=\"twitter:card\" content=\"summary_large_image\" \/>\n<meta name=\"twitter:creator\" content=\"@AnamMedi\" \/>\n<meta name=\"twitter:site\" content=\"@AnamMedi\" \/>\n<meta name=\"twitter:label1\" content=\"Escrito por\" \/>\n\t<meta name=\"twitter:data1\" content=\"La Ruta de la Sal\" \/>\n\t<meta name=\"twitter:label2\" content=\"Tiempo de lectura\" \/>\n\t<meta name=\"twitter:data2\" content=\"1 minuto\" \/>\n<script type=\"application\/ld+json\" class=\"yoast-schema-graph\">{\"@context\":\"https:\/\/schema.org\",\"@graph\":[{\"@type\":\"WebPage\",\"@id\":\"https:\/\/labs.100x100.net\/projects\/rutasal\/gracias-a-todos-por-vuestra-participacion-en-la-29-edicion-de-la-ruta-de-la-sal-proximo-rumbo-la-regata-del-delta\/\",\"url\":\"https:\/\/labs.100x100.net\/projects\/rutasal\/gracias-a-todos-por-vuestra-participacion-en-la-29-edicion-de-la-ruta-de-la-sal-proximo-rumbo-la-regata-del-delta\/\",\"name\":\"Gracias a todos por vuestra participaci\u00f3n en la 29 edici\u00f3n de La Ruta de la Sal, pr\u00f3ximo rumbo la Regata del Delta | Regata La Ruta de la Sal\",\"isPartOf\":{\"@id\":\"https:\/\/labs.100x100.net\/projects\/rutasal\/#website\"},\"primaryImageOfPage\":{\"@id\":\"https:\/\/labs.100x100.net\/projects\/rutasal\/gracias-a-todos-por-vuestra-participacion-en-la-29-edicion-de-la-ruta-de-la-sal-proximo-rumbo-la-regata-del-delta\/#primaryimage\"},\"image\":{\"@id\":\"https:\/\/labs.100x100.net\/projects\/rutasal\/gracias-a-todos-por-vuestra-participacion-en-la-29-edicion-de-la-ruta-de-la-sal-proximo-rumbo-la-regata-del-delta\/#primaryimage\"},\"thumbnailUrl\":\"https:\/\/labs.100x100.net\/projects\/rutasal\/custom\/uploads\/2019\/03\/40412618904-500x300.jpg\",\"datePublished\":\"2016-03-31T09:06:33+00:00\",\"dateModified\":\"2019-03-08T08:43:12+00:00\",\"author\":{\"@id\":\"https:\/\/labs.100x100.net\/projects\/rutasal\/#\/schema\/person\/214eeb4a2e78fd8373a0a94f6d93c9ca\"},\"breadcrumb\":{\"@id\":\"https:\/\/labs.100x100.net\/projects\/rutasal\/gracias-a-todos-por-vuestra-participacion-en-la-29-edicion-de-la-ruta-de-la-sal-proximo-rumbo-la-regata-del-delta\/#breadcrumb\"},\"inLanguage\":\"es\",\"potentialAction\":[{\"@type\":\"ReadAction\",\"target\":[\"https:\/\/labs.100x100.net\/projects\/rutasal\/gracias-a-todos-por-vuestra-participacion-en-la-29-edicion-de-la-ruta-de-la-sal-proximo-rumbo-la-regata-del-delta\/\"]}]},{\"@type\":\"ImageObject\",\"inLanguage\":\"es\",\"@id\":\"https:\/\/labs.100x100.net\/projects\/rutasal\/gracias-a-todos-por-vuestra-participacion-en-la-29-edicion-de-la-ruta-de-la-sal-proximo-rumbo-la-regata-del-delta\/#primaryimage\",\"url\":\"https:\/\/labs.100x100.net\/projects\/rutasal\/custom\/uploads\/2019\/03\/40412618904-500x300.jpg\",\"contentUrl\":\"https:\/\/labs.100x100.net\/projects\/rutasal\/custom\/uploads\/2019\/03\/40412618904-500x300.jpg\",\"width\":500,\"height\":300},{\"@type\":\"BreadcrumbList\",\"@id\":\"https:\/\/labs.100x100.net\/projects\/rutasal\/gracias-a-todos-por-vuestra-participacion-en-la-29-edicion-de-la-ruta-de-la-sal-proximo-rumbo-la-regata-del-delta\/#breadcrumb\",\"itemListElement\":[{\"@type\":\"ListItem\",\"position\":1,\"name\":\"Portada\",\"item\":\"https:\/\/labs.100x100.net\/projects\/rutasal\/\"},{\"@type\":\"ListItem\",\"position\":2,\"name\":\"Gracias a todos por vuestra participaci\u00f3n en la 29 edici\u00f3n de La Ruta de la Sal, pr\u00f3ximo rumbo la Regata del Delta\"}]},{\"@type\":\"WebSite\",\"@id\":\"https:\/\/labs.100x100.net\/projects\/rutasal\/#website\",\"url\":\"https:\/\/labs.100x100.net\/projects\/rutasal\/\",\"name\":\"Regata La Ruta de la Sal\",\"description\":\"Regata La Ruta de la Sal es una regata de Altura Mediterr\u00e1nea para barcos de crucero a vela con destino en Ibiza, que se disputa anualmente en Semana Santa.\",\"potentialAction\":[{\"@type\":\"SearchAction\",\"target\":{\"@type\":\"EntryPoint\",\"urlTemplate\":\"https:\/\/labs.100x100.net\/projects\/rutasal\/?s={search_term_string}\"},\"query-input\":\"required name=search_term_string\"}],\"inLanguage\":\"es\"},{\"@type\":\"Person\",\"@id\":\"https:\/\/labs.100x100.net\/projects\/rutasal\/#\/schema\/person\/214eeb4a2e78fd8373a0a94f6d93c9ca\",\"name\":\"La Ruta de la Sal\",\"image\":{\"@type\":\"ImageObject\",\"inLanguage\":\"es\",\"@id\":\"https:\/\/labs.100x100.net\/projects\/rutasal\/#\/schema\/person\/image\/\",\"url\":\"https:\/\/secure.gravatar.com\/avatar\/b247286d4b801d6b1cfcfb3807587284?s=96&d=mm&r=g\",\"contentUrl\":\"https:\/\/secure.gravatar.com\/avatar\/b247286d4b801d6b1cfcfb3807587284?s=96&d=mm&r=g\",\"caption\":\"La Ruta de la Sal\"}}]}<\/script>\n<!-- \/ Yoast SEO plugin. -->","yoast_head_json":{"title":"Gracias a todos por vuestra participaci\u00f3n en la 29 edici\u00f3n de La Ruta de la Sal, pr\u00f3ximo rumbo la Regata del Delta | Regata La Ruta de la Sal","robots":{"index":"noindex","follow":"follow","max-snippet":"max-snippet:-1","max-image-preview":"max-image-preview:large","max-video-preview":"max-video-preview:-1"},"og_locale":"es_ES","og_type":"article","og_title":"Gracias a todos por vuestra participaci\u00f3n en la 29 edici\u00f3n de La Ruta de la Sal, pr\u00f3ximo rumbo la Regata del Delta | Regata La Ruta de la Sal","og_description":"Amigo\/a Regatista En primer lugar agradecer vuestra participaci\u00f3n en esta 29 edici\u00f3n de La Ruta de la Sal, que se ha cerrado con un notable \u00e9xito. Y, recordaros que el proximo viernes 22 de abril a las 18.30h. larga amarras la REGATA DEL DELTA, desde Port Ginesta con destino a St. Carles de la Rapita [&hellip;]","og_url":"https:\/\/labs.100x100.net\/projects\/rutasal\/gracias-a-todos-por-vuestra-participacion-en-la-29-edicion-de-la-ruta-de-la-sal-proximo-rumbo-la-regata-del-delta\/","og_site_name":"Regata La Ruta de la Sal","article_publisher":"https:\/\/www.facebook.com\/rutadelasal\/","article_published_time":"2016-03-31T09:06:33+00:00","article_modified_time":"2019-03-08T08:43:12+00:00","og_image":[{"width":500,"height":300,"url":"https:\/\/labs.100x100.net\/projects\/rutasal\/custom\/uploads\/2019\/03\/40412618904-500x300.jpg","type":"image\/jpeg"}],"author":"La Ruta de la Sal","twitter_card":"summary_large_image","twitter_creator":"@AnamMedi","twitter_site":"@AnamMedi","twitter_misc":{"Escrito por":"La Ruta de la Sal","Tiempo de lectura":"1 minuto"},"schema":{"@context":"https:\/\/schema.org","@graph":[{"@type":"WebPage","@id":"https:\/\/labs.100x100.net\/projects\/rutasal\/gracias-a-todos-por-vuestra-participacion-en-la-29-edicion-de-la-ruta-de-la-sal-proximo-rumbo-la-regata-del-delta\/","url":"https:\/\/labs.100x100.net\/projects\/rutasal\/gracias-a-todos-por-vuestra-participacion-en-la-29-edicion-de-la-ruta-de-la-sal-proximo-rumbo-la-regata-del-delta\/","name":"Gracias a todos por vuestra participaci\u00f3n en la 29 edici\u00f3n de La Ruta de la Sal, pr\u00f3ximo rumbo la Regata del Delta | Regata La Ruta de la Sal","isPartOf":{"@id":"https:\/\/labs.100x100.net\/projects\/rutasal\/#website"},"primaryImageOfPage":{"@id":"https:\/\/labs.100x100.net\/projects\/rutasal\/gracias-a-todos-por-vuestra-participacion-en-la-29-edicion-de-la-ruta-de-la-sal-proximo-rumbo-la-regata-del-delta\/#primaryimage"},"image":{"@id":"https:\/\/labs.100x100.net\/projects\/rutasal\/gracias-a-todos-por-vuestra-participacion-en-la-29-edicion-de-la-ruta-de-la-sal-proximo-rumbo-la-regata-del-delta\/#primaryimage"},"thumbnailUrl":"https:\/\/labs.100x100.net\/projects\/rutasal\/custom\/uploads\/2019\/03\/40412618904-500x300.jpg","datePublished":"2016-03-31T09:06:33+00:00","dateModified":"2019-03-08T08:43:12+00:00","author":{"@id":"https:\/\/labs.100x100.net\/projects\/rutasal\/#\/schema\/person\/214eeb4a2e78fd8373a0a94f6d93c9ca"},"breadcrumb":{"@id":"https:\/\/labs.100x100.net\/projects\/rutasal\/gracias-a-todos-por-vuestra-participacion-en-la-29-edicion-de-la-ruta-de-la-sal-proximo-rumbo-la-regata-del-delta\/#breadcrumb"},"inLanguage":"es","potentialAction":[{"@type":"ReadAction","target":["https:\/\/labs.100x100.net\/projects\/rutasal\/gracias-a-todos-por-vuestra-participacion-en-la-29-edicion-de-la-ruta-de-la-sal-proximo-rumbo-la-regata-del-delta\/"]}]},{"@type":"ImageObject","inLanguage":"es","@id":"https:\/\/labs.100x100.net\/projects\/rutasal\/gracias-a-todos-por-vuestra-participacion-en-la-29-edicion-de-la-ruta-de-la-sal-proximo-rumbo-la-regata-del-delta\/#primaryimage","url":"https:\/\/labs.100x100.net\/projects\/rutasal\/custom\/uploads\/2019\/03\/40412618904-500x300.jpg","contentUrl":"https:\/\/labs.100x100.net\/projects\/rutasal\/custom\/uploads\/2019\/03\/40412618904-500x300.jpg","width":500,"height":300},{"@type":"BreadcrumbList","@id":"https:\/\/labs.100x100.net\/projects\/rutasal\/gracias-a-todos-por-vuestra-participacion-en-la-29-edicion-de-la-ruta-de-la-sal-proximo-rumbo-la-regata-del-delta\/#breadcrumb","itemListElement":[{"@type":"ListItem","position":1,"name":"Portada","item":"https:\/\/labs.100x100.net\/projects\/rutasal\/"},{"@type":"ListItem","position":2,"name":"Gracias a todos por vuestra participaci\u00f3n en la 29 edici\u00f3n de La Ruta de la Sal, pr\u00f3ximo rumbo la Regata del Delta"}]},{"@type":"WebSite","@id":"https:\/\/labs.100x100.net\/projects\/rutasal\/#website","url":"https:\/\/labs.100x100.net\/projects\/rutasal\/","name":"Regata La Ruta de la Sal","description":"Regata La Ruta de la Sal es una regata de Altura Mediterr\u00e1nea para barcos de crucero a vela con destino en Ibiza, que se disputa anualmente en Semana Santa.","potentialAction":[{"@type":"SearchAction","target":{"@type":"EntryPoint","urlTemplate":"https:\/\/labs.100x100.net\/projects\/rutasal\/?s={search_term_string}"},"query-input":"required name=search_term_string"}],"inLanguage":"es"},{"@type":"Person","@id":"https:\/\/labs.100x100.net\/projects\/rutasal\/#\/schema\/person\/214eeb4a2e78fd8373a0a94f6d93c9ca","name":"La Ruta de la Sal","image":{"@type":"ImageObject","inLanguage":"es","@id":"https:\/\/labs.100x100.net\/projects\/rutasal\/#\/schema\/person\/image\/","url":"https:\/\/secure.gravatar.com\/avatar\/b247286d4b801d6b1cfcfb3807587284?s=96&d=mm&r=g","contentUrl":"https:\/\/secure.gravatar.com\/avatar\/b247286d4b801d6b1cfcfb3807587284?s=96&d=mm&r=g","caption":"La Ruta de la Sal"}}]}},"_links":{"self":[{"href":"https:\/\/labs.100x100.net\/projects\/rutasal\/wp-json\/wp\/v2\/posts\/2274"}],"collection":[{"href":"https:\/\/labs.100x100.net\/projects\/rutasal\/wp-json\/wp\/v2\/posts"}],"about":[{"href":"https:\/\/labs.100x100.net\/projects\/rutasal\/wp-json\/wp\/v2\/types\/post"}],"author":[{"embeddable":true,"href":"https:\/\/labs.100x100.net\/projects\/rutasal\/wp-json\/wp\/v2\/users\/1"}],"replies":[{"embeddable":true,"href":"https:\/\/labs.100x100.net\/projects\/rutasal\/wp-json\/wp\/v2\/comments?post=2274"}],"version-history":[{"count":1,"href":"https:\/\/labs.100x100.net\/projects\/rutasal\/wp-json\/wp\/v2\/posts\/2274\/revisions"}],"predecessor-version":[{"id":3296,"href":"https:\/\/labs.100x100.net\/projects\/rutasal\/wp-json\/wp\/v2\/posts\/2274\/revisions\/3296"}],"wp:featuredmedia":[{"embeddable":true,"href":"https:\/\/labs.100x100.net\/projects\/rutasal\/wp-json\/wp\/v2\/media\/3587"}],"wp:attachment":[{"href":"https:\/\/labs.100x100.net\/projects\/rutasal\/wp-json\/wp\/v2\/media?parent=2274"}],"wp:term":[{"taxonomy":"category","embeddable":true,"href":"https:\/\/labs.100x100.net\/projects\/rutasal\/wp-json\/wp\/v2\/categories?post=2274"},{"taxonomy":"post_tag","embeddable":true,"href":"https:\/\/labs.100x100.net\/projects\/rutasal\/wp-json\/wp\/v2\/tags?post=2274"}],"curies":[{"name":"wp","href":"https:\/\/api.w.org\/{rel}","templated":true}]}}