{"id":2257,"date":"2016-03-27T12:44:47","date_gmt":"2016-03-27T12:44:47","guid":{"rendered":"https:\/\/larutadelasal.com\/?p=2257"},"modified":"2019-03-15T20:32:03","modified_gmt":"2019-03-15T18:32:03","slug":"la-ruta-de-la-sal-2016","status":"publish","type":"post","link":"https:\/\/labs.100x100.net\/projects\/rutasal\/la-ruta-de-la-sal-2016\/","title":{"rendered":"La Ruta de la Sal  2016"},"content":{"rendered":"<p><em>&gt;<strong>-EL Bot\u00edn 65 \u00bb del alem\u00e1n Maximilian Klink logra la victoria en Tiempo Real y en la general absoluta de la Versi\u00f3n Norte de La Sal 2016<\/strong><\/em><\/p>\n<p><strong><em>-El GS50 \u00abGramona\u00bb de Jes\u00fas Turro del RCN de Barcelona y el TP52 de Toni Guiu y Pablo Garriga del RCM de Barcelona, segundo y tercero, respectivamente,\u00a0\u00a0en la general absoluta de la Versi\u00f3n Norte de la regata.<\/em><\/strong><\/p>\n<p><strong>-.El Dufour 40 \u00abFinal de Obra\u00bb de Damian Verdera del CN de Ibiza, ganador absoluto de la Versi\u00f3n Este de La Sal 2016.<\/strong><\/p>\n<p><em><strong>&#8211;\u00a0La victoria en Real de esta largada de 117 millas desde Denia para el\u00a0Swam 80 del RCR de Alicante, \u00abPlis-Play\u00bb de Vicente Garc\u00eda, con un tiempo de 14h,17m,14s<\/strong><\/em><\/p>\n<p><strong><em>-La segunda plaza para \u00abAlba Alba\u00bb de Luis Mata del CN de Ibiza y la tercera para el \u00abSlainte\u00bb de Alejandro Grau del CN de\u00a0<\/em><\/strong><b><i>Cullera<\/i><\/b><\/p>\n<p style=\"text-align: justify;\">El jueves 23 de marzo, Jueves Santo, zarp\u00f3 la 29 edici\u00f3n de la La Ruta de la Sal &#8211; Trofeo Pepe Ferres con salidas desde Port Ginesta, en Barcelona, para la Versi\u00f3n Norte y desde Denia para Versi\u00f3n Este, con llegada, en ambos casos, en Sant Antoni de Portmany en Ibiza.<\/p>\n<div style=\"clear: both;\"><\/div>\n<p><a title=\"La Ruta de la Sal 2016\" href=\"#\" rel=\"\"><img loading=\"lazy\" decoding=\"async\" class=\"alignleft\" title=\"La Ruta de la Sal 2016\" src=\"http:\/\/farm2.staticflickr.com\/1668\/25395000404_df51b19130_n.jpg\" alt=\"La Ruta de la Sal 2016\" width=\"320\" height=\"236\" \/><\/a><\/p>\n<p><a title=\"DSC_2771 (2)\" href=\"#\" rel=\"\"><img loading=\"lazy\" decoding=\"async\" class=\"alignleft\" title=\"DSC_2771 (2)\" src=\"http:\/\/farm2.staticflickr.com\/1445\/25956896171_c8570af6ba_n.jpg\" alt=\"DSC_2771 (2)\" width=\"320\" height=\"213\" \/><\/a><\/p>\n<div style=\"clear: both;\"><\/div>\n<p><a title=\"La Ruta de la Sal 2016\" href=\"#\" rel=\"\"><img loading=\"lazy\" decoding=\"async\" class=\"alignleft\" title=\"La Ruta de la Sal 2016\" src=\"http:\/\/farm2.staticflickr.com\/1550\/25395086444_342083b6d4_n.jpg\" alt=\"La Ruta de la Sal 2016\" width=\"320\" height=\"236\" \/><\/a><\/p>\n<p><a title=\"La Ruta de la Sal 2016\" href=\"#\" rel=\"\"><img loading=\"lazy\" decoding=\"async\" class=\"alignleft\" title=\"La Ruta de la Sal 2016\" src=\"http:\/\/farm2.staticflickr.com\/1720\/25726982530_d8846e040e_n.jpg\" alt=\"La Ruta de la Sal 2016\" width=\"320\" height=\"236\" \/><\/a><\/p>\n<p><a title=\"La Ruta de la Sal 2016\" href=\"#\" rel=\"\"><img loading=\"lazy\" decoding=\"async\" class=\"alignleft\" title=\"La Ruta de la Sal 2016\" src=\"http:\/\/farm2.staticflickr.com\/1664\/25398262663_d3d2f8ba00_n.jpg\" alt=\"La Ruta de la Sal 2016\" width=\"320\" height=\"236\" \/><\/a><\/p>\n<p><a title=\"La Ruta de la Sal 2016\" href=\"#\" rel=\"\"><img loading=\"lazy\" decoding=\"async\" class=\"alignleft\" title=\"La Ruta de la Sal 2016\" src=\"http:\/\/farm2.staticflickr.com\/1522\/25395047024_f2c9b4b1c0_n.jpg\" alt=\"La Ruta de la Sal 2016\" width=\"320\" height=\"236\" \/><\/a><\/p>\n<p><a title=\"La Ruta de la Sal 2016\" href=\"#\" rel=\"\"><img loading=\"lazy\" decoding=\"async\" class=\"alignleft\" title=\"La Ruta de la Sal 2016\" src=\"http:\/\/farm2.staticflickr.com\/1649\/25394647014_a1a628ef88_n.jpg\" alt=\"La Ruta de la Sal 2016\" width=\"320\" height=\"236\" \/><\/a><\/p>\n<p><a title=\"La Ruta de la Sal 2016\" href=\"#\" rel=\"\"><img loading=\"lazy\" decoding=\"async\" class=\"alignleft\" title=\"La Ruta de la Sal 2016\" src=\"http:\/\/farm2.staticflickr.com\/1519\/25906692122_33bddb3892_n.jpg\" alt=\"La Ruta de la Sal 2016\" width=\"320\" height=\"236\" \/><\/a><\/p>\n<div style=\"clear: both;\"><\/div>\n<p style=\"text-align: justify;\" align=\"left\">La Versi\u00f3n Norte, finalmente con 63 barcos inscritos tripulados por unos 400 regatistas, zarp\u00f3 desde las aguas de Port Ginesta el jueves 23 de marzo a las 10:00h, navegando\u00a0con\u00a0mar totalmente plana y brisas de 4\/5 nudos del ESE\/S.<\/p>\n<p style=\"text-align: justify;\" align=\"left\"><a title=\"29 Edici\u00f3n de La Ruta de La Sal 2016 (Trofeo Pepe Ferr\u00e9s)\" href=\"#\" rel=\"\"><img loading=\"lazy\" decoding=\"async\" class=\" aligncenter\" title=\"29 Edici\u00f3n de La Ruta de La Sal 2016 (Trofeo Pepe Ferr\u00e9s)\" src=\"http:\/\/farm2.staticflickr.com\/1461\/25907754332_56beef60d3_z.jpg\" alt=\"29 Edici\u00f3n de La Ruta de La Sal 2016 (Trofeo Pepe Ferr\u00e9s)\" width=\"640\" height=\"471\" \/><\/a><\/p>\n<p style=\"text-align: justify;\" align=\"left\">\u00a0La Versi\u00f3n Este de La Sal, con una inscripci\u00f3n final de 93 veleros tripulados por unos 600 regatistas, cruz\u00f3 la l\u00ednea de salida el mismo jueves\u00a0a las 14:00 h,\u00a0\u00a0con un\u00a0viento de unos 8 nudos del NE .<\/p>\n<div style=\"clear: both;\"><\/div>\n<p style=\"text-align: justify;\" align=\"left\"><a title=\"29 Edici\u00f3n de La Ruta de La Sal 2016 (Trofeo Pepe Ferr\u00e9s)\" href=\"#\" rel=\"\"><img loading=\"lazy\" decoding=\"async\" class=\" aligncenter\" title=\"29 Edici\u00f3n de La Ruta de La Sal 2016 (Trofeo Pepe Ferr\u00e9s)\" src=\"http:\/\/farm2.staticflickr.com\/1572\/26016886426_bff2ba8809_z.jpg\" alt=\"29 Edici\u00f3n de La Ruta de La Sal 2016 (Trofeo Pepe Ferr\u00e9s)\" width=\"640\" height=\"581\" \/><\/a><\/p>\n<h1 style=\"text-align: justify;\"><span style=\"text-decoration: underline;\">Versi\u00f3n Este;<\/span><\/h1>\n<p style=\"text-align: justify;\"><strong>Importante victoria de la flota Ibicenca en la Versi\u00f3n Este de esta 29 edici\u00f3n de la Ruta de La Sal;\u00a0\u00a0primera plaza para\u00a0<\/strong><strong>el Dufour 40 \u00abFinal de Obra\u00bb de Dami\u00e1n Verdera del CN de Ibiza. Un dise\u00f1o del argentino Umberto Felci de 12,35 m. de eslora, que cruz\u00f3 la l\u00ednea de llegada esta ma\u00f1ana a las 8:16:05 h, invirtiendo en las 117 millas desde Denia un total 18h,16m,05s.\u00a0<\/strong><\/p>\n<p style=\"text-align: justify;\"><a title=\"_AFB2055\" href=\"#\" rel=\"\"><img loading=\"lazy\" decoding=\"async\" class=\" aligncenter\" title=\"_AFB2055\" src=\"http:\/\/farm2.staticflickr.com\/1563\/26038405486_362f34088e_z.jpg\" alt=\"_AFB2055\" width=\"640\" height=\"471\" \/><\/a><\/p>\n<p style=\"text-align: justify;\">Un registro suficiente para imponerse por algo m\u00e1s de 11m al tambi\u00e9n Dufour 40 del CN de Ibiza \u00abAlba Alba\u00bb que, con un tiempo real de 18:22:08 h se ha abjudicado la segunda plaza en la general absoluta de la Versi\u00f3n Este.Cerrando el podio el Salona\u00a0\u00a037 LK\u00a0\u00a0\u00abSlainte\u00bb de Alejandro Grau del CN de Cullera.<\/p>\n<p style=\"text-align: justify;\"><a title=\"_AFB2042\" href=\"#\" rel=\"\"><img loading=\"lazy\" decoding=\"async\" class=\" aligncenter\" title=\"_AFB2042\" src=\"http:\/\/farm2.staticflickr.com\/1494\/25459594054_162729697e_z.jpg\" alt=\"_AFB2042\" width=\"640\" height=\"471\" \/><\/a><\/p>\n<p style=\"text-align: justify;\">Indicar que a bordo del \u00abFinal de Obra\u00bb navego, reforzando al equipo de regatas de Damia Verdera, el ibicenco Manuel Guash ganador absoluto de la Ruta de La Sal en las ediciones del 2009, 2012 y 2015.<\/p>\n<p style=\"text-align: justify;\">\u00a0La victoria en Real de esta largada de 117 millas desde Denia para el\u00a0Swam 80 del RCR de Alicante, \u00abPlis-Play\u00bb de Vicente Garc\u00eda, con un tiempo de 14h,17m,14s, Un resultado que consolida un historial deportivo en la Versi\u00f3n Este de La Sal realmente espectacular; con victorias en Tiempo Real en los a\u00f1os 2003, 2005, 2007, 2008, 2009, 2010 y, 2012. Siendo tambi\u00e9n ganador absoluto en la general en el 2008.<\/p>\n<p style=\"text-align: justify;\"><a title=\"_AFB1943\" href=\"#\" rel=\"\"><img loading=\"lazy\" decoding=\"async\" class=\" aligncenter\" title=\"_AFB1943\" src=\"http:\/\/farm2.staticflickr.com\/1544\/25971871522_ce0bcb5b8a.jpg\" alt=\"_AFB1943\" width=\"500\" height=\"368\" \/><\/a><\/p>\n<p style=\"text-align: justify;\">Destacar, tambi\u00e9n,\u00a0\u00a0que en la edici\u00f3n del 2012, coincidiendo con el 25 aniversario de La Sal con un registro de 13h \/10m \/15s en cubrir las 117 millas desde Denia, el \u00abPlis-Play\u00bb estableci\u00f3 un nuevo record de velocidad absoluto para esta traves\u00eda. Titulo que, par\u00f3dicamente manten\u00eda hasta entonces el mismo equipo de Vicente Garc\u00eda, conseguido en la edici\u00f3n del 2010 cuando lograron cubrir el circuito Este en 21h \/ 02m\/ 38s.<\/p>\n<p style=\"text-align: justify;\">La Versi\u00f3n Este de La Sal 2016 se navego en unas condiciones magn\u00edficas; vientos muy estables y constantes del SO que alcanzaron hasta los 18 nudos, con promedios de unos 12\/14 nudos. Poca mar, y siempre a favor. Unos escenarios que permitieron que la regata fuese muy r\u00e1pida. Que la flota se mantuviese,\u00a0\u00a0en general, muy junta.<\/p>\n<p style=\"text-align: justify;\"><a title=\"DSC_3820 (2)\" href=\"#\" rel=\"\"><img loading=\"lazy\" decoding=\"async\" class=\" aligncenter\" title=\"DSC_3820 (2)\" src=\"http:\/\/farm2.staticflickr.com\/1450\/25956847361_8fea443f34_z.jpg\" alt=\"DSC_3820 (2)\" width=\"640\" height=\"429\" \/><\/a><\/p>\n<p style=\"text-align: justify;\">Para los barcos m\u00e1s r\u00e1pidos fue muy dif\u00edcil marcas distancias para sacar diferencias funcionales de cara a las compensaciones. Basta considerar que los tres primeros en real, en la general compensada ocuparon las plazas 11, 13 y 12 respectivamente.<\/p>\n<p>Fue, sin duda alguna una regata ideal para barcos de eslora media y, como siempre en La Sal para los muy expertos navegantes Ibicencos, que triunfaron. Grandes conocedores de las aguas donde se disputa la regata, en especial de esas t\u00e1cticamente complejas \u00faltimas millas hasta la l\u00ednea de llegada, en las que muchas veces se establece, de una manera, determinate quien resulta el m\u00e1s r\u00e1pido. Enhorabuena para ellos. La Ruta de La Sal es patrimonio de esas tierras.<\/p>\n<h1 style=\"text-align: justify;\"><span style=\"text-decoration: underline;\">Versi\u00f3n Norte;<\/span><strong>\u00a0<\/strong><\/h1>\n<p style=\"text-align: justify;\"><strong>Tras invertir 18h,42m,05s en la singladura desde Barcelona a Sant Antoni de Portmany, el velero alem\u00e1n \u00abCaro\u00bb se ha proclamando doble vencedor de la Versi\u00f3n Norte de la regata, acumulando tanto la victoria en Tiempo Real como la de ganador absoluto en la general de este grupo. Un resultado de lujo que acredita a este equipo de regatas como una referencia deportiva obligada en la historia de La Sal.<\/strong><\/p>\n<p style=\"text-align: justify;\"><a title=\"29 Edici\u00f3n de La Ruta de La Sal 2016 (Trofeo Pepe Ferr\u00e9s)\" href=\"#\" rel=\"\"><img loading=\"lazy\" decoding=\"async\" class=\" aligncenter\" title=\"29 Edici\u00f3n de La Ruta de La Sal 2016 (Trofeo Pepe Ferr\u00e9s)\" src=\"http:\/\/farm2.staticflickr.com\/1506\/25950288762_c6dda4ae89_z.jpg\" alt=\"29 Edici\u00f3n de La Ruta de La Sal 2016 (Trofeo Pepe Ferr\u00e9s)\" width=\"640\" height=\"471\" \/><\/a><\/p>\n<p style=\"text-align: justify;\">Para el armador aleman Maximilian Klink, esta mencion con su nuevo Botin 65 \u00abCaro\u00bb no hace mas que confirmar su extraordinario palmares deportivo en difrentes convocatorias de La Sal; cabe recordar que Maximilian Klink acumula tres importantes victorias en la Versi\u00f3n Norte de Ruta de La Sal; En el 2007, fue vencedor absoluto en tiempo real y compensado, lo que le convirti\u00f3 en el primer equipo extranjero que lograba vencer en la regata. En el 2011,con su J&amp;V50 \u00abCaro\u00bb fue el m\u00e1s r\u00e1pido en cubrir las 140 millas desde Port Ginesta hasta San Antoni de Portamny\u00a0\u00a0con un registro, de tan solo 13 horas, 18 minutos y 54 segundos. Acreditando una velocidad media durante toda traves\u00eda superior a los 10,70 nudos. Estableciendo un record para esta\u00a0\u00a0singladura que, normalmente, ser\u00e1 muy dif\u00edcil de superar.<\/p>\n<p style=\"text-align: justify;\"><a title=\"_AFB2050\" href=\"#\" rel=\"\"><img loading=\"lazy\" decoding=\"async\" class=\" aligncenter\" title=\"_AFB2050\" src=\"http:\/\/farm2.staticflickr.com\/1564\/26064355875_a1a48eec0a_z.jpg\" alt=\"_AFB2050\" width=\"640\" height=\"471\" \/><\/a><\/p>\n<p style=\"text-align: justify;\">El \u00abCaro\u00bb es un dise\u00f1o del arquitecto naval cantabro Bot\u00edn para una eslora de 65 pies -18,85 m.- ideado para la navegaci\u00f3n deportiva de altura; con este barco Maximilian Klink gano, contra una flota de 268 equipos, la regata Oce\u00e1nica ARC 2013 de Las Palmas de Gran Canaria a Rodney Bay en Santa Lucia, en total unas 2.700 millas de competici\u00f3n, en las que \u00abCaro\u00bb logro rebajar el r\u00e9cord de tiempo absoluto en m\u00e1s de 8 horas, estableciendo un registro de 10 d\u00edas y 21 horas que ser\u00e1n muy dif\u00edciles de rebajar, seg\u00fan apuntan los responsables de la organizaci\u00f3n de este evento.<\/p>\n<p style=\"text-align: justify;\"><a title=\"_AFB1939\" href=\"#\" rel=\"\"><img loading=\"lazy\" decoding=\"async\" class=\" aligncenter\" title=\"_AFB1939\" src=\"http:\/\/farm2.staticflickr.com\/1696\/25791552210_71d79048cc_z.jpg\" alt=\"_AFB1939\" width=\"640\" height=\"471\" \/><\/a><\/p>\n<p style=\"text-align: justify;\">La segunda plaza en la general para el \u00abGramona\u00bb de Jes\u00fas Turr\u00f3,\u00a0\u00a0un GS50 que invirtio 23h,23m,33s en las 140 millas desde Barcelona, cerr\u00f3 el podio el TP52 \u00abAudax-Energia\u00bb de Toni Guiu y Pablo Garriga, con un registro de 21h,28m,57s. Barcos, estos \u00faltimos,\u00a0\u00a0que lograron situarse en tercera y segunda plaza, respectivamente, en la clasificaci\u00f3n en Tiempo Real.<\/p>\n<div style=\"clear: both;\"><\/div>\n<p style=\"text-align: justify;\"><a title=\"_AFB2040\" href=\"#\" rel=\"\"><img loading=\"lazy\" decoding=\"async\" class=\"alignleft\" title=\"_AFB2040\" src=\"http:\/\/farm2.staticflickr.com\/1685\/26038430356_e6904042a5_n.jpg\" alt=\"_AFB2040\" width=\"320\" height=\"236\" \/><\/a><a title=\"_AFB2035\" href=\"#\" rel=\"\"><img loading=\"lazy\" decoding=\"async\" class=\"alignleft\" title=\"_AFB2035\" src=\"http:\/\/farm2.staticflickr.com\/1561\/26064372215_f51d6bc46e_n.jpg\" alt=\"_AFB2035\" width=\"320\" height=\"236\" \/><\/a><\/p>\n<p style=\"text-align: justify;\"><a title=\"29 Edici\u00f3n de La Ruta de La Sal 2016 (Trofeo Pepe Ferr\u00e9s)\" href=\"#\" rel=\"\"><img loading=\"lazy\" decoding=\"async\" class=\"alignleft\" title=\"29 Edici\u00f3n de La Ruta de La Sal 2016 (Trofeo Pepe Ferr\u00e9s)\" src=\"http:\/\/farm2.staticflickr.com\/1571\/25438060814_9be0d5f573.jpg\" alt=\"29 Edici\u00f3n de La Ruta de La Sal 2016 (Trofeo Pepe Ferr\u00e9s)\" width=\"321\" height=\"188\" \/><\/a><a title=\"29 Edici\u00f3n de La Ruta de La Sal 2016 (Trofeo Pepe Ferr\u00e9s)\" href=\"#\" rel=\"\"><img loading=\"lazy\" decoding=\"async\" class=\"alignleft\" title=\"29 Edici\u00f3n de La Ruta de La Sal 2016 (Trofeo Pepe Ferr\u00e9s)\" src=\"http:\/\/farm2.staticflickr.com\/1638\/25950289042_e69ea352f3_n.jpg\" alt=\"29 Edici\u00f3n de La Ruta de La Sal 2016 (Trofeo Pepe Ferr\u00e9s)\" width=\"320\" height=\"236\" \/><\/a><\/p>\n<p style=\"text-align: justify;\">.<\/p>\n<p style=\"text-align: justify;\">La Versi\u00f3n Norte de La Sal 2016, fue una regata para barcos grandes. Vientos de proa poco estables, fundamentalmente del SO, afectados por roladas de hasta 20\u00b0 para un lado u otro, que hac\u00edan que las estrategias de navegaci\u00f3n fuesen en muchos casos muy aleatorias. Intensidades medias de 12\/16 nudos, puntas de casi 20. Siempre de proa. Con una mar tendida del norte que en la primera millas, tras la salida en Port Ginesta ayudaba a avanzar pero que, en pocas horas se vio alterada por la formada por los vientos dominantes de S, convirti\u00e9ndose en una ola de proa corta y alta que, implicaba una navegaci\u00f3n con fuertes pantocazos, muy dura y lenta.<\/p>\n<div style=\"clear: both;\"><\/div>\n<p style=\"text-align: justify;\"><a title=\"_AFB1465\" href=\"#\" rel=\"\"><img loading=\"lazy\" decoding=\"async\" class=\"alignleft\" title=\"_AFB1465\" src=\"http:\/\/farm2.staticflickr.com\/1587\/25791209320_b2595f5aa3_n.jpg\" alt=\"_AFB1465\" width=\"320\" height=\"236\" \/><\/a><a title=\"_AFB1645\" href=\"#\" rel=\"\"><img loading=\"lazy\" decoding=\"async\" class=\" alignright\" title=\"_AFB1645\" src=\"http:\/\/farm2.staticflickr.com\/1629\/26038181906_a2e0dc5406_n.jpg\" alt=\"_AFB1645\" width=\"320\" height=\"236\" \/><\/a><\/p>\n<p style=\"text-align: justify;\"><a title=\"_AFB1316\" href=\"#\" rel=\"\"><img loading=\"lazy\" decoding=\"async\" class=\"alignleft\" title=\"_AFB1316\" src=\"http:\/\/farm2.staticflickr.com\/1583\/25461402183_a1c866d6f2_n.jpg\" alt=\"_AFB1316\" width=\"320\" height=\"236\" \/><\/a>\u00a0<a title=\"_AFB1336\" href=\"#\" rel=\"\"><img loading=\"lazy\" decoding=\"async\" class=\" alignright\" title=\"_AFB1336\" src=\"http:\/\/farm2.staticflickr.com\/1476\/26038051196_b9f5fb8e80_n.jpg\" alt=\"_AFB1336\" width=\"320\" height=\"236\" \/><\/a><\/p>\n<div style=\"clear: both;\"><\/div>\n<p style=\"text-align: justify;\">Con estos escenarios los barcos m\u00e1s grandes y r\u00e1pidos impusieron las ventajas de la eslora; Los tres primeros entraron entre las 4:42 am y las 7:26 am, el cuarto lo hac\u00eda a las 12:31 pm del Viernes 25 de Marzo del 2016. Los tres ganadores en real se repartieron el podio en compensado.<\/p>\n<div style=\"clear: both;\"><\/div>\n<p style=\"text-align: justify;\"><a title=\"_AFB1835\" href=\"#\" rel=\"\"><img loading=\"lazy\" decoding=\"async\" class=\"alignleft\" title=\"_AFB1835\" src=\"http:\/\/farm2.staticflickr.com\/1463\/25461469303_da03c1abdc_n.jpg\" alt=\"_AFB1835\" width=\"320\" height=\"236\" \/><\/a><a title=\"_AFB1845\" href=\"#\" rel=\"\"><img loading=\"lazy\" decoding=\"async\" class=\" alignright\" title=\"_AFB1845\" src=\"http:\/\/farm2.staticflickr.com\/1655\/26064457405_da00b22c55_n.jpg\" alt=\"_AFB1845\" width=\"320\" height=\"236\" \/><\/a><\/p>\n<p style=\"text-align: justify;\"><a title=\"_AFB1329\" href=\"#\" rel=\"\"><img loading=\"lazy\" decoding=\"async\" class=\"alignleft\" title=\"_AFB1329\" src=\"http:\/\/farm2.staticflickr.com\/1709\/25459220684_1dd1cc0e84_n.jpg\" alt=\"_AFB1329\" width=\"320\" height=\"236\" \/><\/a><a title=\"_AFB1462\" href=\"#\" rel=\"\"><img loading=\"lazy\" decoding=\"async\" class=\" alignright\" title=\"_AFB1462\" src=\"http:\/\/farm2.staticflickr.com\/1698\/25459298994_bb275ea0f4_n.jpg\" alt=\"_AFB1462\" width=\"320\" height=\"236\" \/><\/a><\/p>\n<div style=\"clear: both;\"><\/div>\n<p style=\"text-align: justify;\">La Ruta de La Sal &#8211; Trofeo Pepe Ferres 2016 termino, como no podia ser de otra manera, con el acto de entrega de premios presidido por Vicente Torres Guash , Presidente del Consell de Ibiza y Jos\u00e9 Tur , Alcalde del Ayuntamiento de Sant Antoni de Portmany y Presidente del CN de Sant Antoni. Despu\u00e9s de una magn\u00edfica cena en el restaurante del Club, la Fiesta de La Sal, que se alarg\u00f3 hasta bien entrada la madrugada de una noche muy m\u00e1gica, de historias de mar, que aunque de finales de Marzo, trasmitia sensaciones de est\u00edo. Luego, como cada a\u00f1o, la Sal 2016 dio paso a la 30 edici\u00f3n de la regata que se disputar\u00e1, como siempre, en la Semana Santa del 2017, la cuenta atr\u00e1s ha comenzado. Ser\u00e1 una convocatoria muy especial, cargada de recuerdos, an\u00e9cdotas y atractivos deportivos.<\/p>\n<div style=\"clear: both;\"><\/div>\n<p style=\"text-align: justify;\"><a title=\"_AFB1853\" href=\"#\" rel=\"\"><img loading=\"lazy\" decoding=\"async\" class=\"alignleft\" title=\"_AFB1853\" src=\"http:\/\/farm2.staticflickr.com\/1683\/25459677314_20bef07c81_n.jpg\" alt=\"_AFB1853\" width=\"320\" height=\"236\" \/><\/a><img loading=\"lazy\" decoding=\"async\" class=\" alignright\" title=\"_AFB1882\" src=\"http:\/\/farm2.staticflickr.com\/1695\/25461847703_ce953b30d1_n.jpg\" alt=\"_AFB1882\" width=\"320\" height=\"236\" \/><\/p>\n<p style=\"text-align: justify;\"><a title=\"_AFB1389\" href=\"#\" rel=\"\"><img loading=\"lazy\" decoding=\"async\" class=\"alignleft\" title=\"_AFB1389\" src=\"http:\/\/farm2.staticflickr.com\/1581\/25997646641_f3f6fd0779_n.jpg\" alt=\"_AFB1389\" width=\"320\" height=\"236\" \/><\/a><a title=\"_AFB2072\" href=\"#\" rel=\"\"><img loading=\"lazy\" decoding=\"async\" class=\" alignright\" title=\"_AFB2072\" src=\"http:\/\/farm2.staticflickr.com\/1625\/25459559674_2ef82ea588_n.jpg\" alt=\"_AFB2072\" width=\"320\" height=\"236\" \/><\/a><\/p>\n<p style=\"text-align: justify;\"><a title=\"_AFB2077\" href=\"#\" rel=\"\"><img loading=\"lazy\" decoding=\"async\" class=\" alignright\" title=\"_AFB2077\" src=\"http:\/\/farm2.staticflickr.com\/1555\/26038394276_b6ec54b1f7_n.jpg\" alt=\"_AFB2077\" width=\"320\" height=\"236\" \/><\/a><\/p>\n<p style=\"text-align: justify;\"><a title=\"_AFB2154\" href=\"#\" rel=\"\"><img loading=\"lazy\" decoding=\"async\" class=\"alignleft\" title=\"_AFB2154\" src=\"http:\/\/farm2.staticflickr.com\/1538\/25461711573_74930c624b_n.jpg\" alt=\"_AFB2154\" width=\"320\" height=\"236\" \/><\/a><\/p>\n<p style=\"text-align: justify;\"><a title=\"_AFB2067\" href=\"#\" rel=\"\"><img loading=\"lazy\" decoding=\"async\" class=\"alignleft\" title=\"_AFB2067\" src=\"http:\/\/farm2.staticflickr.com\/1466\/25461743373_cedc525bd3_n.jpg\" alt=\"_AFB2067\" width=\"320\" height=\"236\" \/><\/a>\u00a0\u00a0<img loading=\"lazy\" decoding=\"async\" class=\" alignright\" title=\"_AFB2094\" src=\"http:\/\/farm2.staticflickr.com\/1539\/26038388186_375b251910_n.jpg\" alt=\"_AFB2094\" width=\"320\" height=\"236\" \/><\/p>\n<p style=\"text-align: justify;\"><a title=\"_AFB1488\" href=\"#\" rel=\"\"><img loading=\"lazy\" decoding=\"async\" class=\"alignleft\" title=\"_AFB1488\" src=\"http:\/\/farm2.staticflickr.com\/1673\/25791210900_b1185aea98_n.jpg\" alt=\"_AFB1488\" width=\"320\" height=\"236\" \/><\/a><a title=\"_AFB1764\" href=\"#\" rel=\"\"><img loading=\"lazy\" decoding=\"async\" class=\" alignright\" title=\"_AFB1764\" src=\"http:\/\/farm2.staticflickr.com\/1686\/26044157506_340d584403_n.jpg\" alt=\"_AFB1764\" width=\"320\" height=\"236\" \/><\/a><\/p>\n<p style=\"text-align: justify;\"><a title=\"_AFB1760\" href=\"#\" rel=\"\"><img loading=\"lazy\" decoding=\"async\" class=\"alignleft\" title=\"_AFB1760\" src=\"http:\/\/farm2.staticflickr.com\/1555\/26044158266_698578ffd1_n.jpg\" alt=\"_AFB1760\" width=\"320\" height=\"236\" \/><\/a><a title=\"_AFB1757\" href=\"#\" rel=\"\"><img loading=\"lazy\" decoding=\"async\" class=\" alignright\" title=\"_AFB1757\" src=\"http:\/\/farm2.staticflickr.com\/1570\/26070216265_3e71120729_n.jpg\" alt=\"_AFB1757\" width=\"320\" height=\"236\" \/><\/a><\/p>\n<p style=\"text-align: justify;\"><a title=\"_AFB1769\" href=\"#\" rel=\"\"><img loading=\"lazy\" decoding=\"async\" class=\"alignleft\" title=\"_AFB1769\" src=\"http:\/\/farm2.staticflickr.com\/1543\/25467507413_9a707ce5cb_n.jpg\" alt=\"_AFB1769\" width=\"320\" height=\"236\" \/><\/a><a title=\"_AFB1743\" href=\"#\" rel=\"\"><img loading=\"lazy\" decoding=\"async\" class=\" alignright\" title=\"_AFB1743\" src=\"http:\/\/farm2.staticflickr.com\/1465\/26044159126_cfd3ac14cb_n.jpg\" alt=\"_AFB1743\" width=\"320\" height=\"236\" \/><\/a><\/p>\n","protected":false},"excerpt":{"rendered":"<p>&gt;-EL Bot\u00edn 65 \u00bb del alem\u00e1n Maximilian Klink logra la victoria en Tiempo Real y en la general absoluta de la Versi\u00f3n Norte de La Sal 2016 -El GS50 \u00abGramona\u00bb de Jes\u00fas Turro del RCN de Barcelona y el TP52 de Toni Guiu y Pablo Garriga del RCM de Barcelona, segundo y tercero, respectivamente,\u00a0\u00a0en la [&hellip;]<\/p>\n","protected":false},"author":1,"featured_media":3766,"comment_status":"open","ping_status":"open","sticky":false,"template":"","format":"standard","meta":{"_acf_changed":false,"footnotes":""},"categories":[2],"tags":[],"acf":[],"yoast_head":"<!-- This site is optimized with the Yoast SEO plugin v23.0 - https:\/\/yoast.com\/wordpress\/plugins\/seo\/ -->\n<title>La Ruta de la Sal 2016 | Regata La Ruta de la Sal<\/title>\n<meta name=\"robots\" content=\"noindex, follow, max-snippet:-1, max-image-preview:large, max-video-preview:-1\" \/>\n<meta property=\"og:locale\" content=\"es_ES\" \/>\n<meta property=\"og:type\" content=\"article\" \/>\n<meta property=\"og:title\" content=\"La Ruta de la Sal 2016 | Regata La Ruta de la Sal\" \/>\n<meta property=\"og:description\" content=\"&gt;-EL Bot\u00edn 65 \u00bb del alem\u00e1n Maximilian Klink logra la victoria en Tiempo Real y en la general absoluta de la Versi\u00f3n Norte de La Sal 2016 -El GS50 \u00abGramona\u00bb de Jes\u00fas Turro del RCN de Barcelona y el TP52 de Toni Guiu y Pablo Garriga del RCM de Barcelona, segundo y tercero, respectivamente,\u00a0\u00a0en la [&hellip;]\" \/>\n<meta property=\"og:url\" content=\"https:\/\/labs.100x100.net\/projects\/rutasal\/la-ruta-de-la-sal-2016\/\" \/>\n<meta property=\"og:site_name\" content=\"Regata La Ruta de la Sal\" \/>\n<meta property=\"article:publisher\" content=\"https:\/\/www.facebook.com\/rutadelasal\/\" \/>\n<meta property=\"article:published_time\" content=\"2016-03-27T12:44:47+00:00\" \/>\n<meta property=\"article:modified_time\" content=\"2019-03-15T18:32:03+00:00\" \/>\n<meta property=\"og:image\" content=\"https:\/\/labs.100x100.net\/projects\/rutasal\/custom\/uploads\/2016\/03\/ruta-de-la-sal-2016.png\" \/>\n\t<meta property=\"og:image:width\" content=\"640\" \/>\n\t<meta property=\"og:image:height\" content=\"429\" \/>\n\t<meta property=\"og:image:type\" content=\"image\/png\" \/>\n<meta name=\"author\" content=\"La Ruta de la Sal\" \/>\n<meta name=\"twitter:card\" content=\"summary_large_image\" \/>\n<meta name=\"twitter:creator\" content=\"@AnamMedi\" \/>\n<meta name=\"twitter:site\" content=\"@AnamMedi\" \/>\n<meta name=\"twitter:label1\" content=\"Escrito por\" \/>\n\t<meta name=\"twitter:data1\" content=\"La Ruta de la Sal\" \/>\n\t<meta name=\"twitter:label2\" content=\"Tiempo de lectura\" \/>\n\t<meta name=\"twitter:data2\" content=\"7 minutos\" \/>\n<script type=\"application\/ld+json\" class=\"yoast-schema-graph\">{\"@context\":\"https:\/\/schema.org\",\"@graph\":[{\"@type\":\"WebPage\",\"@id\":\"https:\/\/labs.100x100.net\/projects\/rutasal\/la-ruta-de-la-sal-2016\/\",\"url\":\"https:\/\/labs.100x100.net\/projects\/rutasal\/la-ruta-de-la-sal-2016\/\",\"name\":\"La Ruta de la Sal 2016 | Regata La Ruta de la Sal\",\"isPartOf\":{\"@id\":\"https:\/\/labs.100x100.net\/projects\/rutasal\/#website\"},\"primaryImageOfPage\":{\"@id\":\"https:\/\/labs.100x100.net\/projects\/rutasal\/la-ruta-de-la-sal-2016\/#primaryimage\"},\"image\":{\"@id\":\"https:\/\/labs.100x100.net\/projects\/rutasal\/la-ruta-de-la-sal-2016\/#primaryimage\"},\"thumbnailUrl\":\"https:\/\/labs.100x100.net\/projects\/rutasal\/custom\/uploads\/2016\/03\/ruta-de-la-sal-2016.png\",\"datePublished\":\"2016-03-27T12:44:47+00:00\",\"dateModified\":\"2019-03-15T18:32:03+00:00\",\"author\":{\"@id\":\"https:\/\/labs.100x100.net\/projects\/rutasal\/#\/schema\/person\/214eeb4a2e78fd8373a0a94f6d93c9ca\"},\"breadcrumb\":{\"@id\":\"https:\/\/labs.100x100.net\/projects\/rutasal\/la-ruta-de-la-sal-2016\/#breadcrumb\"},\"inLanguage\":\"es\",\"potentialAction\":[{\"@type\":\"ReadAction\",\"target\":[\"https:\/\/labs.100x100.net\/projects\/rutasal\/la-ruta-de-la-sal-2016\/\"]}]},{\"@type\":\"ImageObject\",\"inLanguage\":\"es\",\"@id\":\"https:\/\/labs.100x100.net\/projects\/rutasal\/la-ruta-de-la-sal-2016\/#primaryimage\",\"url\":\"https:\/\/labs.100x100.net\/projects\/rutasal\/custom\/uploads\/2016\/03\/ruta-de-la-sal-2016.png\",\"contentUrl\":\"https:\/\/labs.100x100.net\/projects\/rutasal\/custom\/uploads\/2016\/03\/ruta-de-la-sal-2016.png\",\"width\":640,\"height\":429},{\"@type\":\"BreadcrumbList\",\"@id\":\"https:\/\/labs.100x100.net\/projects\/rutasal\/la-ruta-de-la-sal-2016\/#breadcrumb\",\"itemListElement\":[{\"@type\":\"ListItem\",\"position\":1,\"name\":\"Portada\",\"item\":\"https:\/\/labs.100x100.net\/projects\/rutasal\/\"},{\"@type\":\"ListItem\",\"position\":2,\"name\":\"La Ruta de la Sal 2016\"}]},{\"@type\":\"WebSite\",\"@id\":\"https:\/\/labs.100x100.net\/projects\/rutasal\/#website\",\"url\":\"https:\/\/labs.100x100.net\/projects\/rutasal\/\",\"name\":\"Regata La Ruta de la Sal\",\"description\":\"Regata La Ruta de la Sal es una regata de Altura Mediterr\u00e1nea para barcos de crucero a vela con destino en Ibiza, que se disputa anualmente en Semana Santa.\",\"potentialAction\":[{\"@type\":\"SearchAction\",\"target\":{\"@type\":\"EntryPoint\",\"urlTemplate\":\"https:\/\/labs.100x100.net\/projects\/rutasal\/?s={search_term_string}\"},\"query-input\":\"required name=search_term_string\"}],\"inLanguage\":\"es\"},{\"@type\":\"Person\",\"@id\":\"https:\/\/labs.100x100.net\/projects\/rutasal\/#\/schema\/person\/214eeb4a2e78fd8373a0a94f6d93c9ca\",\"name\":\"La Ruta de la Sal\",\"image\":{\"@type\":\"ImageObject\",\"inLanguage\":\"es\",\"@id\":\"https:\/\/labs.100x100.net\/projects\/rutasal\/#\/schema\/person\/image\/\",\"url\":\"https:\/\/secure.gravatar.com\/avatar\/b247286d4b801d6b1cfcfb3807587284?s=96&d=mm&r=g\",\"contentUrl\":\"https:\/\/secure.gravatar.com\/avatar\/b247286d4b801d6b1cfcfb3807587284?s=96&d=mm&r=g\",\"caption\":\"La Ruta de la Sal\"}}]}<\/script>\n<!-- \/ Yoast SEO plugin. -->","yoast_head_json":{"title":"La Ruta de la Sal 2016 | Regata La Ruta de la Sal","robots":{"index":"noindex","follow":"follow","max-snippet":"max-snippet:-1","max-image-preview":"max-image-preview:large","max-video-preview":"max-video-preview:-1"},"og_locale":"es_ES","og_type":"article","og_title":"La Ruta de la Sal 2016 | Regata La Ruta de la Sal","og_description":"&gt;-EL Bot\u00edn 65 \u00bb del alem\u00e1n Maximilian Klink logra la victoria en Tiempo Real y en la general absoluta de la Versi\u00f3n Norte de La Sal 2016 -El GS50 \u00abGramona\u00bb de Jes\u00fas Turro del RCN de Barcelona y el TP52 de Toni Guiu y Pablo Garriga del RCM de Barcelona, segundo y tercero, respectivamente,\u00a0\u00a0en la [&hellip;]","og_url":"https:\/\/labs.100x100.net\/projects\/rutasal\/la-ruta-de-la-sal-2016\/","og_site_name":"Regata La Ruta de la Sal","article_publisher":"https:\/\/www.facebook.com\/rutadelasal\/","article_published_time":"2016-03-27T12:44:47+00:00","article_modified_time":"2019-03-15T18:32:03+00:00","og_image":[{"width":640,"height":429,"url":"https:\/\/labs.100x100.net\/projects\/rutasal\/custom\/uploads\/2016\/03\/ruta-de-la-sal-2016.png","type":"image\/png"}],"author":"La Ruta de la Sal","twitter_card":"summary_large_image","twitter_creator":"@AnamMedi","twitter_site":"@AnamMedi","twitter_misc":{"Escrito por":"La Ruta de la Sal","Tiempo de lectura":"7 minutos"},"schema":{"@context":"https:\/\/schema.org","@graph":[{"@type":"WebPage","@id":"https:\/\/labs.100x100.net\/projects\/rutasal\/la-ruta-de-la-sal-2016\/","url":"https:\/\/labs.100x100.net\/projects\/rutasal\/la-ruta-de-la-sal-2016\/","name":"La Ruta de la Sal 2016 | Regata La Ruta de la Sal","isPartOf":{"@id":"https:\/\/labs.100x100.net\/projects\/rutasal\/#website"},"primaryImageOfPage":{"@id":"https:\/\/labs.100x100.net\/projects\/rutasal\/la-ruta-de-la-sal-2016\/#primaryimage"},"image":{"@id":"https:\/\/labs.100x100.net\/projects\/rutasal\/la-ruta-de-la-sal-2016\/#primaryimage"},"thumbnailUrl":"https:\/\/labs.100x100.net\/projects\/rutasal\/custom\/uploads\/2016\/03\/ruta-de-la-sal-2016.png","datePublished":"2016-03-27T12:44:47+00:00","dateModified":"2019-03-15T18:32:03+00:00","author":{"@id":"https:\/\/labs.100x100.net\/projects\/rutasal\/#\/schema\/person\/214eeb4a2e78fd8373a0a94f6d93c9ca"},"breadcrumb":{"@id":"https:\/\/labs.100x100.net\/projects\/rutasal\/la-ruta-de-la-sal-2016\/#breadcrumb"},"inLanguage":"es","potentialAction":[{"@type":"ReadAction","target":["https:\/\/labs.100x100.net\/projects\/rutasal\/la-ruta-de-la-sal-2016\/"]}]},{"@type":"ImageObject","inLanguage":"es","@id":"https:\/\/labs.100x100.net\/projects\/rutasal\/la-ruta-de-la-sal-2016\/#primaryimage","url":"https:\/\/labs.100x100.net\/projects\/rutasal\/custom\/uploads\/2016\/03\/ruta-de-la-sal-2016.png","contentUrl":"https:\/\/labs.100x100.net\/projects\/rutasal\/custom\/uploads\/2016\/03\/ruta-de-la-sal-2016.png","width":640,"height":429},{"@type":"BreadcrumbList","@id":"https:\/\/labs.100x100.net\/projects\/rutasal\/la-ruta-de-la-sal-2016\/#breadcrumb","itemListElement":[{"@type":"ListItem","position":1,"name":"Portada","item":"https:\/\/labs.100x100.net\/projects\/rutasal\/"},{"@type":"ListItem","position":2,"name":"La Ruta de la Sal 2016"}]},{"@type":"WebSite","@id":"https:\/\/labs.100x100.net\/projects\/rutasal\/#website","url":"https:\/\/labs.100x100.net\/projects\/rutasal\/","name":"Regata La Ruta de la Sal","description":"Regata La Ruta de la Sal es una regata de Altura Mediterr\u00e1nea para barcos de crucero a vela con destino en Ibiza, que se disputa anualmente en Semana Santa.","potentialAction":[{"@type":"SearchAction","target":{"@type":"EntryPoint","urlTemplate":"https:\/\/labs.100x100.net\/projects\/rutasal\/?s={search_term_string}"},"query-input":"required name=search_term_string"}],"inLanguage":"es"},{"@type":"Person","@id":"https:\/\/labs.100x100.net\/projects\/rutasal\/#\/schema\/person\/214eeb4a2e78fd8373a0a94f6d93c9ca","name":"La Ruta de la Sal","image":{"@type":"ImageObject","inLanguage":"es","@id":"https:\/\/labs.100x100.net\/projects\/rutasal\/#\/schema\/person\/image\/","url":"https:\/\/secure.gravatar.com\/avatar\/b247286d4b801d6b1cfcfb3807587284?s=96&d=mm&r=g","contentUrl":"https:\/\/secure.gravatar.com\/avatar\/b247286d4b801d6b1cfcfb3807587284?s=96&d=mm&r=g","caption":"La Ruta de la Sal"}}]}},"_links":{"self":[{"href":"https:\/\/labs.100x100.net\/projects\/rutasal\/wp-json\/wp\/v2\/posts\/2257"}],"collection":[{"href":"https:\/\/labs.100x100.net\/projects\/rutasal\/wp-json\/wp\/v2\/posts"}],"about":[{"href":"https:\/\/labs.100x100.net\/projects\/rutasal\/wp-json\/wp\/v2\/types\/post"}],"author":[{"embeddable":true,"href":"https:\/\/labs.100x100.net\/projects\/rutasal\/wp-json\/wp\/v2\/users\/1"}],"replies":[{"embeddable":true,"href":"https:\/\/labs.100x100.net\/projects\/rutasal\/wp-json\/wp\/v2\/comments?post=2257"}],"version-history":[{"count":8,"href":"https:\/\/labs.100x100.net\/projects\/rutasal\/wp-json\/wp\/v2\/posts\/2257\/revisions"}],"predecessor-version":[{"id":3965,"href":"https:\/\/labs.100x100.net\/projects\/rutasal\/wp-json\/wp\/v2\/posts\/2257\/revisions\/3965"}],"wp:featuredmedia":[{"embeddable":true,"href":"https:\/\/labs.100x100.net\/projects\/rutasal\/wp-json\/wp\/v2\/media\/3766"}],"wp:attachment":[{"href":"https:\/\/labs.100x100.net\/projects\/rutasal\/wp-json\/wp\/v2\/media?parent=2257"}],"wp:term":[{"taxonomy":"category","embeddable":true,"href":"https:\/\/labs.100x100.net\/projects\/rutasal\/wp-json\/wp\/v2\/categories?post=2257"},{"taxonomy":"post_tag","embeddable":true,"href":"https:\/\/labs.100x100.net\/projects\/rutasal\/wp-json\/wp\/v2\/tags?post=2257"}],"curies":[{"name":"wp","href":"https:\/\/api.w.org\/{rel}","templated":true}]}}