{"id":2246,"date":"2016-03-25T21:19:42","date_gmt":"2016-03-25T19:19:42","guid":{"rendered":"https:\/\/larutadelasal.com\/?p=2246"},"modified":"2019-03-08T10:46:04","modified_gmt":"2019-03-08T08:46:04","slug":"caro-y-final-de-obra-ganadores-absolutos-de-la-ruta-de-la-sal-2016","status":"publish","type":"post","link":"https:\/\/labs.100x100.net\/projects\/rutasal\/caro-y-final-de-obra-ganadores-absolutos-de-la-ruta-de-la-sal-2016\/","title":{"rendered":"\u00abCaro\u00bb y \u00abFinal de Obra\u00bb ganadores absolutos de La Ruta de La Sal 2016."},"content":{"rendered":"<h1 style=\"text-align: justify;\">-.El Dufour 40 \u00abFinal de Obra\u00bb de Dami\u00e1n Verdera del CN de Ibiza, ganador absoluto de la Versi\u00f3n Este de La Sal 2016.<\/h1>\n<p style=\"text-align: justify;\"><strong>\u00a0<\/strong><em>-.La segunda plaza para \u00abAlba Alba\u00bb de Luis Mata del CN de Ibiza y la tercera para el \u00abSlainte\u00bb de Alejandro Gran del CN de Cullera<\/em><\/p>\n<p style=\"text-align: justify;\"><strong>-EL Bot\u00edn 65 \u00abCaro\u00bb del alem\u00e1n Maximizan Klink logra la victoria en Tiempo Real y en la general absoluta de la Versi\u00f3n Norte de La Sal 2016<\/strong><\/p>\n<p style=\"text-align: justify;\"><em>-El GS50 \u00abGramona\u00bb de Jes\u00fas Turro del RCN de Barcelona y el TP52 de Toni Guiu y Pablo Garriga del RCM de Barcelona, segundo y tercero, respectivamente, en la general absoluta de la Versi\u00f3n Norte de la regata.<\/em><\/p>\n<h1 style=\"text-align: justify;\"><span style=\"text-decoration: underline;\">Versi\u00f3n Este;<\/span><\/h1>\n<p style=\"text-align: justify;\"><strong>Importante victoria de la flota Ibicenca en la Versi\u00f3n Este de esta 29 edici\u00f3n de la Ruta de La Sal;\u00a0\u00a0primera plaza para\u00a0el Dufour 40 \u00abFinal de Obra\u00bb de Dami\u00e1n Verdera del CN de Ibiza. Un dise\u00f1o del argentino Umberto Felci de 12,35 m. de eslora, que cruz\u00f3 la l\u00ednea de llegada esta ma\u00f1ana a las 8:16:05 h, invirtiendo en las 117 millas desde Denia un total 18h,16m,05s.\u00a0<\/strong><\/p>\n<p style=\"text-align: justify;\"><a title=\"29 Edici\u00f3n de La Ruta de La Sal 2016 (Trofeo Pepe Ferr\u00e9s)\" href=\"#\" rel=\"\"><img loading=\"lazy\" decoding=\"async\" class=\"aligncenter\" title=\"29 Edici\u00f3n de La Ruta de La Sal 2016 (Trofeo Pepe Ferr\u00e9s)\" src=\"http:\/\/farm2.staticflickr.com\/1572\/26016886426_bff2ba8809_z.jpg\" alt=\"29 Edici\u00f3n de La Ruta de La Sal 2016 (Trofeo Pepe Ferr\u00e9s)\" width=\"640\" height=\"581\" \/><\/a><\/p>\n<p>&nbsp;<\/p>\n<p style=\"text-align: justify;\">Un registro suficiente para imponerse por algo m\u00e1s de 11m al tambi\u00e9n Dufour 40 del CN de Ibiza \u00abAlba Alba\u00bb que, con un tiempo real de 18:22:08 h se ha adjudicado la segunda plaza en la general absoluta de la Versi\u00f3n Este.Cerrando el podio el Salona\u00a0\u00a037 LK\u00a0\u00a0\u00abSlainte\u00bb de Alejandro Grau del CN de Cullera.<\/p>\n<p style=\"text-align: justify;\">Indicar que a bordo del \u00abFinal de Obra\u00bb navego, reforzando al equipo de regatas de Damia Verdara, el ibicenco Manuel Guash ganador absoluto de la Ruta de La Sal en las ediciones del 2009, 2012 y 2015.<\/p>\n<p style=\"text-align: justify;\">La victoria en Real de esta largada de 117 millas desde Denia para el\u00a0Swan 80 del RCR de Alicante, \u00abPlis-Play\u00bb de Vicente Garc\u00eda, con un tiempo de 14h,17m,14s, Un resultado que consolida un historial deportivo en Versi\u00f3n Este de La Sal realmente espectacular; con victorias en Tiempo Real en los a\u00f1os 2003, 2005, 2007, 2008, 2009, 2010 y, 2012. Siendo tambi\u00e9n ganador absoluto en la general en el 2008.<\/p>\n<p style=\"text-align: justify;\">Destacar, tambi\u00e9n,\u00a0\u00a0que en la edici\u00f3n del 2012, coincidiendo con el 25 aniversario de La Sal con un registro de 13h \/10m \/15s en cubrir las 117 millas desde Denia, el \u00abPlis-Play\u00bb estableci\u00f3 un nuevo r\u00e9cord de velocidad absoluto para esta traves\u00eda. Titulo que, par\u00f3dojicamente manten\u00eda hasta entonces el mismo equipo de Vicente Garc\u00eda, conseguido en la edici\u00f3n del 2010 cuando lograron cubrir el circuito Este en 21h \/ 02m\/ 38s.<\/p>\n<h1 style=\"text-align: justify;\"><span style=\"text-decoration: underline;\">Versi\u00f3n Norte;<\/span><\/h1>\n<p style=\"text-align: justify;\"><strong>Tras invertir 18h,42m,05s en la singladura desde Barcelona a Sant Antoni de Portmany, el velero alem\u00e1n \u00abCaro\u00bb se ha proclamando doble vencedor de la Versi\u00f3n Norte de la regata, acumulando tanto la victoria en Tiempo Real como la de ganador absoluto en la general de este grupo. Un resultado de lujo que acredita a este equipo de regatas como una referencia deportiva obligada en la historia de La Sal.<\/strong><\/p>\n<p style=\"text-align: justify;\"><a title=\"29 Edici\u00f3n de La Ruta de La Sal 2016 (Trofeo Pepe Ferr\u00e9s)\" href=\"#\" rel=\"\"><img loading=\"lazy\" decoding=\"async\" class=\"aligncenter\" title=\"29 Edici\u00f3n de La Ruta de La Sal 2016 (Trofeo Pepe Ferr\u00e9s)\" src=\"http:\/\/farm2.staticflickr.com\/1506\/25950288762_c6dda4ae89_z.jpg\" alt=\"29 Edici\u00f3n de La Ruta de La Sal 2016 (Trofeo Pepe Ferr\u00e9s)\" width=\"640\" height=\"471\" \/><\/a><\/p>\n<p style=\"text-align: justify;\">Para el armador alem\u00e1n Maximilian Klink, esta menci\u00f3n con su nuevo Bot\u00edn 65 \u00abCaro\u00bb no hace mas que confirmar su extraordinario palmares deportivo en diferentes convocatorias de La Sal; cabe recordar que Maximilian Klink acumula tres importantes victorias en la Versi\u00f3n Norte de Ruta de La Sal; En el 2007, fue vencedor absoluto en tiempo real y compensado, lo que le convirti\u00f3 en el primer equipo extranjero que lograba vencer en la regata. En el 2011,con su J&amp;V50 \u00abCaro\u00bb fue el m\u00e1s r\u00e1pido en cubrir las 140 millas desde Port Ginesta hasta San Antoni de Portamny\u00a0\u00a0con un registro, de tan solo 13 horas, 18 minutos y 54 segundos. Acreditando una velocidad media durante toda traves\u00eda superior a los 10,70 nudos. Estableciendo un r\u00e9cord para esta\u00a0\u00a0singladura que, normalmente, ser\u00e1 muy dif\u00edcil de superar.<\/p>\n<p style=\"text-align: justify;\">El \u00abCaro\u00bb es un dise\u00f1o del arquitecto naval c\u00e1ntabro Bot\u00edn para una eslora de 65 pies -18,85 m.- ideado para la navegaci\u00f3n deportiva de altura; con este barco Maximilian Klink gano, contra una flota de 268 equipos, la regata Oce\u00e1nica ARC 2013 de Las Palmas de Gran Canaria a Rodney Bay en Santa Lucia, en total unas 2.700 millas de competici\u00f3n, en las que \u00abCaro\u00bb logro rebajar el r\u00e9cord de tiempo absoluto en m\u00e1s de 8 horas, estableciendo un registro de 10 d\u00edas y 21 horas que ser\u00e1n muy dif\u00edciles de rebajar, seg\u00fan apuntan los responsables de la organizaci\u00f3n de este evento.<\/p>\n<p style=\"text-align: justify;\">Indicar que las predicciones meteorol\u00f3gicas que, apuntaban en la mayor\u00eda de los modelos que se ten\u00edan en consideraci\u00f3n hacia vientos de SO\/S de fuerza 3\/4 que se iban a mantener, incluso arreciando,\u00a0\u00a0durante toda la regata, no se han cumplido y la falta de viento y su gran inestabilidad, con dominantes de proa flojos y zonas de mar, han convertido a la Versi\u00f3n Norte en una regata extremadamente compleja y relativamente lenta para una gran parte de la flota.<\/p>\n<p style=\"text-align: justify;\">Los r\u00e1pidos tiempos marcados, dadas las circunstancias, por los tres l\u00edderes en tiempo real han sido determinantes de cara a una clasificaci\u00f3n general muy poco homog\u00e9nea y de grandes diferencias en tiempos, entre los l\u00edderes y el resto de la flota.<\/p>\n<p style=\"text-align: justify;\">La segunda plaza en la general para el \u00abGramona\u00bb de Jes\u00fas Turr\u00f3,\u00a0\u00a0un GS50 que invito 23h,23m,33s en las 140 millas desde Barcelona, cerr\u00f3 el podio el TP52 \u00abAudax-Energia\u00bb de Toni Guiu y Pablo Garriga, con un registro de 21h,28m,57s. Barcos, estos \u00faltimos,\u00a0\u00a0que lograron situarse en tercera y segunda plaza, respectivamente, en la clasificaci\u00f3n en Tiempo Real.<\/p>\n<p style=\"text-align: justify;\"><a title=\"29 Edici\u00f3n de La Ruta de La Sal 2016 (Trofeo Pepe Ferr\u00e9s)\" href=\"#\" rel=\"\"><img loading=\"lazy\" decoding=\"async\" class=\"aligncenter\" title=\"29 Edici\u00f3n de La Ruta de La Sal 2016 (Trofeo Pepe Ferr\u00e9s)\" src=\"http:\/\/farm2.staticflickr.com\/1638\/25950289042_e69ea352f3_z.jpg\" alt=\"29 Edici\u00f3n de La Ruta de La Sal 2016 (Trofeo Pepe Ferr\u00e9s)\" width=\"640\" height=\"471\" \/><\/a><\/p>\n<p style=\"text-align: justify;\"><a title=\"29 Edici\u00f3n de La Ruta de La Sal 2016 (Trofeo Pepe Ferr\u00e9s)\" href=\"#\" rel=\"\"><img loading=\"lazy\" decoding=\"async\" class=\"aligncenter\" title=\"29 Edici\u00f3n de La Ruta de La Sal 2016 (Trofeo Pepe Ferr\u00e9s)\" src=\"http:\/\/farm2.staticflickr.com\/1571\/25438060814_9be0d5f573_z.jpg\" alt=\"29 Edici\u00f3n de La Ruta de La Sal 2016 (Trofeo Pepe Ferr\u00e9s)\" width=\"640\" height=\"375\" \/><\/a><\/p>\n<p style=\"text-align: justify;\">Ma\u00f1ana s\u00e1bado 26 de Marzo sobre las 12:00 h esta prevista, en el Club N\u00e1utico de Sant Antoni una\u00a0\u00a0Rueda de Prensa con los ganadores absolutos de La Sal 2016. A las 20:00 h en la Carpa de la Sal tendr\u00e1 lugar el Acto Oficial de Entrega de Trofeos y al finalizar\u00a0\u00a0la Cena y Fiesta de clausura de esta 29 edici\u00f3n de La Sal.-Trofeo Pepe Ferres, en el restaurante del CN de Sant Antoni de Portmany.<\/p>\n","protected":false},"excerpt":{"rendered":"<p>\u00abCaro\u00bb y \u00abFinal de Obra\u00bb ganadores absolutos de La Ruta de La Sal 2016.<\/p>\n","protected":false},"author":1,"featured_media":3652,"comment_status":"open","ping_status":"open","sticky":false,"template":"","format":"standard","meta":{"_acf_changed":false,"footnotes":""},"categories":[3],"tags":[],"acf":[],"yoast_head":"<!-- This site is optimized with the Yoast SEO plugin v23.0 - https:\/\/yoast.com\/wordpress\/plugins\/seo\/ -->\n<title>&quot;Caro&quot; y &quot;Final de Obra&quot; ganadores absolutos de La Ruta de La Sal 2016. | Regata La Ruta de la Sal<\/title>\n<meta name=\"robots\" content=\"noindex, follow, max-snippet:-1, max-image-preview:large, max-video-preview:-1\" \/>\n<meta property=\"og:locale\" content=\"es_ES\" \/>\n<meta property=\"og:type\" content=\"article\" \/>\n<meta property=\"og:title\" content=\"&quot;Caro&quot; y &quot;Final de Obra&quot; ganadores absolutos de La Ruta de La Sal 2016. | Regata La Ruta de la Sal\" \/>\n<meta property=\"og:description\" content=\"&quot;Caro&quot; y &quot;Final de Obra&quot; ganadores absolutos de La Ruta de La Sal 2016.\" \/>\n<meta property=\"og:url\" content=\"https:\/\/labs.100x100.net\/projects\/rutasal\/caro-y-final-de-obra-ganadores-absolutos-de-la-ruta-de-la-sal-2016\/\" \/>\n<meta property=\"og:site_name\" content=\"Regata La Ruta de la Sal\" \/>\n<meta property=\"article:publisher\" content=\"https:\/\/www.facebook.com\/rutadelasal\/\" \/>\n<meta property=\"article:published_time\" content=\"2016-03-25T19:19:42+00:00\" \/>\n<meta property=\"article:modified_time\" content=\"2019-03-08T08:46:04+00:00\" \/>\n<meta property=\"og:image\" content=\"https:\/\/labs.100x100.net\/projects\/rutasal\/custom\/uploads\/2016\/03\/25950289042_e69ea352f3_z.jpg\" \/>\n\t<meta property=\"og:image:width\" content=\"640\" \/>\n\t<meta property=\"og:image:height\" content=\"471\" \/>\n\t<meta property=\"og:image:type\" content=\"image\/jpeg\" \/>\n<meta name=\"author\" content=\"La Ruta de la Sal\" \/>\n<meta name=\"twitter:card\" content=\"summary_large_image\" \/>\n<meta name=\"twitter:creator\" content=\"@AnamMedi\" \/>\n<meta name=\"twitter:site\" content=\"@AnamMedi\" \/>\n<meta name=\"twitter:label1\" content=\"Escrito por\" \/>\n\t<meta name=\"twitter:data1\" content=\"La Ruta de la Sal\" \/>\n\t<meta name=\"twitter:label2\" content=\"Tiempo de lectura\" \/>\n\t<meta name=\"twitter:data2\" content=\"5 minutos\" \/>\n<script type=\"application\/ld+json\" class=\"yoast-schema-graph\">{\"@context\":\"https:\/\/schema.org\",\"@graph\":[{\"@type\":\"WebPage\",\"@id\":\"https:\/\/labs.100x100.net\/projects\/rutasal\/caro-y-final-de-obra-ganadores-absolutos-de-la-ruta-de-la-sal-2016\/\",\"url\":\"https:\/\/labs.100x100.net\/projects\/rutasal\/caro-y-final-de-obra-ganadores-absolutos-de-la-ruta-de-la-sal-2016\/\",\"name\":\"\\\"Caro\\\" y \\\"Final de Obra\\\" ganadores absolutos de La Ruta de La Sal 2016. | Regata La Ruta de la Sal\",\"isPartOf\":{\"@id\":\"https:\/\/labs.100x100.net\/projects\/rutasal\/#website\"},\"primaryImageOfPage\":{\"@id\":\"https:\/\/labs.100x100.net\/projects\/rutasal\/caro-y-final-de-obra-ganadores-absolutos-de-la-ruta-de-la-sal-2016\/#primaryimage\"},\"image\":{\"@id\":\"https:\/\/labs.100x100.net\/projects\/rutasal\/caro-y-final-de-obra-ganadores-absolutos-de-la-ruta-de-la-sal-2016\/#primaryimage\"},\"thumbnailUrl\":\"https:\/\/labs.100x100.net\/projects\/rutasal\/custom\/uploads\/2016\/03\/25950289042_e69ea352f3_z.jpg\",\"datePublished\":\"2016-03-25T19:19:42+00:00\",\"dateModified\":\"2019-03-08T08:46:04+00:00\",\"author\":{\"@id\":\"https:\/\/labs.100x100.net\/projects\/rutasal\/#\/schema\/person\/214eeb4a2e78fd8373a0a94f6d93c9ca\"},\"breadcrumb\":{\"@id\":\"https:\/\/labs.100x100.net\/projects\/rutasal\/caro-y-final-de-obra-ganadores-absolutos-de-la-ruta-de-la-sal-2016\/#breadcrumb\"},\"inLanguage\":\"es\",\"potentialAction\":[{\"@type\":\"ReadAction\",\"target\":[\"https:\/\/labs.100x100.net\/projects\/rutasal\/caro-y-final-de-obra-ganadores-absolutos-de-la-ruta-de-la-sal-2016\/\"]}]},{\"@type\":\"ImageObject\",\"inLanguage\":\"es\",\"@id\":\"https:\/\/labs.100x100.net\/projects\/rutasal\/caro-y-final-de-obra-ganadores-absolutos-de-la-ruta-de-la-sal-2016\/#primaryimage\",\"url\":\"https:\/\/labs.100x100.net\/projects\/rutasal\/custom\/uploads\/2016\/03\/25950289042_e69ea352f3_z.jpg\",\"contentUrl\":\"https:\/\/labs.100x100.net\/projects\/rutasal\/custom\/uploads\/2016\/03\/25950289042_e69ea352f3_z.jpg\",\"width\":640,\"height\":471},{\"@type\":\"BreadcrumbList\",\"@id\":\"https:\/\/labs.100x100.net\/projects\/rutasal\/caro-y-final-de-obra-ganadores-absolutos-de-la-ruta-de-la-sal-2016\/#breadcrumb\",\"itemListElement\":[{\"@type\":\"ListItem\",\"position\":1,\"name\":\"Portada\",\"item\":\"https:\/\/labs.100x100.net\/projects\/rutasal\/\"},{\"@type\":\"ListItem\",\"position\":2,\"name\":\"\u00abCaro\u00bb y \u00abFinal de Obra\u00bb ganadores absolutos de La Ruta de La Sal 2016.\"}]},{\"@type\":\"WebSite\",\"@id\":\"https:\/\/labs.100x100.net\/projects\/rutasal\/#website\",\"url\":\"https:\/\/labs.100x100.net\/projects\/rutasal\/\",\"name\":\"Regata La Ruta de la Sal\",\"description\":\"Regata La Ruta de la Sal es una regata de Altura Mediterr\u00e1nea para barcos de crucero a vela con destino en Ibiza, que se disputa anualmente en Semana Santa.\",\"potentialAction\":[{\"@type\":\"SearchAction\",\"target\":{\"@type\":\"EntryPoint\",\"urlTemplate\":\"https:\/\/labs.100x100.net\/projects\/rutasal\/?s={search_term_string}\"},\"query-input\":\"required name=search_term_string\"}],\"inLanguage\":\"es\"},{\"@type\":\"Person\",\"@id\":\"https:\/\/labs.100x100.net\/projects\/rutasal\/#\/schema\/person\/214eeb4a2e78fd8373a0a94f6d93c9ca\",\"name\":\"La Ruta de la Sal\",\"image\":{\"@type\":\"ImageObject\",\"inLanguage\":\"es\",\"@id\":\"https:\/\/labs.100x100.net\/projects\/rutasal\/#\/schema\/person\/image\/\",\"url\":\"https:\/\/secure.gravatar.com\/avatar\/b247286d4b801d6b1cfcfb3807587284?s=96&d=mm&r=g\",\"contentUrl\":\"https:\/\/secure.gravatar.com\/avatar\/b247286d4b801d6b1cfcfb3807587284?s=96&d=mm&r=g\",\"caption\":\"La Ruta de la Sal\"}}]}<\/script>\n<!-- \/ Yoast SEO plugin. -->","yoast_head_json":{"title":"\"Caro\" y \"Final de Obra\" ganadores absolutos de La Ruta de La Sal 2016. | Regata La Ruta de la Sal","robots":{"index":"noindex","follow":"follow","max-snippet":"max-snippet:-1","max-image-preview":"max-image-preview:large","max-video-preview":"max-video-preview:-1"},"og_locale":"es_ES","og_type":"article","og_title":"\"Caro\" y \"Final de Obra\" ganadores absolutos de La Ruta de La Sal 2016. | Regata La Ruta de la Sal","og_description":"\"Caro\" y \"Final de Obra\" ganadores absolutos de La Ruta de La Sal 2016.","og_url":"https:\/\/labs.100x100.net\/projects\/rutasal\/caro-y-final-de-obra-ganadores-absolutos-de-la-ruta-de-la-sal-2016\/","og_site_name":"Regata La Ruta de la Sal","article_publisher":"https:\/\/www.facebook.com\/rutadelasal\/","article_published_time":"2016-03-25T19:19:42+00:00","article_modified_time":"2019-03-08T08:46:04+00:00","og_image":[{"width":640,"height":471,"url":"https:\/\/labs.100x100.net\/projects\/rutasal\/custom\/uploads\/2016\/03\/25950289042_e69ea352f3_z.jpg","type":"image\/jpeg"}],"author":"La Ruta de la Sal","twitter_card":"summary_large_image","twitter_creator":"@AnamMedi","twitter_site":"@AnamMedi","twitter_misc":{"Escrito por":"La Ruta de la Sal","Tiempo de lectura":"5 minutos"},"schema":{"@context":"https:\/\/schema.org","@graph":[{"@type":"WebPage","@id":"https:\/\/labs.100x100.net\/projects\/rutasal\/caro-y-final-de-obra-ganadores-absolutos-de-la-ruta-de-la-sal-2016\/","url":"https:\/\/labs.100x100.net\/projects\/rutasal\/caro-y-final-de-obra-ganadores-absolutos-de-la-ruta-de-la-sal-2016\/","name":"\"Caro\" y \"Final de Obra\" ganadores absolutos de La Ruta de La Sal 2016. | Regata La Ruta de la Sal","isPartOf":{"@id":"https:\/\/labs.100x100.net\/projects\/rutasal\/#website"},"primaryImageOfPage":{"@id":"https:\/\/labs.100x100.net\/projects\/rutasal\/caro-y-final-de-obra-ganadores-absolutos-de-la-ruta-de-la-sal-2016\/#primaryimage"},"image":{"@id":"https:\/\/labs.100x100.net\/projects\/rutasal\/caro-y-final-de-obra-ganadores-absolutos-de-la-ruta-de-la-sal-2016\/#primaryimage"},"thumbnailUrl":"https:\/\/labs.100x100.net\/projects\/rutasal\/custom\/uploads\/2016\/03\/25950289042_e69ea352f3_z.jpg","datePublished":"2016-03-25T19:19:42+00:00","dateModified":"2019-03-08T08:46:04+00:00","author":{"@id":"https:\/\/labs.100x100.net\/projects\/rutasal\/#\/schema\/person\/214eeb4a2e78fd8373a0a94f6d93c9ca"},"breadcrumb":{"@id":"https:\/\/labs.100x100.net\/projects\/rutasal\/caro-y-final-de-obra-ganadores-absolutos-de-la-ruta-de-la-sal-2016\/#breadcrumb"},"inLanguage":"es","potentialAction":[{"@type":"ReadAction","target":["https:\/\/labs.100x100.net\/projects\/rutasal\/caro-y-final-de-obra-ganadores-absolutos-de-la-ruta-de-la-sal-2016\/"]}]},{"@type":"ImageObject","inLanguage":"es","@id":"https:\/\/labs.100x100.net\/projects\/rutasal\/caro-y-final-de-obra-ganadores-absolutos-de-la-ruta-de-la-sal-2016\/#primaryimage","url":"https:\/\/labs.100x100.net\/projects\/rutasal\/custom\/uploads\/2016\/03\/25950289042_e69ea352f3_z.jpg","contentUrl":"https:\/\/labs.100x100.net\/projects\/rutasal\/custom\/uploads\/2016\/03\/25950289042_e69ea352f3_z.jpg","width":640,"height":471},{"@type":"BreadcrumbList","@id":"https:\/\/labs.100x100.net\/projects\/rutasal\/caro-y-final-de-obra-ganadores-absolutos-de-la-ruta-de-la-sal-2016\/#breadcrumb","itemListElement":[{"@type":"ListItem","position":1,"name":"Portada","item":"https:\/\/labs.100x100.net\/projects\/rutasal\/"},{"@type":"ListItem","position":2,"name":"\u00abCaro\u00bb y \u00abFinal de Obra\u00bb ganadores absolutos de La Ruta de La Sal 2016."}]},{"@type":"WebSite","@id":"https:\/\/labs.100x100.net\/projects\/rutasal\/#website","url":"https:\/\/labs.100x100.net\/projects\/rutasal\/","name":"Regata La Ruta de la Sal","description":"Regata La Ruta de la Sal es una regata de Altura Mediterr\u00e1nea para barcos de crucero a vela con destino en Ibiza, que se disputa anualmente en Semana Santa.","potentialAction":[{"@type":"SearchAction","target":{"@type":"EntryPoint","urlTemplate":"https:\/\/labs.100x100.net\/projects\/rutasal\/?s={search_term_string}"},"query-input":"required name=search_term_string"}],"inLanguage":"es"},{"@type":"Person","@id":"https:\/\/labs.100x100.net\/projects\/rutasal\/#\/schema\/person\/214eeb4a2e78fd8373a0a94f6d93c9ca","name":"La Ruta de la Sal","image":{"@type":"ImageObject","inLanguage":"es","@id":"https:\/\/labs.100x100.net\/projects\/rutasal\/#\/schema\/person\/image\/","url":"https:\/\/secure.gravatar.com\/avatar\/b247286d4b801d6b1cfcfb3807587284?s=96&d=mm&r=g","contentUrl":"https:\/\/secure.gravatar.com\/avatar\/b247286d4b801d6b1cfcfb3807587284?s=96&d=mm&r=g","caption":"La Ruta de la Sal"}}]}},"_links":{"self":[{"href":"https:\/\/labs.100x100.net\/projects\/rutasal\/wp-json\/wp\/v2\/posts\/2246"}],"collection":[{"href":"https:\/\/labs.100x100.net\/projects\/rutasal\/wp-json\/wp\/v2\/posts"}],"about":[{"href":"https:\/\/labs.100x100.net\/projects\/rutasal\/wp-json\/wp\/v2\/types\/post"}],"author":[{"embeddable":true,"href":"https:\/\/labs.100x100.net\/projects\/rutasal\/wp-json\/wp\/v2\/users\/1"}],"replies":[{"embeddable":true,"href":"https:\/\/labs.100x100.net\/projects\/rutasal\/wp-json\/wp\/v2\/comments?post=2246"}],"version-history":[{"count":1,"href":"https:\/\/labs.100x100.net\/projects\/rutasal\/wp-json\/wp\/v2\/posts\/2246\/revisions"}],"predecessor-version":[{"id":3446,"href":"https:\/\/labs.100x100.net\/projects\/rutasal\/wp-json\/wp\/v2\/posts\/2246\/revisions\/3446"}],"wp:featuredmedia":[{"embeddable":true,"href":"https:\/\/labs.100x100.net\/projects\/rutasal\/wp-json\/wp\/v2\/media\/3652"}],"wp:attachment":[{"href":"https:\/\/labs.100x100.net\/projects\/rutasal\/wp-json\/wp\/v2\/media?parent=2246"}],"wp:term":[{"taxonomy":"category","embeddable":true,"href":"https:\/\/labs.100x100.net\/projects\/rutasal\/wp-json\/wp\/v2\/categories?post=2246"},{"taxonomy":"post_tag","embeddable":true,"href":"https:\/\/labs.100x100.net\/projects\/rutasal\/wp-json\/wp\/v2\/tags?post=2246"}],"curies":[{"name":"wp","href":"https:\/\/api.w.org\/{rel}","templated":true}]}}