{"id":2239,"date":"2016-03-25T09:53:33","date_gmt":"2016-03-25T07:53:33","guid":{"rendered":"https:\/\/larutadelasal.com\/?p=2239"},"modified":"2019-03-08T10:47:40","modified_gmt":"2019-03-08T08:47:40","slug":"caro-en-la-version-norte-y-plis-pay-en-la-version-este-ganadores-en-tiempo-real-de-la-ruta-de-la-sal-2016","status":"publish","type":"post","link":"https:\/\/labs.100x100.net\/projects\/rutasal\/caro-en-la-version-norte-y-plis-pay-en-la-version-este-ganadores-en-tiempo-real-de-la-ruta-de-la-sal-2016\/","title":{"rendered":"\u00abCaro\u00bb en la Versi\u00f3n Norte y \u00abPlis-Play\u00bb en la Versi\u00f3n Este , ganadores en Tiempo Real de la Ruta de La Sal 2016."},"content":{"rendered":"<p style=\"text-align: justify;\"><strong>Hoy a las 04:17:14 h y a las 04:42:05,\u00a0\u00a0respectivamente, han cruzado la l\u00ednea de llegada en Sant Antoni de Portmany el Swam 80 \u00abPlis-Play\u00bb de Vicente Garc\u00eda participante en la Version Este de la regata y Bot\u00edn 65 \u00abCaro\u00bb de Maximiliam Klink, inscrito en la Version Norte, convirti\u00e9ndose, ambos equipos, en ganadores en tiempo real de la 29 edici\u00f3n de La Ruta de La Sal. Confirm\u00e1ndose, de alguna manera,\u00a0\u00a0unas previsiones que en muchos casos, apuntaban a estos equipos como s\u00f3lidos candidatos a estas victorias.<\/strong><\/p>\n<p style=\"text-align: justify;\">Para el armador aleman Maximilian Klink, este resultado en Tiempo Real con su nuevo Botin 65 \u00abCaro\u00bb no hace m\u00e1s que confirmar su extraordinario palmares deportivo en difrentes convocatorias de La Sal; cabe recordar que Maximilian Klink acumula tres importantes victorias en la Versi\u00f3n Norte de Ruta de La Sal; En el 2007, fue vencedor absoluto en tiempo real y compensado, lo que le convirti\u00f3 en el primer equipo extranjero que lograba vencer en la regata. En el 2011,con su J&amp;V50 \u00abCaro\u00bb fue el m\u00e1s r\u00e1pido en cubrir las 140 millas desde Port Ginesta hasta San Antoni de Portamny\u00a0\u00a0con un registro, de tan solo 13 horas, 18 minutos y 54 segundos. Acreditando una velocidad media durante toda traves\u00eda superior a los 10,70 nudos. Estableciendo un r\u00e9cord para esta singladura que, normalmente, ser\u00e1 muy dif\u00edcil de superar.<\/p>\n<p style=\"text-align: justify;\"><a title=\"29 Edici\u00f3n de La Ruta de La Sal 2016 (Trofeo Pepe Ferr\u00e9s)\" href=\"#\" rel=\"\"><img loading=\"lazy\" decoding=\"async\" title=\"29 Edici\u00f3n de La Ruta de La Sal 2016 (Trofeo Pepe Ferr\u00e9s)\" src=\"http:\/\/farm2.staticflickr.com\/1696\/25419400633_13a3a682aa_n.jpg\" alt=\"29 Edici\u00f3n de La Ruta de La Sal 2016 (Trofeo Pepe Ferr\u00e9s)\" width=\"320\" height=\"236\" \/><\/a>\u00a0\u00a0<a title=\"29 Edici\u00f3n de La Ruta de La Sal 2016 (Trofeo Pepe Ferr\u00e9s)\" href=\"#\" rel=\"\"><img loading=\"lazy\" decoding=\"async\" class=\" alignright\" title=\"29 Edici\u00f3n de La Ruta de La Sal 2016 (Trofeo Pepe Ferr\u00e9s)\" src=\"http:\/\/farm2.staticflickr.com\/1478\/25929372082_3174b9dc8f_n.jpg\" alt=\"29 Edici\u00f3n de La Ruta de La Sal 2016 (Trofeo Pepe Ferr\u00e9s)\" width=\"320\" height=\"236\" \/><\/a><\/p>\n<p style=\"text-align: justify;\"><a title=\"29 Edici\u00f3n de La Ruta de La Sal 2016 (Trofeo Pepe Ferr\u00e9s)\" href=\"#\" rel=\"\"><img loading=\"lazy\" decoding=\"async\" class=\" aligncenter\" title=\"29 Edici\u00f3n de La Ruta de La Sal 2016 (Trofeo Pepe Ferr\u00e9s)\" src=\"http:\/\/farm2.staticflickr.com\/1461\/25907754332_56beef60d3_z.jpg\" alt=\"29 Edici\u00f3n de La Ruta de La Sal 2016 (Trofeo Pepe Ferr\u00e9s)\" width=\"640\" height=\"471\" \/><\/a><\/p>\n<p style=\"text-align: justify;\">A la hora de redactar esta l\u00edneas, indicar que solo han cruzado la l\u00ednea de llegada dos equipos procedentes de Barcelona, el ya citado \u00abCaro\u00bb y\u00a0\u00a0el TP52 de Toni Guiu y Pablo Garriga \u00abAudax &#8211; Energia\u00bb\u00a0\u00a0que entr\u00f3 a Sant Antoni a las 07:28:57h de esta ma\u00f1ana. Un equipo de alto nivel deportivo que con este registro en real podr\u00eda convertivertirse en un claro candidato al podium de esta 29 edici\u00f3n de la Versi\u00f3n Norte de La Ruta de La Sal.<\/p>\n<p style=\"text-align: justify;\"><a title=\"29 Edici\u00f3n de La Ruta de La Sal 2016 (Trofeo Pepe Ferr\u00e9s)\" href=\"#\" rel=\"\"><img loading=\"lazy\" decoding=\"async\" class=\" aligncenter\" title=\"29 Edici\u00f3n de La Ruta de La Sal 2016 (Trofeo Pepe Ferr\u00e9s)\" src=\"http:\/\/farm2.staticflickr.com\/1685\/25398946333_6c6ae0e778_z.jpg\" alt=\"29 Edici\u00f3n de La Ruta de La Sal 2016 (Trofeo Pepe Ferr\u00e9s)\" width=\"640\" height=\"471\" \/><\/a><\/p>\n<p style=\"text-align: justify;\">El\u00a0Swam 80 del RCR de Alicante, \u00abPlis-Play\u00bb de Jan Santana, ganador en Tiempo Real de esta 29 edici\u00f3n de La Sal, tambi\u00e9n acredita un historial deportivo en Versi\u00f3n Este de La Sal realmente espectacular; con victorias en Tiempo Real en los a\u00f1os 2003, 2005, 2007, 2008, 2009, 2010 y, 2012. Siendo tambi\u00e9n ganador absoluto en la general en el 2008.<\/p>\n<p style=\"text-align: justify;\">Destacar, tambi\u00e9n,\u00a0\u00a0que en la edici\u00f3n del 2012, coincidiendo con el 25 aniversario de La Sal con un registro de 13h \/10m \/15s en cubrir las 117 millas desde Denia, el \u00abPlis-Play\u00bb estableci\u00f3 un nuevo record de velocidad absoluto para esta traves\u00eda. Titulo que, par\u00f3dicamente manten\u00eda hasta entonces el mismo equipo de Vicente Garc\u00eda, conseguido en la edici\u00f3n del 2010 cuando lograron cubrir el circuito Este en 21h \/ 02m\/ 38s.<\/p>\n<p style=\"text-align: justify;\"><a title=\"29 Edici\u00f3n de La Ruta de La Sal 2016 (Trofeo Pepe Ferr\u00e9s)\" href=\"#\" rel=\"\"><img loading=\"lazy\" decoding=\"async\" class=\" aligncenter\" title=\"29 Edici\u00f3n de La Ruta de La Sal 2016 (Trofeo Pepe Ferr\u00e9s)\" src=\"http:\/\/farm2.staticflickr.com\/1587\/25929383772_5d592e24e9_z.jpg\" alt=\"29 Edici\u00f3n de La Ruta de La Sal 2016 (Trofeo Pepe Ferr\u00e9s)\" width=\"640\" height=\"471\" \/><\/a><\/p>\n<p style=\"text-align: justify;\"><a title=\"29 Edici\u00f3n de La Ruta de La Sal 2016 (Trofeo Pepe Ferr\u00e9s)\" href=\"#\" rel=\"\"><img loading=\"lazy\" decoding=\"async\" class=\" aligncenter\" title=\"29 Edici\u00f3n de La Ruta de La Sal 2016 (Trofeo Pepe Ferr\u00e9s)\" src=\"http:\/\/farm2.staticflickr.com\/1486\/25419404553_e235717503_z.jpg\" alt=\"29 Edici\u00f3n de La Ruta de La Sal 2016 (Trofeo Pepe Ferr\u00e9s)\" width=\"640\" height=\"471\" \/><\/a><\/p>\n<p style=\"text-align: justify;\">El segundo equipo en entrar en Sant Antoni de Portmany dentro de la flota de la Versi\u00f3n Este, fue, a las 05:55:38 h el \u00ab2 Much\u00bb\u00a0de Jos\u00e9 Fabr\u00e9,\u00a0\u00a0quien ya en el 2011, Fue ganador en tiempo Real de esta misma largada. En tercera posici\u00f3n,\u00a0\u00a0a las 06:03:22 h el Swam 75 \u00abAlzira Moraira\u00bb de Agust\u00edn Gregori.<\/p>\n<p style=\"text-align: justify;\">A la hora de cerrar este avance informativo indicar que mas de 14 equipos procedentes de Denia ya han cruzado la l\u00ednea de llegada en Cab Negret. El resto de esta flota esta navegando, con brisas m\u00e1s o menos estables, entre Tagomago y Sant Antoni de Portmany con previsi\u00f3n de ir cruzando la llegada durante las pr\u00f3xima 3 o 4 horas.<\/p>\n<p style=\"text-align: justify;\"><a title=\"29 Edici\u00f3n de La Ruta de La Sal 2016 (Trofeo Pepe Ferr\u00e9s)\" href=\"#\" rel=\"\"><img loading=\"lazy\" decoding=\"async\" class=\" aligncenter\" title=\"29 Edici\u00f3n de La Ruta de La Sal 2016 (Trofeo Pepe Ferr\u00e9s)\" src=\"http:\/\/farm2.staticflickr.com\/1577\/25420639603_eaa275a5f5_z.jpg\" alt=\"29 Edici\u00f3n de La Ruta de La Sal 2016 (Trofeo Pepe Ferr\u00e9s)\" width=\"640\" height=\"471\" \/><\/a><\/p>\n<p style=\"text-align: justify;\">Los participantes de en la Versi\u00f3n Norte navegan m\u00e1s retrasados con vientos mucho m\u00e1s flojos e inestables que los inicialmente previstos, lo que est\u00e1 provocando que la prueba est\u00e9 resultando mucho m\u00e1s compleja a nivel t\u00e1ctico que lo que se supon\u00eda. La gran ventaja ya establecida entre los dos primeros en Real, \u00abCaro\u00bb\u00a0\u00a0y \u00abAudax-Energia\u00bb comienza a ser muy determinante de cara a la clasificaci\u00f3n general.<\/p>\n<p style=\"text-align: justify;\"><strong>El s\u00e1bado 26 de Marzo a las 12:00h, est\u00e1 prevista, en el Club N\u00e1utico de Sant Antoni, la Rueda de Prensa con los ganadores absolutos de La Sal 2016. A las 20:00h en la Carpa de la Sal tendr\u00e1 lugar el Acto Oficial de Entrega de Trofeos, al finalizar, la Cena-Bufet en el Restaurante Es N\u00e0utic del CN Sant Antoni y seguidamente la Fiesta de clausura de esta 29 edici\u00f3n de La Sal.-Trofeo Pepe Ferres en la Carpa de La Sal.<\/strong><\/p>\n","protected":false},"excerpt":{"rendered":"<p>Hoy a las 04:17:14 h y a las 04:42:05,\u00a0\u00a0respectivamente, han cruzado la l\u00ednea de llegada en Sant Antoni de Portmany el Swam 80 \u00abPlis-Play\u00bb de Vicente Garc\u00eda participante en la Version Este de la regata y Bot\u00edn 65 \u00abCaro\u00bb de Maximiliam Klink, inscrito en la Version Norte, convirti\u00e9ndose, ambos equipos, en ganadores en tiempo real [&hellip;]<\/p>\n","protected":false},"author":1,"featured_media":3653,"comment_status":"open","ping_status":"open","sticky":false,"template":"","format":"standard","meta":{"_acf_changed":false,"footnotes":""},"categories":[3],"tags":[],"acf":[],"yoast_head":"<!-- This site is optimized with the Yoast SEO plugin v23.0 - https:\/\/yoast.com\/wordpress\/plugins\/seo\/ -->\n<title>&quot;Caro&quot; en la Versi\u00f3n Norte y &quot;Plis-Play&quot; en la Versi\u00f3n Este , ganadores en Tiempo Real de la Ruta de La Sal 2016. | Regata La Ruta de la Sal<\/title>\n<meta name=\"robots\" content=\"noindex, follow, max-snippet:-1, max-image-preview:large, max-video-preview:-1\" \/>\n<meta property=\"og:locale\" content=\"es_ES\" \/>\n<meta property=\"og:type\" content=\"article\" \/>\n<meta property=\"og:title\" content=\"&quot;Caro&quot; en la Versi\u00f3n Norte y &quot;Plis-Play&quot; en la Versi\u00f3n Este , ganadores en Tiempo Real de la Ruta de La Sal 2016. | Regata La Ruta de la Sal\" \/>\n<meta property=\"og:description\" content=\"Hoy a las 04:17:14 h y a las 04:42:05,\u00a0\u00a0respectivamente, han cruzado la l\u00ednea de llegada en Sant Antoni de Portmany el Swam 80 \u00abPlis-Play\u00bb de Vicente Garc\u00eda participante en la Version Este de la regata y Bot\u00edn 65 \u00abCaro\u00bb de Maximiliam Klink, inscrito en la Version Norte, convirti\u00e9ndose, ambos equipos, en ganadores en tiempo real [&hellip;]\" \/>\n<meta property=\"og:url\" content=\"https:\/\/labs.100x100.net\/projects\/rutasal\/caro-en-la-version-norte-y-plis-pay-en-la-version-este-ganadores-en-tiempo-real-de-la-ruta-de-la-sal-2016\/\" \/>\n<meta property=\"og:site_name\" content=\"Regata La Ruta de la Sal\" \/>\n<meta property=\"article:publisher\" content=\"https:\/\/www.facebook.com\/rutadelasal\/\" \/>\n<meta property=\"article:published_time\" content=\"2016-03-25T07:53:33+00:00\" \/>\n<meta property=\"article:modified_time\" content=\"2019-03-08T08:47:40+00:00\" \/>\n<meta property=\"og:image\" content=\"https:\/\/labs.100x100.net\/projects\/rutasal\/custom\/uploads\/2016\/03\/25907754332_56beef60d3_z-1.jpg\" \/>\n\t<meta property=\"og:image:width\" content=\"640\" \/>\n\t<meta property=\"og:image:height\" content=\"471\" \/>\n\t<meta property=\"og:image:type\" content=\"image\/jpeg\" \/>\n<meta name=\"author\" content=\"La Ruta de la Sal\" \/>\n<meta name=\"twitter:card\" content=\"summary_large_image\" \/>\n<meta name=\"twitter:creator\" content=\"@AnamMedi\" \/>\n<meta name=\"twitter:site\" content=\"@AnamMedi\" \/>\n<meta name=\"twitter:label1\" content=\"Escrito por\" \/>\n\t<meta name=\"twitter:data1\" content=\"La Ruta de la Sal\" \/>\n\t<meta name=\"twitter:label2\" content=\"Tiempo de lectura\" \/>\n\t<meta name=\"twitter:data2\" content=\"4 minutos\" \/>\n<script type=\"application\/ld+json\" class=\"yoast-schema-graph\">{\"@context\":\"https:\/\/schema.org\",\"@graph\":[{\"@type\":\"WebPage\",\"@id\":\"https:\/\/labs.100x100.net\/projects\/rutasal\/caro-en-la-version-norte-y-plis-pay-en-la-version-este-ganadores-en-tiempo-real-de-la-ruta-de-la-sal-2016\/\",\"url\":\"https:\/\/labs.100x100.net\/projects\/rutasal\/caro-en-la-version-norte-y-plis-pay-en-la-version-este-ganadores-en-tiempo-real-de-la-ruta-de-la-sal-2016\/\",\"name\":\"\\\"Caro\\\" en la Versi\u00f3n Norte y \\\"Plis-Play\\\" en la Versi\u00f3n Este , ganadores en Tiempo Real de la Ruta de La Sal 2016. | Regata La Ruta de la Sal\",\"isPartOf\":{\"@id\":\"https:\/\/labs.100x100.net\/projects\/rutasal\/#website\"},\"primaryImageOfPage\":{\"@id\":\"https:\/\/labs.100x100.net\/projects\/rutasal\/caro-en-la-version-norte-y-plis-pay-en-la-version-este-ganadores-en-tiempo-real-de-la-ruta-de-la-sal-2016\/#primaryimage\"},\"image\":{\"@id\":\"https:\/\/labs.100x100.net\/projects\/rutasal\/caro-en-la-version-norte-y-plis-pay-en-la-version-este-ganadores-en-tiempo-real-de-la-ruta-de-la-sal-2016\/#primaryimage\"},\"thumbnailUrl\":\"https:\/\/labs.100x100.net\/projects\/rutasal\/custom\/uploads\/2016\/03\/25907754332_56beef60d3_z-1.jpg\",\"datePublished\":\"2016-03-25T07:53:33+00:00\",\"dateModified\":\"2019-03-08T08:47:40+00:00\",\"author\":{\"@id\":\"https:\/\/labs.100x100.net\/projects\/rutasal\/#\/schema\/person\/214eeb4a2e78fd8373a0a94f6d93c9ca\"},\"breadcrumb\":{\"@id\":\"https:\/\/labs.100x100.net\/projects\/rutasal\/caro-en-la-version-norte-y-plis-pay-en-la-version-este-ganadores-en-tiempo-real-de-la-ruta-de-la-sal-2016\/#breadcrumb\"},\"inLanguage\":\"es\",\"potentialAction\":[{\"@type\":\"ReadAction\",\"target\":[\"https:\/\/labs.100x100.net\/projects\/rutasal\/caro-en-la-version-norte-y-plis-pay-en-la-version-este-ganadores-en-tiempo-real-de-la-ruta-de-la-sal-2016\/\"]}]},{\"@type\":\"ImageObject\",\"inLanguage\":\"es\",\"@id\":\"https:\/\/labs.100x100.net\/projects\/rutasal\/caro-en-la-version-norte-y-plis-pay-en-la-version-este-ganadores-en-tiempo-real-de-la-ruta-de-la-sal-2016\/#primaryimage\",\"url\":\"https:\/\/labs.100x100.net\/projects\/rutasal\/custom\/uploads\/2016\/03\/25907754332_56beef60d3_z-1.jpg\",\"contentUrl\":\"https:\/\/labs.100x100.net\/projects\/rutasal\/custom\/uploads\/2016\/03\/25907754332_56beef60d3_z-1.jpg\",\"width\":640,\"height\":471},{\"@type\":\"BreadcrumbList\",\"@id\":\"https:\/\/labs.100x100.net\/projects\/rutasal\/caro-en-la-version-norte-y-plis-pay-en-la-version-este-ganadores-en-tiempo-real-de-la-ruta-de-la-sal-2016\/#breadcrumb\",\"itemListElement\":[{\"@type\":\"ListItem\",\"position\":1,\"name\":\"Portada\",\"item\":\"https:\/\/labs.100x100.net\/projects\/rutasal\/\"},{\"@type\":\"ListItem\",\"position\":2,\"name\":\"\u00abCaro\u00bb en la Versi\u00f3n Norte y \u00abPlis-Play\u00bb en la Versi\u00f3n Este , ganadores en Tiempo Real de la Ruta de La Sal 2016.\"}]},{\"@type\":\"WebSite\",\"@id\":\"https:\/\/labs.100x100.net\/projects\/rutasal\/#website\",\"url\":\"https:\/\/labs.100x100.net\/projects\/rutasal\/\",\"name\":\"Regata La Ruta de la Sal\",\"description\":\"Regata La Ruta de la Sal es una regata de Altura Mediterr\u00e1nea para barcos de crucero a vela con destino en Ibiza, que se disputa anualmente en Semana Santa.\",\"potentialAction\":[{\"@type\":\"SearchAction\",\"target\":{\"@type\":\"EntryPoint\",\"urlTemplate\":\"https:\/\/labs.100x100.net\/projects\/rutasal\/?s={search_term_string}\"},\"query-input\":\"required name=search_term_string\"}],\"inLanguage\":\"es\"},{\"@type\":\"Person\",\"@id\":\"https:\/\/labs.100x100.net\/projects\/rutasal\/#\/schema\/person\/214eeb4a2e78fd8373a0a94f6d93c9ca\",\"name\":\"La Ruta de la Sal\",\"image\":{\"@type\":\"ImageObject\",\"inLanguage\":\"es\",\"@id\":\"https:\/\/labs.100x100.net\/projects\/rutasal\/#\/schema\/person\/image\/\",\"url\":\"https:\/\/secure.gravatar.com\/avatar\/b247286d4b801d6b1cfcfb3807587284?s=96&d=mm&r=g\",\"contentUrl\":\"https:\/\/secure.gravatar.com\/avatar\/b247286d4b801d6b1cfcfb3807587284?s=96&d=mm&r=g\",\"caption\":\"La Ruta de la Sal\"}}]}<\/script>\n<!-- \/ Yoast SEO plugin. -->","yoast_head_json":{"title":"\"Caro\" en la Versi\u00f3n Norte y \"Plis-Play\" en la Versi\u00f3n Este , ganadores en Tiempo Real de la Ruta de La Sal 2016. | Regata La Ruta de la Sal","robots":{"index":"noindex","follow":"follow","max-snippet":"max-snippet:-1","max-image-preview":"max-image-preview:large","max-video-preview":"max-video-preview:-1"},"og_locale":"es_ES","og_type":"article","og_title":"\"Caro\" en la Versi\u00f3n Norte y \"Plis-Play\" en la Versi\u00f3n Este , ganadores en Tiempo Real de la Ruta de La Sal 2016. | Regata La Ruta de la Sal","og_description":"Hoy a las 04:17:14 h y a las 04:42:05,\u00a0\u00a0respectivamente, han cruzado la l\u00ednea de llegada en Sant Antoni de Portmany el Swam 80 \u00abPlis-Play\u00bb de Vicente Garc\u00eda participante en la Version Este de la regata y Bot\u00edn 65 \u00abCaro\u00bb de Maximiliam Klink, inscrito en la Version Norte, convirti\u00e9ndose, ambos equipos, en ganadores en tiempo real [&hellip;]","og_url":"https:\/\/labs.100x100.net\/projects\/rutasal\/caro-en-la-version-norte-y-plis-pay-en-la-version-este-ganadores-en-tiempo-real-de-la-ruta-de-la-sal-2016\/","og_site_name":"Regata La Ruta de la Sal","article_publisher":"https:\/\/www.facebook.com\/rutadelasal\/","article_published_time":"2016-03-25T07:53:33+00:00","article_modified_time":"2019-03-08T08:47:40+00:00","og_image":[{"width":640,"height":471,"url":"https:\/\/labs.100x100.net\/projects\/rutasal\/custom\/uploads\/2016\/03\/25907754332_56beef60d3_z-1.jpg","type":"image\/jpeg"}],"author":"La Ruta de la Sal","twitter_card":"summary_large_image","twitter_creator":"@AnamMedi","twitter_site":"@AnamMedi","twitter_misc":{"Escrito por":"La Ruta de la Sal","Tiempo de lectura":"4 minutos"},"schema":{"@context":"https:\/\/schema.org","@graph":[{"@type":"WebPage","@id":"https:\/\/labs.100x100.net\/projects\/rutasal\/caro-en-la-version-norte-y-plis-pay-en-la-version-este-ganadores-en-tiempo-real-de-la-ruta-de-la-sal-2016\/","url":"https:\/\/labs.100x100.net\/projects\/rutasal\/caro-en-la-version-norte-y-plis-pay-en-la-version-este-ganadores-en-tiempo-real-de-la-ruta-de-la-sal-2016\/","name":"\"Caro\" en la Versi\u00f3n Norte y \"Plis-Play\" en la Versi\u00f3n Este , ganadores en Tiempo Real de la Ruta de La Sal 2016. | Regata La Ruta de la Sal","isPartOf":{"@id":"https:\/\/labs.100x100.net\/projects\/rutasal\/#website"},"primaryImageOfPage":{"@id":"https:\/\/labs.100x100.net\/projects\/rutasal\/caro-en-la-version-norte-y-plis-pay-en-la-version-este-ganadores-en-tiempo-real-de-la-ruta-de-la-sal-2016\/#primaryimage"},"image":{"@id":"https:\/\/labs.100x100.net\/projects\/rutasal\/caro-en-la-version-norte-y-plis-pay-en-la-version-este-ganadores-en-tiempo-real-de-la-ruta-de-la-sal-2016\/#primaryimage"},"thumbnailUrl":"https:\/\/labs.100x100.net\/projects\/rutasal\/custom\/uploads\/2016\/03\/25907754332_56beef60d3_z-1.jpg","datePublished":"2016-03-25T07:53:33+00:00","dateModified":"2019-03-08T08:47:40+00:00","author":{"@id":"https:\/\/labs.100x100.net\/projects\/rutasal\/#\/schema\/person\/214eeb4a2e78fd8373a0a94f6d93c9ca"},"breadcrumb":{"@id":"https:\/\/labs.100x100.net\/projects\/rutasal\/caro-en-la-version-norte-y-plis-pay-en-la-version-este-ganadores-en-tiempo-real-de-la-ruta-de-la-sal-2016\/#breadcrumb"},"inLanguage":"es","potentialAction":[{"@type":"ReadAction","target":["https:\/\/labs.100x100.net\/projects\/rutasal\/caro-en-la-version-norte-y-plis-pay-en-la-version-este-ganadores-en-tiempo-real-de-la-ruta-de-la-sal-2016\/"]}]},{"@type":"ImageObject","inLanguage":"es","@id":"https:\/\/labs.100x100.net\/projects\/rutasal\/caro-en-la-version-norte-y-plis-pay-en-la-version-este-ganadores-en-tiempo-real-de-la-ruta-de-la-sal-2016\/#primaryimage","url":"https:\/\/labs.100x100.net\/projects\/rutasal\/custom\/uploads\/2016\/03\/25907754332_56beef60d3_z-1.jpg","contentUrl":"https:\/\/labs.100x100.net\/projects\/rutasal\/custom\/uploads\/2016\/03\/25907754332_56beef60d3_z-1.jpg","width":640,"height":471},{"@type":"BreadcrumbList","@id":"https:\/\/labs.100x100.net\/projects\/rutasal\/caro-en-la-version-norte-y-plis-pay-en-la-version-este-ganadores-en-tiempo-real-de-la-ruta-de-la-sal-2016\/#breadcrumb","itemListElement":[{"@type":"ListItem","position":1,"name":"Portada","item":"https:\/\/labs.100x100.net\/projects\/rutasal\/"},{"@type":"ListItem","position":2,"name":"\u00abCaro\u00bb en la Versi\u00f3n Norte y \u00abPlis-Play\u00bb en la Versi\u00f3n Este , ganadores en Tiempo Real de la Ruta de La Sal 2016."}]},{"@type":"WebSite","@id":"https:\/\/labs.100x100.net\/projects\/rutasal\/#website","url":"https:\/\/labs.100x100.net\/projects\/rutasal\/","name":"Regata La Ruta de la Sal","description":"Regata La Ruta de la Sal es una regata de Altura Mediterr\u00e1nea para barcos de crucero a vela con destino en Ibiza, que se disputa anualmente en Semana Santa.","potentialAction":[{"@type":"SearchAction","target":{"@type":"EntryPoint","urlTemplate":"https:\/\/labs.100x100.net\/projects\/rutasal\/?s={search_term_string}"},"query-input":"required name=search_term_string"}],"inLanguage":"es"},{"@type":"Person","@id":"https:\/\/labs.100x100.net\/projects\/rutasal\/#\/schema\/person\/214eeb4a2e78fd8373a0a94f6d93c9ca","name":"La Ruta de la Sal","image":{"@type":"ImageObject","inLanguage":"es","@id":"https:\/\/labs.100x100.net\/projects\/rutasal\/#\/schema\/person\/image\/","url":"https:\/\/secure.gravatar.com\/avatar\/b247286d4b801d6b1cfcfb3807587284?s=96&d=mm&r=g","contentUrl":"https:\/\/secure.gravatar.com\/avatar\/b247286d4b801d6b1cfcfb3807587284?s=96&d=mm&r=g","caption":"La Ruta de la Sal"}}]}},"_links":{"self":[{"href":"https:\/\/labs.100x100.net\/projects\/rutasal\/wp-json\/wp\/v2\/posts\/2239"}],"collection":[{"href":"https:\/\/labs.100x100.net\/projects\/rutasal\/wp-json\/wp\/v2\/posts"}],"about":[{"href":"https:\/\/labs.100x100.net\/projects\/rutasal\/wp-json\/wp\/v2\/types\/post"}],"author":[{"embeddable":true,"href":"https:\/\/labs.100x100.net\/projects\/rutasal\/wp-json\/wp\/v2\/users\/1"}],"replies":[{"embeddable":true,"href":"https:\/\/labs.100x100.net\/projects\/rutasal\/wp-json\/wp\/v2\/comments?post=2239"}],"version-history":[{"count":1,"href":"https:\/\/labs.100x100.net\/projects\/rutasal\/wp-json\/wp\/v2\/posts\/2239\/revisions"}],"predecessor-version":[{"id":3445,"href":"https:\/\/labs.100x100.net\/projects\/rutasal\/wp-json\/wp\/v2\/posts\/2239\/revisions\/3445"}],"wp:featuredmedia":[{"embeddable":true,"href":"https:\/\/labs.100x100.net\/projects\/rutasal\/wp-json\/wp\/v2\/media\/3653"}],"wp:attachment":[{"href":"https:\/\/labs.100x100.net\/projects\/rutasal\/wp-json\/wp\/v2\/media?parent=2239"}],"wp:term":[{"taxonomy":"category","embeddable":true,"href":"https:\/\/labs.100x100.net\/projects\/rutasal\/wp-json\/wp\/v2\/categories?post=2239"},{"taxonomy":"post_tag","embeddable":true,"href":"https:\/\/labs.100x100.net\/projects\/rutasal\/wp-json\/wp\/v2\/tags?post=2239"}],"curies":[{"name":"wp","href":"https:\/\/api.w.org\/{rel}","templated":true}]}}