{"id":2230,"date":"2016-03-24T12:07:31","date_gmt":"2016-03-24T10:07:31","guid":{"rendered":"https:\/\/larutadelasal.com\/?p=2230"},"modified":"2019-03-08T10:49:00","modified_gmt":"2019-03-08T08:49:00","slug":"zarpa-la-xxixedicion-de-la-ruta-de-la-sal-trofeo-pepe-ferres","status":"publish","type":"post","link":"https:\/\/labs.100x100.net\/projects\/rutasal\/zarpa-la-xxixedicion-de-la-ruta-de-la-sal-trofeo-pepe-ferres\/","title":{"rendered":"ZARPA LA XXIX EDICI\u00d3N DE LA RUTA DE LA SAL &#8211; TROFEO PEPE FERR\u00c9S"},"content":{"rendered":"<h1 style=\"text-align: justify;\" align=\"left\"><b><span style=\"text-decoration: underline;\">-. La flota de la\u00a0\u00a029 Regata de Altura de La Ruta de La Sal ya navega rumbo a Ibiza.<\/span><\/b><b><i>\u00a0<\/i><\/b><\/h1>\n<p style=\"text-align: justify;\" align=\"left\"><strong><i>-. Una flota con muchos campeones, adelanta una competici\u00f3n muy cerrada y de alto nivel deportivo.<\/i><\/strong><\/p>\n<p style=\"text-align: justify;\" align=\"left\"><strong>-.Con mas de 150 equipos inscritos y 1000 regatastas, \u00a0La Sal 2016 supera las previsiones.\u00a0<\/strong><\/p>\n<p style=\"text-align: justify;\" align=\"left\"><strong>-. La metereolog\u00eda adelanta una regata muy t\u00e1ctica de gran valor deportivo.<\/strong><\/p>\n<p style=\"text-align: justify;\" align=\"left\">Hoy 24 de Marzo del 2016,\u00a0\u00a0Jueves Santo, ha comenzado la 29 edici\u00f3n, de la Regata de Altura de la Ruta de la Sal &#8211; Trofeo Pepe Ferres con salidas desde Port Ginesta en Barcelona para la Versi\u00f3n Norte de la regata y desde Denia para Versi\u00f3n Este, con llegada, en ambos casos, en Sant Antoni de Portmany en Ibiza.<\/p>\n<p style=\"text-align: justify;\" align=\"left\"><a title=\"29 Edici\u00f3n de La Ruta de La Sal 2016 (Trofeo Pepe Ferr\u00e9s)\" href=\"#\" rel=\"\"><img loading=\"lazy\" decoding=\"async\" class=\" aligncenter\" title=\"29 Edici\u00f3n de La Ruta de La Sal 2016 (Trofeo Pepe Ferr\u00e9s)\" src=\"http:\/\/farm2.staticflickr.com\/1470\/25907839322_0b985fd671_z.jpg\" alt=\"29 Edici\u00f3n de La Ruta de La Sal 2016 (Trofeo Pepe Ferr\u00e9s)\" width=\"640\" height=\"471\" \/><\/a><\/p>\n<p style=\"text-align: justify;\" align=\"left\">La Versi\u00f3n Norte, finalmente con 63 barcos inscritos tripulados por unos 400 regatistas, ha zarpado desde las aguas de Port Ginesta a las 10:00h, navegando\u00a0con\u00a0mar totalmente plana y brisas de 4\/5 nudos del ESE\/S\u00a0\u00a0que,\u00a0\u00a0durante las pr\u00f3ximas horas ir\u00e1n rolando hacia el SO.<\/p>\n<p style=\"text-align: justify;\" align=\"left\">La previsi\u00f3n meteorol\u00f3gica avanza unos escenarios magn\u00edficos para la competici\u00f3n a vela en todo el Mar Balear;\u00a0\u00a0vientos del SO\/S de con intensidades medias de fuerza 2\/3 con puntas de 4. Con la ventaja de que normalmente arreciara,\u00a0\u00a0hasta un m\u00e1ximo de 20 nudos,\u00a0\u00a0durante la noche de hoy y la madrugada de ma\u00f1ana, Viernes 25 de Marzo, algo que de confirmarse permitir\u00e1 que las aproximaciones a Sant Antonio sean muy r\u00e1pidas y de gran valor t\u00e1ctico. La Versi\u00f3n Norte ser\u00e1,\u00a0\u00a0en definitiva, una ce\u00f1ida abierta hasta San Antoni, en la que las posibles rutas de entrada a Ibiza ser\u00e1n determinantes.<\/p>\n<p style=\"text-align: justify;\" align=\"left\"><a title=\"29 Edici\u00f3n de La Ruta de La Sal 2016 (Trofeo Pepe Ferr\u00e9s)\" href=\"#\" rel=\"\"><img loading=\"lazy\" decoding=\"async\" title=\"29 Edici\u00f3n de La Ruta de La Sal 2016 (Trofeo Pepe Ferr\u00e9s)\" src=\"http:\/\/farm2.staticflickr.com\/1680\/25933636121_608614081a_n.jpg\" alt=\"29 Edici\u00f3n de La Ruta de La Sal 2016 (Trofeo Pepe Ferr\u00e9s)\" width=\"320\" height=\"236\" \/><\/a>\u00a0<a title=\"29 Edici\u00f3n de La Ruta de La Sal 2016 (Trofeo Pepe Ferr\u00e9s)\" href=\"#\" rel=\"\"><img loading=\"lazy\" decoding=\"async\" class=\" alignright\" title=\"29 Edici\u00f3n de La Ruta de La Sal 2016 (Trofeo Pepe Ferr\u00e9s)\" src=\"http:\/\/farm2.staticflickr.com\/1466\/25398811763_9f21b75b93_n.jpg\" alt=\"29 Edici\u00f3n de La Ruta de La Sal 2016 (Trofeo Pepe Ferr\u00e9s)\" width=\"320\" height=\"236\" \/><\/a><\/p>\n<p style=\"text-align: justify;\" align=\"left\">\u00a0La Versi\u00f3n Este de La Sal, con una inscripci\u00f3n final de 93 veleros tripulados por unos 600 regatistas, cruzar\u00e1\u00a0\u00a0la l\u00ednea de salida hoy a las 14:00 h,\u00a0\u00a0con una previsi\u00f3n de viento de unos 8 nudos del NE\u00a0que ir\u00e1n arreciando y rolando hacia el S\/SO\u00a0\u00a0hasta la Fuerza 3\/4, con el objetivo de cubrir un recorrido de 120 millas hasta Sant Antoni de Portmany\u00a0\u00a0tomando\u00a0\u00a0Formentera por babor, la Isla de Tagomago y, navegando por la costa norte de Ibiza, llegar hasta Cab Negret, a unas dos millas al norte del puerto de Sant Antoni, donde esta ubicada la l\u00ednea de salida.Para los participantes en la salida desde Denia la regata, dominada por vientos portantes muy estables y de buena intensidad,\u00a0\u00a0ser\u00e1 muy r\u00e1pida y de alto perfil deportivo.<\/p>\n<p style=\"text-align: justify;\" align=\"left\"><a title=\"29 Edici\u00f3n de La Ruta de La Sal 2016 (Trofeo Pepe Ferr\u00e9s)\" href=\"#\" rel=\"\"><img loading=\"lazy\" decoding=\"async\" title=\"29 Edici\u00f3n de La Ruta de La Sal 2016 (Trofeo Pepe Ferr\u00e9s)\" src=\"http:\/\/farm2.staticflickr.com\/1657\/25395656104_64d87c5d4f_n.jpg\" alt=\"29 Edici\u00f3n de La Ruta de La Sal 2016 (Trofeo Pepe Ferr\u00e9s)\" width=\"320\" height=\"236\" \/><\/a>\u00a0<a title=\"29 Edici\u00f3n de La Ruta de La Sal 2016 (Trofeo Pepe Ferr\u00e9s)\" href=\"#\" rel=\"\"><img loading=\"lazy\" decoding=\"async\" class=\" alignright\" title=\"29 Edici\u00f3n de La Ruta de La Sal 2016 (Trofeo Pepe Ferr\u00e9s)\" src=\"http:\/\/farm2.staticflickr.com\/1461\/25907754332_56beef60d3_n.jpg\" alt=\"29 Edici\u00f3n de La Ruta de La Sal 2016 (Trofeo Pepe Ferr\u00e9s)\" width=\"320\" height=\"236\" \/><\/a><\/p>\n<p style=\"text-align: justify;\" align=\"left\">\u00a0Los barcos mas r\u00e1pidos, podr\u00edan llegar a Sant Antoni de Portmany a partir de primeras horas de la madrugada del\u00a0\u00a0viernes 25 de Marzo incluso antes. Los modelos meteorol\u00f3gicos hablan de una regata donde las flotas navegaran en general muy juntas, lo que promete llegadas r\u00e1pidas y muy intensas en Cab Negret, en la Bah\u00eda de Sant Antoni. El tiempo limite para completar la regata esta fijado a las 14:00 h del s\u00e1bado 26 de Marzo del 2016.<\/p>\n<p style=\"text-align: justify;\" align=\"left\">Ayer por la tarde, a las 18:00h se celebr\u00f3, en Port Ginesta, la Reuni\u00f3n de Patrones de la Versi\u00f3n Norte de la La Sal 2016.<\/p>\n<p style=\"text-align: justify;\" align=\"left\"><a title=\"_AFB0444\" href=\"#\" rel=\"\"><img loading=\"lazy\" decoding=\"async\" title=\"_AFB0444\" src=\"http:\/\/farm2.staticflickr.com\/1681\/25727025580_080e74fa15_n.jpg\" alt=\"_AFB0444\" width=\"320\" height=\"236\" \/><\/a>\u00a0<a title=\"_AFB0436\" href=\"#\" rel=\"\"><img loading=\"lazy\" decoding=\"async\" class=\" alignright\" title=\"_AFB0436\" src=\"http:\/\/farm2.staticflickr.com\/1579\/25907035922_59cc376325_n.jpg\" alt=\"_AFB0436\" width=\"320\" height=\"236\" \/><\/a><\/p>\n<p style=\"text-align: justify;\" align=\"left\"><a title=\"La Ruta de la Sal 2016\" href=\"#\" rel=\"\"><img loading=\"lazy\" decoding=\"async\" title=\"La Ruta de la Sal 2016\" src=\"http:\/\/farm2.staticflickr.com\/1550\/25395086444_342083b6d4_n.jpg\" alt=\"La Ruta de la Sal 2016\" width=\"320\" height=\"236\" \/><\/a>\u00a0 \u00a0<a title=\"La Ruta de la Sal 2016\" href=\"#\" rel=\"\"><img loading=\"lazy\" decoding=\"async\" class=\" alignright\" title=\"La Ruta de la Sal 2016\" src=\"http:\/\/farm2.staticflickr.com\/1522\/25395047024_f2c9b4b1c0_n.jpg\" alt=\"La Ruta de la Sal 2016\" width=\"320\" height=\"236\" \/><\/a><\/p>\n<p style=\"text-align: justify;\" align=\"left\"><a title=\"La Ruta de la Sal 2016\" href=\"#\" rel=\"\"><img loading=\"lazy\" decoding=\"async\" title=\"La Ruta de la Sal 2016\" src=\"http:\/\/farm2.staticflickr.com\/1664\/25398262663_d3d2f8ba00_n.jpg\" alt=\"La Ruta de la Sal 2016\" width=\"320\" height=\"236\" \/><\/a>\u00a0\u00a0<a title=\"La Ruta de la Sal 2016\" href=\"#\" rel=\"\"><img loading=\"lazy\" decoding=\"async\" class=\" alignright\" title=\"La Ruta de la Sal 2016\" src=\"http:\/\/farm2.staticflickr.com\/1720\/25726982530_d8846e040e_n.jpg\" alt=\"La Ruta de la Sal 2016\" width=\"320\" height=\"236\" \/><\/a><\/p>\n<p style=\"text-align: justify;\" align=\"left\">Acto seguido, las tripulaciones de las 63 embarcaciones inscritas en esta salida, participaron\u00a0en una cena de bienvenida en el Restaurante El Capit\u00e0 de Port Ginesta.<\/p>\n<p style=\"text-align: justify;\" align=\"left\"><a title=\"_AFB0586\" href=\"#\" rel=\"\"><img loading=\"lazy\" decoding=\"async\" title=\"_AFB0586\" src=\"http:\/\/farm2.staticflickr.com\/1649\/25394647014_a1a628ef88_n.jpg\" alt=\"_AFB0586\" width=\"320\" height=\"236\" \/><\/a>\u00a0<a title=\"_AFB0581\" href=\"#\" rel=\"\"><img loading=\"lazy\" decoding=\"async\" class=\" alignright\" title=\"_AFB0581\" src=\"http:\/\/farm2.staticflickr.com\/1519\/25906692122_33bddb3892_n.jpg\" alt=\"_AFB0581\" width=\"320\" height=\"236\" \/><\/a><\/p>\n<p style=\"text-align: justify;\" align=\"left\"><a title=\"_AFB0596\" href=\"#\" rel=\"\"><img loading=\"lazy\" decoding=\"async\" title=\"_AFB0596\" src=\"http:\/\/farm2.staticflickr.com\/1470\/25397903713_6c654eed2a_n.jpg\" alt=\"_AFB0596\" width=\"320\" height=\"236\" \/><\/a>\u00a0<a title=\"_AFB0585\" href=\"#\" rel=\"\"><img loading=\"lazy\" decoding=\"async\" class=\" alignright\" title=\"_AFB0585\" src=\"http:\/\/farm2.staticflickr.com\/1536\/25932676861_479eb793b1_n.jpg\" alt=\"_AFB0585\" width=\"320\" height=\"236\" \/><\/a><\/p>\n<p style=\"text-align: justify;\" align=\"left\"><strong>Ma\u00f1ana, s\u00e1bado 26 de Marzo sobre las 12:00 h esta prevista, en el Club N\u00e1utico de Sant Antoni una\u00a0\u00a0Rueda de Prensa con los ganadores absolutos de La Sal 2016. A las 20:00 h en la Carpa de la Sal tendr\u00e1 lugar el Acto Oficial de Entrega de Trofeos y al finalizar\u00a0\u00a0en el Restaurante de CN de Sant Antoni de Portmany la Cena y Fiesta de clausura de esta 29edici\u00f3n de La Sal.-Trofeo Pepe Ferres.\u00a0<\/strong><\/p>\n<p style=\"text-align: justify;\" align=\"left\"><strong>\u00a0La p\u00e1gina Web de la Ruta de La Sal &#8211; https:\/\/larutadelasal.com &#8211; ofrecer\u00e1 informaciones peri\u00f3dicas, e im\u00e1genes, sobre el desarrollo organizativo y deportivo de esta regata.<\/strong><\/p>\n<p style=\"text-align: justify;\" align=\"left\"><strong>LA RUTA DE LA SAL; ORGANIZA; Associaci\u00f3 de Navegants d&#8217;Altura MEDITERRANIS &#8211; ANAM- en colaboraci\u00f3n con\u00a0\u00a0el Club Maritim Port Ginesta, Real Club Nautico de Denia y Club N\u00e1utico St. Antoni<\/strong><\/p>\n<p style=\"text-align: justify;\" align=\"left\"><strong>PATROCINAN; Trasmediterr\u00e1nea , Sal\u00f3n N\u00e1utico Internacional de Barcelona, Gramona, Ausmar, Origin Marine, Louis Chevrolet, el reloj oficial de la regata, Pantaenius y\u00a0 Skipper como revista oficial.<\/strong><\/p>\n","protected":false},"excerpt":{"rendered":"<p>-. La flota de la\u00a0\u00a029 Regata de Altura de La Ruta de La Sal ya navega rumbo a Ibiza.\u00a0 -. Una flota con muchos campeones, adelanta una competici\u00f3n muy cerrada y de alto nivel deportivo. -.Con mas de 150 equipos inscritos y 1000 regatastas, \u00a0La Sal 2016 supera las previsiones.\u00a0 -. La metereolog\u00eda adelanta una [&hellip;]<\/p>\n","protected":false},"author":1,"featured_media":3654,"comment_status":"open","ping_status":"open","sticky":false,"template":"","format":"standard","meta":{"_acf_changed":false,"footnotes":""},"categories":[3],"tags":[],"acf":[],"yoast_head":"<!-- This site is optimized with the Yoast SEO plugin v23.0 - https:\/\/yoast.com\/wordpress\/plugins\/seo\/ -->\n<title>ZARPA LA XXIX EDICI\u00d3N DE LA RUTA DE LA SAL - TROFEO PEPE FERR\u00c9S | Regata La Ruta de la Sal<\/title>\n<meta name=\"robots\" content=\"noindex, follow, max-snippet:-1, max-image-preview:large, max-video-preview:-1\" \/>\n<meta property=\"og:locale\" content=\"es_ES\" \/>\n<meta property=\"og:type\" content=\"article\" \/>\n<meta property=\"og:title\" content=\"ZARPA LA XXIX EDICI\u00d3N DE LA RUTA DE LA SAL - TROFEO PEPE FERR\u00c9S | Regata La Ruta de la Sal\" \/>\n<meta property=\"og:description\" content=\"-. La flota de la\u00a0\u00a029 Regata de Altura de La Ruta de La Sal ya navega rumbo a Ibiza.\u00a0 -. Una flota con muchos campeones, adelanta una competici\u00f3n muy cerrada y de alto nivel deportivo. -.Con mas de 150 equipos inscritos y 1000 regatastas, \u00a0La Sal 2016 supera las previsiones.\u00a0 -. La metereolog\u00eda adelanta una [&hellip;]\" \/>\n<meta property=\"og:url\" content=\"https:\/\/labs.100x100.net\/projects\/rutasal\/zarpa-la-xxixedicion-de-la-ruta-de-la-sal-trofeo-pepe-ferres\/\" \/>\n<meta property=\"og:site_name\" content=\"Regata La Ruta de la Sal\" \/>\n<meta property=\"article:publisher\" content=\"https:\/\/www.facebook.com\/rutadelasal\/\" \/>\n<meta property=\"article:published_time\" content=\"2016-03-24T10:07:31+00:00\" \/>\n<meta property=\"article:modified_time\" content=\"2019-03-08T08:49:00+00:00\" \/>\n<meta property=\"og:image\" content=\"https:\/\/labs.100x100.net\/projects\/rutasal\/custom\/uploads\/2016\/03\/26016886426_bff2ba8809_z.jpg\" \/>\n\t<meta property=\"og:image:width\" content=\"640\" \/>\n\t<meta property=\"og:image:height\" content=\"581\" \/>\n\t<meta property=\"og:image:type\" content=\"image\/jpeg\" \/>\n<meta name=\"author\" content=\"La Ruta de la Sal\" \/>\n<meta name=\"twitter:card\" content=\"summary_large_image\" \/>\n<meta name=\"twitter:creator\" content=\"@AnamMedi\" \/>\n<meta name=\"twitter:site\" content=\"@AnamMedi\" \/>\n<meta name=\"twitter:label1\" content=\"Escrito por\" \/>\n\t<meta name=\"twitter:data1\" content=\"La Ruta de la Sal\" \/>\n\t<meta name=\"twitter:label2\" content=\"Tiempo de lectura\" \/>\n\t<meta name=\"twitter:data2\" content=\"4 minutos\" \/>\n<script type=\"application\/ld+json\" class=\"yoast-schema-graph\">{\"@context\":\"https:\/\/schema.org\",\"@graph\":[{\"@type\":\"WebPage\",\"@id\":\"https:\/\/labs.100x100.net\/projects\/rutasal\/zarpa-la-xxixedicion-de-la-ruta-de-la-sal-trofeo-pepe-ferres\/\",\"url\":\"https:\/\/labs.100x100.net\/projects\/rutasal\/zarpa-la-xxixedicion-de-la-ruta-de-la-sal-trofeo-pepe-ferres\/\",\"name\":\"ZARPA LA XXIX EDICI\u00d3N DE LA RUTA DE LA SAL - TROFEO PEPE FERR\u00c9S | Regata La Ruta de la Sal\",\"isPartOf\":{\"@id\":\"https:\/\/labs.100x100.net\/projects\/rutasal\/#website\"},\"primaryImageOfPage\":{\"@id\":\"https:\/\/labs.100x100.net\/projects\/rutasal\/zarpa-la-xxixedicion-de-la-ruta-de-la-sal-trofeo-pepe-ferres\/#primaryimage\"},\"image\":{\"@id\":\"https:\/\/labs.100x100.net\/projects\/rutasal\/zarpa-la-xxixedicion-de-la-ruta-de-la-sal-trofeo-pepe-ferres\/#primaryimage\"},\"thumbnailUrl\":\"https:\/\/labs.100x100.net\/projects\/rutasal\/custom\/uploads\/2016\/03\/26016886426_bff2ba8809_z.jpg\",\"datePublished\":\"2016-03-24T10:07:31+00:00\",\"dateModified\":\"2019-03-08T08:49:00+00:00\",\"author\":{\"@id\":\"https:\/\/labs.100x100.net\/projects\/rutasal\/#\/schema\/person\/214eeb4a2e78fd8373a0a94f6d93c9ca\"},\"breadcrumb\":{\"@id\":\"https:\/\/labs.100x100.net\/projects\/rutasal\/zarpa-la-xxixedicion-de-la-ruta-de-la-sal-trofeo-pepe-ferres\/#breadcrumb\"},\"inLanguage\":\"es\",\"potentialAction\":[{\"@type\":\"ReadAction\",\"target\":[\"https:\/\/labs.100x100.net\/projects\/rutasal\/zarpa-la-xxixedicion-de-la-ruta-de-la-sal-trofeo-pepe-ferres\/\"]}]},{\"@type\":\"ImageObject\",\"inLanguage\":\"es\",\"@id\":\"https:\/\/labs.100x100.net\/projects\/rutasal\/zarpa-la-xxixedicion-de-la-ruta-de-la-sal-trofeo-pepe-ferres\/#primaryimage\",\"url\":\"https:\/\/labs.100x100.net\/projects\/rutasal\/custom\/uploads\/2016\/03\/26016886426_bff2ba8809_z.jpg\",\"contentUrl\":\"https:\/\/labs.100x100.net\/projects\/rutasal\/custom\/uploads\/2016\/03\/26016886426_bff2ba8809_z.jpg\",\"width\":640,\"height\":581},{\"@type\":\"BreadcrumbList\",\"@id\":\"https:\/\/labs.100x100.net\/projects\/rutasal\/zarpa-la-xxixedicion-de-la-ruta-de-la-sal-trofeo-pepe-ferres\/#breadcrumb\",\"itemListElement\":[{\"@type\":\"ListItem\",\"position\":1,\"name\":\"Portada\",\"item\":\"https:\/\/labs.100x100.net\/projects\/rutasal\/\"},{\"@type\":\"ListItem\",\"position\":2,\"name\":\"ZARPA LA XXIX EDICI\u00d3N DE LA RUTA DE LA SAL &#8211; TROFEO PEPE FERR\u00c9S\"}]},{\"@type\":\"WebSite\",\"@id\":\"https:\/\/labs.100x100.net\/projects\/rutasal\/#website\",\"url\":\"https:\/\/labs.100x100.net\/projects\/rutasal\/\",\"name\":\"Regata La Ruta de la Sal\",\"description\":\"Regata La Ruta de la Sal es una regata de Altura Mediterr\u00e1nea para barcos de crucero a vela con destino en Ibiza, que se disputa anualmente en Semana Santa.\",\"potentialAction\":[{\"@type\":\"SearchAction\",\"target\":{\"@type\":\"EntryPoint\",\"urlTemplate\":\"https:\/\/labs.100x100.net\/projects\/rutasal\/?s={search_term_string}\"},\"query-input\":\"required name=search_term_string\"}],\"inLanguage\":\"es\"},{\"@type\":\"Person\",\"@id\":\"https:\/\/labs.100x100.net\/projects\/rutasal\/#\/schema\/person\/214eeb4a2e78fd8373a0a94f6d93c9ca\",\"name\":\"La Ruta de la Sal\",\"image\":{\"@type\":\"ImageObject\",\"inLanguage\":\"es\",\"@id\":\"https:\/\/labs.100x100.net\/projects\/rutasal\/#\/schema\/person\/image\/\",\"url\":\"https:\/\/secure.gravatar.com\/avatar\/b247286d4b801d6b1cfcfb3807587284?s=96&d=mm&r=g\",\"contentUrl\":\"https:\/\/secure.gravatar.com\/avatar\/b247286d4b801d6b1cfcfb3807587284?s=96&d=mm&r=g\",\"caption\":\"La Ruta de la Sal\"}}]}<\/script>\n<!-- \/ Yoast SEO plugin. -->","yoast_head_json":{"title":"ZARPA LA XXIX EDICI\u00d3N DE LA RUTA DE LA SAL - TROFEO PEPE FERR\u00c9S | Regata La Ruta de la Sal","robots":{"index":"noindex","follow":"follow","max-snippet":"max-snippet:-1","max-image-preview":"max-image-preview:large","max-video-preview":"max-video-preview:-1"},"og_locale":"es_ES","og_type":"article","og_title":"ZARPA LA XXIX EDICI\u00d3N DE LA RUTA DE LA SAL - TROFEO PEPE FERR\u00c9S | Regata La Ruta de la Sal","og_description":"-. La flota de la\u00a0\u00a029 Regata de Altura de La Ruta de La Sal ya navega rumbo a Ibiza.\u00a0 -. Una flota con muchos campeones, adelanta una competici\u00f3n muy cerrada y de alto nivel deportivo. -.Con mas de 150 equipos inscritos y 1000 regatastas, \u00a0La Sal 2016 supera las previsiones.\u00a0 -. La metereolog\u00eda adelanta una [&hellip;]","og_url":"https:\/\/labs.100x100.net\/projects\/rutasal\/zarpa-la-xxixedicion-de-la-ruta-de-la-sal-trofeo-pepe-ferres\/","og_site_name":"Regata La Ruta de la Sal","article_publisher":"https:\/\/www.facebook.com\/rutadelasal\/","article_published_time":"2016-03-24T10:07:31+00:00","article_modified_time":"2019-03-08T08:49:00+00:00","og_image":[{"width":640,"height":581,"url":"https:\/\/labs.100x100.net\/projects\/rutasal\/custom\/uploads\/2016\/03\/26016886426_bff2ba8809_z.jpg","type":"image\/jpeg"}],"author":"La Ruta de la Sal","twitter_card":"summary_large_image","twitter_creator":"@AnamMedi","twitter_site":"@AnamMedi","twitter_misc":{"Escrito por":"La Ruta de la Sal","Tiempo de lectura":"4 minutos"},"schema":{"@context":"https:\/\/schema.org","@graph":[{"@type":"WebPage","@id":"https:\/\/labs.100x100.net\/projects\/rutasal\/zarpa-la-xxixedicion-de-la-ruta-de-la-sal-trofeo-pepe-ferres\/","url":"https:\/\/labs.100x100.net\/projects\/rutasal\/zarpa-la-xxixedicion-de-la-ruta-de-la-sal-trofeo-pepe-ferres\/","name":"ZARPA LA XXIX EDICI\u00d3N DE LA RUTA DE LA SAL - TROFEO PEPE FERR\u00c9S | Regata La Ruta de la Sal","isPartOf":{"@id":"https:\/\/labs.100x100.net\/projects\/rutasal\/#website"},"primaryImageOfPage":{"@id":"https:\/\/labs.100x100.net\/projects\/rutasal\/zarpa-la-xxixedicion-de-la-ruta-de-la-sal-trofeo-pepe-ferres\/#primaryimage"},"image":{"@id":"https:\/\/labs.100x100.net\/projects\/rutasal\/zarpa-la-xxixedicion-de-la-ruta-de-la-sal-trofeo-pepe-ferres\/#primaryimage"},"thumbnailUrl":"https:\/\/labs.100x100.net\/projects\/rutasal\/custom\/uploads\/2016\/03\/26016886426_bff2ba8809_z.jpg","datePublished":"2016-03-24T10:07:31+00:00","dateModified":"2019-03-08T08:49:00+00:00","author":{"@id":"https:\/\/labs.100x100.net\/projects\/rutasal\/#\/schema\/person\/214eeb4a2e78fd8373a0a94f6d93c9ca"},"breadcrumb":{"@id":"https:\/\/labs.100x100.net\/projects\/rutasal\/zarpa-la-xxixedicion-de-la-ruta-de-la-sal-trofeo-pepe-ferres\/#breadcrumb"},"inLanguage":"es","potentialAction":[{"@type":"ReadAction","target":["https:\/\/labs.100x100.net\/projects\/rutasal\/zarpa-la-xxixedicion-de-la-ruta-de-la-sal-trofeo-pepe-ferres\/"]}]},{"@type":"ImageObject","inLanguage":"es","@id":"https:\/\/labs.100x100.net\/projects\/rutasal\/zarpa-la-xxixedicion-de-la-ruta-de-la-sal-trofeo-pepe-ferres\/#primaryimage","url":"https:\/\/labs.100x100.net\/projects\/rutasal\/custom\/uploads\/2016\/03\/26016886426_bff2ba8809_z.jpg","contentUrl":"https:\/\/labs.100x100.net\/projects\/rutasal\/custom\/uploads\/2016\/03\/26016886426_bff2ba8809_z.jpg","width":640,"height":581},{"@type":"BreadcrumbList","@id":"https:\/\/labs.100x100.net\/projects\/rutasal\/zarpa-la-xxixedicion-de-la-ruta-de-la-sal-trofeo-pepe-ferres\/#breadcrumb","itemListElement":[{"@type":"ListItem","position":1,"name":"Portada","item":"https:\/\/labs.100x100.net\/projects\/rutasal\/"},{"@type":"ListItem","position":2,"name":"ZARPA LA XXIX EDICI\u00d3N DE LA RUTA DE LA SAL &#8211; TROFEO PEPE FERR\u00c9S"}]},{"@type":"WebSite","@id":"https:\/\/labs.100x100.net\/projects\/rutasal\/#website","url":"https:\/\/labs.100x100.net\/projects\/rutasal\/","name":"Regata La Ruta de la Sal","description":"Regata La Ruta de la Sal es una regata de Altura Mediterr\u00e1nea para barcos de crucero a vela con destino en Ibiza, que se disputa anualmente en Semana Santa.","potentialAction":[{"@type":"SearchAction","target":{"@type":"EntryPoint","urlTemplate":"https:\/\/labs.100x100.net\/projects\/rutasal\/?s={search_term_string}"},"query-input":"required name=search_term_string"}],"inLanguage":"es"},{"@type":"Person","@id":"https:\/\/labs.100x100.net\/projects\/rutasal\/#\/schema\/person\/214eeb4a2e78fd8373a0a94f6d93c9ca","name":"La Ruta de la Sal","image":{"@type":"ImageObject","inLanguage":"es","@id":"https:\/\/labs.100x100.net\/projects\/rutasal\/#\/schema\/person\/image\/","url":"https:\/\/secure.gravatar.com\/avatar\/b247286d4b801d6b1cfcfb3807587284?s=96&d=mm&r=g","contentUrl":"https:\/\/secure.gravatar.com\/avatar\/b247286d4b801d6b1cfcfb3807587284?s=96&d=mm&r=g","caption":"La Ruta de la Sal"}}]}},"_links":{"self":[{"href":"https:\/\/labs.100x100.net\/projects\/rutasal\/wp-json\/wp\/v2\/posts\/2230"}],"collection":[{"href":"https:\/\/labs.100x100.net\/projects\/rutasal\/wp-json\/wp\/v2\/posts"}],"about":[{"href":"https:\/\/labs.100x100.net\/projects\/rutasal\/wp-json\/wp\/v2\/types\/post"}],"author":[{"embeddable":true,"href":"https:\/\/labs.100x100.net\/projects\/rutasal\/wp-json\/wp\/v2\/users\/1"}],"replies":[{"embeddable":true,"href":"https:\/\/labs.100x100.net\/projects\/rutasal\/wp-json\/wp\/v2\/comments?post=2230"}],"version-history":[{"count":2,"href":"https:\/\/labs.100x100.net\/projects\/rutasal\/wp-json\/wp\/v2\/posts\/2230\/revisions"}],"predecessor-version":[{"id":3655,"href":"https:\/\/labs.100x100.net\/projects\/rutasal\/wp-json\/wp\/v2\/posts\/2230\/revisions\/3655"}],"wp:featuredmedia":[{"embeddable":true,"href":"https:\/\/labs.100x100.net\/projects\/rutasal\/wp-json\/wp\/v2\/media\/3654"}],"wp:attachment":[{"href":"https:\/\/labs.100x100.net\/projects\/rutasal\/wp-json\/wp\/v2\/media?parent=2230"}],"wp:term":[{"taxonomy":"category","embeddable":true,"href":"https:\/\/labs.100x100.net\/projects\/rutasal\/wp-json\/wp\/v2\/categories?post=2230"},{"taxonomy":"post_tag","embeddable":true,"href":"https:\/\/labs.100x100.net\/projects\/rutasal\/wp-json\/wp\/v2\/tags?post=2230"}],"curies":[{"name":"wp","href":"https:\/\/api.w.org\/{rel}","templated":true}]}}