{"id":219,"date":"2010-10-28T10:31:18","date_gmt":"2010-10-28T10:31:18","guid":{"rendered":"https:\/\/larutadelasal.com\/?p=219"},"modified":"2019-03-14T12:35:29","modified_gmt":"2019-03-14T10:35:29","slug":"la-ruta-de-la-sal-2011-la-cita-anual-de-los-navegantes-en-el-salon-nautico-internacional-de-barcelona","status":"publish","type":"post","link":"https:\/\/labs.100x100.net\/projects\/rutasal\/la-ruta-de-la-sal-2011-la-cita-anual-de-los-navegantes-en-el-salon-nautico-internacional-de-barcelona\/","title":{"rendered":"La Ruta de la Sal 2011 la cita anual de los Navegantes en el Sal\u00f3n N\u00e1utico Internacional de Barcelona"},"content":{"rendered":"<h2 style=\"text-align: center;\">VIERNES 12 Noviembre &#8211; 19.00h &#8211; PRESENTACION OFICIAL DE LA<\/h2>\n<h2 style=\"text-align: center;\">XXIV EDICI\u00d3N DE La Ruta de la Sal<\/h2>\n<h2 style=\"text-align: center;\">HOMENAJE A PEPE FERRES &#8211; Fundador de la Regata<\/h2>\n<h2 style=\"text-align: center;\"><a class=\"tt-flickr tt-flickr-Large\" title=\"DSC_3474_resize\" href=\"http:\/\/farm2.static.flickr.com\/1138\/5116722875_db668bd5af_b.jpg\"><img loading=\"lazy\" decoding=\"async\" class=\"alignnone\" src=\"http:\/\/farm2.static.flickr.com\/1138\/5116722875_db668bd5af_b.jpg\" alt=\"DSC_3474_resize\" width=\"657\" height=\"327\" \/><\/a><\/h2>\n<p>Como\u00a0 cada a\u00f1o, La Ruta de la Sal estar\u00e1 presente nuevamente durante todo el Sal\u00f3n N\u00e1utico Internacional de Barcelona, en el<\/p>\n<p style=\"text-align: center;\"><span style=\"color: #000080;\"><strong>Stand\u00a0\u00a0 ANAM \u2013 La Ruta de la Sal<br \/>\nSituado en el Palacio 2 \u2013 Nivel 0 &#8211; B 270<br \/>\nPunto de encuentro de los navegantes<\/strong><\/span><\/p>\n<p style=\"text-align: left;\">Una vez m\u00e1s, ANAM, (Associaci\u00f3 de Navegants de Altura Mediterr\u00e0nis) en\u00a0 colaboraci\u00f3n\u00a0 con el CM Port Ginesta, Real Club N\u00e1utico Denia y el Club Nautic Sant Antoni de Portmany de Ibiza, presentar\u00e1 la XXIV\u00aa edici\u00f3n de La Ruta de la Sal, la tradicional regata que anualmente se celebra en Semana Santa.<\/p>\n<p>El Consell d\u2019Eivissa, instituci\u00f3n que apoya la regata desde sus inicios, tambi\u00e9n estar\u00e1 representado en este Acto Oficial, por su Presidente Xicu Tarres y la Consellera de Turismo Pepa Mar\u00ed. Tambien estar\u00e1 presente el Alcalde de Sant Antoni de Portmany, Jos\u00e9 Sal, entre otras autoridades.<\/p>\n<p>La <strong>Presentaci\u00f3n Oficial de La Ruta de la Sal 2011 se celebrar\u00e1 el viernes d\u00eda 12 de noviembre a las 19,00h en el Espai de Mar del Palacio 2<\/strong>, tradicional reuni\u00f3n entre organizadores, regatistas y autoridades competentes, en la que se dar\u00e1n a conocer las principales novedades de la pr\u00f3xima edici\u00f3n de la regata, y contara adem\u00e1s con una serie\u00a0 de\u00a0 Actos de les Illes Piti\u00fcses.<\/p>\n<p>Actividades organizadas con la especial colaboraci\u00f3n del Consell d\u2019Eivissa<br \/>\nA continuaci\u00f3n se servir\u00e1 un aperitivo mediterr\u00e1neo<br \/>\n<strong><br \/>\nLas inscripciones se abrir\u00e1n el 6 de noviembre al inicio el Sal\u00f3n.<\/strong><\/p>\n<p><strong><a class=\"tt-flickr tt-flickr-Medium\" title=\"foto 3 DSC_3631_resize\" href=\"http:\/\/farm5.static.flickr.com\/4072\/5119800341_d293a28f71_b.jpg\"><img loading=\"lazy\" decoding=\"async\" class=\"alignnone\" src=\"http:\/\/farm5.static.flickr.com\/4072\/5119800341_d293a28f71.jpg\" alt=\"foto 3 DSC_3631_resize\" width=\"320\" height=\"229\" \/><\/a><a class=\"tt-flickr tt-flickr-Medium\" title=\"DSC_3598_resize\" href=\"http:\/\/farm2.static.flickr.com\/1215\/5116722687_748634e384_b.jpg\"><img loading=\"lazy\" decoding=\"async\" class=\"alignnone\" src=\"http:\/\/farm2.static.flickr.com\/1215\/5116722687_748634e384.jpg\" alt=\"DSC_3598_resize\" width=\"320\" height=\"229\" \/><\/a><br \/>\n<\/strong><\/p>\n<p><a class=\"tt-flickr tt-flickr-Medium\" title=\"DSC_3501_resize\" href=\"http:\/\/farm2.static.flickr.com\/1141\/5117326452_5d3faf1220_b.jpg\"><img loading=\"lazy\" decoding=\"async\" class=\"alignnone\" src=\"http:\/\/farm2.static.flickr.com\/1141\/5117326452_5d3faf1220.jpg\" alt=\"DSC_3501_resize\" width=\"320\" height=\"229\" \/><\/a> <a class=\"tt-flickr tt-flickr-Medium\" title=\"DSC_3589_resize\" href=\"http:\/\/farm5.static.flickr.com\/4024\/5120403970_7593818a14_b.jpg\"><img loading=\"lazy\" decoding=\"async\" class=\"alignnone\" src=\"http:\/\/farm5.static.flickr.com\/4024\/5120403970_7593818a14.jpg\" alt=\"DSC_3589_resize\" width=\"320\" height=\"229\" \/><\/a> <a class=\"tt-flickr tt-flickr-Medium\" title=\"DSC_3572_resize\" href=\"http:\/\/farm5.static.flickr.com\/4084\/5117324338_2db5f8cb1f_b.jpg\"><img loading=\"lazy\" decoding=\"async\" class=\"alignnone\" src=\"http:\/\/farm5.static.flickr.com\/4084\/5117324338_2db5f8cb1f.jpg\" alt=\"DSC_3572_resize\" width=\"320\" height=\"229\" \/><\/a> <a class=\"tt-flickr tt-flickr-Medium\" title=\"DSC_3529_resize\" href=\"http:\/\/farm2.static.flickr.com\/1405\/5120403800_1763f9236c_b.jpg\"><img loading=\"lazy\" decoding=\"async\" class=\"alignnone\" src=\"http:\/\/farm2.static.flickr.com\/1405\/5120403800_1763f9236c.jpg\" alt=\"DSC_3529_resize\" width=\"320\" height=\"229\" \/><\/a><\/p>\n<div id=\"_mcePaste\" style=\"overflow: hidden; position: absolute; left: -10000px; top: 970px; width: 1px; height: 1px;\">\n<p>Como\u00a0 cada a\u00f1o, La Ruta de la Sal estar\u00e1 presente nuevamente durante todo el Sal\u00f3n N\u00e1utico Internacional de Barcelona, en el<\/p>\n<p style=\"text-align: center;\"><span style=\"color: #000080;\"><strong>Stand\u00a0\u00a0 ANAM \u2013 La Ruta de la Sal<br \/>\nSituado en el Palacio 2 \u2013 Nivel 0 &#8211; B 270<br \/>\nPunto de encuentro de los navegantes<\/strong><\/span><\/p>\n<p style=\"text-align: left;\">Una vez m\u00e1s, ANAM, (Associaci\u00f3 de Navegants de Altura Mediterr\u00e0nis) en\u00a0 colaboraci\u00f3n\u00a0 con el CM Port Ginesta, Real Club N\u00e1utico Denia y el Club Nautic Sant Antoni de Portmany de Ibiza, presentar\u00e1 la XXIV\u00aa edici\u00f3n de La Ruta de la Sal, la tradicional regata que anualmente se celebra en Semana Santa.<\/p>\n<p>El Consell d\u2019Eivissa, instituci\u00f3n que apoya la regata desde sus inicios, tambi\u00e9n estar\u00e1 representado en este Acto Oficial, por su Presidente Xicu Tarres y la Consellera de Turismo Pepa Mar\u00ed. Tambien estar\u00e1 presente el Alcalde de Sant Antoni de Portmany, Jos\u00e9 Sal, entre otras autoridades.<\/p>\n<p>La <strong>Presentaci\u00f3n Oficial de La Ruta de la Sal 2011 se celebrar\u00e1 el viernes d\u00eda 12 de noviembre a las 19,00h en el Espai de Mar del Palacio 2<\/strong>, tradicional reuni\u00f3n entre organizadores, regatistas y autoridades competentes, en la que se dar\u00e1n a conocer las principales novedades de la pr\u00f3xima edici\u00f3n de la regata, y contara adem\u00e1s con una serie\u00a0 de\u00a0 Actos de les Illes Piti\u00fcses.<\/p>\n<\/div>\n","protected":false},"excerpt":{"rendered":"<p>VIERNES 12 Noviembre &#8211; 19.00h &#8211; PRESENTACION OFICIAL DE LA XXIV EDICI\u00d3N DE La Ruta de la Sal HOMENAJE A PEPE FERRES &#8211; Fundador de la Regata Como\u00a0 cada a\u00f1o, La Ruta de la Sal estar\u00e1 presente nuevamente durante todo el Sal\u00f3n N\u00e1utico Internacional de Barcelona, en el Stand\u00a0\u00a0 ANAM \u2013 La Ruta de la [&hellip;]<\/p>\n","protected":false},"author":1,"featured_media":3644,"comment_status":"open","ping_status":"open","sticky":false,"template":"","format":"standard","meta":{"_acf_changed":false,"footnotes":""},"categories":[3],"tags":[],"acf":[],"yoast_head":"<!-- This site is optimized with the Yoast SEO plugin v23.0 - https:\/\/yoast.com\/wordpress\/plugins\/seo\/ -->\n<title>La Ruta de la Sal 2011 la cita anual de los Navegantes en el Sal\u00f3n N\u00e1utico Internacional de Barcelona | Regata La Ruta de la Sal<\/title>\n<meta name=\"robots\" content=\"noindex, follow, max-snippet:-1, max-image-preview:large, max-video-preview:-1\" \/>\n<meta property=\"og:locale\" content=\"es_ES\" \/>\n<meta property=\"og:type\" content=\"article\" \/>\n<meta property=\"og:title\" content=\"La Ruta de la Sal 2011 la cita anual de los Navegantes en el Sal\u00f3n N\u00e1utico Internacional de Barcelona | Regata La Ruta de la Sal\" \/>\n<meta property=\"og:description\" content=\"VIERNES 12 Noviembre &#8211; 19.00h &#8211; PRESENTACION OFICIAL DE LA XXIV EDICI\u00d3N DE La Ruta de la Sal HOMENAJE A PEPE FERRES &#8211; Fundador de la Regata Como\u00a0 cada a\u00f1o, La Ruta de la Sal estar\u00e1 presente nuevamente durante todo el Sal\u00f3n N\u00e1utico Internacional de Barcelona, en el Stand\u00a0\u00a0 ANAM \u2013 La Ruta de la [&hellip;]\" \/>\n<meta property=\"og:url\" content=\"https:\/\/labs.100x100.net\/projects\/rutasal\/la-ruta-de-la-sal-2011-la-cita-anual-de-los-navegantes-en-el-salon-nautico-internacional-de-barcelona\/\" \/>\n<meta property=\"og:site_name\" content=\"Regata La Ruta de la Sal\" \/>\n<meta property=\"article:publisher\" content=\"https:\/\/www.facebook.com\/rutadelasal\/\" \/>\n<meta property=\"article:published_time\" content=\"2010-10-28T10:31:18+00:00\" \/>\n<meta property=\"article:modified_time\" content=\"2019-03-14T10:35:29+00:00\" \/>\n<meta property=\"og:image\" content=\"https:\/\/labs.100x100.net\/projects\/rutasal\/custom\/uploads\/2017\/02\/30633001573_0c24e7055f_z.jpg\" \/>\n\t<meta property=\"og:image:width\" content=\"640\" \/>\n\t<meta property=\"og:image:height\" content=\"428\" \/>\n\t<meta property=\"og:image:type\" content=\"image\/jpeg\" \/>\n<meta name=\"author\" content=\"La Ruta de la Sal\" \/>\n<meta name=\"twitter:card\" content=\"summary_large_image\" \/>\n<meta name=\"twitter:creator\" content=\"@AnamMedi\" \/>\n<meta name=\"twitter:site\" content=\"@AnamMedi\" \/>\n<meta name=\"twitter:label1\" content=\"Escrito por\" \/>\n\t<meta name=\"twitter:data1\" content=\"La Ruta de la Sal\" \/>\n\t<meta name=\"twitter:label2\" content=\"Tiempo de lectura\" \/>\n\t<meta name=\"twitter:data2\" content=\"2 minutos\" \/>\n<script type=\"application\/ld+json\" class=\"yoast-schema-graph\">{\"@context\":\"https:\/\/schema.org\",\"@graph\":[{\"@type\":\"WebPage\",\"@id\":\"https:\/\/labs.100x100.net\/projects\/rutasal\/la-ruta-de-la-sal-2011-la-cita-anual-de-los-navegantes-en-el-salon-nautico-internacional-de-barcelona\/\",\"url\":\"https:\/\/labs.100x100.net\/projects\/rutasal\/la-ruta-de-la-sal-2011-la-cita-anual-de-los-navegantes-en-el-salon-nautico-internacional-de-barcelona\/\",\"name\":\"La Ruta de la Sal 2011 la cita anual de los Navegantes en el Sal\u00f3n N\u00e1utico Internacional de Barcelona | Regata La Ruta de la Sal\",\"isPartOf\":{\"@id\":\"https:\/\/labs.100x100.net\/projects\/rutasal\/#website\"},\"primaryImageOfPage\":{\"@id\":\"https:\/\/labs.100x100.net\/projects\/rutasal\/la-ruta-de-la-sal-2011-la-cita-anual-de-los-navegantes-en-el-salon-nautico-internacional-de-barcelona\/#primaryimage\"},\"image\":{\"@id\":\"https:\/\/labs.100x100.net\/projects\/rutasal\/la-ruta-de-la-sal-2011-la-cita-anual-de-los-navegantes-en-el-salon-nautico-internacional-de-barcelona\/#primaryimage\"},\"thumbnailUrl\":\"https:\/\/labs.100x100.net\/projects\/rutasal\/custom\/uploads\/2017\/02\/30633001573_0c24e7055f_z.jpg\",\"datePublished\":\"2010-10-28T10:31:18+00:00\",\"dateModified\":\"2019-03-14T10:35:29+00:00\",\"author\":{\"@id\":\"https:\/\/labs.100x100.net\/projects\/rutasal\/#\/schema\/person\/214eeb4a2e78fd8373a0a94f6d93c9ca\"},\"breadcrumb\":{\"@id\":\"https:\/\/labs.100x100.net\/projects\/rutasal\/la-ruta-de-la-sal-2011-la-cita-anual-de-los-navegantes-en-el-salon-nautico-internacional-de-barcelona\/#breadcrumb\"},\"inLanguage\":\"es\",\"potentialAction\":[{\"@type\":\"ReadAction\",\"target\":[\"https:\/\/labs.100x100.net\/projects\/rutasal\/la-ruta-de-la-sal-2011-la-cita-anual-de-los-navegantes-en-el-salon-nautico-internacional-de-barcelona\/\"]}]},{\"@type\":\"ImageObject\",\"inLanguage\":\"es\",\"@id\":\"https:\/\/labs.100x100.net\/projects\/rutasal\/la-ruta-de-la-sal-2011-la-cita-anual-de-los-navegantes-en-el-salon-nautico-internacional-de-barcelona\/#primaryimage\",\"url\":\"https:\/\/labs.100x100.net\/projects\/rutasal\/custom\/uploads\/2017\/02\/30633001573_0c24e7055f_z.jpg\",\"contentUrl\":\"https:\/\/labs.100x100.net\/projects\/rutasal\/custom\/uploads\/2017\/02\/30633001573_0c24e7055f_z.jpg\",\"width\":640,\"height\":428},{\"@type\":\"BreadcrumbList\",\"@id\":\"https:\/\/labs.100x100.net\/projects\/rutasal\/la-ruta-de-la-sal-2011-la-cita-anual-de-los-navegantes-en-el-salon-nautico-internacional-de-barcelona\/#breadcrumb\",\"itemListElement\":[{\"@type\":\"ListItem\",\"position\":1,\"name\":\"Portada\",\"item\":\"https:\/\/labs.100x100.net\/projects\/rutasal\/\"},{\"@type\":\"ListItem\",\"position\":2,\"name\":\"La Ruta de la Sal 2011 la cita anual de los Navegantes en el Sal\u00f3n N\u00e1utico Internacional de Barcelona\"}]},{\"@type\":\"WebSite\",\"@id\":\"https:\/\/labs.100x100.net\/projects\/rutasal\/#website\",\"url\":\"https:\/\/labs.100x100.net\/projects\/rutasal\/\",\"name\":\"Regata La Ruta de la Sal\",\"description\":\"Regata La Ruta de la Sal es una regata de Altura Mediterr\u00e1nea para barcos de crucero a vela con destino en Ibiza, que se disputa anualmente en Semana Santa.\",\"potentialAction\":[{\"@type\":\"SearchAction\",\"target\":{\"@type\":\"EntryPoint\",\"urlTemplate\":\"https:\/\/labs.100x100.net\/projects\/rutasal\/?s={search_term_string}\"},\"query-input\":\"required name=search_term_string\"}],\"inLanguage\":\"es\"},{\"@type\":\"Person\",\"@id\":\"https:\/\/labs.100x100.net\/projects\/rutasal\/#\/schema\/person\/214eeb4a2e78fd8373a0a94f6d93c9ca\",\"name\":\"La Ruta de la Sal\",\"image\":{\"@type\":\"ImageObject\",\"inLanguage\":\"es\",\"@id\":\"https:\/\/labs.100x100.net\/projects\/rutasal\/#\/schema\/person\/image\/\",\"url\":\"https:\/\/secure.gravatar.com\/avatar\/b247286d4b801d6b1cfcfb3807587284?s=96&d=mm&r=g\",\"contentUrl\":\"https:\/\/secure.gravatar.com\/avatar\/b247286d4b801d6b1cfcfb3807587284?s=96&d=mm&r=g\",\"caption\":\"La Ruta de la Sal\"}}]}<\/script>\n<!-- \/ Yoast SEO plugin. -->","yoast_head_json":{"title":"La Ruta de la Sal 2011 la cita anual de los Navegantes en el Sal\u00f3n N\u00e1utico Internacional de Barcelona | Regata La Ruta de la Sal","robots":{"index":"noindex","follow":"follow","max-snippet":"max-snippet:-1","max-image-preview":"max-image-preview:large","max-video-preview":"max-video-preview:-1"},"og_locale":"es_ES","og_type":"article","og_title":"La Ruta de la Sal 2011 la cita anual de los Navegantes en el Sal\u00f3n N\u00e1utico Internacional de Barcelona | Regata La Ruta de la Sal","og_description":"VIERNES 12 Noviembre &#8211; 19.00h &#8211; PRESENTACION OFICIAL DE LA XXIV EDICI\u00d3N DE La Ruta de la Sal HOMENAJE A PEPE FERRES &#8211; Fundador de la Regata Como\u00a0 cada a\u00f1o, La Ruta de la Sal estar\u00e1 presente nuevamente durante todo el Sal\u00f3n N\u00e1utico Internacional de Barcelona, en el Stand\u00a0\u00a0 ANAM \u2013 La Ruta de la [&hellip;]","og_url":"https:\/\/labs.100x100.net\/projects\/rutasal\/la-ruta-de-la-sal-2011-la-cita-anual-de-los-navegantes-en-el-salon-nautico-internacional-de-barcelona\/","og_site_name":"Regata La Ruta de la Sal","article_publisher":"https:\/\/www.facebook.com\/rutadelasal\/","article_published_time":"2010-10-28T10:31:18+00:00","article_modified_time":"2019-03-14T10:35:29+00:00","og_image":[{"width":640,"height":428,"url":"https:\/\/labs.100x100.net\/projects\/rutasal\/custom\/uploads\/2017\/02\/30633001573_0c24e7055f_z.jpg","type":"image\/jpeg"}],"author":"La Ruta de la Sal","twitter_card":"summary_large_image","twitter_creator":"@AnamMedi","twitter_site":"@AnamMedi","twitter_misc":{"Escrito por":"La Ruta de la Sal","Tiempo de lectura":"2 minutos"},"schema":{"@context":"https:\/\/schema.org","@graph":[{"@type":"WebPage","@id":"https:\/\/labs.100x100.net\/projects\/rutasal\/la-ruta-de-la-sal-2011-la-cita-anual-de-los-navegantes-en-el-salon-nautico-internacional-de-barcelona\/","url":"https:\/\/labs.100x100.net\/projects\/rutasal\/la-ruta-de-la-sal-2011-la-cita-anual-de-los-navegantes-en-el-salon-nautico-internacional-de-barcelona\/","name":"La Ruta de la Sal 2011 la cita anual de los Navegantes en el Sal\u00f3n N\u00e1utico Internacional de Barcelona | Regata La Ruta de la Sal","isPartOf":{"@id":"https:\/\/labs.100x100.net\/projects\/rutasal\/#website"},"primaryImageOfPage":{"@id":"https:\/\/labs.100x100.net\/projects\/rutasal\/la-ruta-de-la-sal-2011-la-cita-anual-de-los-navegantes-en-el-salon-nautico-internacional-de-barcelona\/#primaryimage"},"image":{"@id":"https:\/\/labs.100x100.net\/projects\/rutasal\/la-ruta-de-la-sal-2011-la-cita-anual-de-los-navegantes-en-el-salon-nautico-internacional-de-barcelona\/#primaryimage"},"thumbnailUrl":"https:\/\/labs.100x100.net\/projects\/rutasal\/custom\/uploads\/2017\/02\/30633001573_0c24e7055f_z.jpg","datePublished":"2010-10-28T10:31:18+00:00","dateModified":"2019-03-14T10:35:29+00:00","author":{"@id":"https:\/\/labs.100x100.net\/projects\/rutasal\/#\/schema\/person\/214eeb4a2e78fd8373a0a94f6d93c9ca"},"breadcrumb":{"@id":"https:\/\/labs.100x100.net\/projects\/rutasal\/la-ruta-de-la-sal-2011-la-cita-anual-de-los-navegantes-en-el-salon-nautico-internacional-de-barcelona\/#breadcrumb"},"inLanguage":"es","potentialAction":[{"@type":"ReadAction","target":["https:\/\/labs.100x100.net\/projects\/rutasal\/la-ruta-de-la-sal-2011-la-cita-anual-de-los-navegantes-en-el-salon-nautico-internacional-de-barcelona\/"]}]},{"@type":"ImageObject","inLanguage":"es","@id":"https:\/\/labs.100x100.net\/projects\/rutasal\/la-ruta-de-la-sal-2011-la-cita-anual-de-los-navegantes-en-el-salon-nautico-internacional-de-barcelona\/#primaryimage","url":"https:\/\/labs.100x100.net\/projects\/rutasal\/custom\/uploads\/2017\/02\/30633001573_0c24e7055f_z.jpg","contentUrl":"https:\/\/labs.100x100.net\/projects\/rutasal\/custom\/uploads\/2017\/02\/30633001573_0c24e7055f_z.jpg","width":640,"height":428},{"@type":"BreadcrumbList","@id":"https:\/\/labs.100x100.net\/projects\/rutasal\/la-ruta-de-la-sal-2011-la-cita-anual-de-los-navegantes-en-el-salon-nautico-internacional-de-barcelona\/#breadcrumb","itemListElement":[{"@type":"ListItem","position":1,"name":"Portada","item":"https:\/\/labs.100x100.net\/projects\/rutasal\/"},{"@type":"ListItem","position":2,"name":"La Ruta de la Sal 2011 la cita anual de los Navegantes en el Sal\u00f3n N\u00e1utico Internacional de Barcelona"}]},{"@type":"WebSite","@id":"https:\/\/labs.100x100.net\/projects\/rutasal\/#website","url":"https:\/\/labs.100x100.net\/projects\/rutasal\/","name":"Regata La Ruta de la Sal","description":"Regata La Ruta de la Sal es una regata de Altura Mediterr\u00e1nea para barcos de crucero a vela con destino en Ibiza, que se disputa anualmente en Semana Santa.","potentialAction":[{"@type":"SearchAction","target":{"@type":"EntryPoint","urlTemplate":"https:\/\/labs.100x100.net\/projects\/rutasal\/?s={search_term_string}"},"query-input":"required name=search_term_string"}],"inLanguage":"es"},{"@type":"Person","@id":"https:\/\/labs.100x100.net\/projects\/rutasal\/#\/schema\/person\/214eeb4a2e78fd8373a0a94f6d93c9ca","name":"La Ruta de la Sal","image":{"@type":"ImageObject","inLanguage":"es","@id":"https:\/\/labs.100x100.net\/projects\/rutasal\/#\/schema\/person\/image\/","url":"https:\/\/secure.gravatar.com\/avatar\/b247286d4b801d6b1cfcfb3807587284?s=96&d=mm&r=g","contentUrl":"https:\/\/secure.gravatar.com\/avatar\/b247286d4b801d6b1cfcfb3807587284?s=96&d=mm&r=g","caption":"La Ruta de la Sal"}}]}},"_links":{"self":[{"href":"https:\/\/labs.100x100.net\/projects\/rutasal\/wp-json\/wp\/v2\/posts\/219"}],"collection":[{"href":"https:\/\/labs.100x100.net\/projects\/rutasal\/wp-json\/wp\/v2\/posts"}],"about":[{"href":"https:\/\/labs.100x100.net\/projects\/rutasal\/wp-json\/wp\/v2\/types\/post"}],"author":[{"embeddable":true,"href":"https:\/\/labs.100x100.net\/projects\/rutasal\/wp-json\/wp\/v2\/users\/1"}],"replies":[{"embeddable":true,"href":"https:\/\/labs.100x100.net\/projects\/rutasal\/wp-json\/wp\/v2\/comments?post=219"}],"version-history":[{"count":1,"href":"https:\/\/labs.100x100.net\/projects\/rutasal\/wp-json\/wp\/v2\/posts\/219\/revisions"}],"predecessor-version":[{"id":3938,"href":"https:\/\/labs.100x100.net\/projects\/rutasal\/wp-json\/wp\/v2\/posts\/219\/revisions\/3938"}],"wp:featuredmedia":[{"embeddable":true,"href":"https:\/\/labs.100x100.net\/projects\/rutasal\/wp-json\/wp\/v2\/media\/3644"}],"wp:attachment":[{"href":"https:\/\/labs.100x100.net\/projects\/rutasal\/wp-json\/wp\/v2\/media?parent=219"}],"wp:term":[{"taxonomy":"category","embeddable":true,"href":"https:\/\/labs.100x100.net\/projects\/rutasal\/wp-json\/wp\/v2\/categories?post=219"},{"taxonomy":"post_tag","embeddable":true,"href":"https:\/\/labs.100x100.net\/projects\/rutasal\/wp-json\/wp\/v2\/tags?post=219"}],"curies":[{"name":"wp","href":"https:\/\/api.w.org\/{rel}","templated":true}]}}