{"id":2183,"date":"2016-03-08T16:56:32","date_gmt":"2016-03-08T14:56:32","guid":{"rendered":"https:\/\/larutadelasal.com\/?p=2183"},"modified":"2019-03-08T10:51:53","modified_gmt":"2019-03-08T08:51:53","slug":"presentada-en-barcelona-la-29-edicion-de-la-ruta-de-la-sal","status":"publish","type":"post","link":"https:\/\/labs.100x100.net\/projects\/rutasal\/presentada-en-barcelona-la-29-edicion-de-la-ruta-de-la-sal\/","title":{"rendered":"PRESENTADA EN BARCELONA LA 29 EDICI\u00d3N DE LA RUTA DE LA SAL"},"content":{"rendered":"<p><a href=\"http:\/\/www.anambcn.org\/wp-content\/uploads\/2016\/03\/AFB9192-1.jpg\"><img loading=\"lazy\" decoding=\"async\" class=\"alignnone wp-image-534 size-large\" src=\"http:\/\/www.anambcn.org\/wp-content\/uploads\/2016\/03\/AFB9192-1-804x600.jpg\" alt=\"29 Edici\u00f3n de La Ruta de La Sal 2016 (Trofeo Pepe Ferr\u00e9s)\" width=\"804\" height=\"600\" \/><\/a><\/p>\n<h5>-La participaci\u00f3n reunir\u00e1 a unos 160 equipos en competici\u00f3n, ser\u00e1 la regata de altura m\u00e1s importante del Mediterr\u00e1neo.<\/h5>\n<p>Hoy se ha presentado en Barcelona la 29 edici\u00f3n de la Regata de Altura de La Ruta de La Sal &#8211; Trofeo Pepe Ferres. En el acto, consistente en una Rueda de Prensa -Almuerzo, estuvieron presentes el Presidente del Consell Insular de Ibiza, Vicent Torres Guash, el Alcalde de Santa Antoni de Portmany y Presidente del Club N\u00e1utico de San Antoni, entidad co-organizadora de la Regata, Josep Tur y Vicent Torres Ferrer, Director General de Turismo de Consell Insular de Ibiza.<\/p>\n<p>Tambi\u00e9n asistieron Joan Tubella, Presidente de Port Ginesta y Jaime Portones, Presidente del Real Club N\u00e1utico de Denia, instalaciones n\u00e1utico deportivas, ambas, junto por el citado CN de Sant Antoni directamente implicadas en la organizaci\u00f3n y gesti\u00f3n t\u00e9cnica de La Sal.<\/p>\n<p>El acto, convocado por la ANAM &#8211; Asociaci\u00f3n de Navegantes de Altura del Mediterr\u00e1neo &#8211; organizadora y titular de la regata y Difusi\u00f3n N\u00e1utica, empresa que durante esta edici\u00f3n de La Sal se responsabilizara del marketing promocional general del evento, estuvo destinado a publicitar la 29 edici\u00f3n de La Ruta de Sal entre los principales medios generalistas y especializados de comunicaci\u00f3n, como, entre otros, la Agencia EFE, La Vanguardia, El Peri\u00f3dico, TV3, BTV, El Diario El Mundo, El Mundo Deportivo; Pamorama N\u00e1utico, Nautica&amp;Yates M@agazine, Skipper, Barcos a Vela, 100&#215;100 Regata, etc.<\/p>\n<p><a href=\"http:\/\/www.anambcn.org\/wp-content\/uploads\/2016\/03\/AFB9123.jpg\"><img loading=\"lazy\" decoding=\"async\" class=\"alignnone size-large wp-image-536\" src=\"http:\/\/www.anambcn.org\/wp-content\/uploads\/2016\/03\/AFB9123-804x600.jpg\" alt=\"29 Edici\u00f3n de La Ruta de La Sal 2016 (Trofeo Pepe Ferr\u00e9s)\" width=\"804\" height=\"600\" \/><\/a><\/p>\n<p>Una cita, de corte muy profesional, cuyo objetivo estrat\u00e9gico fundamental apunta hacia la promoci\u00f3n directa de Ibiza como un centro n\u00e1utico tur\u00edstico de primer orden, as\u00ed como de la regata de La Ruta de La Sal como la regata de altura media de mejor perfil deportivo de cuantas se celebran en el Mediterr\u00e1neo occidental.<\/p>\n<p>Por decisi\u00f3n expresa de ANAM la presentaci\u00f3n de la 29 edici\u00f3n de la Ruta de La Sal &#8211; Trofeo Pepe Ferrer fue realizada por conocido regatista y empresario Enrique Curt, un extraordinario navegante, avalado por much\u00edsimas millas de competici\u00f3n en regatas oce\u00e1nicas, participante habitual en La Sal, ganador absoluto en varias ocasiones ; por otro lado un gran especialista en la organizaci\u00f3n de eventos n\u00e1utico deportivos, as\u00ed como en la difusi\u00f3n, comunicaci\u00f3n y marketing promocional dentro, entre otros, del sector de la n\u00e1utica de recreo.<\/p>\n<p>Un perfil perfecto, seg\u00fan apuntaron los responsables de ANAM, para trasmitir una valoraciones sobre la Ruta de La Sal apoyadas sobre las experiencias de un deportista conocedor del evento y un profesional con un criterio muy s\u00f3lido, una presentaci\u00f3n, en definitiva, alejada del formato tal excesivamente oficialista de ANAM como responsable directo de la organizaci\u00f3n global del evento.<\/p>\n<p><a href=\"http:\/\/www.anambcn.org\/wp-content\/uploads\/2016\/03\/AFB9263.jpg\"><img loading=\"lazy\" decoding=\"async\" class=\"alignnone size-large wp-image-538\" src=\"http:\/\/www.anambcn.org\/wp-content\/uploads\/2016\/03\/AFB9263-804x600.jpg\" alt=\"29 Edici\u00f3n de La Ruta de La Sal 2016 (Trofeo Pepe Ferr\u00e9s)\" width=\"804\" height=\"600\" \/><\/a><\/p>\n","protected":false},"excerpt":{"rendered":"<p>-La participaci\u00f3n reunir\u00e1 a unos 160 equipos en competici\u00f3n, ser\u00e1 la regata de altura m\u00e1s importante del Mediterr\u00e1neo. Hoy se ha presentado en Barcelona la 29 edici\u00f3n de la Regata de Altura de La Ruta de La Sal &#8211; Trofeo Pepe Ferres. En el acto, consistente en una Rueda de Prensa -Almuerzo, estuvieron presentes el [&hellip;]<\/p>\n","protected":false},"author":1,"featured_media":3658,"comment_status":"open","ping_status":"open","sticky":false,"template":"","format":"standard","meta":{"_acf_changed":false,"footnotes":""},"categories":[3],"tags":[],"acf":[],"yoast_head":"<!-- This site is optimized with the Yoast SEO plugin v23.0 - https:\/\/yoast.com\/wordpress\/plugins\/seo\/ -->\n<title>PRESENTADA EN BARCELONA LA 29 EDICI\u00d3N DE LA RUTA DE LA SAL | Regata La Ruta de la Sal<\/title>\n<meta name=\"robots\" content=\"noindex, follow, max-snippet:-1, max-image-preview:large, max-video-preview:-1\" \/>\n<meta property=\"og:locale\" content=\"es_ES\" \/>\n<meta property=\"og:type\" content=\"article\" \/>\n<meta property=\"og:title\" content=\"PRESENTADA EN BARCELONA LA 29 EDICI\u00d3N DE LA RUTA DE LA SAL | Regata La Ruta de la Sal\" \/>\n<meta property=\"og:description\" content=\"-La participaci\u00f3n reunir\u00e1 a unos 160 equipos en competici\u00f3n, ser\u00e1 la regata de altura m\u00e1s importante del Mediterr\u00e1neo. Hoy se ha presentado en Barcelona la 29 edici\u00f3n de la Regata de Altura de La Ruta de La Sal &#8211; Trofeo Pepe Ferres. En el acto, consistente en una Rueda de Prensa -Almuerzo, estuvieron presentes el [&hellip;]\" \/>\n<meta property=\"og:url\" content=\"https:\/\/labs.100x100.net\/projects\/rutasal\/presentada-en-barcelona-la-29-edicion-de-la-ruta-de-la-sal\/\" \/>\n<meta property=\"og:site_name\" content=\"Regata La Ruta de la Sal\" \/>\n<meta property=\"article:publisher\" content=\"https:\/\/www.facebook.com\/rutadelasal\/\" \/>\n<meta property=\"article:published_time\" content=\"2016-03-08T14:56:32+00:00\" \/>\n<meta property=\"article:modified_time\" content=\"2019-03-08T08:51:53+00:00\" \/>\n<meta property=\"og:image\" content=\"https:\/\/labs.100x100.net\/projects\/rutasal\/custom\/uploads\/2016\/03\/AFB9192-1-804x600.jpg\" \/>\n\t<meta property=\"og:image:width\" content=\"804\" \/>\n\t<meta property=\"og:image:height\" content=\"600\" \/>\n\t<meta property=\"og:image:type\" content=\"image\/jpeg\" \/>\n<meta name=\"author\" content=\"La Ruta de la Sal\" \/>\n<meta name=\"twitter:card\" content=\"summary_large_image\" \/>\n<meta name=\"twitter:creator\" content=\"@AnamMedi\" \/>\n<meta name=\"twitter:site\" content=\"@AnamMedi\" \/>\n<meta name=\"twitter:label1\" content=\"Escrito por\" \/>\n\t<meta name=\"twitter:data1\" content=\"La Ruta de la Sal\" \/>\n\t<meta name=\"twitter:label2\" content=\"Tiempo de lectura\" \/>\n\t<meta name=\"twitter:data2\" content=\"2 minutos\" \/>\n<script type=\"application\/ld+json\" class=\"yoast-schema-graph\">{\"@context\":\"https:\/\/schema.org\",\"@graph\":[{\"@type\":\"WebPage\",\"@id\":\"https:\/\/labs.100x100.net\/projects\/rutasal\/presentada-en-barcelona-la-29-edicion-de-la-ruta-de-la-sal\/\",\"url\":\"https:\/\/labs.100x100.net\/projects\/rutasal\/presentada-en-barcelona-la-29-edicion-de-la-ruta-de-la-sal\/\",\"name\":\"PRESENTADA EN BARCELONA LA 29 EDICI\u00d3N DE LA RUTA DE LA SAL | Regata La Ruta de la Sal\",\"isPartOf\":{\"@id\":\"https:\/\/labs.100x100.net\/projects\/rutasal\/#website\"},\"primaryImageOfPage\":{\"@id\":\"https:\/\/labs.100x100.net\/projects\/rutasal\/presentada-en-barcelona-la-29-edicion-de-la-ruta-de-la-sal\/#primaryimage\"},\"image\":{\"@id\":\"https:\/\/labs.100x100.net\/projects\/rutasal\/presentada-en-barcelona-la-29-edicion-de-la-ruta-de-la-sal\/#primaryimage\"},\"thumbnailUrl\":\"https:\/\/labs.100x100.net\/projects\/rutasal\/custom\/uploads\/2016\/03\/AFB9192-1-804x600.jpg\",\"datePublished\":\"2016-03-08T14:56:32+00:00\",\"dateModified\":\"2019-03-08T08:51:53+00:00\",\"author\":{\"@id\":\"https:\/\/labs.100x100.net\/projects\/rutasal\/#\/schema\/person\/214eeb4a2e78fd8373a0a94f6d93c9ca\"},\"breadcrumb\":{\"@id\":\"https:\/\/labs.100x100.net\/projects\/rutasal\/presentada-en-barcelona-la-29-edicion-de-la-ruta-de-la-sal\/#breadcrumb\"},\"inLanguage\":\"es\",\"potentialAction\":[{\"@type\":\"ReadAction\",\"target\":[\"https:\/\/labs.100x100.net\/projects\/rutasal\/presentada-en-barcelona-la-29-edicion-de-la-ruta-de-la-sal\/\"]}]},{\"@type\":\"ImageObject\",\"inLanguage\":\"es\",\"@id\":\"https:\/\/labs.100x100.net\/projects\/rutasal\/presentada-en-barcelona-la-29-edicion-de-la-ruta-de-la-sal\/#primaryimage\",\"url\":\"https:\/\/labs.100x100.net\/projects\/rutasal\/custom\/uploads\/2016\/03\/AFB9192-1-804x600.jpg\",\"contentUrl\":\"https:\/\/labs.100x100.net\/projects\/rutasal\/custom\/uploads\/2016\/03\/AFB9192-1-804x600.jpg\",\"width\":804,\"height\":600},{\"@type\":\"BreadcrumbList\",\"@id\":\"https:\/\/labs.100x100.net\/projects\/rutasal\/presentada-en-barcelona-la-29-edicion-de-la-ruta-de-la-sal\/#breadcrumb\",\"itemListElement\":[{\"@type\":\"ListItem\",\"position\":1,\"name\":\"Portada\",\"item\":\"https:\/\/labs.100x100.net\/projects\/rutasal\/\"},{\"@type\":\"ListItem\",\"position\":2,\"name\":\"PRESENTADA EN BARCELONA LA 29 EDICI\u00d3N DE LA RUTA DE LA SAL\"}]},{\"@type\":\"WebSite\",\"@id\":\"https:\/\/labs.100x100.net\/projects\/rutasal\/#website\",\"url\":\"https:\/\/labs.100x100.net\/projects\/rutasal\/\",\"name\":\"Regata La Ruta de la Sal\",\"description\":\"Regata La Ruta de la Sal es una regata de Altura Mediterr\u00e1nea para barcos de crucero a vela con destino en Ibiza, que se disputa anualmente en Semana Santa.\",\"potentialAction\":[{\"@type\":\"SearchAction\",\"target\":{\"@type\":\"EntryPoint\",\"urlTemplate\":\"https:\/\/labs.100x100.net\/projects\/rutasal\/?s={search_term_string}\"},\"query-input\":\"required name=search_term_string\"}],\"inLanguage\":\"es\"},{\"@type\":\"Person\",\"@id\":\"https:\/\/labs.100x100.net\/projects\/rutasal\/#\/schema\/person\/214eeb4a2e78fd8373a0a94f6d93c9ca\",\"name\":\"La Ruta de la Sal\",\"image\":{\"@type\":\"ImageObject\",\"inLanguage\":\"es\",\"@id\":\"https:\/\/labs.100x100.net\/projects\/rutasal\/#\/schema\/person\/image\/\",\"url\":\"https:\/\/secure.gravatar.com\/avatar\/b247286d4b801d6b1cfcfb3807587284?s=96&d=mm&r=g\",\"contentUrl\":\"https:\/\/secure.gravatar.com\/avatar\/b247286d4b801d6b1cfcfb3807587284?s=96&d=mm&r=g\",\"caption\":\"La Ruta de la Sal\"}}]}<\/script>\n<!-- \/ Yoast SEO plugin. -->","yoast_head_json":{"title":"PRESENTADA EN BARCELONA LA 29 EDICI\u00d3N DE LA RUTA DE LA SAL | Regata La Ruta de la Sal","robots":{"index":"noindex","follow":"follow","max-snippet":"max-snippet:-1","max-image-preview":"max-image-preview:large","max-video-preview":"max-video-preview:-1"},"og_locale":"es_ES","og_type":"article","og_title":"PRESENTADA EN BARCELONA LA 29 EDICI\u00d3N DE LA RUTA DE LA SAL | Regata La Ruta de la Sal","og_description":"-La participaci\u00f3n reunir\u00e1 a unos 160 equipos en competici\u00f3n, ser\u00e1 la regata de altura m\u00e1s importante del Mediterr\u00e1neo. Hoy se ha presentado en Barcelona la 29 edici\u00f3n de la Regata de Altura de La Ruta de La Sal &#8211; Trofeo Pepe Ferres. En el acto, consistente en una Rueda de Prensa -Almuerzo, estuvieron presentes el [&hellip;]","og_url":"https:\/\/labs.100x100.net\/projects\/rutasal\/presentada-en-barcelona-la-29-edicion-de-la-ruta-de-la-sal\/","og_site_name":"Regata La Ruta de la Sal","article_publisher":"https:\/\/www.facebook.com\/rutadelasal\/","article_published_time":"2016-03-08T14:56:32+00:00","article_modified_time":"2019-03-08T08:51:53+00:00","og_image":[{"width":804,"height":600,"url":"https:\/\/labs.100x100.net\/projects\/rutasal\/custom\/uploads\/2016\/03\/AFB9192-1-804x600.jpg","type":"image\/jpeg"}],"author":"La Ruta de la Sal","twitter_card":"summary_large_image","twitter_creator":"@AnamMedi","twitter_site":"@AnamMedi","twitter_misc":{"Escrito por":"La Ruta de la Sal","Tiempo de lectura":"2 minutos"},"schema":{"@context":"https:\/\/schema.org","@graph":[{"@type":"WebPage","@id":"https:\/\/labs.100x100.net\/projects\/rutasal\/presentada-en-barcelona-la-29-edicion-de-la-ruta-de-la-sal\/","url":"https:\/\/labs.100x100.net\/projects\/rutasal\/presentada-en-barcelona-la-29-edicion-de-la-ruta-de-la-sal\/","name":"PRESENTADA EN BARCELONA LA 29 EDICI\u00d3N DE LA RUTA DE LA SAL | Regata La Ruta de la Sal","isPartOf":{"@id":"https:\/\/labs.100x100.net\/projects\/rutasal\/#website"},"primaryImageOfPage":{"@id":"https:\/\/labs.100x100.net\/projects\/rutasal\/presentada-en-barcelona-la-29-edicion-de-la-ruta-de-la-sal\/#primaryimage"},"image":{"@id":"https:\/\/labs.100x100.net\/projects\/rutasal\/presentada-en-barcelona-la-29-edicion-de-la-ruta-de-la-sal\/#primaryimage"},"thumbnailUrl":"https:\/\/labs.100x100.net\/projects\/rutasal\/custom\/uploads\/2016\/03\/AFB9192-1-804x600.jpg","datePublished":"2016-03-08T14:56:32+00:00","dateModified":"2019-03-08T08:51:53+00:00","author":{"@id":"https:\/\/labs.100x100.net\/projects\/rutasal\/#\/schema\/person\/214eeb4a2e78fd8373a0a94f6d93c9ca"},"breadcrumb":{"@id":"https:\/\/labs.100x100.net\/projects\/rutasal\/presentada-en-barcelona-la-29-edicion-de-la-ruta-de-la-sal\/#breadcrumb"},"inLanguage":"es","potentialAction":[{"@type":"ReadAction","target":["https:\/\/labs.100x100.net\/projects\/rutasal\/presentada-en-barcelona-la-29-edicion-de-la-ruta-de-la-sal\/"]}]},{"@type":"ImageObject","inLanguage":"es","@id":"https:\/\/labs.100x100.net\/projects\/rutasal\/presentada-en-barcelona-la-29-edicion-de-la-ruta-de-la-sal\/#primaryimage","url":"https:\/\/labs.100x100.net\/projects\/rutasal\/custom\/uploads\/2016\/03\/AFB9192-1-804x600.jpg","contentUrl":"https:\/\/labs.100x100.net\/projects\/rutasal\/custom\/uploads\/2016\/03\/AFB9192-1-804x600.jpg","width":804,"height":600},{"@type":"BreadcrumbList","@id":"https:\/\/labs.100x100.net\/projects\/rutasal\/presentada-en-barcelona-la-29-edicion-de-la-ruta-de-la-sal\/#breadcrumb","itemListElement":[{"@type":"ListItem","position":1,"name":"Portada","item":"https:\/\/labs.100x100.net\/projects\/rutasal\/"},{"@type":"ListItem","position":2,"name":"PRESENTADA EN BARCELONA LA 29 EDICI\u00d3N DE LA RUTA DE LA SAL"}]},{"@type":"WebSite","@id":"https:\/\/labs.100x100.net\/projects\/rutasal\/#website","url":"https:\/\/labs.100x100.net\/projects\/rutasal\/","name":"Regata La Ruta de la Sal","description":"Regata La Ruta de la Sal es una regata de Altura Mediterr\u00e1nea para barcos de crucero a vela con destino en Ibiza, que se disputa anualmente en Semana Santa.","potentialAction":[{"@type":"SearchAction","target":{"@type":"EntryPoint","urlTemplate":"https:\/\/labs.100x100.net\/projects\/rutasal\/?s={search_term_string}"},"query-input":"required name=search_term_string"}],"inLanguage":"es"},{"@type":"Person","@id":"https:\/\/labs.100x100.net\/projects\/rutasal\/#\/schema\/person\/214eeb4a2e78fd8373a0a94f6d93c9ca","name":"La Ruta de la Sal","image":{"@type":"ImageObject","inLanguage":"es","@id":"https:\/\/labs.100x100.net\/projects\/rutasal\/#\/schema\/person\/image\/","url":"https:\/\/secure.gravatar.com\/avatar\/b247286d4b801d6b1cfcfb3807587284?s=96&d=mm&r=g","contentUrl":"https:\/\/secure.gravatar.com\/avatar\/b247286d4b801d6b1cfcfb3807587284?s=96&d=mm&r=g","caption":"La Ruta de la Sal"}}]}},"_links":{"self":[{"href":"https:\/\/labs.100x100.net\/projects\/rutasal\/wp-json\/wp\/v2\/posts\/2183"}],"collection":[{"href":"https:\/\/labs.100x100.net\/projects\/rutasal\/wp-json\/wp\/v2\/posts"}],"about":[{"href":"https:\/\/labs.100x100.net\/projects\/rutasal\/wp-json\/wp\/v2\/types\/post"}],"author":[{"embeddable":true,"href":"https:\/\/labs.100x100.net\/projects\/rutasal\/wp-json\/wp\/v2\/users\/1"}],"replies":[{"embeddable":true,"href":"https:\/\/labs.100x100.net\/projects\/rutasal\/wp-json\/wp\/v2\/comments?post=2183"}],"version-history":[{"count":1,"href":"https:\/\/labs.100x100.net\/projects\/rutasal\/wp-json\/wp\/v2\/posts\/2183\/revisions"}],"predecessor-version":[{"id":3441,"href":"https:\/\/labs.100x100.net\/projects\/rutasal\/wp-json\/wp\/v2\/posts\/2183\/revisions\/3441"}],"wp:featuredmedia":[{"embeddable":true,"href":"https:\/\/labs.100x100.net\/projects\/rutasal\/wp-json\/wp\/v2\/media\/3658"}],"wp:attachment":[{"href":"https:\/\/labs.100x100.net\/projects\/rutasal\/wp-json\/wp\/v2\/media?parent=2183"}],"wp:term":[{"taxonomy":"category","embeddable":true,"href":"https:\/\/labs.100x100.net\/projects\/rutasal\/wp-json\/wp\/v2\/categories?post=2183"},{"taxonomy":"post_tag","embeddable":true,"href":"https:\/\/labs.100x100.net\/projects\/rutasal\/wp-json\/wp\/v2\/tags?post=2183"}],"curies":[{"name":"wp","href":"https:\/\/api.w.org\/{rel}","templated":true}]}}