{"id":2156,"date":"2016-01-15T16:50:03","date_gmt":"2016-01-15T14:50:03","guid":{"rendered":"https:\/\/larutadelasal.com\/?p=2156"},"modified":"2019-03-08T10:55:56","modified_gmt":"2019-03-08T08:55:56","slug":"rumbo-a-la-29-ruta-de-la-sal-trofeo-pepe-ferres","status":"publish","type":"post","link":"https:\/\/labs.100x100.net\/projects\/rutasal\/rumbo-a-la-29-ruta-de-la-sal-trofeo-pepe-ferres\/","title":{"rendered":"RUMBO A LA 29 RUTA DE LA SAL \u2013 TROFEO PEPE FERRES"},"content":{"rendered":"<h1><strong>La 29 Ruta de La Sal \u2013 Trofeo Pepe Ferres se celebrara del 24 al 27 de Marzo del 2016.<\/strong><\/h1>\n<h1>La participaci\u00f3n reunir\u00e1 a unos 160 equipos en competici\u00f3n, ser\u00e1 la regata de altura m\u00e1s importante del Mediterr\u00e1neo.<\/h1>\n<p style=\"text-align: justify;\">Como quien dice, solo nos faltan un par de bordos para plantarnos en la salida de la Regata de Altura de La Ruta de la Sal. Estamos a tiempo para inscribirnos, organizar un desaf\u00edo deportivo e iniciar la temporada del 2016 participando en esta extraordinaria aventura. Todo un lujo y, sin duda alguna, una manera brillante de experimentar las alegr\u00edas y bondades de la competici\u00f3n alta mar, regateando contra muchos barcos, mas de 150, en una prueba emblem\u00e1tica, cargada de historia, hoy considerada como una referencia deportiva obligada dentro de su tipolog\u00eda, para lo que en todos casos, conviene considerar los siguientes temas:<\/p>\n<p style=\"text-align: justify;\"><a title=\"27 La Ruta de La Sal 2014 (Trofeo Pepe Ferr\u00e9s)\" href=\"#\" rel=\"\"><img loading=\"lazy\" decoding=\"async\" class=\" aligncenter\" title=\"27 La Ruta de La Sal 2014 (Trofeo Pepe Ferr\u00e9s)\" src=\"http:\/\/farm4.staticflickr.com\/3816\/13910118175_ab05b02933.jpg\" alt=\"27 La Ruta de La Sal 2014 (Trofeo Pepe Ferr\u00e9s)\" width=\"500\" height=\"352\" \/><\/a><\/p>\n<h1 style=\"text-align: justify;\"><strong>Uno, las fechas y los recorridos<\/strong><\/h1>\n<p style=\"text-align: justify;\">Los \u201ccaprichos\u201d lunares han ubicado este a\u00f1o a la Semana Santa en el ultimo tramo del mes de marzo. El jueves Santo, d\u00eda de las salidas de La Sal desde Denia y Barcelona a Ibiza ser\u00e1 el d\u00eda 24 de Marzo, Sera ya en primavera. Los d\u00edas ya tan largos como las noches, concretamente 12h y 21 m de luz. El 23 de Marzo, a pocas horas de las salidas, la luna estar\u00e1 llena; el d\u00eda 27 de este mismo mes de implantara el horario de verano. La Sal, como siempre, se disputara en unos escenarios extraordinarios, dif\u00edciles de prever; inestables, con muchas variables de obligan a negociar muchas estrategias, t\u00e1cticas y resoluciones que har\u00e1n que la navegaci\u00f3n, como siempre ocurre en el Trofeo Pepe Ferres, sea exigente; de gran valor deportivo. Tambi\u00e9n muy excitante.<\/p>\n<p style=\"text-align: justify;\">La Versi\u00f3n Norte de La Sal que saldr\u00e1 el pr\u00f3ximo jueves 24 de Marzo del 2016 a las 10:00 h desde el CM Port Ginesta, se competir\u00e1, como ya es habitual, sobre un recorrido de 140 millas con rumbo directo hasta el Club N\u00e1utico de Sant Antoni de Portmany en Ibiza.<\/p>\n<p style=\"text-align: justify;\">La regata desde Barcelona, es b\u00e1sicamente una navegaci\u00f3n de altura media muy condicionada por los panoramas meteorol\u00f3gicos de las costas norte de Mallorca e Ibiza y, tambi\u00e9n del Golfo de Sant Jordi. Un circuito en el que en el 2015 se proclamo vencedor absoluto el Swam 45 \u00abCoratge\u00bb de Manuel Jane. Quien con un tiempo de 24h, 25m, 06 s logro proclamarse ganador el Tiempo Real y en Compensado. Algo muy dif\u00edcil en una regata como La Sal.<\/p>\n<p style=\"text-align: justify;\">La Versi\u00f3n Este con salida prevista para las 14: 00 h del jueves 24 de Marzo del 2016, desde el RC N\u00e1utico de Denia, implica un circuito de 120 millas que obliga a los equipos en competici\u00f3n a tomar Formentera por babor, la Isla de Tagomago y, navegando por la costa norte de Ibiza, llegar hasta Sant Antoni de Portmany.<\/p>\n<p style=\"text-align: justify;\">La ruta desde Denia, vencida en el 2015 por el ibicenco Manel Guasch con el Fortuna 9 \u201cAivis\u201d del CN de Ibiza con un registro de 24h, 48m, 26s se dibuja como una exigente y compleja regata en la que cohabitan la navegaci\u00f3n de altura con un recorrido costero cargado de opciones, muy influenciado por los micro-climas de la costa de la Pitiussa Mayor y los Freus de Formentera. Una singladura en la que en la pasada edici\u00f3n de la regata, disputada con poco viento, el barco m\u00e1s r\u00e1pido de la flota, el ganador de la clasificaci\u00f3n en Tiempo Real, concretamente el Grand Soleil 37 \u00abZas Sailing\u00bb de Jos\u00e9 Luis Franc\u00e9s del Real Club N\u00e1utico de Valencia, invirti\u00f3 un tiempo de 22h, 46m y 47s.<\/p>\n<h1 style=\"text-align: justify;\">Dos, unas pinceladas sobre el formato t\u00e9cnico de la regata<\/h1>\n<p style=\"text-align: justify;\">A efectos t\u00e9cnico-deportivos, La Sal 2016 estar\u00e1 abierta a la participaci\u00f3n de embarcaciones con certificado ORC y RI; Si bien, de cara a las clasificaciones generales de ambas versiones, y con intenci\u00f3n de se establezcan unos \u00fanicos ganadores de la Ruta de La Sal, se ha determinado que para calcular los resultados finales de la regata se aplicara, en cada una de la versiones de la regata, el sistema de compensaci\u00f3n, sea el ORC o el RI, en el haya m\u00e1s barcos inscritos. Ofreciendo la organizaci\u00f3n a los equipos apuntados en el grupo donde existan menos inscritos la posibilidad de asignarles un \u201crating estimado no protestable\u201d que les permitir\u00e1 competir, sin coste a\u00f1adido alguno, de cara a las clasificaciones generales de La Sal. Existiendo tambi\u00e9n, como es l\u00f3gico, la posibilidad de que los armadores que lo consideren oportuno, puedan aportar un certificado de rating oficial del sistema de compensaci\u00f3n con el que finalmente se calculen los resultados<br \/>\nGenerales de la regata. Optimizando, de este modo, las prestaciones de su embarcaci\u00f3n de cara al rating oficial.<\/p>\n<p style=\"text-align: justify;\"><a title=\"XXVIII LA RUTA DE LA SAL 2015 (TROFEO PEPE FERR\u00c9S)\" href=\"#\" rel=\"\"><img loading=\"lazy\" decoding=\"async\" class=\" aligncenter\" title=\"XXVIII LA RUTA DE LA SAL 2015 (TROFEO PEPE FERR\u00c9S)\" src=\"http:\/\/farm8.staticflickr.com\/7604\/17018752821_5c5a6d62b3.jpg\" alt=\"XXVIII LA RUTA DE LA SAL 2015 (TROFEO PEPE FERR\u00c9S)\" width=\"500\" height=\"360\" \/><\/a><\/p>\n<h1 style=\"text-align: justify;\">Tres, opciones de participaci\u00f3n; las clases y las categor\u00edas<\/h1>\n<p style=\"text-align: justify;\">Las embarcaciones participantes, en todos los casos, se agrupara en las Categor\u00edas siguientes: \u201cALFA\u201d: Cruceros Actuales. Dise\u00f1os a partir de 1\/I\/2000; \u201cBRAVO\u201d: Cruceros Dise\u00f1ados del a\u00f1o 1992 hasta el 31\/XII\/1999; \u201cMODERN VINTAGE\u201d: Cruceros dise\u00f1ados del 1980 hasta el 31\/XII\/1991; \u201cVINTAGE\u201d: Cruceros dise\u00f1ados anteriores hasta el 31\/12\/79; \u201cDELTA\u201d: Multicascos de Crucero (de construcci\u00f3n en serie y habitables entre cascos); \u201cECHO\u201d: Todos aquellos barcos que su certificado oficial de rating lo refleje.<\/p>\n<p style=\"text-align: justify;\">Para el caso de Tripulaciones Reducidas, los equipos participantes podr\u00e1n encuadrarse en la categor\u00eda \u201cGOLF\u201d: Cruceros tripulados por dos personas.<\/p>\n<p style=\"text-align: justify;\">Finalmente, se contempla la Categor\u00eda \u201cTRAINING\u201d: Barcos en lista 6\u00aa con patr\u00f3n profesional o de demostrada experiencia y la \u201cMINI-SAL ESTE\u201d : Recorrido acortado: de Denia a ST. Antoni con rumbo directo. Para tripulaciones que quieran iniciarse en regatas de altura. Se competir\u00e1 sin tang\u00f3n, spinaker, genaker o cualquier otra vela de viento portantes.<\/p>\n<p style=\"text-align: justify;\">En definitiva unas propuestas muy bien estudiadas que permiten que los participantes, al margen de las clasificaciones general absolutas, puedan competir en grupos muy bien dimensionados, en la medida de lo posible muy homog\u00e9neos que tratan de igualar performances contribuyendo, de esta manera, a hacer la competici\u00f3n m\u00e1s equilibrada y divertida. Tambi\u00e9n bajo aspectos t\u00e9cnicos y hasta conceptuales m\u00e1s justa.<\/p>\n<p style=\"text-align: justify;\"><a title=\"_AFB7489\" href=\"#\" rel=\"\"><img loading=\"lazy\" decoding=\"async\" class=\" aligncenter\" title=\"_AFB7489\" src=\"http:\/\/farm1.staticflickr.com\/577\/22218906766_60782390d3.jpg\" alt=\"_AFB7489\" width=\"500\" height=\"334\" \/><\/a><\/p>\n<h1 style=\"text-align: justify;\">Cuatro, un bordo por el programa<\/h1>\n<p style=\"text-align: justify;\">En la Versi\u00f3n Este, todo comenzar\u00e1 el mi\u00e9rcoles 23 de Marzo en el RCN de Denia. Durante gran parte de la jornada, de las 12:00 h. a las 18.00 h, los participantes podr\u00e1n proceder a formalizar las inscripciones. Recibir\u00e1n la bolsa del capit\u00e1n, camisetas y obsequios que ofrecer\u00e1n los patrocinadores y colaboradores a todos los equipos apuntados a la regata. Finalmente, a las 20.00 h, el RCN de Denia y la Organizaci\u00f3n de La Sal proponen, en las instalaciones del Club, una recepci\u00f3n de Bienvenida para todas las tripulaciones con catering, degustaciones y Gramona, el Cava Oficial de regata.<\/p>\n<p style=\"text-align: justify;\">El Jueves 24 de Marzo, a las 10:30 h, se celebrara en las instalaciones del CN de Denia la Reuni\u00f3n de Patrones, donde la organizaci\u00f3n aportara a los participantes importantes datos de inter\u00e9s t\u00e9cnico y log\u00edstico; avances e interpretaciones meteorol\u00f3gicas. An\u00e1lisis de procedimientos de seguimiento y seguridad de la regata. Datos sobre el recorrido, posici\u00f3n de l\u00ednea de llegada. Procedimiento de atraque en Sant Antoni, etc, etc. A las 14.00 h se dar\u00e1 la salida de la Versi\u00f3n Este de La Sal.<\/p>\n<p style=\"text-align: justify;\">En el CM de Port Ginesta, base de salida de la Versi\u00f3n Norte de la Ruta de La Sal, durante el mi\u00e9rcoles 23 de Marzo las cosas ocurrir\u00e1n seg\u00fan los siguientes \u00f3rdenes; de 12:00 h a 18:00 h los participantes podr\u00e1n proceder a formalizar las inscripciones. Recibir\u00e1n la bolsa del capit\u00e1n, camisetas y obsequios. A las 18:00 h; la Reuni\u00f3n de Patrones, con un formato id\u00e9ntico al explicado para el caso de la Versi\u00f3n Este, en el que los participantes podr\u00e1n tener acceso a importantes datos e informes relativos al desarrollo t\u00e9cnico y funcional de la regata. Terminara la jornada, a partir de las 19:00 h, en el Restaurant Es Capit\u00e0, en el mismo Port Ginesta, con una Recepci\u00f3n de Bienvenida para todas las tripulaciones con catering, degustaciones y Cava Gramona.<\/p>\n<p style=\"text-align: justify;\">La Versi\u00f3n Norte, zarpar\u00e1 desde las aguas de Barcelona con rumbo directo a Sant Antoni de Portmany en Ibiza, el Jueves 24 de Marzo a las 10:00 h.<\/p>\n<p style=\"text-align: justify;\">En Ibiza a partir de primeras horas de Jueves 24 todo estar\u00e1 preparado para recibir a la regata; el Comit\u00e9 de Bienvenida en el CN Sant Antoni estar\u00e1 listo para atender a los participantes seg\u00fan vayan arribando al puerto. Algo que normalmente podr\u00eda ocurrir a partir de las primeras horas de la madrugada del Viernes 25 de Marzo. Aunque en alguna ocasi\u00f3n, no muchas, los m\u00e1s r\u00e1pidos lograron llegar el mismo d\u00eda de la salida. Otras, sin embargo, se retrasaron las llegadas hasta bien entrado el d\u00eda siguiente de las partidas desde las costas de la Pen\u00ednsula. En todo caso el Viernes 25, a las 22:00 h est\u00e1 prevista una Fiesta de Bienvenida en el CN de Sant Antoni de Portmany.<\/p>\n<p style=\"text-align: justify;\">El s\u00e1bado 26 de Marzo se prepara mucha actividad; por la ma\u00f1ana llegara a Sant Antony el \u201cRally de la Sal\u201d y se organizara una concentraci\u00f3n de Coches Cl\u00e1sicos junto al Village de la Regata, en el Paseo Mar\u00edtimo de Sant Antoni.. A las 12:00 h se celebrara una rueda de prensa con los vencedores de la regata. A las 20:00 h el Acto Oficial de Entrega de Trofeos en la Carpa de La Sal, y finalmente a partir de las 21:00 h una Cena \u2013 Bufet para todas las tripulaciones que terminara con Fiesta de La Sal 2016 que, normalmente como siempre ocurre en Ibiza se alargara hasta bien entrada la madrugada.<\/p>\n<h1 style=\"text-align: justify;\">Cinco, como inscribirse<\/h1>\n<p style=\"text-align: justify;\">La inscripci\u00f3n para la Ruta de La Sal del 2016 est\u00e1 abierta. Los datos avanzan una participaci\u00f3n que podr\u00eda reunir a una 160\/170 embarcaciones. Es el momento de tomar la decisi\u00f3n de plantearse la posibilidad de participar en la gran aventura de la Ruta de La Sal \u2013 Trofeo Pepe Ferres. La inscripci\u00f3n es f\u00e1cil de tramitar a trav\u00e9s de las p\u00e1ginas www.anambcn.org \u2013 www.larutadelasal.com<br \/>\nEl evento merece la pena.<\/p>\n<p style=\"text-align: justify;\"><a title=\"XXVIII LA RUTA DE LA SAL 2015 (TROFEO PEPE FERR\u00c9S)\" href=\"#\" rel=\"\"><img loading=\"lazy\" decoding=\"async\" class=\" aligncenter\" title=\"XXVIII LA RUTA DE LA SAL 2015 (TROFEO PEPE FERR\u00c9S)\" src=\"http:\/\/farm9.staticflickr.com\/8703\/16832112480_2dce0ebac9.jpg\" alt=\"XXVIII LA RUTA DE LA SAL 2015 (TROFEO PEPE FERR\u00c9S)\" width=\"500\" height=\"360\" \/><\/a><\/p>\n","protected":false},"excerpt":{"rendered":"<p>La 29 Ruta de La Sal \u2013 Trofeo Pepe Ferres se celebrara del 24 al 27 de Marzo del 2016. La participaci\u00f3n reunir\u00e1 a unos 160 equipos en competici\u00f3n, ser\u00e1 la regata de altura m\u00e1s importante del Mediterr\u00e1neo. Como quien dice, solo nos faltan un par de bordos para plantarnos en la salida de la [&hellip;]<\/p>\n","protected":false},"author":1,"featured_media":3660,"comment_status":"open","ping_status":"open","sticky":false,"template":"","format":"standard","meta":{"_acf_changed":false,"footnotes":""},"categories":[3],"tags":[],"acf":[],"yoast_head":"<!-- This site is optimized with the Yoast SEO plugin v23.0 - https:\/\/yoast.com\/wordpress\/plugins\/seo\/ -->\n<title>RUMBO A LA 29 RUTA DE LA SAL \u2013 TROFEO PEPE FERRES | Regata La Ruta de la Sal<\/title>\n<meta name=\"robots\" content=\"noindex, follow, max-snippet:-1, max-image-preview:large, max-video-preview:-1\" \/>\n<meta property=\"og:locale\" content=\"es_ES\" \/>\n<meta property=\"og:type\" content=\"article\" \/>\n<meta property=\"og:title\" content=\"RUMBO A LA 29 RUTA DE LA SAL \u2013 TROFEO PEPE FERRES | Regata La Ruta de la Sal\" \/>\n<meta property=\"og:description\" content=\"La 29 Ruta de La Sal \u2013 Trofeo Pepe Ferres se celebrara del 24 al 27 de Marzo del 2016. La participaci\u00f3n reunir\u00e1 a unos 160 equipos en competici\u00f3n, ser\u00e1 la regata de altura m\u00e1s importante del Mediterr\u00e1neo. Como quien dice, solo nos faltan un par de bordos para plantarnos en la salida de la [&hellip;]\" \/>\n<meta property=\"og:url\" content=\"https:\/\/labs.100x100.net\/projects\/rutasal\/rumbo-a-la-29-ruta-de-la-sal-trofeo-pepe-ferres\/\" \/>\n<meta property=\"og:site_name\" content=\"Regata La Ruta de la Sal\" \/>\n<meta property=\"article:publisher\" content=\"https:\/\/www.facebook.com\/rutadelasal\/\" \/>\n<meta property=\"article:published_time\" content=\"2016-01-15T14:50:03+00:00\" \/>\n<meta property=\"article:modified_time\" content=\"2019-03-08T08:55:56+00:00\" \/>\n<meta property=\"og:image\" content=\"https:\/\/labs.100x100.net\/projects\/rutasal\/custom\/uploads\/2016\/01\/17018752821_5c5a6d62b3.jpg\" \/>\n\t<meta property=\"og:image:width\" content=\"500\" \/>\n\t<meta property=\"og:image:height\" content=\"360\" \/>\n\t<meta property=\"og:image:type\" content=\"image\/jpeg\" \/>\n<meta name=\"author\" content=\"La Ruta de la Sal\" \/>\n<meta name=\"twitter:card\" content=\"summary_large_image\" \/>\n<meta name=\"twitter:creator\" content=\"@AnamMedi\" \/>\n<meta name=\"twitter:site\" content=\"@AnamMedi\" \/>\n<meta name=\"twitter:label1\" content=\"Escrito por\" \/>\n\t<meta name=\"twitter:data1\" content=\"La Ruta de la Sal\" \/>\n\t<meta name=\"twitter:label2\" content=\"Tiempo de lectura\" \/>\n\t<meta name=\"twitter:data2\" content=\"9 minutos\" \/>\n<script type=\"application\/ld+json\" class=\"yoast-schema-graph\">{\"@context\":\"https:\/\/schema.org\",\"@graph\":[{\"@type\":\"WebPage\",\"@id\":\"https:\/\/labs.100x100.net\/projects\/rutasal\/rumbo-a-la-29-ruta-de-la-sal-trofeo-pepe-ferres\/\",\"url\":\"https:\/\/labs.100x100.net\/projects\/rutasal\/rumbo-a-la-29-ruta-de-la-sal-trofeo-pepe-ferres\/\",\"name\":\"RUMBO A LA 29 RUTA DE LA SAL \u2013 TROFEO PEPE FERRES | Regata La Ruta de la Sal\",\"isPartOf\":{\"@id\":\"https:\/\/labs.100x100.net\/projects\/rutasal\/#website\"},\"primaryImageOfPage\":{\"@id\":\"https:\/\/labs.100x100.net\/projects\/rutasal\/rumbo-a-la-29-ruta-de-la-sal-trofeo-pepe-ferres\/#primaryimage\"},\"image\":{\"@id\":\"https:\/\/labs.100x100.net\/projects\/rutasal\/rumbo-a-la-29-ruta-de-la-sal-trofeo-pepe-ferres\/#primaryimage\"},\"thumbnailUrl\":\"https:\/\/labs.100x100.net\/projects\/rutasal\/custom\/uploads\/2016\/01\/17018752821_5c5a6d62b3.jpg\",\"datePublished\":\"2016-01-15T14:50:03+00:00\",\"dateModified\":\"2019-03-08T08:55:56+00:00\",\"author\":{\"@id\":\"https:\/\/labs.100x100.net\/projects\/rutasal\/#\/schema\/person\/214eeb4a2e78fd8373a0a94f6d93c9ca\"},\"breadcrumb\":{\"@id\":\"https:\/\/labs.100x100.net\/projects\/rutasal\/rumbo-a-la-29-ruta-de-la-sal-trofeo-pepe-ferres\/#breadcrumb\"},\"inLanguage\":\"es\",\"potentialAction\":[{\"@type\":\"ReadAction\",\"target\":[\"https:\/\/labs.100x100.net\/projects\/rutasal\/rumbo-a-la-29-ruta-de-la-sal-trofeo-pepe-ferres\/\"]}]},{\"@type\":\"ImageObject\",\"inLanguage\":\"es\",\"@id\":\"https:\/\/labs.100x100.net\/projects\/rutasal\/rumbo-a-la-29-ruta-de-la-sal-trofeo-pepe-ferres\/#primaryimage\",\"url\":\"https:\/\/labs.100x100.net\/projects\/rutasal\/custom\/uploads\/2016\/01\/17018752821_5c5a6d62b3.jpg\",\"contentUrl\":\"https:\/\/labs.100x100.net\/projects\/rutasal\/custom\/uploads\/2016\/01\/17018752821_5c5a6d62b3.jpg\",\"width\":500,\"height\":360},{\"@type\":\"BreadcrumbList\",\"@id\":\"https:\/\/labs.100x100.net\/projects\/rutasal\/rumbo-a-la-29-ruta-de-la-sal-trofeo-pepe-ferres\/#breadcrumb\",\"itemListElement\":[{\"@type\":\"ListItem\",\"position\":1,\"name\":\"Portada\",\"item\":\"https:\/\/labs.100x100.net\/projects\/rutasal\/\"},{\"@type\":\"ListItem\",\"position\":2,\"name\":\"RUMBO A LA 29 RUTA DE LA SAL \u2013 TROFEO PEPE FERRES\"}]},{\"@type\":\"WebSite\",\"@id\":\"https:\/\/labs.100x100.net\/projects\/rutasal\/#website\",\"url\":\"https:\/\/labs.100x100.net\/projects\/rutasal\/\",\"name\":\"Regata La Ruta de la Sal\",\"description\":\"Regata La Ruta de la Sal es una regata de Altura Mediterr\u00e1nea para barcos de crucero a vela con destino en Ibiza, que se disputa anualmente en Semana Santa.\",\"potentialAction\":[{\"@type\":\"SearchAction\",\"target\":{\"@type\":\"EntryPoint\",\"urlTemplate\":\"https:\/\/labs.100x100.net\/projects\/rutasal\/?s={search_term_string}\"},\"query-input\":\"required name=search_term_string\"}],\"inLanguage\":\"es\"},{\"@type\":\"Person\",\"@id\":\"https:\/\/labs.100x100.net\/projects\/rutasal\/#\/schema\/person\/214eeb4a2e78fd8373a0a94f6d93c9ca\",\"name\":\"La Ruta de la Sal\",\"image\":{\"@type\":\"ImageObject\",\"inLanguage\":\"es\",\"@id\":\"https:\/\/labs.100x100.net\/projects\/rutasal\/#\/schema\/person\/image\/\",\"url\":\"https:\/\/secure.gravatar.com\/avatar\/b247286d4b801d6b1cfcfb3807587284?s=96&d=mm&r=g\",\"contentUrl\":\"https:\/\/secure.gravatar.com\/avatar\/b247286d4b801d6b1cfcfb3807587284?s=96&d=mm&r=g\",\"caption\":\"La Ruta de la Sal\"}}]}<\/script>\n<!-- \/ Yoast SEO plugin. -->","yoast_head_json":{"title":"RUMBO A LA 29 RUTA DE LA SAL \u2013 TROFEO PEPE FERRES | Regata La Ruta de la Sal","robots":{"index":"noindex","follow":"follow","max-snippet":"max-snippet:-1","max-image-preview":"max-image-preview:large","max-video-preview":"max-video-preview:-1"},"og_locale":"es_ES","og_type":"article","og_title":"RUMBO A LA 29 RUTA DE LA SAL \u2013 TROFEO PEPE FERRES | Regata La Ruta de la Sal","og_description":"La 29 Ruta de La Sal \u2013 Trofeo Pepe Ferres se celebrara del 24 al 27 de Marzo del 2016. La participaci\u00f3n reunir\u00e1 a unos 160 equipos en competici\u00f3n, ser\u00e1 la regata de altura m\u00e1s importante del Mediterr\u00e1neo. Como quien dice, solo nos faltan un par de bordos para plantarnos en la salida de la [&hellip;]","og_url":"https:\/\/labs.100x100.net\/projects\/rutasal\/rumbo-a-la-29-ruta-de-la-sal-trofeo-pepe-ferres\/","og_site_name":"Regata La Ruta de la Sal","article_publisher":"https:\/\/www.facebook.com\/rutadelasal\/","article_published_time":"2016-01-15T14:50:03+00:00","article_modified_time":"2019-03-08T08:55:56+00:00","og_image":[{"width":500,"height":360,"url":"https:\/\/labs.100x100.net\/projects\/rutasal\/custom\/uploads\/2016\/01\/17018752821_5c5a6d62b3.jpg","type":"image\/jpeg"}],"author":"La Ruta de la Sal","twitter_card":"summary_large_image","twitter_creator":"@AnamMedi","twitter_site":"@AnamMedi","twitter_misc":{"Escrito por":"La Ruta de la Sal","Tiempo de lectura":"9 minutos"},"schema":{"@context":"https:\/\/schema.org","@graph":[{"@type":"WebPage","@id":"https:\/\/labs.100x100.net\/projects\/rutasal\/rumbo-a-la-29-ruta-de-la-sal-trofeo-pepe-ferres\/","url":"https:\/\/labs.100x100.net\/projects\/rutasal\/rumbo-a-la-29-ruta-de-la-sal-trofeo-pepe-ferres\/","name":"RUMBO A LA 29 RUTA DE LA SAL \u2013 TROFEO PEPE FERRES | Regata La Ruta de la Sal","isPartOf":{"@id":"https:\/\/labs.100x100.net\/projects\/rutasal\/#website"},"primaryImageOfPage":{"@id":"https:\/\/labs.100x100.net\/projects\/rutasal\/rumbo-a-la-29-ruta-de-la-sal-trofeo-pepe-ferres\/#primaryimage"},"image":{"@id":"https:\/\/labs.100x100.net\/projects\/rutasal\/rumbo-a-la-29-ruta-de-la-sal-trofeo-pepe-ferres\/#primaryimage"},"thumbnailUrl":"https:\/\/labs.100x100.net\/projects\/rutasal\/custom\/uploads\/2016\/01\/17018752821_5c5a6d62b3.jpg","datePublished":"2016-01-15T14:50:03+00:00","dateModified":"2019-03-08T08:55:56+00:00","author":{"@id":"https:\/\/labs.100x100.net\/projects\/rutasal\/#\/schema\/person\/214eeb4a2e78fd8373a0a94f6d93c9ca"},"breadcrumb":{"@id":"https:\/\/labs.100x100.net\/projects\/rutasal\/rumbo-a-la-29-ruta-de-la-sal-trofeo-pepe-ferres\/#breadcrumb"},"inLanguage":"es","potentialAction":[{"@type":"ReadAction","target":["https:\/\/labs.100x100.net\/projects\/rutasal\/rumbo-a-la-29-ruta-de-la-sal-trofeo-pepe-ferres\/"]}]},{"@type":"ImageObject","inLanguage":"es","@id":"https:\/\/labs.100x100.net\/projects\/rutasal\/rumbo-a-la-29-ruta-de-la-sal-trofeo-pepe-ferres\/#primaryimage","url":"https:\/\/labs.100x100.net\/projects\/rutasal\/custom\/uploads\/2016\/01\/17018752821_5c5a6d62b3.jpg","contentUrl":"https:\/\/labs.100x100.net\/projects\/rutasal\/custom\/uploads\/2016\/01\/17018752821_5c5a6d62b3.jpg","width":500,"height":360},{"@type":"BreadcrumbList","@id":"https:\/\/labs.100x100.net\/projects\/rutasal\/rumbo-a-la-29-ruta-de-la-sal-trofeo-pepe-ferres\/#breadcrumb","itemListElement":[{"@type":"ListItem","position":1,"name":"Portada","item":"https:\/\/labs.100x100.net\/projects\/rutasal\/"},{"@type":"ListItem","position":2,"name":"RUMBO A LA 29 RUTA DE LA SAL \u2013 TROFEO PEPE FERRES"}]},{"@type":"WebSite","@id":"https:\/\/labs.100x100.net\/projects\/rutasal\/#website","url":"https:\/\/labs.100x100.net\/projects\/rutasal\/","name":"Regata La Ruta de la Sal","description":"Regata La Ruta de la Sal es una regata de Altura Mediterr\u00e1nea para barcos de crucero a vela con destino en Ibiza, que se disputa anualmente en Semana Santa.","potentialAction":[{"@type":"SearchAction","target":{"@type":"EntryPoint","urlTemplate":"https:\/\/labs.100x100.net\/projects\/rutasal\/?s={search_term_string}"},"query-input":"required name=search_term_string"}],"inLanguage":"es"},{"@type":"Person","@id":"https:\/\/labs.100x100.net\/projects\/rutasal\/#\/schema\/person\/214eeb4a2e78fd8373a0a94f6d93c9ca","name":"La Ruta de la Sal","image":{"@type":"ImageObject","inLanguage":"es","@id":"https:\/\/labs.100x100.net\/projects\/rutasal\/#\/schema\/person\/image\/","url":"https:\/\/secure.gravatar.com\/avatar\/b247286d4b801d6b1cfcfb3807587284?s=96&d=mm&r=g","contentUrl":"https:\/\/secure.gravatar.com\/avatar\/b247286d4b801d6b1cfcfb3807587284?s=96&d=mm&r=g","caption":"La Ruta de la Sal"}}]}},"_links":{"self":[{"href":"https:\/\/labs.100x100.net\/projects\/rutasal\/wp-json\/wp\/v2\/posts\/2156"}],"collection":[{"href":"https:\/\/labs.100x100.net\/projects\/rutasal\/wp-json\/wp\/v2\/posts"}],"about":[{"href":"https:\/\/labs.100x100.net\/projects\/rutasal\/wp-json\/wp\/v2\/types\/post"}],"author":[{"embeddable":true,"href":"https:\/\/labs.100x100.net\/projects\/rutasal\/wp-json\/wp\/v2\/users\/1"}],"replies":[{"embeddable":true,"href":"https:\/\/labs.100x100.net\/projects\/rutasal\/wp-json\/wp\/v2\/comments?post=2156"}],"version-history":[{"count":2,"href":"https:\/\/labs.100x100.net\/projects\/rutasal\/wp-json\/wp\/v2\/posts\/2156\/revisions"}],"predecessor-version":[{"id":3661,"href":"https:\/\/labs.100x100.net\/projects\/rutasal\/wp-json\/wp\/v2\/posts\/2156\/revisions\/3661"}],"wp:featuredmedia":[{"embeddable":true,"href":"https:\/\/labs.100x100.net\/projects\/rutasal\/wp-json\/wp\/v2\/media\/3660"}],"wp:attachment":[{"href":"https:\/\/labs.100x100.net\/projects\/rutasal\/wp-json\/wp\/v2\/media?parent=2156"}],"wp:term":[{"taxonomy":"category","embeddable":true,"href":"https:\/\/labs.100x100.net\/projects\/rutasal\/wp-json\/wp\/v2\/categories?post=2156"},{"taxonomy":"post_tag","embeddable":true,"href":"https:\/\/labs.100x100.net\/projects\/rutasal\/wp-json\/wp\/v2\/tags?post=2156"}],"curies":[{"name":"wp","href":"https:\/\/api.w.org\/{rel}","templated":true}]}}