{"id":2077,"date":"2015-10-16T18:15:23","date_gmt":"2015-10-16T16:15:23","guid":{"rendered":"https:\/\/larutadelasal.com\/?p=2077"},"modified":"2019-03-08T11:03:53","modified_gmt":"2019-03-08T09:03:53","slug":"multitudinaria-presentacion-de-la-xxix-edicion-de-la-ruta-de-la-sal-en-el-salon-nautico-internacional-de-barcelona","status":"publish","type":"post","link":"https:\/\/labs.100x100.net\/projects\/rutasal\/multitudinaria-presentacion-de-la-xxix-edicion-de-la-ruta-de-la-sal-en-el-salon-nautico-internacional-de-barcelona\/","title":{"rendered":"MULTITUDINARIA PRESENTACI\u00d3N DE LA XXIX EDICI\u00d3N DE LA RUTA DE LA SAL EN EL SAL\u00d3N N\u00c1UTICO INTERNACIONAL DE BARCELONA"},"content":{"rendered":"<h1>Hoy viernes se ha presentado en el Sal\u00f3n N\u00e1utico Internacional de Barcelona La 29 Ruta de La Sal \u2013 Trofeo Pepe Ferres que tendr\u00e1 lugar durante la Semana Santa, del 24 al 27 de Marzo del 2016.<\/h1>\n<h1>Con unos 160 equipos en competici\u00f3n, La Sal 2016 ser\u00e1 nuevamente la regata de altura m\u00e1s importante del Mediterr\u00e1neo.<\/h1>\n<p><strong>Un a\u00f1o m\u00e1s, el \u201cEspai del Mar\u201d del Sal\u00f3n N\u00e1utico Internacional de Barcelona, se ha presente oficialmente la 29aba edici\u00f3n de la Regata de Altura de La Ruta de La Sal \u2013 Trofeo Pepe Ferres prevista para la Semana Santa del 2016; acto que ha sido presidido por el President del Consell d\u2019Eivissa, Sr. Vicent Torres Guasch y el Alcalde de St. Antoni de Portmany, Sr. Pep Tur.<\/strong><\/p>\n<p><a title=\"_AFB7620\" href=\"#\" rel=\"\"><img loading=\"lazy\" decoding=\"async\" class=\" aligncenter\" title=\"_AFB7620\" src=\"http:\/\/farm6.staticflickr.com\/5638\/22199172676_45621be33c_z.jpg\" alt=\"_AFB7620\" width=\"640\" height=\"428\" \/><\/a><\/p>\n<p><a title=\"_AFB7662\" href=\"#\" rel=\"\"><img loading=\"lazy\" decoding=\"async\" title=\"_AFB7662\" src=\"http:\/\/farm6.staticflickr.com\/5623\/22058061939_fa0e84d8e6_n.jpg\" alt=\"_AFB7662\" width=\"320\" height=\"214\" \/><\/a>\u00a0<a title=\"_AFB7633\" href=\"#\" rel=\"\"><img loading=\"lazy\" decoding=\"async\" class=\" alignright\" title=\"_AFB7633\" src=\"http:\/\/farm1.staticflickr.com\/599\/22199171096_05942425f0_n.jpg\" alt=\"_AFB7633\" width=\"320\" height=\"214\" \/><\/a><\/p>\n<p>Acto en el que, como es ya tradicional, se ha dado cita, como un ritual ineludible, muchos navegantes y gente de la mar; aficionados a la navegaci\u00f3n de altura para los que La Sal es, cada temporada, esa gran regata de referencia.<\/p>\n<p>Jaime Zaragoza este a\u00f1o se jubila como Director de Salvamento Mar\u00edtimo y desde ANAM le hemos dedicado una entra\u00f1able despedida.<br \/>\nJaime Zaragoza durante m\u00e1s de 25 a\u00f1os ha estado dando soporte tanto profesional como personal a La Ruta de la Sal, y desde ANAM queremos agradecerle la labor y el gran apoyo que ha prestado tanto a la regata como a la infinidad de regatistas que han navegado en esta carism\u00e1tica prueba, poniendo todos los medios a su alcance para ofrecer la mayor seguridad a la regata. Hasta que todos los barcos no estaban en puerto, no descansaba.<\/p>\n<p><a title=\"_AFB7732\" href=\"#\" rel=\"\"><img loading=\"lazy\" decoding=\"async\" class=\" aligncenter\" title=\"_AFB7732\" src=\"http:\/\/farm6.staticflickr.com\/5833\/22219407186_5719fff6cf_z.jpg\" alt=\"_AFB7732\" width=\"640\" height=\"428\" \/><\/a><\/p>\n<p>Tambi\u00e9n hemos dado la bienvenida a Eulalia Pujol Valls, nueva jefe de Salvamento Mar\u00edtimo.<\/p>\n<p><strong>Seguidamente se ha presentado el Circuito ANAM de Regatas 2016 que incluye, al margen de la ya mencionada Ruta de La Sal; la Regata del Delta, La Bah\u00eda de Pollen\u00e7a y la Ruta de la Tramuntana.<\/strong><\/p>\n<p><a title=\"_AFB7756\" href=\"#\" rel=\"\"><img loading=\"lazy\" decoding=\"async\" class=\" aligncenter\" title=\"_AFB7756\" src=\"http:\/\/farm1.staticflickr.com\/563\/21623901063_485e744262_z.jpg\" alt=\"_AFB7756\" width=\"640\" height=\"428\" \/><\/a><\/p>\n<p>&nbsp;<\/p>\n<p><a title=\"_AFB7825\" href=\"#\" rel=\"\"><img loading=\"lazy\" decoding=\"async\" title=\"_AFB7825\" src=\"http:\/\/farm6.staticflickr.com\/5650\/22218807296_26b39ff466_n.jpg\" alt=\"_AFB7825\" width=\"320\" height=\"214\" \/><\/a>\u00a0<a title=\"_AFB7760\" href=\"#\" rel=\"\"><img loading=\"lazy\" decoding=\"async\" class=\" alignright\" title=\"_AFB7760\" src=\"http:\/\/farm6.staticflickr.com\/5721\/21623893603_a50949db78_n.jpg\" alt=\"_AFB7760\" width=\"320\" height=\"214\" \/><\/a><\/p>\n<p><strong>Se ha cerrado este encuentro con la entrega de Premios del Circuito ANAM de Regatas \u2013 Trofeo AUSMAR 2015<\/strong>:<br \/>\nLos Premios para los ganadores de este Cicuito ANAM de Regatas \u2013 Trofeo AUSMAR 2015 son:<\/p>\n<p><strong>Vencedor del Circuto, GALVANA de los Hermanos Pella<\/strong>, AUSMAR ha hecho entrega de un vale de descuento por el importe de 500\u20ac para la compra de material de seguridad AUSMAR.<br \/>\n<strong>2\u00ba clasificado, AQUITAT III de Cesar Villegas<\/strong>, ORIGIN MARINE le ha entregado una ancla ROCNA.<br \/>\n<strong>3r clasificado, THE BEST SKIPPER de Enrique Curt<\/strong>, ORIGIN MARINE ha hecho entrega de un jugo de cabos de amarre de la marca TITAN.<\/p>\n<p><a title=\"_AFB7799\" href=\"#\" rel=\"\"><img loading=\"lazy\" decoding=\"async\" title=\"_AFB7799\" src=\"http:\/\/farm6.staticflickr.com\/5697\/22218818406_2b95420446_n.jpg\" alt=\"_AFB7799\" width=\"320\" height=\"214\" \/><\/a>\u00a0\u00a0<a title=\"_AFB7819\" href=\"#\" rel=\"\"><img loading=\"lazy\" decoding=\"async\" class=\" alignright\" title=\"_AFB7819\" src=\"http:\/\/farm1.staticflickr.com\/700\/21622143864_8ff17c8582_n.jpg\" alt=\"_AFB7819\" width=\"320\" height=\"214\" \/><\/a><\/p>\n<p><a title=\"_AFB7832\" href=\"#\" rel=\"\"><img loading=\"lazy\" decoding=\"async\" class=\" aligncenter\" title=\"_AFB7832\" src=\"http:\/\/farm6.staticflickr.com\/5631\/22255326821_5d872ca34f_n.jpg\" alt=\"_AFB7832\" width=\"320\" height=\"214\" \/><\/a><\/p>\n<p>Y como no pod\u00eda ser de otra manera, hemos brindado con una copa de Gramona, el Cava Oficial de La Sal, para que la temporada de regatas del 2016 sea todo un \u00e9xito. Para que las millas de mar y viento que propone este gran circuito de ANAM est\u00e9n cargadas de alegr\u00edas y an\u00e9cdotas deportivas con sabor a Sal!!!<\/p>\n<p><a title=\"DSC_0495\" href=\"#\" rel=\"\"><img loading=\"lazy\" decoding=\"async\" class=\" aligncenter\" title=\"DSC_0495\" src=\"http:\/\/farm1.staticflickr.com\/776\/22056827680_f644318f1e_z.jpg\" alt=\"DSC_0495\" width=\"640\" height=\"458\" \/><\/a><\/p>\n<p>&nbsp;<\/p>\n<p><a title=\"_AFB7555\" href=\"#\" rel=\"\"><img loading=\"lazy\" decoding=\"async\" title=\"_AFB7555\" src=\"http:\/\/farm1.staticflickr.com\/768\/21622208874_0e9d92a377_n.jpg\" alt=\"_AFB7555\" width=\"320\" height=\"214\" \/><\/a>\u00a0<a title=\"_AFB7489\" href=\"#\" rel=\"\"><img loading=\"lazy\" decoding=\"async\" class=\" alignright\" title=\"_AFB7489\" src=\"http:\/\/farm1.staticflickr.com\/577\/22218906766_60782390d3_n.jpg\" alt=\"_AFB7489\" width=\"320\" height=\"214\" \/><\/a><\/p>\n<p><a title=\"_AFB7851\" href=\"#\" rel=\"\"><img loading=\"lazy\" decoding=\"async\" title=\"_AFB7851\" src=\"http:\/\/farm1.staticflickr.com\/575\/22037502508_eec5693a99_n.jpg\" alt=\"_AFB7851\" width=\"320\" height=\"214\" \/><\/a>\u00a0<a title=\"_AFB7486\" href=\"#\" rel=\"\"><img loading=\"lazy\" decoding=\"async\" class=\" alignright\" title=\"_AFB7486\" src=\"http:\/\/farm6.staticflickr.com\/5663\/22232186512_38aa67289c_n.jpg\" alt=\"_AFB7486\" width=\"320\" height=\"214\" \/><\/a><\/p>\n<p><strong>La 29 Ruta de La Sal \u2013 Trofeo Pepe Ferres se celebrara del 24 al 27 de Marzo del 2016.<\/strong><\/p>\n<p><strong>La Versi\u00f3n Norte de La Sal que saldr\u00e1 el pr\u00f3ximo jueves 24 de Marzo del 2016 a las 10:00h desde el CM Port Ginesta, se competir\u00e1, como ya es habitual, sobre un recorrido de 140 millas con rumbo directo hasta el Club N\u00e1utico de Sant Antoni de Portmany en Ibiza.<\/strong><\/p>\n<p><strong>La Versi\u00f3n Este con salida prevista para las 14: 00 h del mismo d\u00eda, jueves 24 de Marzo del 2016, desde el RC N\u00e1utico de Denia, implica un circuito de 120 millas que obliga a los equipos en competici\u00f3n a tomar Formentera por babor, la Isla de Tagomago y, navegando por la costa norte de Ibiza, llegar hasta Sant Antoni de Portmany.<\/strong><\/p>\n<p><a title=\"XXVIII LA RUTA DE LA SAL 2015 (TROFEO PEPE FERR\u00c9S)\" href=\"#\" rel=\"\"><img loading=\"lazy\" decoding=\"async\" class=\" aligncenter\" title=\"XXVIII LA RUTA DE LA SAL 2015 (TROFEO PEPE FERR\u00c9S)\" src=\"http:\/\/farm9.staticflickr.com\/8733\/16982543896_8612d9dec6_z.jpg\" alt=\"XXVIII LA RUTA DE LA SAL 2015 (TROFEO PEPE FERR\u00c9S)\" width=\"640\" height=\"460\" \/><\/a><\/p>\n<p>&nbsp;<\/p>\n<p>Tras 29 a\u00f1os de historia La Sal navega viento en popa, reafirm\u00e1ndose como un fen\u00f3meno deportivo y social sin precedentes. Una regata que ha hecho historia; una autentica leyenda en la que, cada a\u00f1o, miles de regatistas desean participar como parte indispensable de su programa de competici\u00f3n. Y es que si uno quiere \u00abgraduarse\u00bb en la navegaci\u00f3n de altura es obligatorio haber participado en alguna ocasi\u00f3n en la Ruta de La Sal Es una cuesti\u00f3n de prestigio.<\/p>\n<p>La inscripci\u00f3n para la cita del 2016 est\u00e1 abierta. El Sal\u00f3n N\u00e1utico de Barcelona marca el momento de plantearse la posibilidad de participar en la gran aventura de la Ruta de La Sal \u2013 Trofeo Pepe Ferres 2016.<\/p>\n<p>La organizaci\u00f3n estima la entrada de unos 160 equipos para la cita del 2016. El Swam 45 \u00abCoratge\u00bb de Manuel Jane vencedor de la Versi\u00f3n Norte del 2015 \u2013 tambi\u00e9n de la del 2014- , ser\u00e1, muy posiblemente, el barco a batir, la gran referencia deportiva de la singladura desde Port Ginesta a Sant Antoni de Portmany.<\/p>\n<p style=\"text-align: center;\"><a title=\"XXVIII LA RUTA DE LA SAL 2015 (TROFEO PEPE FERR\u00c9S)\" href=\"#\" rel=\"\"><img loading=\"lazy\" decoding=\"async\" title=\"XXVIII LA RUTA DE LA SAL 2015 (TROFEO PEPE FERR\u00c9S)\" src=\"http:\/\/farm8.staticflickr.com\/7604\/17018752821_5c5a6d62b3_z.jpg\" alt=\"XXVIII LA RUTA DE LA SAL 2015 (TROFEO PEPE FERR\u00c9S)\" width=\"640\" height=\"460\" \/><\/a><\/p>\n<p>En la Versi\u00f3n Este desde Denia a Ibiza el Fortuna 9 \u201cAivis\u201d del Ibicenco Manuel Guash, ganador de este recorrido en la edici\u00f3n del 2015, defender\u00e1 un titulo que ya ha ganado en varias ocasiones. Todo un especialista con muchas experiencias acumuladas en La Sal que aporta un gran nivel deportivo a esta derrota.<\/p>\n<p><a title=\"XXVIII LA RUTA DE LA SAL 2015 (TROFEO PEPE FERR\u00c9S)\" href=\"#\" rel=\"\"><img loading=\"lazy\" decoding=\"async\" class=\" aligncenter\" title=\"XXVIII LA RUTA DE LA SAL 2015 (TROFEO PEPE FERR\u00c9S)\" src=\"http:\/\/farm9.staticflickr.com\/8735\/17032955342_dc5ddc6a8e_z.jpg\" alt=\"XXVIII LA RUTA DE LA SAL 2015 (TROFEO PEPE FERR\u00c9S)\" width=\"640\" height=\"460\" \/><\/a><\/p>\n<p>En todo caso el desaf\u00edo est\u00e1 en marcha. La 29 Ruta de La Sal \u2013 Trofeo Pepe Ferres ya ha iniciado su singladura.<\/p>\n<p>Han asistido al Acto de presentaci\u00f3n, las siguientes Autoridades:<\/p>\n<p>&nbsp;<\/p>\n<p>Sr. Lu\u00eds Conde, Presidente del Sal\u00f3n N\u00e1utico Internacional de Barcelona<br \/>\nSr. Vicent Torres Guasch, President del Consell d\u2019Eivissa<br \/>\n<span style=\"line-height: 1.5;\">Sr. Pep Tur, Alcalde de Sant Antoni de Pormany y President del CN Sant Antoni<br \/>\nSr. Vicent Torres Ferrer, Director Insular de Turisme<br \/>\n<\/span><span style=\"line-height: 1.5;\">Sr. Jos\u00e9 Antonio Ferragut, Regidor de Turisme de l\u2019Ajuntament de Sant Antoni<br \/>\n<\/span><span style=\"line-height: 1.5;\">Sr. Jaime Portol\u00e9s, President del RC N\u00e1utico Denia<br \/>\nSr. Rodrigo de Febrer, Capit\u00e1n de Port Ginesta<br \/>\n<\/span><span style=\"line-height: 1.5;\">Sr. Jes\u00fas Turr\u00f3, Presidente de la Asociaci\u00f3n Nacional de Cruceros<br \/>\n<\/span><span style=\"line-height: 1.5;\">Sra. Eulalia Valls, Jefa de Salvamento Mar\u00edtimo de Barcelona<br \/>\nSr. Jaime Zaragoza,\u00a0ex Director de Salvamento Mar\u00edtimo de Barcelona<br \/>\nEsteban Ferr\u00e9s Torres<br \/>\n<\/span><span style=\"line-height: 1.5;\">Sr. Tom\u00e1s Molina, Meteor\u00f3logo de TV3 y de La Sal<br \/>\n<\/span><span style=\"line-height: 1.5;\"><br \/>\n<\/span><span style=\"line-height: 1.5;\"><br \/>\n<\/span><\/p>\n<p>Tambi\u00e9n nos han acompa\u00f1ado<\/p>\n<p>Miguel Sanchez de Trasmediterranea<br \/>\nJoan Fargas de Ausamr<br \/>\nOriol Salvador de Origin Marine<br \/>\nXavier Gramona de Cavas Gramona<br \/>\nEnric Curt de Curt Ediciones<br \/>\nManuel Moreno de Pantaenius<br \/>\nDaniel Saunier, de Louis Chevrolet<\/p>\n","protected":false},"excerpt":{"rendered":"<p>Hoy viernes se ha presentado en el Sal\u00f3n N\u00e1utico Internacional de Barcelona La 29 Ruta de La Sal \u2013 Trofeo Pepe Ferres que tendr\u00e1 lugar durante la Semana Santa, del 24 al 27 de Marzo del 2016.<\/p>\n","protected":false},"author":1,"featured_media":3665,"comment_status":"open","ping_status":"open","sticky":false,"template":"","format":"standard","meta":{"_acf_changed":false,"footnotes":""},"categories":[3],"tags":[],"acf":[],"yoast_head":"<!-- This site is optimized with the Yoast SEO plugin v23.0 - https:\/\/yoast.com\/wordpress\/plugins\/seo\/ -->\n<title>MULTITUDINARIA PRESENTACI\u00d3N DE LA XXIX EDICI\u00d3N DE LA RUTA DE LA SAL EN EL SAL\u00d3N N\u00c1UTICO INTERNACIONAL DE BARCELONA | Regata La Ruta de la Sal<\/title>\n<meta name=\"robots\" content=\"noindex, follow, max-snippet:-1, max-image-preview:large, max-video-preview:-1\" \/>\n<meta property=\"og:locale\" content=\"es_ES\" \/>\n<meta property=\"og:type\" content=\"article\" \/>\n<meta property=\"og:title\" content=\"MULTITUDINARIA PRESENTACI\u00d3N DE LA XXIX EDICI\u00d3N DE LA RUTA DE LA SAL EN EL SAL\u00d3N N\u00c1UTICO INTERNACIONAL DE BARCELONA | Regata La Ruta de la Sal\" \/>\n<meta property=\"og:description\" content=\"Hoy viernes se ha presentado en el Sal\u00f3n N\u00e1utico Internacional de Barcelona La 29 Ruta de La Sal \u2013 Trofeo Pepe Ferres que tendr\u00e1 lugar durante la Semana Santa, del 24 al 27 de Marzo del 2016.\" \/>\n<meta property=\"og:url\" content=\"https:\/\/labs.100x100.net\/projects\/rutasal\/multitudinaria-presentacion-de-la-xxix-edicion-de-la-ruta-de-la-sal-en-el-salon-nautico-internacional-de-barcelona\/\" \/>\n<meta property=\"og:site_name\" content=\"Regata La Ruta de la Sal\" \/>\n<meta property=\"article:publisher\" content=\"https:\/\/www.facebook.com\/rutadelasal\/\" \/>\n<meta property=\"article:published_time\" content=\"2015-10-16T16:15:23+00:00\" \/>\n<meta property=\"article:modified_time\" content=\"2019-03-08T09:03:53+00:00\" \/>\n<meta property=\"og:image\" content=\"https:\/\/labs.100x100.net\/projects\/rutasal\/custom\/uploads\/2015\/10\/22199172676_45621be33c_z-1.jpg\" \/>\n\t<meta property=\"og:image:width\" content=\"2048\" \/>\n\t<meta property=\"og:image:height\" content=\"1367\" \/>\n\t<meta property=\"og:image:type\" content=\"image\/jpeg\" \/>\n<meta name=\"author\" content=\"La Ruta de la Sal\" \/>\n<meta name=\"twitter:card\" content=\"summary_large_image\" \/>\n<meta name=\"twitter:creator\" content=\"@AnamMedi\" \/>\n<meta name=\"twitter:site\" content=\"@AnamMedi\" \/>\n<meta name=\"twitter:label1\" content=\"Escrito por\" \/>\n\t<meta name=\"twitter:data1\" content=\"La Ruta de la Sal\" \/>\n\t<meta name=\"twitter:label2\" content=\"Tiempo de lectura\" \/>\n\t<meta name=\"twitter:data2\" content=\"5 minutos\" \/>\n<script type=\"application\/ld+json\" class=\"yoast-schema-graph\">{\"@context\":\"https:\/\/schema.org\",\"@graph\":[{\"@type\":\"WebPage\",\"@id\":\"https:\/\/labs.100x100.net\/projects\/rutasal\/multitudinaria-presentacion-de-la-xxix-edicion-de-la-ruta-de-la-sal-en-el-salon-nautico-internacional-de-barcelona\/\",\"url\":\"https:\/\/labs.100x100.net\/projects\/rutasal\/multitudinaria-presentacion-de-la-xxix-edicion-de-la-ruta-de-la-sal-en-el-salon-nautico-internacional-de-barcelona\/\",\"name\":\"MULTITUDINARIA PRESENTACI\u00d3N DE LA XXIX EDICI\u00d3N DE LA RUTA DE LA SAL EN EL SAL\u00d3N N\u00c1UTICO INTERNACIONAL DE BARCELONA | Regata La Ruta de la Sal\",\"isPartOf\":{\"@id\":\"https:\/\/labs.100x100.net\/projects\/rutasal\/#website\"},\"primaryImageOfPage\":{\"@id\":\"https:\/\/labs.100x100.net\/projects\/rutasal\/multitudinaria-presentacion-de-la-xxix-edicion-de-la-ruta-de-la-sal-en-el-salon-nautico-internacional-de-barcelona\/#primaryimage\"},\"image\":{\"@id\":\"https:\/\/labs.100x100.net\/projects\/rutasal\/multitudinaria-presentacion-de-la-xxix-edicion-de-la-ruta-de-la-sal-en-el-salon-nautico-internacional-de-barcelona\/#primaryimage\"},\"thumbnailUrl\":\"https:\/\/labs.100x100.net\/projects\/rutasal\/custom\/uploads\/2015\/10\/22199172676_45621be33c_z-1.jpg\",\"datePublished\":\"2015-10-16T16:15:23+00:00\",\"dateModified\":\"2019-03-08T09:03:53+00:00\",\"author\":{\"@id\":\"https:\/\/labs.100x100.net\/projects\/rutasal\/#\/schema\/person\/214eeb4a2e78fd8373a0a94f6d93c9ca\"},\"breadcrumb\":{\"@id\":\"https:\/\/labs.100x100.net\/projects\/rutasal\/multitudinaria-presentacion-de-la-xxix-edicion-de-la-ruta-de-la-sal-en-el-salon-nautico-internacional-de-barcelona\/#breadcrumb\"},\"inLanguage\":\"es\",\"potentialAction\":[{\"@type\":\"ReadAction\",\"target\":[\"https:\/\/labs.100x100.net\/projects\/rutasal\/multitudinaria-presentacion-de-la-xxix-edicion-de-la-ruta-de-la-sal-en-el-salon-nautico-internacional-de-barcelona\/\"]}]},{\"@type\":\"ImageObject\",\"inLanguage\":\"es\",\"@id\":\"https:\/\/labs.100x100.net\/projects\/rutasal\/multitudinaria-presentacion-de-la-xxix-edicion-de-la-ruta-de-la-sal-en-el-salon-nautico-internacional-de-barcelona\/#primaryimage\",\"url\":\"https:\/\/labs.100x100.net\/projects\/rutasal\/custom\/uploads\/2015\/10\/22199172676_45621be33c_z-1.jpg\",\"contentUrl\":\"https:\/\/labs.100x100.net\/projects\/rutasal\/custom\/uploads\/2015\/10\/22199172676_45621be33c_z-1.jpg\",\"width\":2048,\"height\":1367},{\"@type\":\"BreadcrumbList\",\"@id\":\"https:\/\/labs.100x100.net\/projects\/rutasal\/multitudinaria-presentacion-de-la-xxix-edicion-de-la-ruta-de-la-sal-en-el-salon-nautico-internacional-de-barcelona\/#breadcrumb\",\"itemListElement\":[{\"@type\":\"ListItem\",\"position\":1,\"name\":\"Portada\",\"item\":\"https:\/\/labs.100x100.net\/projects\/rutasal\/\"},{\"@type\":\"ListItem\",\"position\":2,\"name\":\"MULTITUDINARIA PRESENTACI\u00d3N DE LA XXIX EDICI\u00d3N DE LA RUTA DE LA SAL EN EL SAL\u00d3N N\u00c1UTICO INTERNACIONAL DE BARCELONA\"}]},{\"@type\":\"WebSite\",\"@id\":\"https:\/\/labs.100x100.net\/projects\/rutasal\/#website\",\"url\":\"https:\/\/labs.100x100.net\/projects\/rutasal\/\",\"name\":\"Regata La Ruta de la Sal\",\"description\":\"Regata La Ruta de la Sal es una regata de Altura Mediterr\u00e1nea para barcos de crucero a vela con destino en Ibiza, que se disputa anualmente en Semana Santa.\",\"potentialAction\":[{\"@type\":\"SearchAction\",\"target\":{\"@type\":\"EntryPoint\",\"urlTemplate\":\"https:\/\/labs.100x100.net\/projects\/rutasal\/?s={search_term_string}\"},\"query-input\":\"required name=search_term_string\"}],\"inLanguage\":\"es\"},{\"@type\":\"Person\",\"@id\":\"https:\/\/labs.100x100.net\/projects\/rutasal\/#\/schema\/person\/214eeb4a2e78fd8373a0a94f6d93c9ca\",\"name\":\"La Ruta de la Sal\",\"image\":{\"@type\":\"ImageObject\",\"inLanguage\":\"es\",\"@id\":\"https:\/\/labs.100x100.net\/projects\/rutasal\/#\/schema\/person\/image\/\",\"url\":\"https:\/\/secure.gravatar.com\/avatar\/b247286d4b801d6b1cfcfb3807587284?s=96&d=mm&r=g\",\"contentUrl\":\"https:\/\/secure.gravatar.com\/avatar\/b247286d4b801d6b1cfcfb3807587284?s=96&d=mm&r=g\",\"caption\":\"La Ruta de la Sal\"}}]}<\/script>\n<!-- \/ Yoast SEO plugin. -->","yoast_head_json":{"title":"MULTITUDINARIA PRESENTACI\u00d3N DE LA XXIX EDICI\u00d3N DE LA RUTA DE LA SAL EN EL SAL\u00d3N N\u00c1UTICO INTERNACIONAL DE BARCELONA | Regata La Ruta de la Sal","robots":{"index":"noindex","follow":"follow","max-snippet":"max-snippet:-1","max-image-preview":"max-image-preview:large","max-video-preview":"max-video-preview:-1"},"og_locale":"es_ES","og_type":"article","og_title":"MULTITUDINARIA PRESENTACI\u00d3N DE LA XXIX EDICI\u00d3N DE LA RUTA DE LA SAL EN EL SAL\u00d3N N\u00c1UTICO INTERNACIONAL DE BARCELONA | Regata La Ruta de la Sal","og_description":"Hoy viernes se ha presentado en el Sal\u00f3n N\u00e1utico Internacional de Barcelona La 29 Ruta de La Sal \u2013 Trofeo Pepe Ferres que tendr\u00e1 lugar durante la Semana Santa, del 24 al 27 de Marzo del 2016.","og_url":"https:\/\/labs.100x100.net\/projects\/rutasal\/multitudinaria-presentacion-de-la-xxix-edicion-de-la-ruta-de-la-sal-en-el-salon-nautico-internacional-de-barcelona\/","og_site_name":"Regata La Ruta de la Sal","article_publisher":"https:\/\/www.facebook.com\/rutadelasal\/","article_published_time":"2015-10-16T16:15:23+00:00","article_modified_time":"2019-03-08T09:03:53+00:00","og_image":[{"width":2048,"height":1367,"url":"https:\/\/labs.100x100.net\/projects\/rutasal\/custom\/uploads\/2015\/10\/22199172676_45621be33c_z-1.jpg","type":"image\/jpeg"}],"author":"La Ruta de la Sal","twitter_card":"summary_large_image","twitter_creator":"@AnamMedi","twitter_site":"@AnamMedi","twitter_misc":{"Escrito por":"La Ruta de la Sal","Tiempo de lectura":"5 minutos"},"schema":{"@context":"https:\/\/schema.org","@graph":[{"@type":"WebPage","@id":"https:\/\/labs.100x100.net\/projects\/rutasal\/multitudinaria-presentacion-de-la-xxix-edicion-de-la-ruta-de-la-sal-en-el-salon-nautico-internacional-de-barcelona\/","url":"https:\/\/labs.100x100.net\/projects\/rutasal\/multitudinaria-presentacion-de-la-xxix-edicion-de-la-ruta-de-la-sal-en-el-salon-nautico-internacional-de-barcelona\/","name":"MULTITUDINARIA PRESENTACI\u00d3N DE LA XXIX EDICI\u00d3N DE LA RUTA DE LA SAL EN EL SAL\u00d3N N\u00c1UTICO INTERNACIONAL DE BARCELONA | Regata La Ruta de la Sal","isPartOf":{"@id":"https:\/\/labs.100x100.net\/projects\/rutasal\/#website"},"primaryImageOfPage":{"@id":"https:\/\/labs.100x100.net\/projects\/rutasal\/multitudinaria-presentacion-de-la-xxix-edicion-de-la-ruta-de-la-sal-en-el-salon-nautico-internacional-de-barcelona\/#primaryimage"},"image":{"@id":"https:\/\/labs.100x100.net\/projects\/rutasal\/multitudinaria-presentacion-de-la-xxix-edicion-de-la-ruta-de-la-sal-en-el-salon-nautico-internacional-de-barcelona\/#primaryimage"},"thumbnailUrl":"https:\/\/labs.100x100.net\/projects\/rutasal\/custom\/uploads\/2015\/10\/22199172676_45621be33c_z-1.jpg","datePublished":"2015-10-16T16:15:23+00:00","dateModified":"2019-03-08T09:03:53+00:00","author":{"@id":"https:\/\/labs.100x100.net\/projects\/rutasal\/#\/schema\/person\/214eeb4a2e78fd8373a0a94f6d93c9ca"},"breadcrumb":{"@id":"https:\/\/labs.100x100.net\/projects\/rutasal\/multitudinaria-presentacion-de-la-xxix-edicion-de-la-ruta-de-la-sal-en-el-salon-nautico-internacional-de-barcelona\/#breadcrumb"},"inLanguage":"es","potentialAction":[{"@type":"ReadAction","target":["https:\/\/labs.100x100.net\/projects\/rutasal\/multitudinaria-presentacion-de-la-xxix-edicion-de-la-ruta-de-la-sal-en-el-salon-nautico-internacional-de-barcelona\/"]}]},{"@type":"ImageObject","inLanguage":"es","@id":"https:\/\/labs.100x100.net\/projects\/rutasal\/multitudinaria-presentacion-de-la-xxix-edicion-de-la-ruta-de-la-sal-en-el-salon-nautico-internacional-de-barcelona\/#primaryimage","url":"https:\/\/labs.100x100.net\/projects\/rutasal\/custom\/uploads\/2015\/10\/22199172676_45621be33c_z-1.jpg","contentUrl":"https:\/\/labs.100x100.net\/projects\/rutasal\/custom\/uploads\/2015\/10\/22199172676_45621be33c_z-1.jpg","width":2048,"height":1367},{"@type":"BreadcrumbList","@id":"https:\/\/labs.100x100.net\/projects\/rutasal\/multitudinaria-presentacion-de-la-xxix-edicion-de-la-ruta-de-la-sal-en-el-salon-nautico-internacional-de-barcelona\/#breadcrumb","itemListElement":[{"@type":"ListItem","position":1,"name":"Portada","item":"https:\/\/labs.100x100.net\/projects\/rutasal\/"},{"@type":"ListItem","position":2,"name":"MULTITUDINARIA PRESENTACI\u00d3N DE LA XXIX EDICI\u00d3N DE LA RUTA DE LA SAL EN EL SAL\u00d3N N\u00c1UTICO INTERNACIONAL DE BARCELONA"}]},{"@type":"WebSite","@id":"https:\/\/labs.100x100.net\/projects\/rutasal\/#website","url":"https:\/\/labs.100x100.net\/projects\/rutasal\/","name":"Regata La Ruta de la Sal","description":"Regata La Ruta de la Sal es una regata de Altura Mediterr\u00e1nea para barcos de crucero a vela con destino en Ibiza, que se disputa anualmente en Semana Santa.","potentialAction":[{"@type":"SearchAction","target":{"@type":"EntryPoint","urlTemplate":"https:\/\/labs.100x100.net\/projects\/rutasal\/?s={search_term_string}"},"query-input":"required name=search_term_string"}],"inLanguage":"es"},{"@type":"Person","@id":"https:\/\/labs.100x100.net\/projects\/rutasal\/#\/schema\/person\/214eeb4a2e78fd8373a0a94f6d93c9ca","name":"La Ruta de la Sal","image":{"@type":"ImageObject","inLanguage":"es","@id":"https:\/\/labs.100x100.net\/projects\/rutasal\/#\/schema\/person\/image\/","url":"https:\/\/secure.gravatar.com\/avatar\/b247286d4b801d6b1cfcfb3807587284?s=96&d=mm&r=g","contentUrl":"https:\/\/secure.gravatar.com\/avatar\/b247286d4b801d6b1cfcfb3807587284?s=96&d=mm&r=g","caption":"La Ruta de la Sal"}}]}},"_links":{"self":[{"href":"https:\/\/labs.100x100.net\/projects\/rutasal\/wp-json\/wp\/v2\/posts\/2077"}],"collection":[{"href":"https:\/\/labs.100x100.net\/projects\/rutasal\/wp-json\/wp\/v2\/posts"}],"about":[{"href":"https:\/\/labs.100x100.net\/projects\/rutasal\/wp-json\/wp\/v2\/types\/post"}],"author":[{"embeddable":true,"href":"https:\/\/labs.100x100.net\/projects\/rutasal\/wp-json\/wp\/v2\/users\/1"}],"replies":[{"embeddable":true,"href":"https:\/\/labs.100x100.net\/projects\/rutasal\/wp-json\/wp\/v2\/comments?post=2077"}],"version-history":[{"count":1,"href":"https:\/\/labs.100x100.net\/projects\/rutasal\/wp-json\/wp\/v2\/posts\/2077\/revisions"}],"predecessor-version":[{"id":3435,"href":"https:\/\/labs.100x100.net\/projects\/rutasal\/wp-json\/wp\/v2\/posts\/2077\/revisions\/3435"}],"wp:featuredmedia":[{"embeddable":true,"href":"https:\/\/labs.100x100.net\/projects\/rutasal\/wp-json\/wp\/v2\/media\/3665"}],"wp:attachment":[{"href":"https:\/\/labs.100x100.net\/projects\/rutasal\/wp-json\/wp\/v2\/media?parent=2077"}],"wp:term":[{"taxonomy":"category","embeddable":true,"href":"https:\/\/labs.100x100.net\/projects\/rutasal\/wp-json\/wp\/v2\/categories?post=2077"},{"taxonomy":"post_tag","embeddable":true,"href":"https:\/\/labs.100x100.net\/projects\/rutasal\/wp-json\/wp\/v2\/tags?post=2077"}],"curies":[{"name":"wp","href":"https:\/\/api.w.org\/{rel}","templated":true}]}}