{"id":2075,"date":"2015-10-14T18:16:26","date_gmt":"2015-10-14T16:16:26","guid":{"rendered":"https:\/\/larutadelasal.com\/?p=2075"},"modified":"2019-03-08T11:04:59","modified_gmt":"2019-03-08T09:04:59","slug":"salon-nautico-internacional-de-barcelona-y-la-ruta-de-la-sal-2015","status":"publish","type":"post","link":"https:\/\/labs.100x100.net\/projects\/rutasal\/salon-nautico-internacional-de-barcelona-y-la-ruta-de-la-sal-2015\/","title":{"rendered":"SAL\u00d3N N\u00c1UTICO INTERNACIONAL DE BARCELONA Y LA RUTA DE LA SAL 2015"},"content":{"rendered":"<p style=\"text-align: justify;\"><strong>Este viernes 16 a las 18.30h. en el Espai de Mar del Sal\u00f3n N\u00e1utico de Barcelona tendr\u00e1 lugar la Presentaci\u00f3n de LA RUTA DE LA SAL de 2016, regata que se celebra siempre durante la Semana Santa.<\/strong><\/p>\n<p style=\"text-align: justify;\">El Acto estar\u00e1 presidido por el President del Consell d\u2019Eivissa Vicent Torres Guasch.<br \/>\nLuis Conde, presidente del Sal\u00f3n N\u00e1utico y su Director Jordi Freixas tambi\u00e9n estar\u00e1n presentes en el Acto Oficial, as\u00ed como el Meteor\u00f3logo de La Sal, Tom\u00e1s Molina, que vendr\u00e1 en calidad de regatista, ya que ha participado en numerosas ediciones de La Sal.<\/p>\n<p style=\"text-align: justify;\">Nos acompa\u00f1ar\u00e1n los Hermanos Pella, ganadores del Circuito de Regatas ANAM de este a\u00f1o y fieles seguidores de la regata desde su inicio, en este acto en el que tradicionalmente nos reunimos navegantes y gente de la mar, aficionados a la navegaci\u00f3n de altura, para los que La Sal continua siendo la gran regata de referencia.<\/p>\n<p style=\"text-align: justify;\"><a title=\"XXVIII LA RUTA DE LA SAL 2015 (TROFEO PEPE FERR\u00c9S)\" href=\"#\" rel=\"\"><img loading=\"lazy\" decoding=\"async\" class=\" aligncenter\" title=\"XXVIII LA RUTA DE LA SAL 2015 (TROFEO PEPE FERR\u00c9S)\" src=\"http:\/\/farm9.staticflickr.com\/8730\/16386110884_f6a29e88ea_z.jpg\" alt=\"XXVIII LA RUTA DE LA SAL 2015 (TROFEO PEPE FERR\u00c9S)\" width=\"640\" height=\"460\" \/><\/a><\/p>\n<p style=\"text-align: justify;\">Tambi\u00e9n estar\u00e1 presente Jaime Zaragoza, Director de Salvamento Mar\u00edtimo, que este a\u00f1o se jubila.<br \/>\nJaime Zaragoza durante m\u00e1s de veinticinco a\u00f1os ha estado dando soporte, tanto profesional como personal a La Ruta de la Sal y desde ANAM queremos agradecerle la gran labor y el gran apoyo que ha prestado tanto a la Regata, como a la infinidad de regatistas que hab\u00e9is navegado en esta carism\u00e1tica prueba, poniendo todos los medios a su alcance para ofrecer la mayor seguridad a la prueba. Hasta que todos los barcos no estaban en puerto no descansaba!!!<\/p>\n<p style=\"text-align: justify;\">Tambi\u00e9n nos acompa\u00f1ar\u00e1 Eulalia Pujol Valls nueva Jefa de Salvamento Mar\u00edtimo.<\/p>\n<p style=\"text-align: justify;\">Al finalizar el Acto, en el estand de ANAM LA RUTA DE LA SAL, brindaremos con Gramona, el Cava Oficial de la Regata.<\/p>\n<p style=\"text-align: justify;\"><strong>Recordar que durante el Sal\u00f3n N\u00e1utico Internacional de Barcelona, quedan abiertas las inscripciones para la Regata, y todos aquellos interesados que quer\u00e1is participar, os beneficiareis de un descuento especial Sal\u00f3n, del 20% sobre el importe de la inscripci\u00f3n.<\/strong><\/p>\n","protected":false},"excerpt":{"rendered":"<p>Este viernes 16 a las 18.30h. en el Espai de Mar del Sal\u00f3n N\u00e1utico de Barcelona tendr\u00e1 lugar la Presentaci\u00f3n de LA RUTA DE LA SAL de 2016, regata que se celebra siempre durante la Semana Santa. El Acto estar\u00e1 presidido por el President del Consell d\u2019Eivissa Vicent Torres Guasch. Luis Conde, presidente del Sal\u00f3n [&hellip;]<\/p>\n","protected":false},"author":1,"featured_media":3609,"comment_status":"open","ping_status":"open","sticky":false,"template":"","format":"standard","meta":{"_acf_changed":false,"footnotes":""},"categories":[3],"tags":[],"acf":[],"yoast_head":"<!-- This site is optimized with the Yoast SEO plugin v23.0 - https:\/\/yoast.com\/wordpress\/plugins\/seo\/ -->\n<title>SAL\u00d3N N\u00c1UTICO INTERNACIONAL DE BARCELONA Y LA RUTA DE LA SAL 2015 | Regata La Ruta de la Sal<\/title>\n<meta name=\"robots\" content=\"noindex, follow, max-snippet:-1, max-image-preview:large, max-video-preview:-1\" \/>\n<meta property=\"og:locale\" content=\"es_ES\" \/>\n<meta property=\"og:type\" content=\"article\" \/>\n<meta property=\"og:title\" content=\"SAL\u00d3N N\u00c1UTICO INTERNACIONAL DE BARCELONA Y LA RUTA DE LA SAL 2015 | Regata La Ruta de la Sal\" \/>\n<meta property=\"og:description\" content=\"Este viernes 16 a las 18.30h. en el Espai de Mar del Sal\u00f3n N\u00e1utico de Barcelona tendr\u00e1 lugar la Presentaci\u00f3n de LA RUTA DE LA SAL de 2016, regata que se celebra siempre durante la Semana Santa. El Acto estar\u00e1 presidido por el President del Consell d\u2019Eivissa Vicent Torres Guasch. Luis Conde, presidente del Sal\u00f3n [&hellip;]\" \/>\n<meta property=\"og:url\" content=\"https:\/\/labs.100x100.net\/projects\/rutasal\/salon-nautico-internacional-de-barcelona-y-la-ruta-de-la-sal-2015\/\" \/>\n<meta property=\"og:site_name\" content=\"Regata La Ruta de la Sal\" \/>\n<meta property=\"article:publisher\" content=\"https:\/\/www.facebook.com\/rutadelasal\/\" \/>\n<meta property=\"article:published_time\" content=\"2015-10-14T16:16:26+00:00\" \/>\n<meta property=\"article:modified_time\" content=\"2019-03-08T09:04:59+00:00\" \/>\n<meta property=\"og:image\" content=\"https:\/\/labs.100x100.net\/projects\/rutasal\/custom\/uploads\/2018\/03\/AFB0275-500x260.jpg\" \/>\n\t<meta property=\"og:image:width\" content=\"500\" \/>\n\t<meta property=\"og:image:height\" content=\"260\" \/>\n\t<meta property=\"og:image:type\" content=\"image\/jpeg\" \/>\n<meta name=\"author\" content=\"La Ruta de la Sal\" \/>\n<meta name=\"twitter:card\" content=\"summary_large_image\" \/>\n<meta name=\"twitter:creator\" content=\"@AnamMedi\" \/>\n<meta name=\"twitter:site\" content=\"@AnamMedi\" \/>\n<meta name=\"twitter:label1\" content=\"Escrito por\" \/>\n\t<meta name=\"twitter:data1\" content=\"La Ruta de la Sal\" \/>\n\t<meta name=\"twitter:label2\" content=\"Tiempo de lectura\" \/>\n\t<meta name=\"twitter:data2\" content=\"2 minutos\" \/>\n<script type=\"application\/ld+json\" class=\"yoast-schema-graph\">{\"@context\":\"https:\/\/schema.org\",\"@graph\":[{\"@type\":\"WebPage\",\"@id\":\"https:\/\/labs.100x100.net\/projects\/rutasal\/salon-nautico-internacional-de-barcelona-y-la-ruta-de-la-sal-2015\/\",\"url\":\"https:\/\/labs.100x100.net\/projects\/rutasal\/salon-nautico-internacional-de-barcelona-y-la-ruta-de-la-sal-2015\/\",\"name\":\"SAL\u00d3N N\u00c1UTICO INTERNACIONAL DE BARCELONA Y LA RUTA DE LA SAL 2015 | Regata La Ruta de la Sal\",\"isPartOf\":{\"@id\":\"https:\/\/labs.100x100.net\/projects\/rutasal\/#website\"},\"primaryImageOfPage\":{\"@id\":\"https:\/\/labs.100x100.net\/projects\/rutasal\/salon-nautico-internacional-de-barcelona-y-la-ruta-de-la-sal-2015\/#primaryimage\"},\"image\":{\"@id\":\"https:\/\/labs.100x100.net\/projects\/rutasal\/salon-nautico-internacional-de-barcelona-y-la-ruta-de-la-sal-2015\/#primaryimage\"},\"thumbnailUrl\":\"https:\/\/labs.100x100.net\/projects\/rutasal\/custom\/uploads\/2018\/03\/AFB0275-500x260.jpg\",\"datePublished\":\"2015-10-14T16:16:26+00:00\",\"dateModified\":\"2019-03-08T09:04:59+00:00\",\"author\":{\"@id\":\"https:\/\/labs.100x100.net\/projects\/rutasal\/#\/schema\/person\/214eeb4a2e78fd8373a0a94f6d93c9ca\"},\"breadcrumb\":{\"@id\":\"https:\/\/labs.100x100.net\/projects\/rutasal\/salon-nautico-internacional-de-barcelona-y-la-ruta-de-la-sal-2015\/#breadcrumb\"},\"inLanguage\":\"es\",\"potentialAction\":[{\"@type\":\"ReadAction\",\"target\":[\"https:\/\/labs.100x100.net\/projects\/rutasal\/salon-nautico-internacional-de-barcelona-y-la-ruta-de-la-sal-2015\/\"]}]},{\"@type\":\"ImageObject\",\"inLanguage\":\"es\",\"@id\":\"https:\/\/labs.100x100.net\/projects\/rutasal\/salon-nautico-internacional-de-barcelona-y-la-ruta-de-la-sal-2015\/#primaryimage\",\"url\":\"https:\/\/labs.100x100.net\/projects\/rutasal\/custom\/uploads\/2018\/03\/AFB0275-500x260.jpg\",\"contentUrl\":\"https:\/\/labs.100x100.net\/projects\/rutasal\/custom\/uploads\/2018\/03\/AFB0275-500x260.jpg\",\"width\":500,\"height\":260},{\"@type\":\"BreadcrumbList\",\"@id\":\"https:\/\/labs.100x100.net\/projects\/rutasal\/salon-nautico-internacional-de-barcelona-y-la-ruta-de-la-sal-2015\/#breadcrumb\",\"itemListElement\":[{\"@type\":\"ListItem\",\"position\":1,\"name\":\"Portada\",\"item\":\"https:\/\/labs.100x100.net\/projects\/rutasal\/\"},{\"@type\":\"ListItem\",\"position\":2,\"name\":\"SAL\u00d3N N\u00c1UTICO INTERNACIONAL DE BARCELONA Y LA RUTA DE LA SAL 2015\"}]},{\"@type\":\"WebSite\",\"@id\":\"https:\/\/labs.100x100.net\/projects\/rutasal\/#website\",\"url\":\"https:\/\/labs.100x100.net\/projects\/rutasal\/\",\"name\":\"Regata La Ruta de la Sal\",\"description\":\"Regata La Ruta de la Sal es una regata de Altura Mediterr\u00e1nea para barcos de crucero a vela con destino en Ibiza, que se disputa anualmente en Semana Santa.\",\"potentialAction\":[{\"@type\":\"SearchAction\",\"target\":{\"@type\":\"EntryPoint\",\"urlTemplate\":\"https:\/\/labs.100x100.net\/projects\/rutasal\/?s={search_term_string}\"},\"query-input\":\"required name=search_term_string\"}],\"inLanguage\":\"es\"},{\"@type\":\"Person\",\"@id\":\"https:\/\/labs.100x100.net\/projects\/rutasal\/#\/schema\/person\/214eeb4a2e78fd8373a0a94f6d93c9ca\",\"name\":\"La Ruta de la Sal\",\"image\":{\"@type\":\"ImageObject\",\"inLanguage\":\"es\",\"@id\":\"https:\/\/labs.100x100.net\/projects\/rutasal\/#\/schema\/person\/image\/\",\"url\":\"https:\/\/secure.gravatar.com\/avatar\/b247286d4b801d6b1cfcfb3807587284?s=96&d=mm&r=g\",\"contentUrl\":\"https:\/\/secure.gravatar.com\/avatar\/b247286d4b801d6b1cfcfb3807587284?s=96&d=mm&r=g\",\"caption\":\"La Ruta de la Sal\"}}]}<\/script>\n<!-- \/ Yoast SEO plugin. -->","yoast_head_json":{"title":"SAL\u00d3N N\u00c1UTICO INTERNACIONAL DE BARCELONA Y LA RUTA DE LA SAL 2015 | Regata La Ruta de la Sal","robots":{"index":"noindex","follow":"follow","max-snippet":"max-snippet:-1","max-image-preview":"max-image-preview:large","max-video-preview":"max-video-preview:-1"},"og_locale":"es_ES","og_type":"article","og_title":"SAL\u00d3N N\u00c1UTICO INTERNACIONAL DE BARCELONA Y LA RUTA DE LA SAL 2015 | Regata La Ruta de la Sal","og_description":"Este viernes 16 a las 18.30h. en el Espai de Mar del Sal\u00f3n N\u00e1utico de Barcelona tendr\u00e1 lugar la Presentaci\u00f3n de LA RUTA DE LA SAL de 2016, regata que se celebra siempre durante la Semana Santa. El Acto estar\u00e1 presidido por el President del Consell d\u2019Eivissa Vicent Torres Guasch. Luis Conde, presidente del Sal\u00f3n [&hellip;]","og_url":"https:\/\/labs.100x100.net\/projects\/rutasal\/salon-nautico-internacional-de-barcelona-y-la-ruta-de-la-sal-2015\/","og_site_name":"Regata La Ruta de la Sal","article_publisher":"https:\/\/www.facebook.com\/rutadelasal\/","article_published_time":"2015-10-14T16:16:26+00:00","article_modified_time":"2019-03-08T09:04:59+00:00","og_image":[{"width":500,"height":260,"url":"https:\/\/labs.100x100.net\/projects\/rutasal\/custom\/uploads\/2018\/03\/AFB0275-500x260.jpg","type":"image\/jpeg"}],"author":"La Ruta de la Sal","twitter_card":"summary_large_image","twitter_creator":"@AnamMedi","twitter_site":"@AnamMedi","twitter_misc":{"Escrito por":"La Ruta de la Sal","Tiempo de lectura":"2 minutos"},"schema":{"@context":"https:\/\/schema.org","@graph":[{"@type":"WebPage","@id":"https:\/\/labs.100x100.net\/projects\/rutasal\/salon-nautico-internacional-de-barcelona-y-la-ruta-de-la-sal-2015\/","url":"https:\/\/labs.100x100.net\/projects\/rutasal\/salon-nautico-internacional-de-barcelona-y-la-ruta-de-la-sal-2015\/","name":"SAL\u00d3N N\u00c1UTICO INTERNACIONAL DE BARCELONA Y LA RUTA DE LA SAL 2015 | Regata La Ruta de la Sal","isPartOf":{"@id":"https:\/\/labs.100x100.net\/projects\/rutasal\/#website"},"primaryImageOfPage":{"@id":"https:\/\/labs.100x100.net\/projects\/rutasal\/salon-nautico-internacional-de-barcelona-y-la-ruta-de-la-sal-2015\/#primaryimage"},"image":{"@id":"https:\/\/labs.100x100.net\/projects\/rutasal\/salon-nautico-internacional-de-barcelona-y-la-ruta-de-la-sal-2015\/#primaryimage"},"thumbnailUrl":"https:\/\/labs.100x100.net\/projects\/rutasal\/custom\/uploads\/2018\/03\/AFB0275-500x260.jpg","datePublished":"2015-10-14T16:16:26+00:00","dateModified":"2019-03-08T09:04:59+00:00","author":{"@id":"https:\/\/labs.100x100.net\/projects\/rutasal\/#\/schema\/person\/214eeb4a2e78fd8373a0a94f6d93c9ca"},"breadcrumb":{"@id":"https:\/\/labs.100x100.net\/projects\/rutasal\/salon-nautico-internacional-de-barcelona-y-la-ruta-de-la-sal-2015\/#breadcrumb"},"inLanguage":"es","potentialAction":[{"@type":"ReadAction","target":["https:\/\/labs.100x100.net\/projects\/rutasal\/salon-nautico-internacional-de-barcelona-y-la-ruta-de-la-sal-2015\/"]}]},{"@type":"ImageObject","inLanguage":"es","@id":"https:\/\/labs.100x100.net\/projects\/rutasal\/salon-nautico-internacional-de-barcelona-y-la-ruta-de-la-sal-2015\/#primaryimage","url":"https:\/\/labs.100x100.net\/projects\/rutasal\/custom\/uploads\/2018\/03\/AFB0275-500x260.jpg","contentUrl":"https:\/\/labs.100x100.net\/projects\/rutasal\/custom\/uploads\/2018\/03\/AFB0275-500x260.jpg","width":500,"height":260},{"@type":"BreadcrumbList","@id":"https:\/\/labs.100x100.net\/projects\/rutasal\/salon-nautico-internacional-de-barcelona-y-la-ruta-de-la-sal-2015\/#breadcrumb","itemListElement":[{"@type":"ListItem","position":1,"name":"Portada","item":"https:\/\/labs.100x100.net\/projects\/rutasal\/"},{"@type":"ListItem","position":2,"name":"SAL\u00d3N N\u00c1UTICO INTERNACIONAL DE BARCELONA Y LA RUTA DE LA SAL 2015"}]},{"@type":"WebSite","@id":"https:\/\/labs.100x100.net\/projects\/rutasal\/#website","url":"https:\/\/labs.100x100.net\/projects\/rutasal\/","name":"Regata La Ruta de la Sal","description":"Regata La Ruta de la Sal es una regata de Altura Mediterr\u00e1nea para barcos de crucero a vela con destino en Ibiza, que se disputa anualmente en Semana Santa.","potentialAction":[{"@type":"SearchAction","target":{"@type":"EntryPoint","urlTemplate":"https:\/\/labs.100x100.net\/projects\/rutasal\/?s={search_term_string}"},"query-input":"required name=search_term_string"}],"inLanguage":"es"},{"@type":"Person","@id":"https:\/\/labs.100x100.net\/projects\/rutasal\/#\/schema\/person\/214eeb4a2e78fd8373a0a94f6d93c9ca","name":"La Ruta de la Sal","image":{"@type":"ImageObject","inLanguage":"es","@id":"https:\/\/labs.100x100.net\/projects\/rutasal\/#\/schema\/person\/image\/","url":"https:\/\/secure.gravatar.com\/avatar\/b247286d4b801d6b1cfcfb3807587284?s=96&d=mm&r=g","contentUrl":"https:\/\/secure.gravatar.com\/avatar\/b247286d4b801d6b1cfcfb3807587284?s=96&d=mm&r=g","caption":"La Ruta de la Sal"}}]}},"_links":{"self":[{"href":"https:\/\/labs.100x100.net\/projects\/rutasal\/wp-json\/wp\/v2\/posts\/2075"}],"collection":[{"href":"https:\/\/labs.100x100.net\/projects\/rutasal\/wp-json\/wp\/v2\/posts"}],"about":[{"href":"https:\/\/labs.100x100.net\/projects\/rutasal\/wp-json\/wp\/v2\/types\/post"}],"author":[{"embeddable":true,"href":"https:\/\/labs.100x100.net\/projects\/rutasal\/wp-json\/wp\/v2\/users\/1"}],"replies":[{"embeddable":true,"href":"https:\/\/labs.100x100.net\/projects\/rutasal\/wp-json\/wp\/v2\/comments?post=2075"}],"version-history":[{"count":2,"href":"https:\/\/labs.100x100.net\/projects\/rutasal\/wp-json\/wp\/v2\/posts\/2075\/revisions"}],"predecessor-version":[{"id":3666,"href":"https:\/\/labs.100x100.net\/projects\/rutasal\/wp-json\/wp\/v2\/posts\/2075\/revisions\/3666"}],"wp:featuredmedia":[{"embeddable":true,"href":"https:\/\/labs.100x100.net\/projects\/rutasal\/wp-json\/wp\/v2\/media\/3609"}],"wp:attachment":[{"href":"https:\/\/labs.100x100.net\/projects\/rutasal\/wp-json\/wp\/v2\/media?parent=2075"}],"wp:term":[{"taxonomy":"category","embeddable":true,"href":"https:\/\/labs.100x100.net\/projects\/rutasal\/wp-json\/wp\/v2\/categories?post=2075"},{"taxonomy":"post_tag","embeddable":true,"href":"https:\/\/labs.100x100.net\/projects\/rutasal\/wp-json\/wp\/v2\/tags?post=2075"}],"curies":[{"name":"wp","href":"https:\/\/api.w.org\/{rel}","templated":true}]}}