{"id":2070,"date":"2015-09-21T15:18:38","date_gmt":"2015-09-21T13:18:38","guid":{"rendered":"https:\/\/larutadelasal.com\/?p=2070"},"modified":"2019-03-08T11:05:31","modified_gmt":"2019-03-08T09:05:31","slug":"la-xxix-edicion-de-la-ruta-de-la-sal-se-presenta-en-el-salon-nautico-internacional-de-barcelona","status":"publish","type":"post","link":"https:\/\/labs.100x100.net\/projects\/rutasal\/la-xxix-edicion-de-la-ruta-de-la-sal-se-presenta-en-el-salon-nautico-internacional-de-barcelona\/","title":{"rendered":"LA XXIX Edici\u00f3n de La Ruta de la Sal se presenta en el Sal\u00f3n N\u00e1utico Internacional de Barcelona."},"content":{"rendered":"<p>Durante el <strong>Sal\u00f3n N\u00e1utico Internacional de Barcelona,<\/strong> que este a\u00f1o se celebra <strong>del 14 al 18 de octubre<\/strong> en el Port Vell, el <strong>STAND ANAM \u2013 LA RUTA DE LA SAL<\/strong> estar\u00e1 situado en el mismo lugar que el a\u00f1o pasado, <strong>Moll de la Fusta Stand D-493<\/strong>, punto de encuentro de los navegantes.<\/p>\n<p>El <strong>viernes 16 de octubre a las 18.30h<\/strong>, en el Espai de Mar, se celebrar\u00e1 la <strong>Presentaci\u00f3n Oficial de la XXIX edici\u00f3n de La Ruta de la Sal<\/strong> con asistencia de conocidos regatistas que nos dar\u00e1n una breve pincelada de sus experiencias en La Ruta de la Sal.<\/p>\n<p>Seguidamente <strong>se presentar\u00e1 el<\/strong> <strong>Circuito ANAM de Regatas 2016<\/strong> con la Regata del Delta, La Bahia de Pollen\u00e7a, la Ruta de la Tramuntana y la ya presentada Ruta de la Sal.<br \/>\nPara finalizar el acto, s<strong>e proceder\u00e1 a la Entrega de Premios del Circuito ANAM de Regatas \u2013 Trofeo AUSMAR 2015.<\/strong><br \/>\nA continuaci\u00f3n, como siempre, <strong>se brindar\u00e1 con GRAMON<\/strong>A, el cava oficial de la regata.<\/p>\n","protected":false},"excerpt":{"rendered":"<p>Durante el Sal\u00f3n N\u00e1utico Internacional de Barcelona, que este a\u00f1o se celebra del 14 al 18 de octubre en el Port Vell, el STAND ANAM \u2013 LA RUTA DE LA SAL estar\u00e1 situado en el mismo lugar que el a\u00f1o pasado, Moll de la Fusta Stand D-493, punto de encuentro de los navegantes.<\/p>\n","protected":false},"author":1,"featured_media":3494,"comment_status":"open","ping_status":"open","sticky":false,"template":"","format":"standard","meta":{"_acf_changed":false,"footnotes":""},"categories":[3],"tags":[],"acf":[],"yoast_head":"<!-- This site is optimized with the Yoast SEO plugin v23.0 - https:\/\/yoast.com\/wordpress\/plugins\/seo\/ -->\n<title>LA XXIX Edici\u00f3n de La Ruta de la Sal se presenta en el Sal\u00f3n N\u00e1utico Internacional de Barcelona. | Regata La Ruta de la Sal<\/title>\n<meta name=\"robots\" content=\"noindex, follow, max-snippet:-1, max-image-preview:large, max-video-preview:-1\" \/>\n<meta property=\"og:locale\" content=\"es_ES\" \/>\n<meta property=\"og:type\" content=\"article\" \/>\n<meta property=\"og:title\" content=\"LA XXIX Edici\u00f3n de La Ruta de la Sal se presenta en el Sal\u00f3n N\u00e1utico Internacional de Barcelona. | Regata La Ruta de la Sal\" \/>\n<meta property=\"og:description\" content=\"Durante el Sal\u00f3n N\u00e1utico Internacional de Barcelona, que este a\u00f1o se celebra del 14 al 18 de octubre en el Port Vell, el STAND ANAM \u2013 LA RUTA DE LA SAL estar\u00e1 situado en el mismo lugar que el a\u00f1o pasado, Moll de la Fusta Stand D-493, punto de encuentro de los navegantes.\" \/>\n<meta property=\"og:url\" content=\"https:\/\/labs.100x100.net\/projects\/rutasal\/la-xxix-edicion-de-la-ruta-de-la-sal-se-presenta-en-el-salon-nautico-internacional-de-barcelona\/\" \/>\n<meta property=\"og:site_name\" content=\"Regata La Ruta de la Sal\" \/>\n<meta property=\"article:publisher\" content=\"https:\/\/www.facebook.com\/rutadelasal\/\" \/>\n<meta property=\"article:published_time\" content=\"2015-09-21T13:18:38+00:00\" \/>\n<meta property=\"article:modified_time\" content=\"2019-03-08T09:05:31+00:00\" \/>\n<meta property=\"og:image\" content=\"https:\/\/labs.100x100.net\/projects\/rutasal\/custom\/uploads\/2018\/05\/40579834464_5b5da59b7b.jpg\" \/>\n\t<meta property=\"og:image:width\" content=\"500\" \/>\n\t<meta property=\"og:image:height\" content=\"334\" \/>\n\t<meta property=\"og:image:type\" content=\"image\/jpeg\" \/>\n<meta name=\"author\" content=\"La Ruta de la Sal\" \/>\n<meta name=\"twitter:card\" content=\"summary_large_image\" \/>\n<meta name=\"twitter:creator\" content=\"@AnamMedi\" \/>\n<meta name=\"twitter:site\" content=\"@AnamMedi\" \/>\n<meta name=\"twitter:label1\" content=\"Escrito por\" \/>\n\t<meta name=\"twitter:data1\" content=\"La Ruta de la Sal\" \/>\n\t<meta name=\"twitter:label2\" content=\"Tiempo de lectura\" \/>\n\t<meta name=\"twitter:data2\" content=\"1 minuto\" \/>\n<script type=\"application\/ld+json\" class=\"yoast-schema-graph\">{\"@context\":\"https:\/\/schema.org\",\"@graph\":[{\"@type\":\"WebPage\",\"@id\":\"https:\/\/labs.100x100.net\/projects\/rutasal\/la-xxix-edicion-de-la-ruta-de-la-sal-se-presenta-en-el-salon-nautico-internacional-de-barcelona\/\",\"url\":\"https:\/\/labs.100x100.net\/projects\/rutasal\/la-xxix-edicion-de-la-ruta-de-la-sal-se-presenta-en-el-salon-nautico-internacional-de-barcelona\/\",\"name\":\"LA XXIX Edici\u00f3n de La Ruta de la Sal se presenta en el Sal\u00f3n N\u00e1utico Internacional de Barcelona. | Regata La Ruta de la Sal\",\"isPartOf\":{\"@id\":\"https:\/\/labs.100x100.net\/projects\/rutasal\/#website\"},\"primaryImageOfPage\":{\"@id\":\"https:\/\/labs.100x100.net\/projects\/rutasal\/la-xxix-edicion-de-la-ruta-de-la-sal-se-presenta-en-el-salon-nautico-internacional-de-barcelona\/#primaryimage\"},\"image\":{\"@id\":\"https:\/\/labs.100x100.net\/projects\/rutasal\/la-xxix-edicion-de-la-ruta-de-la-sal-se-presenta-en-el-salon-nautico-internacional-de-barcelona\/#primaryimage\"},\"thumbnailUrl\":\"https:\/\/labs.100x100.net\/projects\/rutasal\/custom\/uploads\/2018\/05\/40579834464_5b5da59b7b.jpg\",\"datePublished\":\"2015-09-21T13:18:38+00:00\",\"dateModified\":\"2019-03-08T09:05:31+00:00\",\"author\":{\"@id\":\"https:\/\/labs.100x100.net\/projects\/rutasal\/#\/schema\/person\/214eeb4a2e78fd8373a0a94f6d93c9ca\"},\"breadcrumb\":{\"@id\":\"https:\/\/labs.100x100.net\/projects\/rutasal\/la-xxix-edicion-de-la-ruta-de-la-sal-se-presenta-en-el-salon-nautico-internacional-de-barcelona\/#breadcrumb\"},\"inLanguage\":\"es\",\"potentialAction\":[{\"@type\":\"ReadAction\",\"target\":[\"https:\/\/labs.100x100.net\/projects\/rutasal\/la-xxix-edicion-de-la-ruta-de-la-sal-se-presenta-en-el-salon-nautico-internacional-de-barcelona\/\"]}]},{\"@type\":\"ImageObject\",\"inLanguage\":\"es\",\"@id\":\"https:\/\/labs.100x100.net\/projects\/rutasal\/la-xxix-edicion-de-la-ruta-de-la-sal-se-presenta-en-el-salon-nautico-internacional-de-barcelona\/#primaryimage\",\"url\":\"https:\/\/labs.100x100.net\/projects\/rutasal\/custom\/uploads\/2018\/05\/40579834464_5b5da59b7b.jpg\",\"contentUrl\":\"https:\/\/labs.100x100.net\/projects\/rutasal\/custom\/uploads\/2018\/05\/40579834464_5b5da59b7b.jpg\",\"width\":500,\"height\":334},{\"@type\":\"BreadcrumbList\",\"@id\":\"https:\/\/labs.100x100.net\/projects\/rutasal\/la-xxix-edicion-de-la-ruta-de-la-sal-se-presenta-en-el-salon-nautico-internacional-de-barcelona\/#breadcrumb\",\"itemListElement\":[{\"@type\":\"ListItem\",\"position\":1,\"name\":\"Portada\",\"item\":\"https:\/\/labs.100x100.net\/projects\/rutasal\/\"},{\"@type\":\"ListItem\",\"position\":2,\"name\":\"LA XXIX Edici\u00f3n de La Ruta de la Sal se presenta en el Sal\u00f3n N\u00e1utico Internacional de Barcelona.\"}]},{\"@type\":\"WebSite\",\"@id\":\"https:\/\/labs.100x100.net\/projects\/rutasal\/#website\",\"url\":\"https:\/\/labs.100x100.net\/projects\/rutasal\/\",\"name\":\"Regata La Ruta de la Sal\",\"description\":\"Regata La Ruta de la Sal es una regata de Altura Mediterr\u00e1nea para barcos de crucero a vela con destino en Ibiza, que se disputa anualmente en Semana Santa.\",\"potentialAction\":[{\"@type\":\"SearchAction\",\"target\":{\"@type\":\"EntryPoint\",\"urlTemplate\":\"https:\/\/labs.100x100.net\/projects\/rutasal\/?s={search_term_string}\"},\"query-input\":\"required name=search_term_string\"}],\"inLanguage\":\"es\"},{\"@type\":\"Person\",\"@id\":\"https:\/\/labs.100x100.net\/projects\/rutasal\/#\/schema\/person\/214eeb4a2e78fd8373a0a94f6d93c9ca\",\"name\":\"La Ruta de la Sal\",\"image\":{\"@type\":\"ImageObject\",\"inLanguage\":\"es\",\"@id\":\"https:\/\/labs.100x100.net\/projects\/rutasal\/#\/schema\/person\/image\/\",\"url\":\"https:\/\/secure.gravatar.com\/avatar\/b247286d4b801d6b1cfcfb3807587284?s=96&d=mm&r=g\",\"contentUrl\":\"https:\/\/secure.gravatar.com\/avatar\/b247286d4b801d6b1cfcfb3807587284?s=96&d=mm&r=g\",\"caption\":\"La Ruta de la Sal\"}}]}<\/script>\n<!-- \/ Yoast SEO plugin. -->","yoast_head_json":{"title":"LA XXIX Edici\u00f3n de La Ruta de la Sal se presenta en el Sal\u00f3n N\u00e1utico Internacional de Barcelona. | Regata La Ruta de la Sal","robots":{"index":"noindex","follow":"follow","max-snippet":"max-snippet:-1","max-image-preview":"max-image-preview:large","max-video-preview":"max-video-preview:-1"},"og_locale":"es_ES","og_type":"article","og_title":"LA XXIX Edici\u00f3n de La Ruta de la Sal se presenta en el Sal\u00f3n N\u00e1utico Internacional de Barcelona. | Regata La Ruta de la Sal","og_description":"Durante el Sal\u00f3n N\u00e1utico Internacional de Barcelona, que este a\u00f1o se celebra del 14 al 18 de octubre en el Port Vell, el STAND ANAM \u2013 LA RUTA DE LA SAL estar\u00e1 situado en el mismo lugar que el a\u00f1o pasado, Moll de la Fusta Stand D-493, punto de encuentro de los navegantes.","og_url":"https:\/\/labs.100x100.net\/projects\/rutasal\/la-xxix-edicion-de-la-ruta-de-la-sal-se-presenta-en-el-salon-nautico-internacional-de-barcelona\/","og_site_name":"Regata La Ruta de la Sal","article_publisher":"https:\/\/www.facebook.com\/rutadelasal\/","article_published_time":"2015-09-21T13:18:38+00:00","article_modified_time":"2019-03-08T09:05:31+00:00","og_image":[{"width":500,"height":334,"url":"https:\/\/labs.100x100.net\/projects\/rutasal\/custom\/uploads\/2018\/05\/40579834464_5b5da59b7b.jpg","type":"image\/jpeg"}],"author":"La Ruta de la Sal","twitter_card":"summary_large_image","twitter_creator":"@AnamMedi","twitter_site":"@AnamMedi","twitter_misc":{"Escrito por":"La Ruta de la Sal","Tiempo de lectura":"1 minuto"},"schema":{"@context":"https:\/\/schema.org","@graph":[{"@type":"WebPage","@id":"https:\/\/labs.100x100.net\/projects\/rutasal\/la-xxix-edicion-de-la-ruta-de-la-sal-se-presenta-en-el-salon-nautico-internacional-de-barcelona\/","url":"https:\/\/labs.100x100.net\/projects\/rutasal\/la-xxix-edicion-de-la-ruta-de-la-sal-se-presenta-en-el-salon-nautico-internacional-de-barcelona\/","name":"LA XXIX Edici\u00f3n de La Ruta de la Sal se presenta en el Sal\u00f3n N\u00e1utico Internacional de Barcelona. | Regata La Ruta de la Sal","isPartOf":{"@id":"https:\/\/labs.100x100.net\/projects\/rutasal\/#website"},"primaryImageOfPage":{"@id":"https:\/\/labs.100x100.net\/projects\/rutasal\/la-xxix-edicion-de-la-ruta-de-la-sal-se-presenta-en-el-salon-nautico-internacional-de-barcelona\/#primaryimage"},"image":{"@id":"https:\/\/labs.100x100.net\/projects\/rutasal\/la-xxix-edicion-de-la-ruta-de-la-sal-se-presenta-en-el-salon-nautico-internacional-de-barcelona\/#primaryimage"},"thumbnailUrl":"https:\/\/labs.100x100.net\/projects\/rutasal\/custom\/uploads\/2018\/05\/40579834464_5b5da59b7b.jpg","datePublished":"2015-09-21T13:18:38+00:00","dateModified":"2019-03-08T09:05:31+00:00","author":{"@id":"https:\/\/labs.100x100.net\/projects\/rutasal\/#\/schema\/person\/214eeb4a2e78fd8373a0a94f6d93c9ca"},"breadcrumb":{"@id":"https:\/\/labs.100x100.net\/projects\/rutasal\/la-xxix-edicion-de-la-ruta-de-la-sal-se-presenta-en-el-salon-nautico-internacional-de-barcelona\/#breadcrumb"},"inLanguage":"es","potentialAction":[{"@type":"ReadAction","target":["https:\/\/labs.100x100.net\/projects\/rutasal\/la-xxix-edicion-de-la-ruta-de-la-sal-se-presenta-en-el-salon-nautico-internacional-de-barcelona\/"]}]},{"@type":"ImageObject","inLanguage":"es","@id":"https:\/\/labs.100x100.net\/projects\/rutasal\/la-xxix-edicion-de-la-ruta-de-la-sal-se-presenta-en-el-salon-nautico-internacional-de-barcelona\/#primaryimage","url":"https:\/\/labs.100x100.net\/projects\/rutasal\/custom\/uploads\/2018\/05\/40579834464_5b5da59b7b.jpg","contentUrl":"https:\/\/labs.100x100.net\/projects\/rutasal\/custom\/uploads\/2018\/05\/40579834464_5b5da59b7b.jpg","width":500,"height":334},{"@type":"BreadcrumbList","@id":"https:\/\/labs.100x100.net\/projects\/rutasal\/la-xxix-edicion-de-la-ruta-de-la-sal-se-presenta-en-el-salon-nautico-internacional-de-barcelona\/#breadcrumb","itemListElement":[{"@type":"ListItem","position":1,"name":"Portada","item":"https:\/\/labs.100x100.net\/projects\/rutasal\/"},{"@type":"ListItem","position":2,"name":"LA XXIX Edici\u00f3n de La Ruta de la Sal se presenta en el Sal\u00f3n N\u00e1utico Internacional de Barcelona."}]},{"@type":"WebSite","@id":"https:\/\/labs.100x100.net\/projects\/rutasal\/#website","url":"https:\/\/labs.100x100.net\/projects\/rutasal\/","name":"Regata La Ruta de la Sal","description":"Regata La Ruta de la Sal es una regata de Altura Mediterr\u00e1nea para barcos de crucero a vela con destino en Ibiza, que se disputa anualmente en Semana Santa.","potentialAction":[{"@type":"SearchAction","target":{"@type":"EntryPoint","urlTemplate":"https:\/\/labs.100x100.net\/projects\/rutasal\/?s={search_term_string}"},"query-input":"required name=search_term_string"}],"inLanguage":"es"},{"@type":"Person","@id":"https:\/\/labs.100x100.net\/projects\/rutasal\/#\/schema\/person\/214eeb4a2e78fd8373a0a94f6d93c9ca","name":"La Ruta de la Sal","image":{"@type":"ImageObject","inLanguage":"es","@id":"https:\/\/labs.100x100.net\/projects\/rutasal\/#\/schema\/person\/image\/","url":"https:\/\/secure.gravatar.com\/avatar\/b247286d4b801d6b1cfcfb3807587284?s=96&d=mm&r=g","contentUrl":"https:\/\/secure.gravatar.com\/avatar\/b247286d4b801d6b1cfcfb3807587284?s=96&d=mm&r=g","caption":"La Ruta de la Sal"}}]}},"_links":{"self":[{"href":"https:\/\/labs.100x100.net\/projects\/rutasal\/wp-json\/wp\/v2\/posts\/2070"}],"collection":[{"href":"https:\/\/labs.100x100.net\/projects\/rutasal\/wp-json\/wp\/v2\/posts"}],"about":[{"href":"https:\/\/labs.100x100.net\/projects\/rutasal\/wp-json\/wp\/v2\/types\/post"}],"author":[{"embeddable":true,"href":"https:\/\/labs.100x100.net\/projects\/rutasal\/wp-json\/wp\/v2\/users\/1"}],"replies":[{"embeddable":true,"href":"https:\/\/labs.100x100.net\/projects\/rutasal\/wp-json\/wp\/v2\/comments?post=2070"}],"version-history":[{"count":1,"href":"https:\/\/labs.100x100.net\/projects\/rutasal\/wp-json\/wp\/v2\/posts\/2070\/revisions"}],"predecessor-version":[{"id":3434,"href":"https:\/\/labs.100x100.net\/projects\/rutasal\/wp-json\/wp\/v2\/posts\/2070\/revisions\/3434"}],"wp:featuredmedia":[{"embeddable":true,"href":"https:\/\/labs.100x100.net\/projects\/rutasal\/wp-json\/wp\/v2\/media\/3494"}],"wp:attachment":[{"href":"https:\/\/labs.100x100.net\/projects\/rutasal\/wp-json\/wp\/v2\/media?parent=2070"}],"wp:term":[{"taxonomy":"category","embeddable":true,"href":"https:\/\/labs.100x100.net\/projects\/rutasal\/wp-json\/wp\/v2\/categories?post=2070"},{"taxonomy":"post_tag","embeddable":true,"href":"https:\/\/labs.100x100.net\/projects\/rutasal\/wp-json\/wp\/v2\/tags?post=2070"}],"curies":[{"name":"wp","href":"https:\/\/api.w.org\/{rel}","templated":true}]}}