{"id":2031,"date":"2015-04-04T22:27:59","date_gmt":"2015-04-04T20:27:59","guid":{"rendered":"https:\/\/larutadelasal.com\/?p=2031"},"modified":"2019-03-15T20:38:51","modified_gmt":"2019-03-15T18:38:51","slug":"la-ruta-de-las-2015","status":"publish","type":"post","link":"https:\/\/labs.100x100.net\/projects\/rutasal\/la-ruta-de-las-2015\/","title":{"rendered":"La Ruta de la Sal  2015"},"content":{"rendered":"<p><em><strong>M\u00e1s de 150 embarcaciones y \u00a0900 \u00a0regatistas inscritos en la 28 Ruta de la Sal \u2013Trofeo Pepe Ferres 2015.<\/strong><\/em><br \/>\n<em><strong>\u00abCoratge\u00bb y \u00abAivis\u00bb ganadores absolutos de la 28 Ruta de La Sal &#8211; Trofeo Pepe Ferres 2015.<\/strong><\/em><br \/>\n<em><strong>El Swan-45 \u00abCoratge\u00bb de Manuel Jane de \u00a0vencedor en Tiempo Real y en Tiempo Compensado de la Versi\u00f3n Norte de La Sal 2015.<\/strong><\/em><br \/>\n<em><strong>\u00abAivis\u00bb de Manuel Guasch del CN de Ibiza, ganador absoluto de la Versi\u00f3n Este de La Sal 2015.<\/strong><\/em><br \/>\n<em><strong>El \u00a0GS 37 \u00abZas Sailing\u00bb ganador en Tiempo Real de la Versi\u00f3n \u00c9ste de La Ruta de La Sal 2015.<\/strong><\/em><\/p>\n<p style=\"text-align: justify;\">El jueves 2 de abril, Jueves Santo, zarp\u00f3 la 28 edici\u00f3n de la La Ruta de la Sal &#8211; Trofeo Pepe Ferres con salidas desde Port Ginesta, en Barcelona, para la Versi\u00f3n Norte y desde Denia para Versi\u00f3n Este, con llegada, en ambos casos, en Sant Antoni de Portmany en Ibiza.<\/p>\n<p style=\"text-align: justify;\"><a title=\"XXVIII LA RUTA DE LA SAL 2015 (TROFEO PEPE FERR\u00c9S)\" href=\"#\"><img loading=\"lazy\" decoding=\"async\" class=\"alignleft\" title=\"XXVIII LA RUTA DE LA SAL 2015 (TROFEO PEPE FERR\u00c9S)\" src=\"http:\/\/farm9.staticflickr.com\/8692\/17007565831_f5b3cf7e80_n.jpg\" alt=\"XXVIII LA RUTA DE LA SAL 2015 (TROFEO PEPE FERR\u00c9S)\" width=\"320\" height=\"212\" \/><\/a><a title=\"XXVIII LA RUTA DE LA SAL 2015 (TROFEO PEPE FERR\u00c9S)\" href=\"#\"><img loading=\"lazy\" decoding=\"async\" class=\"alignright\" title=\"XXVIII LA RUTA DE LA SAL 2015 (TROFEO PEPE FERR\u00c9S)\" src=\"http:\/\/farm8.staticflickr.com\/7621\/16820703528_12eb55ecb1_n.jpg\" alt=\"XXVIII LA RUTA DE LA SAL 2015 (TROFEO PEPE FERR\u00c9S)\" width=\"320\" height=\"212\" \/><\/a><\/p>\n<p style=\"text-align: justify;\"><a title=\"nochedenia\" href=\"#\"><img loading=\"lazy\" decoding=\"async\" class=\"alignleft\" title=\"nochedenia\" src=\"http:\/\/farm9.staticflickr.com\/8712\/16386038394_f489e2023f_n.jpg\" alt=\"nochedenia\" width=\"320\" height=\"213\" \/><\/a><a title=\"nochedenia2\" href=\"#\"><img loading=\"lazy\" decoding=\"async\" class=\"alignright\" title=\"nochedenia2\" src=\"http:\/\/farm8.staticflickr.com\/7617\/17008436085_ec4843c790_n.jpg\" alt=\"nochedenia2\" width=\"320\" height=\"213\" \/><\/a><\/p>\n<div style=\"clear: both;\"><\/div>\n<p style=\"text-align: justify;\">La versi\u00f3n Norte de La Sal 2015 de Barcelona a Sant Antoni de Portmany, en Ibiza, se inscribieron 63 embarcaciones tripuladas por unos 368 \u00a0regatistas. La flota incluy\u00f3 a una potente representaci\u00f3n equipos de los litorales Catalanes; unos \u00a025 \u00a0clubes n\u00e1uticos, marinas y asociaciones deportivas representadas. Una sensible entrada de barcos de las Islas Baleares con tripulaciones de Mallorca, Menorca e Ibiza y, finalmente, \u00a0unas 16 embarcaciones extranjeras, con pabellones de Rusia, Italia, B\u00e9lgica, Holanda, Alemania, Inglaterra y, muy especialmente Francia que entra en la competici\u00f3n con m\u00e1s de 7 desaf\u00edos.<\/p>\n<p style=\"text-align: justify;\"><a title=\"XXVIII LA RUTA DE LA SAL 2015 (TROFEO PEPE FERR\u00c9S)\" href=\"#\"><img loading=\"lazy\" decoding=\"async\" class=\"alignleft\" title=\"XXVIII LA RUTA DE LA SAL 2015 (TROFEO PEPE FERR\u00c9S)\" src=\"http:\/\/farm9.staticflickr.com\/8729\/16822353519_ca47f706f3_n.jpg\" alt=\"XXVIII LA RUTA DE LA SAL 2015 (TROFEO PEPE FERR\u00c9S)\" width=\"320\" height=\"230\" \/><\/a><a title=\"XXVIII LA RUTA DE LA SAL 2015 (TROFEO PEPE FERR\u00c9S)\" href=\"#\"><img loading=\"lazy\" decoding=\"async\" class=\"alignright\" title=\"XXVIII LA RUTA DE LA SAL 2015 (TROFEO PEPE FERR\u00c9S)\" src=\"http:\/\/farm9.staticflickr.com\/8736\/17008562655_c4706b7121_n.jpg\" alt=\"XXVIII LA RUTA DE LA SAL 2015 (TROFEO PEPE FERR\u00c9S)\" width=\"320\" height=\"230\" \/><\/a><\/p>\n<p style=\"text-align: justify;\"><a title=\"XXVIII LA RUTA DE LA SAL 2015 (TROFEO PEPE FERR\u00c9S)\" href=\"#\"><img loading=\"lazy\" decoding=\"async\" class=\"alignleft\" title=\"XXVIII LA RUTA DE LA SAL 2015 (TROFEO PEPE FERR\u00c9S)\" src=\"http:\/\/farm8.staticflickr.com\/7588\/16820821738_6ba43745ab_n.jpg\" alt=\"XXVIII LA RUTA DE LA SAL 2015 (TROFEO PEPE FERR\u00c9S)\" width=\"320\" height=\"230\" \/><\/a><a title=\"XXVIII LA RUTA DE LA SAL 2015 (TROFEO PEPE FERR\u00c9S)\" href=\"#\"><img loading=\"lazy\" decoding=\"async\" class=\"alignright\" title=\"XXVIII LA RUTA DE LA SAL 2015 (TROFEO PEPE FERR\u00c9S)\" src=\"http:\/\/farm9.staticflickr.com\/8686\/17007680511_9ed6d9c684_n.jpg\" alt=\"XXVIII LA RUTA DE LA SAL 2015 (TROFEO PEPE FERR\u00c9S)\" width=\"320\" height=\"230\" \/><\/a><\/p>\n<p style=\"text-align: justify;\">La Versi\u00f3n Este, de Denia a Sant Antoni, con 95 veleros tripulados por unos 680 deportistas inscritos, reuni\u00f3 \u00a0a flotas procedentes de al menos \u00a028 Clubes N\u00e1uticos y Marinas, con entradas espec\u00edficas \u00a0de equipos con base en las costas Cant\u00e1bricas, Atl\u00e1nticas, Andaluzas y Levantinas y de aguas interiores. Tambi\u00e9n una magnifica lista de inscritos procedentes de las Baleares; m\u00e1s de 14 veleros. La flota extranjera aline\u00f3 a unos 3 \u00a0desaf\u00edos con pabellones del Reino Unido y Francia. Una participaci\u00f3n muy plural que convirti\u00f3 \u00a0a esta largada de La Sal en una regata cargada de atractivos deportivos.<\/p>\n<div style=\"clear: both;\"><\/div>\n<p><a title=\"XXVIII LA RUTA DE LA SAL 2015 (TROFEO PEPE FERR\u00c9S)\" href=\"#\"><img loading=\"lazy\" decoding=\"async\" class=\"aligncenter\" title=\"XXVIII LA RUTA DE LA SAL 2015 (TROFEO PEPE FERR\u00c9S)\" src=\"http:\/\/farm9.staticflickr.com\/8703\/16832112480_2dce0ebac9_c.jpg\" alt=\"XXVIII LA RUTA DE LA SAL 2015 (TROFEO PEPE FERR\u00c9S)\" width=\"800\" height=\"575\" \/><\/a><\/p>\n<div style=\"clear: both;\"><\/div>\n<p style=\"text-align: justify;\">Tal y como estaba \u00a0previsto \u00a0la 28 Ruta de La Sal se naveg\u00f3 con poco viento que fue \u00a0en todos los casos muy inestable y de componente Sur con intensidades m\u00e1ximas de fuerza 2 con puntas de 3. Para los participantes en la Versi\u00f3n Norte el viento fue fundamentalmente del \u00a0SO\/SSO y S. Mientras que para la Versi\u00f3n Este dominaron los del SSE y SE. Durante la madrugada y primeras horas de la ma\u00f1ana del viernes 3 de abril, pr\u00e1cticamente entre la 05:30 h y las 16:00 h, unas \u00a0importantes \u00e1reas de encalmadas en la costa norte de Ibiza, \u00a0pr\u00e1cticamente frente a Sant Antoni de Portmany, retuvieron durante m\u00e1s de 12 horas a gran parte de la flota, afectando \u00a0m\u00e1s a los participantes de la Versi\u00f3n Norte que, aunque puntualmente fueron m\u00e1s r\u00e1pidos, \u00a0de hecho el primer barco en cruzar la l\u00ednea de llegada fue el \u00abCoratge\u00bb a las 10:25:06h, hay que valorar mayoritariamente llegaron a Sant Antoni \u00a0durante la madrugada y primeras horas del s\u00e1bado 4 de abril \u00a0del 2015.<\/p>\n<p style=\"text-align: justify;\"><a title=\"XXVIII LA RUTA DE LA SAL 2015 (TROFEO PEPE FERR\u00c9S)\" href=\"#\"><img loading=\"lazy\" decoding=\"async\" class=\"alignleft\" title=\"XXVIII LA RUTA DE LA SAL 2015 (TROFEO PEPE FERR\u00c9S)\" src=\"http:\/\/farm9.staticflickr.com\/8684\/16982542776_54cdb3e0cd_n.jpg\" alt=\"XXVIII LA RUTA DE LA SAL 2015 (TROFEO PEPE FERR\u00c9S)\" width=\"320\" height=\"230\" \/><\/a><a title=\"XXVIII LA RUTA DE LA SAL 2015 (TROFEO PEPE FERR\u00c9S)\" href=\"#\"><img loading=\"lazy\" decoding=\"async\" class=\"alignright\" title=\"XXVIII LA RUTA DE LA SAL 2015 (TROFEO PEPE FERR\u00c9S)\" src=\"http:\/\/farm9.staticflickr.com\/8733\/16982543896_8612d9dec6_n.jpg\" alt=\"XXVIII LA RUTA DE LA SAL 2015 (TROFEO PEPE FERR\u00c9S)\" width=\"320\" height=\"230\" \/><\/a><\/p>\n<p style=\"text-align: justify;\"><a title=\"XXVIII LA RUTA DE LA SAL 2015 (TROFEO PEPE FERR\u00c9S)\" href=\"#\"><img loading=\"lazy\" decoding=\"async\" class=\"alignleft\" title=\"XXVIII LA RUTA DE LA SAL 2015 (TROFEO PEPE FERR\u00c9S)\" src=\"http:\/\/farm8.staticflickr.com\/7639\/16820777438_8b55ac28fc_n.jpg\" alt=\"XXVIII LA RUTA DE LA SAL 2015 (TROFEO PEPE FERR\u00c9S)\" width=\"320\" height=\"230\" \/><\/a><a title=\"XXVIII LA RUTA DE LA SAL 2015 (TROFEO PEPE FERR\u00c9S)\" href=\"#\"><img loading=\"lazy\" decoding=\"async\" class=\"alignright\" title=\"XXVIII LA RUTA DE LA SAL 2015 (TROFEO PEPE FERR\u00c9S)\" src=\"http:\/\/farm9.staticflickr.com\/8703\/17010109635_2607466177_n.jpg\" alt=\"XXVIII LA RUTA DE LA SAL 2015 (TROFEO PEPE FERR\u00c9S)\" width=\"320\" height=\"215\" \/><\/a><\/p>\n<p style=\"text-align: justify;\">El Swam 45 \u00abCoratge\u00bb \u00a0de Manuel Jane ha vuelto a ser, tal como ocurrio el a\u00f1o pasado, el gran vencedor de la Version Norte de La Ruta de La Sal. \u00a0Las \u00a024h, 25m, 06 s. \u00a0invertidas en recorrer las 140 millas desde Port Ginesta a Sant \u00a0Antoni, que le convirtieron en ganador en Tiempo Real de este recorrido, le han permitido tambi\u00e9n proclamarse l\u00edder absoluto de la clasificaci\u00f3n general de la Versi\u00f3n Norte de La Sal 2015. Defendiendo el t\u00edtulo que dibujaba, a este equipo, como uno de los favoritos de cara a la victoria absoluta. Pr\u00e1cticamente a el \u00a0barco a batir.<\/p>\n<p style=\"text-align: center;\"><a title=\"XXVIII LA RUTA DE LA SAL 2015 (TROFEO PEPE FERR\u00c9S)\" href=\"#\"><img loading=\"lazy\" decoding=\"async\" class=\"aligncenter\" title=\"XXVIII LA RUTA DE LA SAL 2015 (TROFEO PEPE FERR\u00c9S)\" src=\"http:\/\/farm8.staticflickr.com\/7618\/17007667641_94b6c63f1e_z.jpg\" alt=\"XXVIII LA RUTA DE LA SAL 2015 (TROFEO PEPE FERR\u00c9S)\" width=\"640\" height=\"460\" \/><\/a><\/p>\n<p style=\"text-align: justify;\">Un importante \u00e9xito deportivo que sit\u00faa a Manuel Jane como uno de los armadores con mejores resultados deportivos a lo largo de la historia de la Ruta de La Sal; \u00a0Parad\u00f3jicamente fue el ganador, con su Baltic 39 \u00abCoratge\u00bb, de la primera y segunda edici\u00f3n de la Ruta de la Sal, en 1989 y 1990. En la edici\u00f3n del 2014, con un registro de 26h, 39m. Logro acumular las victorias en Tiempo Real y el Tiempo Compensado de la Versi\u00f3n Norte de la regata, convirti\u00e9ndose en el ganador absoluto de la cita del a\u00f1o pasado.<\/p>\n<p style=\"text-align: center;\"><a title=\"XXVIII LA RUTA DE LA SAL 2015 (TROFEO PEPE FERR\u00c9S)\" href=\"#\"><img loading=\"lazy\" decoding=\"async\" class=\"aligncenter\" title=\"XXVIII LA RUTA DE LA SAL 2015 (TROFEO PEPE FERR\u00c9S)\" src=\"http:\/\/farm8.staticflickr.com\/7611\/16812233457_5cf88ec0ac.jpg\" alt=\"XXVIII LA RUTA DE LA SAL 2015 (TROFEO PEPE FERR\u00c9S)\" width=\"500\" height=\"360\" \/><\/a><\/p>\n<p style=\"text-align: justify;\">La segunda plaza en la general de la Versi\u00f3n Norte la ocupa el X-50 Italiano \u00abSamadhi\u00bb de Salvatore Nappi del YC de Capri, quien con tras cruzar la l\u00ednea de llegada en quinta posici\u00f3n en tiempo real, \u00a0a las 12:42:31h, \u00a0ha logrado imponerse al IMX-45 de Jaime Serra \u00abAtl\u00e1nt del Vent\u00bb del CN de Ibiza, tercero en esta clasificaci\u00f3n general y cuarto en la clasificaci\u00f3n \u00a0en tiempo real.<\/p>\n<p style=\"text-align: justify;\">El ibicenco Manel Guasch \u00a0ha \u00a0vuelto a ganar la Ruta de La Sal; las 24h, 48m, 26s. que invirti\u00f3, con su Fortuna 9 \u00abAivis\u00bb \u00a0del CN de Ibiza en recorrer las 117 millas desde Denia hasta Cab Negret, en Sant Antoni de Portmany le han proclamado ganador absoluto de la Versi\u00f3n Este de La Sal 2015 ; Una victoria importante que, \u00a0se suma a los primeros puestos ya conseguidos por \u00abAivis\u00bb en la Versi\u00f3n Este de Sal del \u00a02009 y en la Versi\u00f3n Norte del 2012, coincidiendo con el 25 aniversario de la regata.<\/p>\n<p style=\"text-align: center;\"><a title=\"XXVIII LA RUTA DE LA SAL 2015 (TROFEO PEPE FERR\u00c9S)\" href=\"#\"><img loading=\"lazy\" decoding=\"async\" class=\"aligncenter\" title=\"XXVIII LA RUTA DE LA SAL 2015 (TROFEO PEPE FERR\u00c9S)\" src=\"http:\/\/farm9.staticflickr.com\/8693\/17034393705_b7aa16a772_z.jpg\" alt=\"XXVIII LA RUTA DE LA SAL 2015 (TROFEO PEPE FERR\u00c9S)\" width=\"640\" height=\"460\" \/><\/a><\/p>\n<p style=\"text-align: justify;\">La segunda plaza, en esta ocasi\u00f3n, \u00a0para el J92 \u00abCaf\u00e9 del Mar\u00bb de Juan Carlos S\u00e1nchis \u00a0del CN de Sant Antoni de Portmany quien, tras sus victorias absolutas en las ediciones del 2013 y 2014 se dibujaba como uno de los candidatos m\u00e1s s\u00f3lidos a vencer en esta Versi\u00f3n \u00a0Este de La Sal 2015. La tercera plaza en esta general absoluta, para el ganador en Tiempo Real de esta largada; el Grand Soleil 37 \u00abZas Sailing\u00bb de Jos\u00e9 Luis Franc\u00e9s del Real Club N\u00e1utico de Valencia \u00a0quien, con un registro de 22h, 46m y 47s, fue el barco que menos tiempo tardo en cubrir el recorrido desde Denia.<\/p>\n<p style=\"text-align: center;\"><a title=\"XXVIII LA RUTA DE LA SAL 2015 (TROFEO PEPE FERR\u00c9S)\" href=\"#\"><img loading=\"lazy\" decoding=\"async\" class=\"aligncenter\" title=\"XXVIII LA RUTA DE LA SAL 2015 (TROFEO PEPE FERR\u00c9S)\" src=\"http:\/\/farm9.staticflickr.com\/8715\/17018164742_a604efd188_z.jpg\" alt=\"XXVIII LA RUTA DE LA SAL 2015 (TROFEO PEPE FERR\u00c9S)\" width=\"640\" height=\"460\" \/><\/a><\/p>\n<p style=\"text-align: center;\"><a title=\"XXVIII LA RUTA DE LA SAL 2015 (TROFEO PEPE FERR\u00c9S)\" href=\"#\"><img loading=\"lazy\" decoding=\"async\" class=\"aligncenter\" title=\"XXVIII LA RUTA DE LA SAL 2015 (TROFEO PEPE FERR\u00c9S)\" src=\"http:\/\/farm9.staticflickr.com\/8747\/17033540441_ac74c5c9e0_z.jpg\" alt=\"XXVIII LA RUTA DE LA SAL 2015 (TROFEO PEPE FERR\u00c9S)\" width=\"640\" height=\"460\" \/><\/a><\/p>\n<p style=\"text-align: justify;\">A las 20h, del s\u00e1bado 4 de abril, se celebr\u00f3 la Entrega de Trofeos de esta XXVIII Edici\u00f3n de La Ruta de la Sal &#8211; Trofeo Pepe Ferr\u00e9s, presidida por Vicens Serra, President del Consell d&#8217;Eivissa. \u00a0A continuaci\u00f3n tuvo lugar la Cena-Bufet de Bienvenida con la posterior Fiesta de La Sal.<\/p>\n<p style=\"text-align: justify;\"><a title=\"XXVIII LA RUTA DE LA SAL 2015 (TROFEO PEPE FERR\u00c9S)\" href=\"#\"><img loading=\"lazy\" decoding=\"async\" class=\"alignleft\" title=\"XXVIII LA RUTA DE LA SAL 2015 (TROFEO PEPE FERR\u00c9S)\" src=\"http:\/\/farm9.staticflickr.com\/8708\/17033544411_1e6acb95f3_n.jpg\" alt=\"XXVIII LA RUTA DE LA SAL 2015 (TROFEO PEPE FERR\u00c9S)\" width=\"320\" height=\"230\" \/><\/a><a title=\"XXVIII LA RUTA DE LA SAL 2015 (TROFEO PEPE FERR\u00c9S)\" href=\"#\"><img loading=\"lazy\" decoding=\"async\" class=\"alignright\" title=\"XXVIII LA RUTA DE LA SAL 2015 (TROFEO PEPE FERR\u00c9S)\" src=\"http:\/\/farm9.staticflickr.com\/8751\/16414255033_deaf9e305f_n.jpg\" alt=\"XXVIII LA RUTA DE LA SAL 2015 (TROFEO PEPE FERR\u00c9S)\" width=\"320\" height=\"230\" \/><\/a><\/p>\n<p style=\"text-align: justify;\"><a title=\"XXVIII LA RUTA DE LA SAL 2015 (TROFEO PEPE FERR\u00c9S)\" href=\"#\"><img loading=\"lazy\" decoding=\"async\" class=\"alignleft\" title=\"XXVIII LA RUTA DE LA SAL 2015 (TROFEO PEPE FERR\u00c9S)\" src=\"http:\/\/farm9.staticflickr.com\/8702\/16848170349_198897ecca_n.jpg\" alt=\"XXVIII LA RUTA DE LA SAL 2015 (TROFEO PEPE FERR\u00c9S)\" width=\"320\" height=\"230\" \/><\/a><a title=\"XXVIII LA RUTA DE LA SAL 2015 (TROFEO PEPE FERR\u00c9S)\" href=\"#\"><img loading=\"lazy\" decoding=\"async\" class=\"alignright\" title=\"XXVIII LA RUTA DE LA SAL 2015 (TROFEO PEPE FERR\u00c9S)\" src=\"http:\/\/farm9.staticflickr.com\/8736\/16846593878_898a5b89e0_n.jpg\" alt=\"XXVIII LA RUTA DE LA SAL 2015 (TROFEO PEPE FERR\u00c9S)\" width=\"320\" height=\"230\" \/><\/a><\/p>\n<p><a title=\"XXVIII LA RUTA DE LA SAL 2015 (TROFEO PEPE FERR\u00c9S)\" href=\"#\"><img loading=\"lazy\" decoding=\"async\" class=\"alignleft\" title=\"XXVIII LA RUTA DE LA SAL 2015 (TROFEO PEPE FERR\u00c9S)\" src=\"http:\/\/farm8.staticflickr.com\/7617\/16411965824_31806a414e_n.jpg\" alt=\"XXVIII LA RUTA DE LA SAL 2015 (TROFEO PEPE FERR\u00c9S)\" width=\"320\" height=\"230\" \/><\/a><a title=\"XXVIII LA RUTA DE LA SAL 2015 (TROFEO PEPE FERR\u00c9S)\" href=\"#\"><img loading=\"lazy\" decoding=\"async\" class=\"alignright\" title=\"XXVIII LA RUTA DE LA SAL 2015 (TROFEO PEPE FERR\u00c9S)\" src=\"http:\/\/farm8.staticflickr.com\/7636\/17032944862_242a58d216_n.jpg\" alt=\"XXVIII LA RUTA DE LA SAL 2015 (TROFEO PEPE FERR\u00c9S)\" width=\"320\" height=\"230\" \/><\/a><\/p>\n<p><a title=\"XXVIII LA RUTA DE LA SAL 2015 (TROFEO PEPE FERR\u00c9S)\" href=\"#\"><img loading=\"lazy\" decoding=\"async\" class=\"alignleft\" title=\"XXVIII LA RUTA DE LA SAL 2015 (TROFEO PEPE FERR\u00c9S)\" src=\"http:\/\/farm8.staticflickr.com\/7637\/17086068191_bcd9f2b0ef_n.jpg\" alt=\"XXVIII LA RUTA DE LA SAL 2015 (TROFEO PEPE FERR\u00c9S)\" width=\"320\" height=\"228\" \/><\/a><a title=\"XXVIII LA RUTA DE LA SAL 2015 (TROFEO PEPE FERR\u00c9S)\" href=\"#\"><img loading=\"lazy\" decoding=\"async\" class=\"alignright\" title=\"XXVIII LA RUTA DE LA SAL 2015 (TROFEO PEPE FERR\u00c9S)\" src=\"http:\/\/farm8.staticflickr.com\/7663\/16898998498_1be6b4ffc6_n.jpg\" alt=\"XXVIII LA RUTA DE LA SAL 2015 (TROFEO PEPE FERR\u00c9S)\" width=\"320\" height=\"228\" \/><\/a><\/p>\n<p><a title=\"XXVIII LA RUTA DE LA SAL 2015 (TROFEO PEPE FERR\u00c9S)\" href=\"#\"><img loading=\"lazy\" decoding=\"async\" class=\"alignleft\" title=\"XXVIII LA RUTA DE LA SAL 2015 (TROFEO PEPE FERR\u00c9S)\" src=\"http:\/\/farm8.staticflickr.com\/7693\/16898998928_62ca49308d_n.jpg\" alt=\"XXVIII LA RUTA DE LA SAL 2015 (TROFEO PEPE FERR\u00c9S)\" width=\"320\" height=\"228\" \/><\/a><a title=\"XXVIII LA RUTA DE LA SAL 2015 (TROFEO PEPE FERR\u00c9S)\" href=\"#\"><img loading=\"lazy\" decoding=\"async\" class=\"alignright\" title=\"XXVIII LA RUTA DE LA SAL 2015 (TROFEO PEPE FERR\u00c9S)\" src=\"http:\/\/farm8.staticflickr.com\/7640\/16900562839_bf79bc7683_n.jpg\" alt=\"XXVIII LA RUTA DE LA SAL 2015 (TROFEO PEPE FERR\u00c9S)\" width=\"320\" height=\"228\" \/><\/a><\/p>\n<div style=\"text-align: center;\"><a title=\"_AFB5471\" href=\"#\"><img loading=\"lazy\" decoding=\"async\" class=\"alignleft\" title=\"_AFB5471\" src=\"http:\/\/farm8.staticflickr.com\/7595\/16464322064_6233a6dac8_n.jpg\" alt=\"_AFB5471\" width=\"212\" height=\"320\" \/><\/a><a title=\"_AFB5504\" href=\"#\"><img loading=\"lazy\" decoding=\"async\" class=\"alignleft\" title=\"_AFB5504\" src=\"http:\/\/farm8.staticflickr.com\/7659\/17060809876_5f9aba7604_n.jpg\" alt=\"_AFB5504\" width=\"212\" height=\"320\" \/><\/a><\/div>\n","protected":false},"excerpt":{"rendered":"<p>M\u00e1s de 150 embarcaciones y \u00a0900 \u00a0regatistas inscritos en la 28 Ruta de la Sal \u2013Trofeo Pepe Ferres 2015. \u00abCoratge\u00bb y \u00abAivis\u00bb ganadores absolutos de la 28 Ruta de La Sal &#8211; Trofeo Pepe Ferres 2015. El Swan-45 \u00abCoratge\u00bb de Manuel Jane de \u00a0vencedor en Tiempo Real y en Tiempo Compensado de la Versi\u00f3n Norte [&hellip;]<\/p>\n","protected":false},"author":1,"featured_media":3570,"comment_status":"open","ping_status":"open","sticky":false,"template":"","format":"standard","meta":{"_acf_changed":false,"footnotes":""},"categories":[2],"tags":[],"acf":[],"yoast_head":"<!-- This site is optimized with the Yoast SEO plugin v23.0 - https:\/\/yoast.com\/wordpress\/plugins\/seo\/ -->\n<title>La Ruta de la Sal 2015 | Regata La Ruta de la Sal<\/title>\n<meta name=\"robots\" content=\"noindex, follow, max-snippet:-1, max-image-preview:large, max-video-preview:-1\" \/>\n<meta property=\"og:locale\" content=\"es_ES\" \/>\n<meta property=\"og:type\" content=\"article\" \/>\n<meta property=\"og:title\" content=\"La Ruta de la Sal 2015 | Regata La Ruta de la Sal\" \/>\n<meta property=\"og:description\" content=\"M\u00e1s de 150 embarcaciones y \u00a0900 \u00a0regatistas inscritos en la 28 Ruta de la Sal \u2013Trofeo Pepe Ferres 2015. \u00abCoratge\u00bb y \u00abAivis\u00bb ganadores absolutos de la 28 Ruta de La Sal &#8211; Trofeo Pepe Ferres 2015. El Swan-45 \u00abCoratge\u00bb de Manuel Jane de \u00a0vencedor en Tiempo Real y en Tiempo Compensado de la Versi\u00f3n Norte [&hellip;]\" \/>\n<meta property=\"og:url\" content=\"https:\/\/labs.100x100.net\/projects\/rutasal\/la-ruta-de-las-2015\/\" \/>\n<meta property=\"og:site_name\" content=\"Regata La Ruta de la Sal\" \/>\n<meta property=\"article:publisher\" content=\"https:\/\/www.facebook.com\/rutadelasal\/\" \/>\n<meta property=\"article:published_time\" content=\"2015-04-04T20:27:59+00:00\" \/>\n<meta property=\"article:modified_time\" content=\"2019-03-15T18:38:51+00:00\" \/>\n<meta property=\"og:image\" content=\"https:\/\/labs.100x100.net\/projects\/rutasal\/custom\/uploads\/2019\/03\/ruta-de-la-sal-2015.png\" \/>\n\t<meta property=\"og:image:width\" content=\"774\" \/>\n\t<meta property=\"og:image:height\" content=\"521\" \/>\n\t<meta property=\"og:image:type\" content=\"image\/png\" \/>\n<meta name=\"author\" content=\"La Ruta de la Sal\" \/>\n<meta name=\"twitter:card\" content=\"summary_large_image\" \/>\n<meta name=\"twitter:creator\" content=\"@AnamMedi\" \/>\n<meta name=\"twitter:site\" content=\"@AnamMedi\" \/>\n<meta name=\"twitter:label1\" content=\"Escrito por\" \/>\n\t<meta name=\"twitter:data1\" content=\"La Ruta de la Sal\" \/>\n\t<meta name=\"twitter:label2\" content=\"Tiempo de lectura\" \/>\n\t<meta name=\"twitter:data2\" content=\"5 minutos\" \/>\n<script type=\"application\/ld+json\" class=\"yoast-schema-graph\">{\"@context\":\"https:\/\/schema.org\",\"@graph\":[{\"@type\":\"WebPage\",\"@id\":\"https:\/\/labs.100x100.net\/projects\/rutasal\/la-ruta-de-las-2015\/\",\"url\":\"https:\/\/labs.100x100.net\/projects\/rutasal\/la-ruta-de-las-2015\/\",\"name\":\"La Ruta de la Sal 2015 | Regata La Ruta de la Sal\",\"isPartOf\":{\"@id\":\"https:\/\/labs.100x100.net\/projects\/rutasal\/#website\"},\"primaryImageOfPage\":{\"@id\":\"https:\/\/labs.100x100.net\/projects\/rutasal\/la-ruta-de-las-2015\/#primaryimage\"},\"image\":{\"@id\":\"https:\/\/labs.100x100.net\/projects\/rutasal\/la-ruta-de-las-2015\/#primaryimage\"},\"thumbnailUrl\":\"https:\/\/labs.100x100.net\/projects\/rutasal\/custom\/uploads\/2019\/03\/ruta-de-la-sal-2015.png\",\"datePublished\":\"2015-04-04T20:27:59+00:00\",\"dateModified\":\"2019-03-15T18:38:51+00:00\",\"author\":{\"@id\":\"https:\/\/labs.100x100.net\/projects\/rutasal\/#\/schema\/person\/214eeb4a2e78fd8373a0a94f6d93c9ca\"},\"breadcrumb\":{\"@id\":\"https:\/\/labs.100x100.net\/projects\/rutasal\/la-ruta-de-las-2015\/#breadcrumb\"},\"inLanguage\":\"es\",\"potentialAction\":[{\"@type\":\"ReadAction\",\"target\":[\"https:\/\/labs.100x100.net\/projects\/rutasal\/la-ruta-de-las-2015\/\"]}]},{\"@type\":\"ImageObject\",\"inLanguage\":\"es\",\"@id\":\"https:\/\/labs.100x100.net\/projects\/rutasal\/la-ruta-de-las-2015\/#primaryimage\",\"url\":\"https:\/\/labs.100x100.net\/projects\/rutasal\/custom\/uploads\/2019\/03\/ruta-de-la-sal-2015.png\",\"contentUrl\":\"https:\/\/labs.100x100.net\/projects\/rutasal\/custom\/uploads\/2019\/03\/ruta-de-la-sal-2015.png\",\"width\":774,\"height\":521},{\"@type\":\"BreadcrumbList\",\"@id\":\"https:\/\/labs.100x100.net\/projects\/rutasal\/la-ruta-de-las-2015\/#breadcrumb\",\"itemListElement\":[{\"@type\":\"ListItem\",\"position\":1,\"name\":\"Portada\",\"item\":\"https:\/\/labs.100x100.net\/projects\/rutasal\/\"},{\"@type\":\"ListItem\",\"position\":2,\"name\":\"La Ruta de la Sal 2015\"}]},{\"@type\":\"WebSite\",\"@id\":\"https:\/\/labs.100x100.net\/projects\/rutasal\/#website\",\"url\":\"https:\/\/labs.100x100.net\/projects\/rutasal\/\",\"name\":\"Regata La Ruta de la Sal\",\"description\":\"Regata La Ruta de la Sal es una regata de Altura Mediterr\u00e1nea para barcos de crucero a vela con destino en Ibiza, que se disputa anualmente en Semana Santa.\",\"potentialAction\":[{\"@type\":\"SearchAction\",\"target\":{\"@type\":\"EntryPoint\",\"urlTemplate\":\"https:\/\/labs.100x100.net\/projects\/rutasal\/?s={search_term_string}\"},\"query-input\":\"required name=search_term_string\"}],\"inLanguage\":\"es\"},{\"@type\":\"Person\",\"@id\":\"https:\/\/labs.100x100.net\/projects\/rutasal\/#\/schema\/person\/214eeb4a2e78fd8373a0a94f6d93c9ca\",\"name\":\"La Ruta de la Sal\",\"image\":{\"@type\":\"ImageObject\",\"inLanguage\":\"es\",\"@id\":\"https:\/\/labs.100x100.net\/projects\/rutasal\/#\/schema\/person\/image\/\",\"url\":\"https:\/\/secure.gravatar.com\/avatar\/b247286d4b801d6b1cfcfb3807587284?s=96&d=mm&r=g\",\"contentUrl\":\"https:\/\/secure.gravatar.com\/avatar\/b247286d4b801d6b1cfcfb3807587284?s=96&d=mm&r=g\",\"caption\":\"La Ruta de la Sal\"}}]}<\/script>\n<!-- \/ Yoast SEO plugin. -->","yoast_head_json":{"title":"La Ruta de la Sal 2015 | Regata La Ruta de la Sal","robots":{"index":"noindex","follow":"follow","max-snippet":"max-snippet:-1","max-image-preview":"max-image-preview:large","max-video-preview":"max-video-preview:-1"},"og_locale":"es_ES","og_type":"article","og_title":"La Ruta de la Sal 2015 | Regata La Ruta de la Sal","og_description":"M\u00e1s de 150 embarcaciones y \u00a0900 \u00a0regatistas inscritos en la 28 Ruta de la Sal \u2013Trofeo Pepe Ferres 2015. \u00abCoratge\u00bb y \u00abAivis\u00bb ganadores absolutos de la 28 Ruta de La Sal &#8211; Trofeo Pepe Ferres 2015. El Swan-45 \u00abCoratge\u00bb de Manuel Jane de \u00a0vencedor en Tiempo Real y en Tiempo Compensado de la Versi\u00f3n Norte [&hellip;]","og_url":"https:\/\/labs.100x100.net\/projects\/rutasal\/la-ruta-de-las-2015\/","og_site_name":"Regata La Ruta de la Sal","article_publisher":"https:\/\/www.facebook.com\/rutadelasal\/","article_published_time":"2015-04-04T20:27:59+00:00","article_modified_time":"2019-03-15T18:38:51+00:00","og_image":[{"width":774,"height":521,"url":"https:\/\/labs.100x100.net\/projects\/rutasal\/custom\/uploads\/2019\/03\/ruta-de-la-sal-2015.png","type":"image\/png"}],"author":"La Ruta de la Sal","twitter_card":"summary_large_image","twitter_creator":"@AnamMedi","twitter_site":"@AnamMedi","twitter_misc":{"Escrito por":"La Ruta de la Sal","Tiempo de lectura":"5 minutos"},"schema":{"@context":"https:\/\/schema.org","@graph":[{"@type":"WebPage","@id":"https:\/\/labs.100x100.net\/projects\/rutasal\/la-ruta-de-las-2015\/","url":"https:\/\/labs.100x100.net\/projects\/rutasal\/la-ruta-de-las-2015\/","name":"La Ruta de la Sal 2015 | Regata La Ruta de la Sal","isPartOf":{"@id":"https:\/\/labs.100x100.net\/projects\/rutasal\/#website"},"primaryImageOfPage":{"@id":"https:\/\/labs.100x100.net\/projects\/rutasal\/la-ruta-de-las-2015\/#primaryimage"},"image":{"@id":"https:\/\/labs.100x100.net\/projects\/rutasal\/la-ruta-de-las-2015\/#primaryimage"},"thumbnailUrl":"https:\/\/labs.100x100.net\/projects\/rutasal\/custom\/uploads\/2019\/03\/ruta-de-la-sal-2015.png","datePublished":"2015-04-04T20:27:59+00:00","dateModified":"2019-03-15T18:38:51+00:00","author":{"@id":"https:\/\/labs.100x100.net\/projects\/rutasal\/#\/schema\/person\/214eeb4a2e78fd8373a0a94f6d93c9ca"},"breadcrumb":{"@id":"https:\/\/labs.100x100.net\/projects\/rutasal\/la-ruta-de-las-2015\/#breadcrumb"},"inLanguage":"es","potentialAction":[{"@type":"ReadAction","target":["https:\/\/labs.100x100.net\/projects\/rutasal\/la-ruta-de-las-2015\/"]}]},{"@type":"ImageObject","inLanguage":"es","@id":"https:\/\/labs.100x100.net\/projects\/rutasal\/la-ruta-de-las-2015\/#primaryimage","url":"https:\/\/labs.100x100.net\/projects\/rutasal\/custom\/uploads\/2019\/03\/ruta-de-la-sal-2015.png","contentUrl":"https:\/\/labs.100x100.net\/projects\/rutasal\/custom\/uploads\/2019\/03\/ruta-de-la-sal-2015.png","width":774,"height":521},{"@type":"BreadcrumbList","@id":"https:\/\/labs.100x100.net\/projects\/rutasal\/la-ruta-de-las-2015\/#breadcrumb","itemListElement":[{"@type":"ListItem","position":1,"name":"Portada","item":"https:\/\/labs.100x100.net\/projects\/rutasal\/"},{"@type":"ListItem","position":2,"name":"La Ruta de la Sal 2015"}]},{"@type":"WebSite","@id":"https:\/\/labs.100x100.net\/projects\/rutasal\/#website","url":"https:\/\/labs.100x100.net\/projects\/rutasal\/","name":"Regata La Ruta de la Sal","description":"Regata La Ruta de la Sal es una regata de Altura Mediterr\u00e1nea para barcos de crucero a vela con destino en Ibiza, que se disputa anualmente en Semana Santa.","potentialAction":[{"@type":"SearchAction","target":{"@type":"EntryPoint","urlTemplate":"https:\/\/labs.100x100.net\/projects\/rutasal\/?s={search_term_string}"},"query-input":"required name=search_term_string"}],"inLanguage":"es"},{"@type":"Person","@id":"https:\/\/labs.100x100.net\/projects\/rutasal\/#\/schema\/person\/214eeb4a2e78fd8373a0a94f6d93c9ca","name":"La Ruta de la Sal","image":{"@type":"ImageObject","inLanguage":"es","@id":"https:\/\/labs.100x100.net\/projects\/rutasal\/#\/schema\/person\/image\/","url":"https:\/\/secure.gravatar.com\/avatar\/b247286d4b801d6b1cfcfb3807587284?s=96&d=mm&r=g","contentUrl":"https:\/\/secure.gravatar.com\/avatar\/b247286d4b801d6b1cfcfb3807587284?s=96&d=mm&r=g","caption":"La Ruta de la Sal"}}]}},"_links":{"self":[{"href":"https:\/\/labs.100x100.net\/projects\/rutasal\/wp-json\/wp\/v2\/posts\/2031"}],"collection":[{"href":"https:\/\/labs.100x100.net\/projects\/rutasal\/wp-json\/wp\/v2\/posts"}],"about":[{"href":"https:\/\/labs.100x100.net\/projects\/rutasal\/wp-json\/wp\/v2\/types\/post"}],"author":[{"embeddable":true,"href":"https:\/\/labs.100x100.net\/projects\/rutasal\/wp-json\/wp\/v2\/users\/1"}],"replies":[{"embeddable":true,"href":"https:\/\/labs.100x100.net\/projects\/rutasal\/wp-json\/wp\/v2\/comments?post=2031"}],"version-history":[{"count":9,"href":"https:\/\/labs.100x100.net\/projects\/rutasal\/wp-json\/wp\/v2\/posts\/2031\/revisions"}],"predecessor-version":[{"id":3968,"href":"https:\/\/labs.100x100.net\/projects\/rutasal\/wp-json\/wp\/v2\/posts\/2031\/revisions\/3968"}],"wp:featuredmedia":[{"embeddable":true,"href":"https:\/\/labs.100x100.net\/projects\/rutasal\/wp-json\/wp\/v2\/media\/3570"}],"wp:attachment":[{"href":"https:\/\/labs.100x100.net\/projects\/rutasal\/wp-json\/wp\/v2\/media?parent=2031"}],"wp:term":[{"taxonomy":"category","embeddable":true,"href":"https:\/\/labs.100x100.net\/projects\/rutasal\/wp-json\/wp\/v2\/categories?post=2031"},{"taxonomy":"post_tag","embeddable":true,"href":"https:\/\/labs.100x100.net\/projects\/rutasal\/wp-json\/wp\/v2\/tags?post=2031"}],"curies":[{"name":"wp","href":"https:\/\/api.w.org\/{rel}","templated":true}]}}