{"id":2023,"date":"2015-04-04T11:44:25","date_gmt":"2015-04-04T09:44:25","guid":{"rendered":"https:\/\/larutadelasal.com\/?p=2023"},"modified":"2019-03-08T11:08:07","modified_gmt":"2019-03-08T09:08:07","slug":"rueda-de-prensa-con-los-vencedores-en-el-club-nautico-de-st-antoni","status":"publish","type":"post","link":"https:\/\/labs.100x100.net\/projects\/rutasal\/rueda-de-prensa-con-los-vencedores-en-el-club-nautico-de-st-antoni\/","title":{"rendered":"RUEDA DE PRENSA CON LOS VENCEDORES EN EL CLUB N\u00c1UTICO DE ST. ANTONI"},"content":{"rendered":"<p>Hoy, s\u00e1bado 4 de abril, a las 12h del mediod\u00eda se ha celebrado la Rueda de Prensa de La Ruta de la Sal Trofeo Pepe Ferr\u00e9s de esta XXVIII Edici\u00f3n de la Regata.<\/p>\n<p style=\"text-align: center;\"><a title=\"XXVIII LA RUTA DE LA SAL 2015 (TROFEO PEPE FERR\u00c9S)\" href=\"#\"><img loading=\"lazy\" decoding=\"async\" class=\"aligncenter\" title=\"XXVIII LA RUTA DE LA SAL 2015 (TROFEO PEPE FERR\u00c9S)\" src=\"http:\/\/farm9.staticflickr.com\/8685\/16841465038_339ddc3676_n.jpg\" alt=\"XXVIII LA RUTA DE LA SAL 2015 (TROFEO PEPE FERR\u00c9S)\" width=\"320\" height=\"230\" \/><\/a><\/p>\n<p>De la Versi\u00f3n Norte \u00abCoratge\u00bb SWAN , de Manuel Jane, Vencedor en Tiempo Real y Vencedor Absoluto.<br \/>\nManuel Guasch del CN Ibiza con \u00abAivis\u00bb, Fortuna 9, se ha plroclamado Vencedor Absoluto y \u00abZas Sailing\u00bb, Gran Soleil 37, del RCN Valencia Vencedor en Timepo Real de la Versi\u00f3n Esta.<\/p>\n<p>Dieron la Bienvenida a los tres Vencedores Pepita Gutierrez, Alcaldesa de St. Antoni y Pep Tur, Presidente del CN Sant Antoni.<\/p>\n<p style=\"text-align: center;\"><a title=\"XXVIII LA RUTA DE LA SAL 2015 (TROFEO PEPE FERR\u00c9S)\" href=\"#\"><img loading=\"lazy\" decoding=\"async\" class=\"aligncenter\" title=\"XXVIII LA RUTA DE LA SAL 2015 (TROFEO PEPE FERR\u00c9S)\" src=\"http:\/\/farm8.staticflickr.com\/7603\/17029244015_cc1b94a138_z.jpg\" alt=\"XXVIII LA RUTA DE LA SAL 2015 (TROFEO PEPE FERR\u00c9S)\" width=\"640\" height=\"460\" \/><\/a><\/p>\n","protected":false},"excerpt":{"rendered":"<p>Hoy, s\u00e1bado 4 de abril, a las 12h del mediod\u00eda se ha celebrado la Rueda de Prensa de La Ruta de la Sal Trofeo Pepe Ferr\u00e9s de esta XXVIII Edici\u00f3n de la Regata.<\/p>\n","protected":false},"author":1,"featured_media":3669,"comment_status":"open","ping_status":"open","sticky":false,"template":"","format":"standard","meta":{"_acf_changed":false,"footnotes":""},"categories":[3],"tags":[],"acf":[],"yoast_head":"<!-- This site is optimized with the Yoast SEO plugin v23.0 - https:\/\/yoast.com\/wordpress\/plugins\/seo\/ -->\n<title>RUEDA DE PRENSA CON LOS VENCEDORES EN EL CLUB N\u00c1UTICO DE ST. ANTONI | Regata La Ruta de la Sal<\/title>\n<meta name=\"robots\" content=\"noindex, follow, max-snippet:-1, max-image-preview:large, max-video-preview:-1\" \/>\n<meta property=\"og:locale\" content=\"es_ES\" \/>\n<meta property=\"og:type\" content=\"article\" \/>\n<meta property=\"og:title\" content=\"RUEDA DE PRENSA CON LOS VENCEDORES EN EL CLUB N\u00c1UTICO DE ST. ANTONI | Regata La Ruta de la Sal\" \/>\n<meta property=\"og:description\" content=\"Hoy, s\u00e1bado 4 de abril, a las 12h del mediod\u00eda se ha celebrado la Rueda de Prensa de La Ruta de la Sal Trofeo Pepe Ferr\u00e9s de esta XXVIII Edici\u00f3n de la Regata.\" \/>\n<meta property=\"og:url\" content=\"https:\/\/labs.100x100.net\/projects\/rutasal\/rueda-de-prensa-con-los-vencedores-en-el-club-nautico-de-st-antoni\/\" \/>\n<meta property=\"og:site_name\" content=\"Regata La Ruta de la Sal\" \/>\n<meta property=\"article:publisher\" content=\"https:\/\/www.facebook.com\/rutadelasal\/\" \/>\n<meta property=\"article:published_time\" content=\"2015-04-04T09:44:25+00:00\" \/>\n<meta property=\"article:modified_time\" content=\"2019-03-08T09:08:07+00:00\" \/>\n<meta property=\"og:image\" content=\"https:\/\/labs.100x100.net\/projects\/rutasal\/custom\/uploads\/2015\/04\/17029244015_cc1b94a138_z.jpg\" \/>\n\t<meta property=\"og:image:width\" content=\"640\" \/>\n\t<meta property=\"og:image:height\" content=\"460\" \/>\n\t<meta property=\"og:image:type\" content=\"image\/jpeg\" \/>\n<meta name=\"author\" content=\"La Ruta de la Sal\" \/>\n<meta name=\"twitter:card\" content=\"summary_large_image\" \/>\n<meta name=\"twitter:creator\" content=\"@AnamMedi\" \/>\n<meta name=\"twitter:site\" content=\"@AnamMedi\" \/>\n<meta name=\"twitter:label1\" content=\"Escrito por\" \/>\n\t<meta name=\"twitter:data1\" content=\"La Ruta de la Sal\" \/>\n\t<meta name=\"twitter:label2\" content=\"Tiempo de lectura\" \/>\n\t<meta name=\"twitter:data2\" content=\"1 minuto\" \/>\n<script type=\"application\/ld+json\" class=\"yoast-schema-graph\">{\"@context\":\"https:\/\/schema.org\",\"@graph\":[{\"@type\":\"WebPage\",\"@id\":\"https:\/\/labs.100x100.net\/projects\/rutasal\/rueda-de-prensa-con-los-vencedores-en-el-club-nautico-de-st-antoni\/\",\"url\":\"https:\/\/labs.100x100.net\/projects\/rutasal\/rueda-de-prensa-con-los-vencedores-en-el-club-nautico-de-st-antoni\/\",\"name\":\"RUEDA DE PRENSA CON LOS VENCEDORES EN EL CLUB N\u00c1UTICO DE ST. ANTONI | Regata La Ruta de la Sal\",\"isPartOf\":{\"@id\":\"https:\/\/labs.100x100.net\/projects\/rutasal\/#website\"},\"primaryImageOfPage\":{\"@id\":\"https:\/\/labs.100x100.net\/projects\/rutasal\/rueda-de-prensa-con-los-vencedores-en-el-club-nautico-de-st-antoni\/#primaryimage\"},\"image\":{\"@id\":\"https:\/\/labs.100x100.net\/projects\/rutasal\/rueda-de-prensa-con-los-vencedores-en-el-club-nautico-de-st-antoni\/#primaryimage\"},\"thumbnailUrl\":\"https:\/\/labs.100x100.net\/projects\/rutasal\/custom\/uploads\/2015\/04\/17029244015_cc1b94a138_z.jpg\",\"datePublished\":\"2015-04-04T09:44:25+00:00\",\"dateModified\":\"2019-03-08T09:08:07+00:00\",\"author\":{\"@id\":\"https:\/\/labs.100x100.net\/projects\/rutasal\/#\/schema\/person\/214eeb4a2e78fd8373a0a94f6d93c9ca\"},\"breadcrumb\":{\"@id\":\"https:\/\/labs.100x100.net\/projects\/rutasal\/rueda-de-prensa-con-los-vencedores-en-el-club-nautico-de-st-antoni\/#breadcrumb\"},\"inLanguage\":\"es\",\"potentialAction\":[{\"@type\":\"ReadAction\",\"target\":[\"https:\/\/labs.100x100.net\/projects\/rutasal\/rueda-de-prensa-con-los-vencedores-en-el-club-nautico-de-st-antoni\/\"]}]},{\"@type\":\"ImageObject\",\"inLanguage\":\"es\",\"@id\":\"https:\/\/labs.100x100.net\/projects\/rutasal\/rueda-de-prensa-con-los-vencedores-en-el-club-nautico-de-st-antoni\/#primaryimage\",\"url\":\"https:\/\/labs.100x100.net\/projects\/rutasal\/custom\/uploads\/2015\/04\/17029244015_cc1b94a138_z.jpg\",\"contentUrl\":\"https:\/\/labs.100x100.net\/projects\/rutasal\/custom\/uploads\/2015\/04\/17029244015_cc1b94a138_z.jpg\",\"width\":640,\"height\":460},{\"@type\":\"BreadcrumbList\",\"@id\":\"https:\/\/labs.100x100.net\/projects\/rutasal\/rueda-de-prensa-con-los-vencedores-en-el-club-nautico-de-st-antoni\/#breadcrumb\",\"itemListElement\":[{\"@type\":\"ListItem\",\"position\":1,\"name\":\"Portada\",\"item\":\"https:\/\/labs.100x100.net\/projects\/rutasal\/\"},{\"@type\":\"ListItem\",\"position\":2,\"name\":\"RUEDA DE PRENSA CON LOS VENCEDORES EN EL CLUB N\u00c1UTICO DE ST. ANTONI\"}]},{\"@type\":\"WebSite\",\"@id\":\"https:\/\/labs.100x100.net\/projects\/rutasal\/#website\",\"url\":\"https:\/\/labs.100x100.net\/projects\/rutasal\/\",\"name\":\"Regata La Ruta de la Sal\",\"description\":\"Regata La Ruta de la Sal es una regata de Altura Mediterr\u00e1nea para barcos de crucero a vela con destino en Ibiza, que se disputa anualmente en Semana Santa.\",\"potentialAction\":[{\"@type\":\"SearchAction\",\"target\":{\"@type\":\"EntryPoint\",\"urlTemplate\":\"https:\/\/labs.100x100.net\/projects\/rutasal\/?s={search_term_string}\"},\"query-input\":\"required name=search_term_string\"}],\"inLanguage\":\"es\"},{\"@type\":\"Person\",\"@id\":\"https:\/\/labs.100x100.net\/projects\/rutasal\/#\/schema\/person\/214eeb4a2e78fd8373a0a94f6d93c9ca\",\"name\":\"La Ruta de la Sal\",\"image\":{\"@type\":\"ImageObject\",\"inLanguage\":\"es\",\"@id\":\"https:\/\/labs.100x100.net\/projects\/rutasal\/#\/schema\/person\/image\/\",\"url\":\"https:\/\/secure.gravatar.com\/avatar\/b247286d4b801d6b1cfcfb3807587284?s=96&d=mm&r=g\",\"contentUrl\":\"https:\/\/secure.gravatar.com\/avatar\/b247286d4b801d6b1cfcfb3807587284?s=96&d=mm&r=g\",\"caption\":\"La Ruta de la Sal\"}}]}<\/script>\n<!-- \/ Yoast SEO plugin. -->","yoast_head_json":{"title":"RUEDA DE PRENSA CON LOS VENCEDORES EN EL CLUB N\u00c1UTICO DE ST. ANTONI | Regata La Ruta de la Sal","robots":{"index":"noindex","follow":"follow","max-snippet":"max-snippet:-1","max-image-preview":"max-image-preview:large","max-video-preview":"max-video-preview:-1"},"og_locale":"es_ES","og_type":"article","og_title":"RUEDA DE PRENSA CON LOS VENCEDORES EN EL CLUB N\u00c1UTICO DE ST. ANTONI | Regata La Ruta de la Sal","og_description":"Hoy, s\u00e1bado 4 de abril, a las 12h del mediod\u00eda se ha celebrado la Rueda de Prensa de La Ruta de la Sal Trofeo Pepe Ferr\u00e9s de esta XXVIII Edici\u00f3n de la Regata.","og_url":"https:\/\/labs.100x100.net\/projects\/rutasal\/rueda-de-prensa-con-los-vencedores-en-el-club-nautico-de-st-antoni\/","og_site_name":"Regata La Ruta de la Sal","article_publisher":"https:\/\/www.facebook.com\/rutadelasal\/","article_published_time":"2015-04-04T09:44:25+00:00","article_modified_time":"2019-03-08T09:08:07+00:00","og_image":[{"width":640,"height":460,"url":"https:\/\/labs.100x100.net\/projects\/rutasal\/custom\/uploads\/2015\/04\/17029244015_cc1b94a138_z.jpg","type":"image\/jpeg"}],"author":"La Ruta de la Sal","twitter_card":"summary_large_image","twitter_creator":"@AnamMedi","twitter_site":"@AnamMedi","twitter_misc":{"Escrito por":"La Ruta de la Sal","Tiempo de lectura":"1 minuto"},"schema":{"@context":"https:\/\/schema.org","@graph":[{"@type":"WebPage","@id":"https:\/\/labs.100x100.net\/projects\/rutasal\/rueda-de-prensa-con-los-vencedores-en-el-club-nautico-de-st-antoni\/","url":"https:\/\/labs.100x100.net\/projects\/rutasal\/rueda-de-prensa-con-los-vencedores-en-el-club-nautico-de-st-antoni\/","name":"RUEDA DE PRENSA CON LOS VENCEDORES EN EL CLUB N\u00c1UTICO DE ST. ANTONI | Regata La Ruta de la Sal","isPartOf":{"@id":"https:\/\/labs.100x100.net\/projects\/rutasal\/#website"},"primaryImageOfPage":{"@id":"https:\/\/labs.100x100.net\/projects\/rutasal\/rueda-de-prensa-con-los-vencedores-en-el-club-nautico-de-st-antoni\/#primaryimage"},"image":{"@id":"https:\/\/labs.100x100.net\/projects\/rutasal\/rueda-de-prensa-con-los-vencedores-en-el-club-nautico-de-st-antoni\/#primaryimage"},"thumbnailUrl":"https:\/\/labs.100x100.net\/projects\/rutasal\/custom\/uploads\/2015\/04\/17029244015_cc1b94a138_z.jpg","datePublished":"2015-04-04T09:44:25+00:00","dateModified":"2019-03-08T09:08:07+00:00","author":{"@id":"https:\/\/labs.100x100.net\/projects\/rutasal\/#\/schema\/person\/214eeb4a2e78fd8373a0a94f6d93c9ca"},"breadcrumb":{"@id":"https:\/\/labs.100x100.net\/projects\/rutasal\/rueda-de-prensa-con-los-vencedores-en-el-club-nautico-de-st-antoni\/#breadcrumb"},"inLanguage":"es","potentialAction":[{"@type":"ReadAction","target":["https:\/\/labs.100x100.net\/projects\/rutasal\/rueda-de-prensa-con-los-vencedores-en-el-club-nautico-de-st-antoni\/"]}]},{"@type":"ImageObject","inLanguage":"es","@id":"https:\/\/labs.100x100.net\/projects\/rutasal\/rueda-de-prensa-con-los-vencedores-en-el-club-nautico-de-st-antoni\/#primaryimage","url":"https:\/\/labs.100x100.net\/projects\/rutasal\/custom\/uploads\/2015\/04\/17029244015_cc1b94a138_z.jpg","contentUrl":"https:\/\/labs.100x100.net\/projects\/rutasal\/custom\/uploads\/2015\/04\/17029244015_cc1b94a138_z.jpg","width":640,"height":460},{"@type":"BreadcrumbList","@id":"https:\/\/labs.100x100.net\/projects\/rutasal\/rueda-de-prensa-con-los-vencedores-en-el-club-nautico-de-st-antoni\/#breadcrumb","itemListElement":[{"@type":"ListItem","position":1,"name":"Portada","item":"https:\/\/labs.100x100.net\/projects\/rutasal\/"},{"@type":"ListItem","position":2,"name":"RUEDA DE PRENSA CON LOS VENCEDORES EN EL CLUB N\u00c1UTICO DE ST. ANTONI"}]},{"@type":"WebSite","@id":"https:\/\/labs.100x100.net\/projects\/rutasal\/#website","url":"https:\/\/labs.100x100.net\/projects\/rutasal\/","name":"Regata La Ruta de la Sal","description":"Regata La Ruta de la Sal es una regata de Altura Mediterr\u00e1nea para barcos de crucero a vela con destino en Ibiza, que se disputa anualmente en Semana Santa.","potentialAction":[{"@type":"SearchAction","target":{"@type":"EntryPoint","urlTemplate":"https:\/\/labs.100x100.net\/projects\/rutasal\/?s={search_term_string}"},"query-input":"required name=search_term_string"}],"inLanguage":"es"},{"@type":"Person","@id":"https:\/\/labs.100x100.net\/projects\/rutasal\/#\/schema\/person\/214eeb4a2e78fd8373a0a94f6d93c9ca","name":"La Ruta de la Sal","image":{"@type":"ImageObject","inLanguage":"es","@id":"https:\/\/labs.100x100.net\/projects\/rutasal\/#\/schema\/person\/image\/","url":"https:\/\/secure.gravatar.com\/avatar\/b247286d4b801d6b1cfcfb3807587284?s=96&d=mm&r=g","contentUrl":"https:\/\/secure.gravatar.com\/avatar\/b247286d4b801d6b1cfcfb3807587284?s=96&d=mm&r=g","caption":"La Ruta de la Sal"}}]}},"_links":{"self":[{"href":"https:\/\/labs.100x100.net\/projects\/rutasal\/wp-json\/wp\/v2\/posts\/2023"}],"collection":[{"href":"https:\/\/labs.100x100.net\/projects\/rutasal\/wp-json\/wp\/v2\/posts"}],"about":[{"href":"https:\/\/labs.100x100.net\/projects\/rutasal\/wp-json\/wp\/v2\/types\/post"}],"author":[{"embeddable":true,"href":"https:\/\/labs.100x100.net\/projects\/rutasal\/wp-json\/wp\/v2\/users\/1"}],"replies":[{"embeddable":true,"href":"https:\/\/labs.100x100.net\/projects\/rutasal\/wp-json\/wp\/v2\/comments?post=2023"}],"version-history":[{"count":1,"href":"https:\/\/labs.100x100.net\/projects\/rutasal\/wp-json\/wp\/v2\/posts\/2023\/revisions"}],"predecessor-version":[{"id":3432,"href":"https:\/\/labs.100x100.net\/projects\/rutasal\/wp-json\/wp\/v2\/posts\/2023\/revisions\/3432"}],"wp:featuredmedia":[{"embeddable":true,"href":"https:\/\/labs.100x100.net\/projects\/rutasal\/wp-json\/wp\/v2\/media\/3669"}],"wp:attachment":[{"href":"https:\/\/labs.100x100.net\/projects\/rutasal\/wp-json\/wp\/v2\/media?parent=2023"}],"wp:term":[{"taxonomy":"category","embeddable":true,"href":"https:\/\/labs.100x100.net\/projects\/rutasal\/wp-json\/wp\/v2\/categories?post=2023"},{"taxonomy":"post_tag","embeddable":true,"href":"https:\/\/labs.100x100.net\/projects\/rutasal\/wp-json\/wp\/v2\/tags?post=2023"}],"curies":[{"name":"wp","href":"https:\/\/api.w.org\/{rel}","templated":true}]}}