{"id":2018,"date":"2015-04-04T11:10:33","date_gmt":"2015-04-04T09:10:33","guid":{"rendered":"https:\/\/larutadelasal.com\/?p=2018"},"modified":"2019-03-08T11:09:09","modified_gmt":"2019-03-08T09:09:09","slug":"coratge-y-aivis-ganadores-absolutos-de-la-28-ruta-de-la-sal-trofeo-pepe-ferres-2015","status":"publish","type":"post","link":"https:\/\/labs.100x100.net\/projects\/rutasal\/coratge-y-aivis-ganadores-absolutos-de-la-28-ruta-de-la-sal-trofeo-pepe-ferres-2015\/","title":{"rendered":"\u00abCoratge\u00bb y \u00abAivis\u00bb ganadores absolutos de la 28 Ruta de La Sal &#8211; Trofeo Pepe Ferres 2015"},"content":{"rendered":"<h3 style=\"text-align: justify;\">-El Swan-45 \u00abCoratge\u00bb de Manuel Jane de \u00a0vencedor en Tiempo Real y en Tiempo Compensado de la Versi\u00f3n Norte de La Sal 2015.<\/h3>\n<h3 style=\"text-align: justify;\">&#8211; \u00abAivis\u00bb de Manuel Guasch del CN de Ibiza , \u00a0ganador absoluto de la Versi\u00f3n Este de La Sal 2015.<\/h3>\n<h3 style=\"text-align: justify;\">&#8211; El \u00a0GS 37 \u00abZas Sailing\u00bb ganador en Tiempo Real de la Versi\u00f3n \u00c9ste de La Ruta de La Sal 2015.<br \/>\nLa Versi\u00f3n Norte;<\/h3>\n<p style=\"text-align: justify;\">El Swam 45 \u00abCoratge\u00bb \u00a0de Manuel Jane ha vuelto a ser, tal como ocurrio el a\u00f1o pasado, el gran vencedor de la Version Norte de La Ruta de La Sal. \u00a0Las \u00a024h, 25m, 06 s. \u00a0invertidas en recorrer las 140 millas desde Port Ginesta a Sant \u00a0Antoni, que le convirtieron en ganador en Tiempo Real de este recorrido, le han permitido tambi\u00e9n proclamarse l\u00edder \u00a0absoluto de la clasificaci\u00f3n general de la Versi\u00f3n Norte de La Sal 2015. Defendiendo el t\u00edtulo que dibujaba, a este equipo, como uno de los favoritos de cara a la victoria absoluta. Pr\u00e1cticamente al barco a batir.<\/p>\n<p style=\"text-align: justify;\">Un importante exito deportivo que situa a Manuel Jane como uno de los armadores con mejores resultados deportivos a lo largo de la historia de la Ruta de La Sal; \u00a0Paradogicamente fue el ganador, con su Baltic 39 \u00abCoratge\u00bb, de la primera y segunda edici\u00f3n de la Ruta de la Sal, en 1989 y 1990. En la edicion del 2014, con un registro de 26h, 39m. logro acumular las victorias en Tiempo Real y el Tiempo Compensado de la Versi\u00f3n Norte de la regata, convirti\u00e9ndose en el ganador absoluto de la cita del a\u00f1o pasado.<\/p>\n<p style=\"text-align: center;\"><a title=\"XXVIII LA RUTA DE LA SAL 2015 (TROFEO PEPE FERR\u00c9S)\" href=\"#\"><img loading=\"lazy\" decoding=\"async\" class=\"aligncenter\" title=\"XXVIII LA RUTA DE LA SAL 2015 (TROFEO PEPE FERR\u00c9S)\" src=\"http:\/\/farm8.staticflickr.com\/7604\/17018752821_5c5a6d62b3_z.jpg\" alt=\"XXVIII LA RUTA DE LA SAL 2015 (TROFEO PEPE FERR\u00c9S)\" width=\"640\" height=\"460\" \/><\/a><\/p>\n<p style=\"text-align: justify;\">El \u201cCoratge\u201d es monotipo Swam 45 construido por los astilleros Nautors, como unidad integrada en la Clase Internacional creada en el 2002, con el objetivo de producir unas unidades aptas para la alta competici\u00f3n profesional sin perder las prestaciones de seguridad, calidad y conford de uso y de navegaci\u00f3n que acreditan a este astillero como un l\u00edder mundial en este segmento. Dise\u00f1ado por el argentino German Frers, se trata de un velero de 13,83 metros de eslora, con un desplazamiento de 9,81 toneladas y una superficie velica maxima en ce\u00f1ida de 131,10 metros cuadrados. Un barco muy polivalente de grandes prestaciones ideal para la navegaci\u00f3n de altura media. Un barco, sin duda alguna, muy adecuado para una regata como La Sal.<\/p>\n<p style=\"text-align: justify;\">La segunda plaza en la general de la Version Norte la ocupa el X-50 Italiano \u00abSamadhi\u00bb de Salvatore Nappi del YC de Capri, quien con tras cruzar la l\u00ednea de llegada en quinta posici\u00f3n en tiempo real, \u00a0a las 12:42:31h, \u00a0ha logrado imponerse al IMX-45 de Jaime Serra \u00abAtl\u00e1nt del Vent\u00bb del CN de Ibiza, tercero en esta clasificaci\u00f3n general y cuarto en la clasificaci\u00f3n \u00a0en tiempo real. En la cuarta plaza el Swam 56 C\/R \u00abClem\u00bb del Jaime Ignacio Olazabal del Club de Mar de Mallorca y en la quinta el J&amp;V 50 \u00abCaro\u00bb del armador alem\u00e1n Maximilian Klink .<br \/>\nLa Versi\u00f3n Este;<\/p>\n<p style=\"text-align: justify;\">El ibicenco Manel Guasch \u00a0ha \u00a0vuelto a ganar la Ruta de La Sal; las 24h, 48m, 26s. que invirti\u00f3, con su Fortuna 9 \u00abAivis\u00bb \u00a0del CN de Ibiza en recorrer las 117 millas desde Denia hasta Cab Negret, en Sant Antoni de Portmany le han proclamado ganador absoluto de la Versi\u00f3n Este de La Sal 2015 ; Una victoria importante que, \u00a0se suma a los primeros puestos ya conseguidos por \u00abAivis\u00bb en la Version Este de Sal del \u00a02009 y en la Versi\u00f3n Norte del 2012, coincidiendo con el 25 aniversario de la regata.<\/p>\n<p style=\"text-align: justify;\"><a title=\"IMG_9743\" href=\"#\"><img loading=\"lazy\" decoding=\"async\" title=\"IMG_9743\" src=\"http:\/\/farm9.staticflickr.com\/8703\/17021163802_501c6ce372_z.jpg\" alt=\"IMG_9743\" width=\"640\" height=\"427\" \/><\/a><\/p>\n<p style=\"text-align: justify;\">La segunda plaza, en esta ocasi\u00f3n, \u00a0para el J92 \u00abCafe del Mar\u00bb de Juan Carlos S\u00e1nchis \u00a0del CN de Sant Antoni de Portmany quien, tras sus victorias absolutas en las ediciones del 2013 y 2014 se dibujaba como uno de los candidatos m\u00e1s s\u00f3lidos a vencer en esta Versi\u00f3n \u00a0Este de La Sal 2015. La tercera plaza en esta general absoluta, para el ganador en Tiempo Real de esta largada; el Grand Soleil 37 \u00abZas Sailing\u00bb de Jos\u00e9 Luis Franc\u00e9s del Real Club N\u00e1utico de Valencia \u00a0quien, con un registro de 22h, 46m y 47s, fue el barco que menos tiempo tardo en cubrir el recorrido desde Denia.<\/p>\n<p style=\"text-align: justify;\">El \u00abAivis\u00bb es un monotipo \u00a0Fortuna 9, un velero dise\u00f1ado por Javier Vissiers en 1986 con el objetivo de crear una clase de cruceros-regata de tipo costero destinada al promocionar, en aquellos a\u00f1os, la competici\u00f3n \u00a0t\u00e1ctica en mar abierta. Con una eslora de 9 metros y 3,20 metros de manga, un aparejo fraccionado con un foque de tipo \u00absolent\u00bb autovirante el modelo, con un precio parcialmente subvencionado por Tabacalera Espa\u00f1ola, \u00a0fue un \u00e9xito total registr\u00e1ndose una producci\u00f3n de unas 250 unidades.<\/p>\n<p style=\"text-align: justify;\">Curiosamente los Fortunas 9 \u00a0durante estos 28 a\u00f1os de historia de La Sal han sido el modelo seriado que m\u00e1s primeros puestos individuales han logrado acumular; \u00a0en todos los casos con barcos de la flota del CN de Ibiza; \u00a0en 1993, fue el ganador absoluto de la Versi\u00f3n Norte el Fortuna 9, \u201cMagarrufa\u201d de Pedro Sansano. En el 2007,gano la general de la Versi\u00f3n Este el Ibicenco Carlos Tur con el Fortuna 9 \u00a0\u201cFJU Makky\u201d. En el 2009 fue, como ya hemos comentado, \u00a0Manuel Guash con el Fortuna 9 \u201cAivis\u201d , un a\u00f1o mas tarde, en el 2010, y en el mismo recorrido, la victoria absoluta fue para otro Fortuna 9, tambi\u00e9n del CN de Ibiza, \u00a0el \u201cStelrac\u201d patroneado por Carlos Tur \u2013 ya ganador absoluto en el 2007.<\/p>\n","protected":false},"excerpt":{"rendered":"<p>-El Swan-45 \u00abCoratge\u00bb de Manuel Jane de \u00a0vencedor en Tiempo Real y en Tiempo Compensado de la Versi\u00f3n Norte de La Sal 2015. &#8211; \u00abAivis\u00bb de Manuel Guasch del CN de Ibiza , \u00a0ganador absoluto de la Versi\u00f3n Este de La Sal 2015. &#8211; El \u00a0GS 37 \u00abZas Sailing\u00bb ganador en Tiempo Real de la [&hellip;]<\/p>\n","protected":false},"author":1,"featured_media":3672,"comment_status":"open","ping_status":"open","sticky":false,"template":"","format":"standard","meta":{"_acf_changed":false,"footnotes":""},"categories":[3],"tags":[],"acf":[],"yoast_head":"<!-- This site is optimized with the Yoast SEO plugin v23.0 - https:\/\/yoast.com\/wordpress\/plugins\/seo\/ -->\n<title>&quot;Coratge&quot; y &quot;Aivis&quot; ganadores absolutos de la 28 Ruta de La Sal - Trofeo Pepe Ferres 2015 | Regata La Ruta de la Sal<\/title>\n<meta name=\"robots\" content=\"noindex, follow, max-snippet:-1, max-image-preview:large, max-video-preview:-1\" \/>\n<meta property=\"og:locale\" content=\"es_ES\" \/>\n<meta property=\"og:type\" content=\"article\" \/>\n<meta property=\"og:title\" content=\"&quot;Coratge&quot; y &quot;Aivis&quot; ganadores absolutos de la 28 Ruta de La Sal - Trofeo Pepe Ferres 2015 | Regata La Ruta de la Sal\" \/>\n<meta property=\"og:description\" content=\"-El Swan-45 \u00abCoratge\u00bb de Manuel Jane de \u00a0vencedor en Tiempo Real y en Tiempo Compensado de la Versi\u00f3n Norte de La Sal 2015. &#8211; \u00abAivis\u00bb de Manuel Guasch del CN de Ibiza , \u00a0ganador absoluto de la Versi\u00f3n Este de La Sal 2015. &#8211; El \u00a0GS 37 \u00abZas Sailing\u00bb ganador en Tiempo Real de la [&hellip;]\" \/>\n<meta property=\"og:url\" content=\"https:\/\/labs.100x100.net\/projects\/rutasal\/coratge-y-aivis-ganadores-absolutos-de-la-28-ruta-de-la-sal-trofeo-pepe-ferres-2015\/\" \/>\n<meta property=\"og:site_name\" content=\"Regata La Ruta de la Sal\" \/>\n<meta property=\"article:publisher\" content=\"https:\/\/www.facebook.com\/rutadelasal\/\" \/>\n<meta property=\"article:published_time\" content=\"2015-04-04T09:10:33+00:00\" \/>\n<meta property=\"article:modified_time\" content=\"2019-03-08T09:09:09+00:00\" \/>\n<meta property=\"og:image\" content=\"https:\/\/labs.100x100.net\/projects\/rutasal\/custom\/uploads\/2015\/04\/17007667641_94b6c63f1e_z.jpg\" \/>\n\t<meta property=\"og:image:width\" content=\"640\" \/>\n\t<meta property=\"og:image:height\" content=\"460\" \/>\n\t<meta property=\"og:image:type\" content=\"image\/jpeg\" \/>\n<meta name=\"author\" content=\"La Ruta de la Sal\" \/>\n<meta name=\"twitter:card\" content=\"summary_large_image\" \/>\n<meta name=\"twitter:creator\" content=\"@AnamMedi\" \/>\n<meta name=\"twitter:site\" content=\"@AnamMedi\" \/>\n<meta name=\"twitter:label1\" content=\"Escrito por\" \/>\n\t<meta name=\"twitter:data1\" content=\"La Ruta de la Sal\" \/>\n\t<meta name=\"twitter:label2\" content=\"Tiempo de lectura\" \/>\n\t<meta name=\"twitter:data2\" content=\"5 minutos\" \/>\n<script type=\"application\/ld+json\" class=\"yoast-schema-graph\">{\"@context\":\"https:\/\/schema.org\",\"@graph\":[{\"@type\":\"WebPage\",\"@id\":\"https:\/\/labs.100x100.net\/projects\/rutasal\/coratge-y-aivis-ganadores-absolutos-de-la-28-ruta-de-la-sal-trofeo-pepe-ferres-2015\/\",\"url\":\"https:\/\/labs.100x100.net\/projects\/rutasal\/coratge-y-aivis-ganadores-absolutos-de-la-28-ruta-de-la-sal-trofeo-pepe-ferres-2015\/\",\"name\":\"\\\"Coratge\\\" y \\\"Aivis\\\" ganadores absolutos de la 28 Ruta de La Sal - Trofeo Pepe Ferres 2015 | Regata La Ruta de la Sal\",\"isPartOf\":{\"@id\":\"https:\/\/labs.100x100.net\/projects\/rutasal\/#website\"},\"primaryImageOfPage\":{\"@id\":\"https:\/\/labs.100x100.net\/projects\/rutasal\/coratge-y-aivis-ganadores-absolutos-de-la-28-ruta-de-la-sal-trofeo-pepe-ferres-2015\/#primaryimage\"},\"image\":{\"@id\":\"https:\/\/labs.100x100.net\/projects\/rutasal\/coratge-y-aivis-ganadores-absolutos-de-la-28-ruta-de-la-sal-trofeo-pepe-ferres-2015\/#primaryimage\"},\"thumbnailUrl\":\"https:\/\/labs.100x100.net\/projects\/rutasal\/custom\/uploads\/2015\/04\/17007667641_94b6c63f1e_z.jpg\",\"datePublished\":\"2015-04-04T09:10:33+00:00\",\"dateModified\":\"2019-03-08T09:09:09+00:00\",\"author\":{\"@id\":\"https:\/\/labs.100x100.net\/projects\/rutasal\/#\/schema\/person\/214eeb4a2e78fd8373a0a94f6d93c9ca\"},\"breadcrumb\":{\"@id\":\"https:\/\/labs.100x100.net\/projects\/rutasal\/coratge-y-aivis-ganadores-absolutos-de-la-28-ruta-de-la-sal-trofeo-pepe-ferres-2015\/#breadcrumb\"},\"inLanguage\":\"es\",\"potentialAction\":[{\"@type\":\"ReadAction\",\"target\":[\"https:\/\/labs.100x100.net\/projects\/rutasal\/coratge-y-aivis-ganadores-absolutos-de-la-28-ruta-de-la-sal-trofeo-pepe-ferres-2015\/\"]}]},{\"@type\":\"ImageObject\",\"inLanguage\":\"es\",\"@id\":\"https:\/\/labs.100x100.net\/projects\/rutasal\/coratge-y-aivis-ganadores-absolutos-de-la-28-ruta-de-la-sal-trofeo-pepe-ferres-2015\/#primaryimage\",\"url\":\"https:\/\/labs.100x100.net\/projects\/rutasal\/custom\/uploads\/2015\/04\/17007667641_94b6c63f1e_z.jpg\",\"contentUrl\":\"https:\/\/labs.100x100.net\/projects\/rutasal\/custom\/uploads\/2015\/04\/17007667641_94b6c63f1e_z.jpg\",\"width\":640,\"height\":460},{\"@type\":\"BreadcrumbList\",\"@id\":\"https:\/\/labs.100x100.net\/projects\/rutasal\/coratge-y-aivis-ganadores-absolutos-de-la-28-ruta-de-la-sal-trofeo-pepe-ferres-2015\/#breadcrumb\",\"itemListElement\":[{\"@type\":\"ListItem\",\"position\":1,\"name\":\"Portada\",\"item\":\"https:\/\/labs.100x100.net\/projects\/rutasal\/\"},{\"@type\":\"ListItem\",\"position\":2,\"name\":\"\u00abCoratge\u00bb y \u00abAivis\u00bb ganadores absolutos de la 28 Ruta de La Sal &#8211; Trofeo Pepe Ferres 2015\"}]},{\"@type\":\"WebSite\",\"@id\":\"https:\/\/labs.100x100.net\/projects\/rutasal\/#website\",\"url\":\"https:\/\/labs.100x100.net\/projects\/rutasal\/\",\"name\":\"Regata La Ruta de la Sal\",\"description\":\"Regata La Ruta de la Sal es una regata de Altura Mediterr\u00e1nea para barcos de crucero a vela con destino en Ibiza, que se disputa anualmente en Semana Santa.\",\"potentialAction\":[{\"@type\":\"SearchAction\",\"target\":{\"@type\":\"EntryPoint\",\"urlTemplate\":\"https:\/\/labs.100x100.net\/projects\/rutasal\/?s={search_term_string}\"},\"query-input\":\"required name=search_term_string\"}],\"inLanguage\":\"es\"},{\"@type\":\"Person\",\"@id\":\"https:\/\/labs.100x100.net\/projects\/rutasal\/#\/schema\/person\/214eeb4a2e78fd8373a0a94f6d93c9ca\",\"name\":\"La Ruta de la Sal\",\"image\":{\"@type\":\"ImageObject\",\"inLanguage\":\"es\",\"@id\":\"https:\/\/labs.100x100.net\/projects\/rutasal\/#\/schema\/person\/image\/\",\"url\":\"https:\/\/secure.gravatar.com\/avatar\/b247286d4b801d6b1cfcfb3807587284?s=96&d=mm&r=g\",\"contentUrl\":\"https:\/\/secure.gravatar.com\/avatar\/b247286d4b801d6b1cfcfb3807587284?s=96&d=mm&r=g\",\"caption\":\"La Ruta de la Sal\"}}]}<\/script>\n<!-- \/ Yoast SEO plugin. -->","yoast_head_json":{"title":"\"Coratge\" y \"Aivis\" ganadores absolutos de la 28 Ruta de La Sal - Trofeo Pepe Ferres 2015 | Regata La Ruta de la Sal","robots":{"index":"noindex","follow":"follow","max-snippet":"max-snippet:-1","max-image-preview":"max-image-preview:large","max-video-preview":"max-video-preview:-1"},"og_locale":"es_ES","og_type":"article","og_title":"\"Coratge\" y \"Aivis\" ganadores absolutos de la 28 Ruta de La Sal - Trofeo Pepe Ferres 2015 | Regata La Ruta de la Sal","og_description":"-El Swan-45 \u00abCoratge\u00bb de Manuel Jane de \u00a0vencedor en Tiempo Real y en Tiempo Compensado de la Versi\u00f3n Norte de La Sal 2015. &#8211; \u00abAivis\u00bb de Manuel Guasch del CN de Ibiza , \u00a0ganador absoluto de la Versi\u00f3n Este de La Sal 2015. &#8211; El \u00a0GS 37 \u00abZas Sailing\u00bb ganador en Tiempo Real de la [&hellip;]","og_url":"https:\/\/labs.100x100.net\/projects\/rutasal\/coratge-y-aivis-ganadores-absolutos-de-la-28-ruta-de-la-sal-trofeo-pepe-ferres-2015\/","og_site_name":"Regata La Ruta de la Sal","article_publisher":"https:\/\/www.facebook.com\/rutadelasal\/","article_published_time":"2015-04-04T09:10:33+00:00","article_modified_time":"2019-03-08T09:09:09+00:00","og_image":[{"width":640,"height":460,"url":"https:\/\/labs.100x100.net\/projects\/rutasal\/custom\/uploads\/2015\/04\/17007667641_94b6c63f1e_z.jpg","type":"image\/jpeg"}],"author":"La Ruta de la Sal","twitter_card":"summary_large_image","twitter_creator":"@AnamMedi","twitter_site":"@AnamMedi","twitter_misc":{"Escrito por":"La Ruta de la Sal","Tiempo de lectura":"5 minutos"},"schema":{"@context":"https:\/\/schema.org","@graph":[{"@type":"WebPage","@id":"https:\/\/labs.100x100.net\/projects\/rutasal\/coratge-y-aivis-ganadores-absolutos-de-la-28-ruta-de-la-sal-trofeo-pepe-ferres-2015\/","url":"https:\/\/labs.100x100.net\/projects\/rutasal\/coratge-y-aivis-ganadores-absolutos-de-la-28-ruta-de-la-sal-trofeo-pepe-ferres-2015\/","name":"\"Coratge\" y \"Aivis\" ganadores absolutos de la 28 Ruta de La Sal - Trofeo Pepe Ferres 2015 | Regata La Ruta de la Sal","isPartOf":{"@id":"https:\/\/labs.100x100.net\/projects\/rutasal\/#website"},"primaryImageOfPage":{"@id":"https:\/\/labs.100x100.net\/projects\/rutasal\/coratge-y-aivis-ganadores-absolutos-de-la-28-ruta-de-la-sal-trofeo-pepe-ferres-2015\/#primaryimage"},"image":{"@id":"https:\/\/labs.100x100.net\/projects\/rutasal\/coratge-y-aivis-ganadores-absolutos-de-la-28-ruta-de-la-sal-trofeo-pepe-ferres-2015\/#primaryimage"},"thumbnailUrl":"https:\/\/labs.100x100.net\/projects\/rutasal\/custom\/uploads\/2015\/04\/17007667641_94b6c63f1e_z.jpg","datePublished":"2015-04-04T09:10:33+00:00","dateModified":"2019-03-08T09:09:09+00:00","author":{"@id":"https:\/\/labs.100x100.net\/projects\/rutasal\/#\/schema\/person\/214eeb4a2e78fd8373a0a94f6d93c9ca"},"breadcrumb":{"@id":"https:\/\/labs.100x100.net\/projects\/rutasal\/coratge-y-aivis-ganadores-absolutos-de-la-28-ruta-de-la-sal-trofeo-pepe-ferres-2015\/#breadcrumb"},"inLanguage":"es","potentialAction":[{"@type":"ReadAction","target":["https:\/\/labs.100x100.net\/projects\/rutasal\/coratge-y-aivis-ganadores-absolutos-de-la-28-ruta-de-la-sal-trofeo-pepe-ferres-2015\/"]}]},{"@type":"ImageObject","inLanguage":"es","@id":"https:\/\/labs.100x100.net\/projects\/rutasal\/coratge-y-aivis-ganadores-absolutos-de-la-28-ruta-de-la-sal-trofeo-pepe-ferres-2015\/#primaryimage","url":"https:\/\/labs.100x100.net\/projects\/rutasal\/custom\/uploads\/2015\/04\/17007667641_94b6c63f1e_z.jpg","contentUrl":"https:\/\/labs.100x100.net\/projects\/rutasal\/custom\/uploads\/2015\/04\/17007667641_94b6c63f1e_z.jpg","width":640,"height":460},{"@type":"BreadcrumbList","@id":"https:\/\/labs.100x100.net\/projects\/rutasal\/coratge-y-aivis-ganadores-absolutos-de-la-28-ruta-de-la-sal-trofeo-pepe-ferres-2015\/#breadcrumb","itemListElement":[{"@type":"ListItem","position":1,"name":"Portada","item":"https:\/\/labs.100x100.net\/projects\/rutasal\/"},{"@type":"ListItem","position":2,"name":"\u00abCoratge\u00bb y \u00abAivis\u00bb ganadores absolutos de la 28 Ruta de La Sal &#8211; Trofeo Pepe Ferres 2015"}]},{"@type":"WebSite","@id":"https:\/\/labs.100x100.net\/projects\/rutasal\/#website","url":"https:\/\/labs.100x100.net\/projects\/rutasal\/","name":"Regata La Ruta de la Sal","description":"Regata La Ruta de la Sal es una regata de Altura Mediterr\u00e1nea para barcos de crucero a vela con destino en Ibiza, que se disputa anualmente en Semana Santa.","potentialAction":[{"@type":"SearchAction","target":{"@type":"EntryPoint","urlTemplate":"https:\/\/labs.100x100.net\/projects\/rutasal\/?s={search_term_string}"},"query-input":"required name=search_term_string"}],"inLanguage":"es"},{"@type":"Person","@id":"https:\/\/labs.100x100.net\/projects\/rutasal\/#\/schema\/person\/214eeb4a2e78fd8373a0a94f6d93c9ca","name":"La Ruta de la Sal","image":{"@type":"ImageObject","inLanguage":"es","@id":"https:\/\/labs.100x100.net\/projects\/rutasal\/#\/schema\/person\/image\/","url":"https:\/\/secure.gravatar.com\/avatar\/b247286d4b801d6b1cfcfb3807587284?s=96&d=mm&r=g","contentUrl":"https:\/\/secure.gravatar.com\/avatar\/b247286d4b801d6b1cfcfb3807587284?s=96&d=mm&r=g","caption":"La Ruta de la Sal"}}]}},"_links":{"self":[{"href":"https:\/\/labs.100x100.net\/projects\/rutasal\/wp-json\/wp\/v2\/posts\/2018"}],"collection":[{"href":"https:\/\/labs.100x100.net\/projects\/rutasal\/wp-json\/wp\/v2\/posts"}],"about":[{"href":"https:\/\/labs.100x100.net\/projects\/rutasal\/wp-json\/wp\/v2\/types\/post"}],"author":[{"embeddable":true,"href":"https:\/\/labs.100x100.net\/projects\/rutasal\/wp-json\/wp\/v2\/users\/1"}],"replies":[{"embeddable":true,"href":"https:\/\/labs.100x100.net\/projects\/rutasal\/wp-json\/wp\/v2\/comments?post=2018"}],"version-history":[{"count":2,"href":"https:\/\/labs.100x100.net\/projects\/rutasal\/wp-json\/wp\/v2\/posts\/2018\/revisions"}],"predecessor-version":[{"id":3673,"href":"https:\/\/labs.100x100.net\/projects\/rutasal\/wp-json\/wp\/v2\/posts\/2018\/revisions\/3673"}],"wp:featuredmedia":[{"embeddable":true,"href":"https:\/\/labs.100x100.net\/projects\/rutasal\/wp-json\/wp\/v2\/media\/3672"}],"wp:attachment":[{"href":"https:\/\/labs.100x100.net\/projects\/rutasal\/wp-json\/wp\/v2\/media?parent=2018"}],"wp:term":[{"taxonomy":"category","embeddable":true,"href":"https:\/\/labs.100x100.net\/projects\/rutasal\/wp-json\/wp\/v2\/categories?post=2018"},{"taxonomy":"post_tag","embeddable":true,"href":"https:\/\/labs.100x100.net\/projects\/rutasal\/wp-json\/wp\/v2\/tags?post=2018"}],"curies":[{"name":"wp","href":"https:\/\/api.w.org\/{rel}","templated":true}]}}