{"id":2009,"date":"2015-04-03T19:12:46","date_gmt":"2015-04-03T17:12:46","guid":{"rendered":"https:\/\/larutadelasal.com\/?p=2009"},"modified":"2019-03-08T11:10:37","modified_gmt":"2019-03-08T09:10:37","slug":"aivis-de-manuel-guasch-de-cn-de-ibiza-ganador-absoluto-de-la-version-este-de-la-sal-2015","status":"publish","type":"post","link":"https:\/\/labs.100x100.net\/projects\/rutasal\/aivis-de-manuel-guasch-de-cn-de-ibiza-ganador-absoluto-de-la-version-este-de-la-sal-2015\/","title":{"rendered":"\u201cAivis\u201d de Manuel Guasch de CN de Ibiza ,  ganador absoluto de la Versi\u00f3n Este de La Sal 2015."},"content":{"rendered":"<h3 style=\"text-align: justify;\">&#8211; El J92 \u00a0\u00abCafe del Mar\u00bb de Juan Carlos Sanchis y el GS \u00abZas Sailing\u00bb de Juan Luis Frances, segundo y tercero, respectivamente, en la general de la Versi\u00f3n \u00c9ste de La Ruta de La Sal 2015.<\/h3>\n<h3 style=\"text-align: justify;\">-El \u00abZas Sailing\u00bb ganador en Tiempo Real de la Versi\u00f3n Este de La Sal 2015.<\/h3>\n<p style=\"text-align: justify;\">Los resultados provisionales de la clasificaci\u00f3n general de la Versi\u00f3n Este de la Ruta de la Sal dan como ganador absoluto al Fortuna 9 \u00abAivis\u00bb de Manuel Guasch de CN de Ibiza quien invirtio 24h, 48m, 26s. \u00a0en recorrer las 117 desde Denia. Una victoria importante que se suma a los primeros puestos ya conseguidos por \u00abAivis\u00bb en la Version Este de Sal del \u00a02009 y en la Versi\u00f3n Norte de la del 2012, coincidiendo con el 25 aniversario de la regata.<\/p>\n<p style=\"text-align: justify;\"><a title=\"IMG_9743\" href=\"#\"><img loading=\"lazy\" decoding=\"async\" title=\"IMG_9743\" src=\"http:\/\/farm9.staticflickr.com\/8703\/17021163802_501c6ce372_z.jpg\" alt=\"IMG_9743\" width=\"640\" height=\"427\" \/><\/a><\/p>\n<p style=\"text-align: justify;\">La segunda plaza, en esta ocasi\u00f3n, \u00a0para el J92 \u00abCafe del Mar\u00bb de Juan Carlos S\u00e1nchis \u00a0del CN de Sant Antoni de Portmany quien, tras sus victorias absolutas en las ediciones del 2013 y 2014 se dibujaba como uno de los candidatos m\u00e1s s\u00f3lidos a vencer en esta Versi\u00f3n \u00a0Este de La Sal 2015. La tercera plaza en esta general absoluta, para el ganador en Tiempo Real de esta largada; el Grand Soleil 37 \u00abZas Sailing\u00bb de Jos\u00e9 Luis Franc\u00e9s del Real Club N\u00e1utico de Valencia \u00a0quien, con un registro de 22h, 46m y 47s, fue el barco que menos tiempo tardo en cubrir el recorrido desde Denia.<\/p>\n<p style=\"text-align: justify;\">El \u00abAivis\u00bb es un monotipo \u00a0Fortuna 9, un velero dise\u00f1ado por Javier Vissiers en 1986 con el objetivo de crear una clase de cruceros-regata de tipo costero destinada al promocionar, en aquellos a\u00f1os, la competici\u00f3n \u00a0t\u00e1ctica en mar abierta. Con una eslora de 9 metros y 3,20 metros de manga, un aparejo fraccionado con un foque de tipo \u00absolent\u00bb autovirante el modelo, con un precio parcialmente subvencionado por Tabacalera Espa\u00f1ola, \u00a0fue un \u00e9xito total registr\u00e1ndose una producci\u00f3n de unas 250 unidades.<\/p>\n<p style=\"text-align: justify;\">Curiosamente los Fortunas 9 \u00a0durante estos 28 a\u00f1os de historia de La Sal han sido el modelo seriado que m\u00e1s primeros puestos individuales han logrado acumular. Parad\u00f3jicamente, en todos los casos con barcos de la flota del CN de Ibiza; En1993, fue el ganador absoluto de la Versi\u00f3n Norte el Fortuna 9, \u201cMagarrufa\u201d de Pedro Sansano. En el 2007,gano la general de la Versi\u00f3n Este el Ibicenco Carlos Tur con el Fortuna 9 \u00a0\u201cFJU Makky\u201d. En el 2009 fue, como ya hemos comentado, \u00a0Manuel Guash con el Fortuna 9 \u201cAivis\u201d , un a\u00f1o mas tarde, en el 2010, y en el mismo recorrido, la victoria absoluta fue para otro Fortuna 9, tambi\u00e9n del CN de Ibiza, \u00a0el \u201cStelrac\u201d patroneado por Carlos Tur \u2013 ya ganador absoluto en el 2007.<\/p>\n<p style=\"text-align: justify;\">\n","protected":false},"excerpt":{"rendered":"<p>&#8211; El J92 \u00a0\u00abCafe del Mar\u00bb de Juan Carlos Sanchis y el GS \u00abZas Sailing\u00bb de Juan Luis Frances, segundo y tercero, respectivamente, en la general de la Versi\u00f3n \u00c9ste de La Ruta de La Sal 2015. -El \u00abZas Sailing\u00bb ganador en Tiempo Real de la Versi\u00f3n Este de La Sal 2015. Los resultados provisionales [&hellip;]<\/p>\n","protected":false},"author":1,"featured_media":3674,"comment_status":"open","ping_status":"open","sticky":false,"template":"","format":"standard","meta":{"_acf_changed":false,"footnotes":""},"categories":[3],"tags":[],"acf":[],"yoast_head":"<!-- This site is optimized with the Yoast SEO plugin v23.0 - https:\/\/yoast.com\/wordpress\/plugins\/seo\/ -->\n<title>\u201cAivis\u201d de Manuel Guasch de CN de Ibiza , ganador absoluto de la Versi\u00f3n Este de La Sal 2015. | Regata La Ruta de la Sal<\/title>\n<meta name=\"robots\" content=\"noindex, follow, max-snippet:-1, max-image-preview:large, max-video-preview:-1\" \/>\n<meta property=\"og:locale\" content=\"es_ES\" \/>\n<meta property=\"og:type\" content=\"article\" \/>\n<meta property=\"og:title\" content=\"\u201cAivis\u201d de Manuel Guasch de CN de Ibiza , ganador absoluto de la Versi\u00f3n Este de La Sal 2015. | Regata La Ruta de la Sal\" \/>\n<meta property=\"og:description\" content=\"&#8211; El J92 \u00a0\u00abCafe del Mar\u00bb de Juan Carlos Sanchis y el GS \u00abZas Sailing\u00bb de Juan Luis Frances, segundo y tercero, respectivamente, en la general de la Versi\u00f3n \u00c9ste de La Ruta de La Sal 2015. -El \u00abZas Sailing\u00bb ganador en Tiempo Real de la Versi\u00f3n Este de La Sal 2015. Los resultados provisionales [&hellip;]\" \/>\n<meta property=\"og:url\" content=\"https:\/\/labs.100x100.net\/projects\/rutasal\/aivis-de-manuel-guasch-de-cn-de-ibiza-ganador-absoluto-de-la-version-este-de-la-sal-2015\/\" \/>\n<meta property=\"og:site_name\" content=\"Regata La Ruta de la Sal\" \/>\n<meta property=\"article:publisher\" content=\"https:\/\/www.facebook.com\/rutadelasal\/\" \/>\n<meta property=\"article:published_time\" content=\"2015-04-03T17:12:46+00:00\" \/>\n<meta property=\"article:modified_time\" content=\"2019-03-08T09:10:37+00:00\" \/>\n<meta property=\"og:image\" content=\"https:\/\/labs.100x100.net\/projects\/rutasal\/custom\/uploads\/2015\/04\/17021163802_501c6ce372_z.jpg\" \/>\n\t<meta property=\"og:image:width\" content=\"640\" \/>\n\t<meta property=\"og:image:height\" content=\"427\" \/>\n\t<meta property=\"og:image:type\" content=\"image\/jpeg\" \/>\n<meta name=\"author\" content=\"La Ruta de la Sal\" \/>\n<meta name=\"twitter:card\" content=\"summary_large_image\" \/>\n<meta name=\"twitter:creator\" content=\"@AnamMedi\" \/>\n<meta name=\"twitter:site\" content=\"@AnamMedi\" \/>\n<meta name=\"twitter:label1\" content=\"Escrito por\" \/>\n\t<meta name=\"twitter:data1\" content=\"La Ruta de la Sal\" \/>\n\t<meta name=\"twitter:label2\" content=\"Tiempo de lectura\" \/>\n\t<meta name=\"twitter:data2\" content=\"2 minutos\" \/>\n<script type=\"application\/ld+json\" class=\"yoast-schema-graph\">{\"@context\":\"https:\/\/schema.org\",\"@graph\":[{\"@type\":\"WebPage\",\"@id\":\"https:\/\/labs.100x100.net\/projects\/rutasal\/aivis-de-manuel-guasch-de-cn-de-ibiza-ganador-absoluto-de-la-version-este-de-la-sal-2015\/\",\"url\":\"https:\/\/labs.100x100.net\/projects\/rutasal\/aivis-de-manuel-guasch-de-cn-de-ibiza-ganador-absoluto-de-la-version-este-de-la-sal-2015\/\",\"name\":\"\u201cAivis\u201d de Manuel Guasch de CN de Ibiza , ganador absoluto de la Versi\u00f3n Este de La Sal 2015. | Regata La Ruta de la Sal\",\"isPartOf\":{\"@id\":\"https:\/\/labs.100x100.net\/projects\/rutasal\/#website\"},\"primaryImageOfPage\":{\"@id\":\"https:\/\/labs.100x100.net\/projects\/rutasal\/aivis-de-manuel-guasch-de-cn-de-ibiza-ganador-absoluto-de-la-version-este-de-la-sal-2015\/#primaryimage\"},\"image\":{\"@id\":\"https:\/\/labs.100x100.net\/projects\/rutasal\/aivis-de-manuel-guasch-de-cn-de-ibiza-ganador-absoluto-de-la-version-este-de-la-sal-2015\/#primaryimage\"},\"thumbnailUrl\":\"https:\/\/labs.100x100.net\/projects\/rutasal\/custom\/uploads\/2015\/04\/17021163802_501c6ce372_z.jpg\",\"datePublished\":\"2015-04-03T17:12:46+00:00\",\"dateModified\":\"2019-03-08T09:10:37+00:00\",\"author\":{\"@id\":\"https:\/\/labs.100x100.net\/projects\/rutasal\/#\/schema\/person\/214eeb4a2e78fd8373a0a94f6d93c9ca\"},\"breadcrumb\":{\"@id\":\"https:\/\/labs.100x100.net\/projects\/rutasal\/aivis-de-manuel-guasch-de-cn-de-ibiza-ganador-absoluto-de-la-version-este-de-la-sal-2015\/#breadcrumb\"},\"inLanguage\":\"es\",\"potentialAction\":[{\"@type\":\"ReadAction\",\"target\":[\"https:\/\/labs.100x100.net\/projects\/rutasal\/aivis-de-manuel-guasch-de-cn-de-ibiza-ganador-absoluto-de-la-version-este-de-la-sal-2015\/\"]}]},{\"@type\":\"ImageObject\",\"inLanguage\":\"es\",\"@id\":\"https:\/\/labs.100x100.net\/projects\/rutasal\/aivis-de-manuel-guasch-de-cn-de-ibiza-ganador-absoluto-de-la-version-este-de-la-sal-2015\/#primaryimage\",\"url\":\"https:\/\/labs.100x100.net\/projects\/rutasal\/custom\/uploads\/2015\/04\/17021163802_501c6ce372_z.jpg\",\"contentUrl\":\"https:\/\/labs.100x100.net\/projects\/rutasal\/custom\/uploads\/2015\/04\/17021163802_501c6ce372_z.jpg\",\"width\":640,\"height\":427},{\"@type\":\"BreadcrumbList\",\"@id\":\"https:\/\/labs.100x100.net\/projects\/rutasal\/aivis-de-manuel-guasch-de-cn-de-ibiza-ganador-absoluto-de-la-version-este-de-la-sal-2015\/#breadcrumb\",\"itemListElement\":[{\"@type\":\"ListItem\",\"position\":1,\"name\":\"Portada\",\"item\":\"https:\/\/labs.100x100.net\/projects\/rutasal\/\"},{\"@type\":\"ListItem\",\"position\":2,\"name\":\"\u201cAivis\u201d de Manuel Guasch de CN de Ibiza , ganador absoluto de la Versi\u00f3n Este de La Sal 2015.\"}]},{\"@type\":\"WebSite\",\"@id\":\"https:\/\/labs.100x100.net\/projects\/rutasal\/#website\",\"url\":\"https:\/\/labs.100x100.net\/projects\/rutasal\/\",\"name\":\"Regata La Ruta de la Sal\",\"description\":\"Regata La Ruta de la Sal es una regata de Altura Mediterr\u00e1nea para barcos de crucero a vela con destino en Ibiza, que se disputa anualmente en Semana Santa.\",\"potentialAction\":[{\"@type\":\"SearchAction\",\"target\":{\"@type\":\"EntryPoint\",\"urlTemplate\":\"https:\/\/labs.100x100.net\/projects\/rutasal\/?s={search_term_string}\"},\"query-input\":\"required name=search_term_string\"}],\"inLanguage\":\"es\"},{\"@type\":\"Person\",\"@id\":\"https:\/\/labs.100x100.net\/projects\/rutasal\/#\/schema\/person\/214eeb4a2e78fd8373a0a94f6d93c9ca\",\"name\":\"La Ruta de la Sal\",\"image\":{\"@type\":\"ImageObject\",\"inLanguage\":\"es\",\"@id\":\"https:\/\/labs.100x100.net\/projects\/rutasal\/#\/schema\/person\/image\/\",\"url\":\"https:\/\/secure.gravatar.com\/avatar\/b247286d4b801d6b1cfcfb3807587284?s=96&d=mm&r=g\",\"contentUrl\":\"https:\/\/secure.gravatar.com\/avatar\/b247286d4b801d6b1cfcfb3807587284?s=96&d=mm&r=g\",\"caption\":\"La Ruta de la Sal\"}}]}<\/script>\n<!-- \/ Yoast SEO plugin. -->","yoast_head_json":{"title":"\u201cAivis\u201d de Manuel Guasch de CN de Ibiza , ganador absoluto de la Versi\u00f3n Este de La Sal 2015. | Regata La Ruta de la Sal","robots":{"index":"noindex","follow":"follow","max-snippet":"max-snippet:-1","max-image-preview":"max-image-preview:large","max-video-preview":"max-video-preview:-1"},"og_locale":"es_ES","og_type":"article","og_title":"\u201cAivis\u201d de Manuel Guasch de CN de Ibiza , ganador absoluto de la Versi\u00f3n Este de La Sal 2015. | Regata La Ruta de la Sal","og_description":"&#8211; El J92 \u00a0\u00abCafe del Mar\u00bb de Juan Carlos Sanchis y el GS \u00abZas Sailing\u00bb de Juan Luis Frances, segundo y tercero, respectivamente, en la general de la Versi\u00f3n \u00c9ste de La Ruta de La Sal 2015. -El \u00abZas Sailing\u00bb ganador en Tiempo Real de la Versi\u00f3n Este de La Sal 2015. Los resultados provisionales [&hellip;]","og_url":"https:\/\/labs.100x100.net\/projects\/rutasal\/aivis-de-manuel-guasch-de-cn-de-ibiza-ganador-absoluto-de-la-version-este-de-la-sal-2015\/","og_site_name":"Regata La Ruta de la Sal","article_publisher":"https:\/\/www.facebook.com\/rutadelasal\/","article_published_time":"2015-04-03T17:12:46+00:00","article_modified_time":"2019-03-08T09:10:37+00:00","og_image":[{"width":640,"height":427,"url":"https:\/\/labs.100x100.net\/projects\/rutasal\/custom\/uploads\/2015\/04\/17021163802_501c6ce372_z.jpg","type":"image\/jpeg"}],"author":"La Ruta de la Sal","twitter_card":"summary_large_image","twitter_creator":"@AnamMedi","twitter_site":"@AnamMedi","twitter_misc":{"Escrito por":"La Ruta de la Sal","Tiempo de lectura":"2 minutos"},"schema":{"@context":"https:\/\/schema.org","@graph":[{"@type":"WebPage","@id":"https:\/\/labs.100x100.net\/projects\/rutasal\/aivis-de-manuel-guasch-de-cn-de-ibiza-ganador-absoluto-de-la-version-este-de-la-sal-2015\/","url":"https:\/\/labs.100x100.net\/projects\/rutasal\/aivis-de-manuel-guasch-de-cn-de-ibiza-ganador-absoluto-de-la-version-este-de-la-sal-2015\/","name":"\u201cAivis\u201d de Manuel Guasch de CN de Ibiza , ganador absoluto de la Versi\u00f3n Este de La Sal 2015. | Regata La Ruta de la Sal","isPartOf":{"@id":"https:\/\/labs.100x100.net\/projects\/rutasal\/#website"},"primaryImageOfPage":{"@id":"https:\/\/labs.100x100.net\/projects\/rutasal\/aivis-de-manuel-guasch-de-cn-de-ibiza-ganador-absoluto-de-la-version-este-de-la-sal-2015\/#primaryimage"},"image":{"@id":"https:\/\/labs.100x100.net\/projects\/rutasal\/aivis-de-manuel-guasch-de-cn-de-ibiza-ganador-absoluto-de-la-version-este-de-la-sal-2015\/#primaryimage"},"thumbnailUrl":"https:\/\/labs.100x100.net\/projects\/rutasal\/custom\/uploads\/2015\/04\/17021163802_501c6ce372_z.jpg","datePublished":"2015-04-03T17:12:46+00:00","dateModified":"2019-03-08T09:10:37+00:00","author":{"@id":"https:\/\/labs.100x100.net\/projects\/rutasal\/#\/schema\/person\/214eeb4a2e78fd8373a0a94f6d93c9ca"},"breadcrumb":{"@id":"https:\/\/labs.100x100.net\/projects\/rutasal\/aivis-de-manuel-guasch-de-cn-de-ibiza-ganador-absoluto-de-la-version-este-de-la-sal-2015\/#breadcrumb"},"inLanguage":"es","potentialAction":[{"@type":"ReadAction","target":["https:\/\/labs.100x100.net\/projects\/rutasal\/aivis-de-manuel-guasch-de-cn-de-ibiza-ganador-absoluto-de-la-version-este-de-la-sal-2015\/"]}]},{"@type":"ImageObject","inLanguage":"es","@id":"https:\/\/labs.100x100.net\/projects\/rutasal\/aivis-de-manuel-guasch-de-cn-de-ibiza-ganador-absoluto-de-la-version-este-de-la-sal-2015\/#primaryimage","url":"https:\/\/labs.100x100.net\/projects\/rutasal\/custom\/uploads\/2015\/04\/17021163802_501c6ce372_z.jpg","contentUrl":"https:\/\/labs.100x100.net\/projects\/rutasal\/custom\/uploads\/2015\/04\/17021163802_501c6ce372_z.jpg","width":640,"height":427},{"@type":"BreadcrumbList","@id":"https:\/\/labs.100x100.net\/projects\/rutasal\/aivis-de-manuel-guasch-de-cn-de-ibiza-ganador-absoluto-de-la-version-este-de-la-sal-2015\/#breadcrumb","itemListElement":[{"@type":"ListItem","position":1,"name":"Portada","item":"https:\/\/labs.100x100.net\/projects\/rutasal\/"},{"@type":"ListItem","position":2,"name":"\u201cAivis\u201d de Manuel Guasch de CN de Ibiza , ganador absoluto de la Versi\u00f3n Este de La Sal 2015."}]},{"@type":"WebSite","@id":"https:\/\/labs.100x100.net\/projects\/rutasal\/#website","url":"https:\/\/labs.100x100.net\/projects\/rutasal\/","name":"Regata La Ruta de la Sal","description":"Regata La Ruta de la Sal es una regata de Altura Mediterr\u00e1nea para barcos de crucero a vela con destino en Ibiza, que se disputa anualmente en Semana Santa.","potentialAction":[{"@type":"SearchAction","target":{"@type":"EntryPoint","urlTemplate":"https:\/\/labs.100x100.net\/projects\/rutasal\/?s={search_term_string}"},"query-input":"required name=search_term_string"}],"inLanguage":"es"},{"@type":"Person","@id":"https:\/\/labs.100x100.net\/projects\/rutasal\/#\/schema\/person\/214eeb4a2e78fd8373a0a94f6d93c9ca","name":"La Ruta de la Sal","image":{"@type":"ImageObject","inLanguage":"es","@id":"https:\/\/labs.100x100.net\/projects\/rutasal\/#\/schema\/person\/image\/","url":"https:\/\/secure.gravatar.com\/avatar\/b247286d4b801d6b1cfcfb3807587284?s=96&d=mm&r=g","contentUrl":"https:\/\/secure.gravatar.com\/avatar\/b247286d4b801d6b1cfcfb3807587284?s=96&d=mm&r=g","caption":"La Ruta de la Sal"}}]}},"_links":{"self":[{"href":"https:\/\/labs.100x100.net\/projects\/rutasal\/wp-json\/wp\/v2\/posts\/2009"}],"collection":[{"href":"https:\/\/labs.100x100.net\/projects\/rutasal\/wp-json\/wp\/v2\/posts"}],"about":[{"href":"https:\/\/labs.100x100.net\/projects\/rutasal\/wp-json\/wp\/v2\/types\/post"}],"author":[{"embeddable":true,"href":"https:\/\/labs.100x100.net\/projects\/rutasal\/wp-json\/wp\/v2\/users\/1"}],"replies":[{"embeddable":true,"href":"https:\/\/labs.100x100.net\/projects\/rutasal\/wp-json\/wp\/v2\/comments?post=2009"}],"version-history":[{"count":2,"href":"https:\/\/labs.100x100.net\/projects\/rutasal\/wp-json\/wp\/v2\/posts\/2009\/revisions"}],"predecessor-version":[{"id":3675,"href":"https:\/\/labs.100x100.net\/projects\/rutasal\/wp-json\/wp\/v2\/posts\/2009\/revisions\/3675"}],"wp:featuredmedia":[{"embeddable":true,"href":"https:\/\/labs.100x100.net\/projects\/rutasal\/wp-json\/wp\/v2\/media\/3674"}],"wp:attachment":[{"href":"https:\/\/labs.100x100.net\/projects\/rutasal\/wp-json\/wp\/v2\/media?parent=2009"}],"wp:term":[{"taxonomy":"category","embeddable":true,"href":"https:\/\/labs.100x100.net\/projects\/rutasal\/wp-json\/wp\/v2\/categories?post=2009"},{"taxonomy":"post_tag","embeddable":true,"href":"https:\/\/labs.100x100.net\/projects\/rutasal\/wp-json\/wp\/v2\/tags?post=2009"}],"curies":[{"name":"wp","href":"https:\/\/api.w.org\/{rel}","templated":true}]}}