{"id":2005,"date":"2015-04-03T18:59:43","date_gmt":"2015-04-03T16:59:43","guid":{"rendered":"https:\/\/larutadelasal.com\/?p=2005"},"modified":"2019-03-08T11:11:21","modified_gmt":"2019-03-08T09:11:21","slug":"coratge-de-manuel-jane-vencedor-absoluto-de-la-version-norte-de-la-sal-2015","status":"publish","type":"post","link":"https:\/\/labs.100x100.net\/projects\/rutasal\/coratge-de-manuel-jane-vencedor-absoluto-de-la-version-norte-de-la-sal-2015\/","title":{"rendered":"\u00abCoratge\u00bb de Manuel Jane Vencedor Absoluto de la Versi\u00f3n Norte de La Sal 2015."},"content":{"rendered":"<h1>Tras procesar la primera clasificaci\u00f3n general provisional;<\/h1>\n<div id=\"_mcePaste\" style=\"text-align: justify;\"><\/div>\n<h1 style=\"text-align: justify;\">-Tras proclamarse ganador en Tiempo Real y en Tiempo Compensado el equipo de Manuel Jane revalida su victoria del 2014.<\/h1>\n<h1>\u00abSamadhi\u00bb y \u00abAtl\u00e1nt del Vent\u00bb \u00a0segundo y tercero en la clasificaci\u00f3n general Absoluta de la Versi\u00f3n Norte.<\/h1>\n<p style=\"text-align: justify;\">Los resultados provisionales, procesados a las 18:00 h de hoy viernes 3 de abril, sit\u00faan, \u00a0ya con unas tolerancias bastante generosas, como ganador de la general absoluta de la Versi\u00f3n Norte de La Sal 2015, al Swam 45 \u00abCoratge\u00bb \u00a0de Manuel Jane quien, tambien se ha proclamado, con un tiempo 24h, 25m, 06 s. \u00a0en ganador en Tiempo Real de este recorrido desde Barcelona a Sant Antoni de Portmany. Unos resultados, que de confirmarse, hacen que el \u00abCoratge\u00bb por segundo a\u00f1o consecutivo logra los triunfos absolutos en ambas clasificaciones.<\/p>\n<p style=\"text-align: center;\"><a title=\"XXVIII LA RUTA DE LA SAL 2015 (TROFEO PEPE FERR\u00c9S)\" href=\"#\"><img loading=\"lazy\" decoding=\"async\" class=\"aligncenter\" title=\"XXVIII LA RUTA DE LA SAL 2015 (TROFEO PEPE FERR\u00c9S)\" src=\"http:\/\/farm8.staticflickr.com\/7611\/16812233457_5cf88ec0ac_z.jpg\" alt=\"XXVIII LA RUTA DE LA SAL 2015 (TROFEO PEPE FERR\u00c9S)\" width=\"640\" height=\"460\" \/><\/a><\/p>\n<p style=\"text-align: justify;\">Destacar que el \u00abCoratge\u00bb \u00a0en la edicion del 2014 ya fue vencedor en Tiempo Real de la Versi\u00f3n Norte de La Sal, con un registro de 26h, 39m. Un tiempo que le permiti\u00f3 tambi\u00e9n proclamarse en vencedor en tiempo compensado de la regata, convirti\u00e9ndose en el ganador absoluto de la cita del 2014. Un equipo muy competitivo y un armador, Manuel Jane que, parad\u00f3jicamente, \u00a0fue vencedor absoluto de la primera y segunda edici\u00f3n de La Ruta de La Sal, disputadas en 1989 y 1990, respectivamente.<\/p>\n<p style=\"text-align: justify;\">La segunda plaza en la general provisional de la Version Norte la ocupa el X-50 Italiano \u00abSamadhi\u00bb de Salvatore Nappi del YC de Capri, quien con tras cruzar la l\u00ednea de llegada en quinta posici\u00f3n en tiempo real, \u00a0a las 12:42:31h, \u00a0ha logrado imponerse al IMX-45 de Jaime Serra \u00abAtl\u00e1nt del Vent\u00bb del CN de Ibiza, tercero en esta clasificaci\u00f3n general y cuarto en la clasificaci\u00f3n \u00a0en tiempo real. En la cuarta plaza el Swam 56 C\/R \u00abClem\u00bb del Jaime Ignacio Olazabal del CM de Mallorca y en la quinta el J&amp;V 50 \u00abCaro\u00bb del armador alem\u00e1n Maximilian Klink .<\/p>\n<p style=\"text-align: center;\"><a title=\"XXVIII LA RUTA DE LA SAL 2015 (TROFEO PEPE FERR\u00c9S)\" href=\"#\"><img loading=\"lazy\" decoding=\"async\" title=\"XXVIII LA RUTA DE LA SAL 2015 (TROFEO PEPE FERR\u00c9S)\" src=\"http:\/\/farm8.staticflickr.com\/7604\/17018752821_5c5a6d62b3_z.jpg\" alt=\"XXVIII LA RUTA DE LA SAL 2015 (TROFEO PEPE FERR\u00c9S)\" width=\"640\" height=\"460\" \/><\/a><\/p>\n<p style=\"text-align: justify;\">Es importante valorar que a la hora de editar este avance informativo hay tan s\u00f3lo \u00a012 barcos clasificados en la Versi\u00f3n Norte de la regata. Que la flota va, en general muy retrasada, entrado en la linea de llegada muy poco \u00a0poco, debido a la falta de viento que ha afectado a las costas del norte de Ibiza durante toda la jornada y gran parte de la madrugada. Datos que contribuyen a consolidar a estas primeras clasificaciones como de bastantes fiables, \u00a0ya que los cinco primeros clasificados cruzaron la llegada entre la 10:25 am y las 12:42 am, \u00a0estableciendo un margen de tiempo amplio y a estas alturas del d\u00eda ya muy definitivo.<\/p>\n","protected":false},"excerpt":{"rendered":"<p>Tras procesar la primera clasificaci\u00f3n general provisional; -Tras proclamarse ganador en Tiempo Real y en Tiempo Compensado el equipo de Manuel Jane revalida su victoria del 2014. \u00abSamadhi\u00bb y \u00abAtl\u00e1nt del Vent\u00bb \u00a0segundo y tercero en la clasificaci\u00f3n general Absoluta de la Versi\u00f3n Norte. Los resultados provisionales, procesados a las 18:00 h de hoy viernes [&hellip;]<\/p>\n","protected":false},"author":1,"featured_media":3676,"comment_status":"open","ping_status":"open","sticky":false,"template":"","format":"standard","meta":{"_acf_changed":false,"footnotes":""},"categories":[3],"tags":[],"acf":[],"yoast_head":"<!-- This site is optimized with the Yoast SEO plugin v23.0 - https:\/\/yoast.com\/wordpress\/plugins\/seo\/ -->\n<title>&quot;Coratge&quot; de Manuel Jane Vencedor Absoluto de la Versi\u00f3n Norte de La Sal 2015. | Regata La Ruta de la Sal<\/title>\n<meta name=\"robots\" content=\"noindex, follow, max-snippet:-1, max-image-preview:large, max-video-preview:-1\" \/>\n<meta property=\"og:locale\" content=\"es_ES\" \/>\n<meta property=\"og:type\" content=\"article\" \/>\n<meta property=\"og:title\" content=\"&quot;Coratge&quot; de Manuel Jane Vencedor Absoluto de la Versi\u00f3n Norte de La Sal 2015. | Regata La Ruta de la Sal\" \/>\n<meta property=\"og:description\" content=\"Tras procesar la primera clasificaci\u00f3n general provisional; -Tras proclamarse ganador en Tiempo Real y en Tiempo Compensado el equipo de Manuel Jane revalida su victoria del 2014. \u00abSamadhi\u00bb y \u00abAtl\u00e1nt del Vent\u00bb \u00a0segundo y tercero en la clasificaci\u00f3n general Absoluta de la Versi\u00f3n Norte. Los resultados provisionales, procesados a las 18:00 h de hoy viernes [&hellip;]\" \/>\n<meta property=\"og:url\" content=\"https:\/\/labs.100x100.net\/projects\/rutasal\/coratge-de-manuel-jane-vencedor-absoluto-de-la-version-norte-de-la-sal-2015\/\" \/>\n<meta property=\"og:site_name\" content=\"Regata La Ruta de la Sal\" \/>\n<meta property=\"article:publisher\" content=\"https:\/\/www.facebook.com\/rutadelasal\/\" \/>\n<meta property=\"article:published_time\" content=\"2015-04-03T16:59:43+00:00\" \/>\n<meta property=\"article:modified_time\" content=\"2019-03-08T09:11:21+00:00\" \/>\n<meta property=\"og:image\" content=\"https:\/\/labs.100x100.net\/projects\/rutasal\/custom\/uploads\/2015\/04\/16812233457_5cf88ec0ac_z.jpg\" \/>\n\t<meta property=\"og:image:width\" content=\"640\" \/>\n\t<meta property=\"og:image:height\" content=\"460\" \/>\n\t<meta property=\"og:image:type\" content=\"image\/jpeg\" \/>\n<meta name=\"author\" content=\"La Ruta de la Sal\" \/>\n<meta name=\"twitter:card\" content=\"summary_large_image\" \/>\n<meta name=\"twitter:creator\" content=\"@AnamMedi\" \/>\n<meta name=\"twitter:site\" content=\"@AnamMedi\" \/>\n<meta name=\"twitter:label1\" content=\"Escrito por\" \/>\n\t<meta name=\"twitter:data1\" content=\"La Ruta de la Sal\" \/>\n\t<meta name=\"twitter:label2\" content=\"Tiempo de lectura\" \/>\n\t<meta name=\"twitter:data2\" content=\"2 minutos\" \/>\n<script type=\"application\/ld+json\" class=\"yoast-schema-graph\">{\"@context\":\"https:\/\/schema.org\",\"@graph\":[{\"@type\":\"WebPage\",\"@id\":\"https:\/\/labs.100x100.net\/projects\/rutasal\/coratge-de-manuel-jane-vencedor-absoluto-de-la-version-norte-de-la-sal-2015\/\",\"url\":\"https:\/\/labs.100x100.net\/projects\/rutasal\/coratge-de-manuel-jane-vencedor-absoluto-de-la-version-norte-de-la-sal-2015\/\",\"name\":\"\\\"Coratge\\\" de Manuel Jane Vencedor Absoluto de la Versi\u00f3n Norte de La Sal 2015. | Regata La Ruta de la Sal\",\"isPartOf\":{\"@id\":\"https:\/\/labs.100x100.net\/projects\/rutasal\/#website\"},\"primaryImageOfPage\":{\"@id\":\"https:\/\/labs.100x100.net\/projects\/rutasal\/coratge-de-manuel-jane-vencedor-absoluto-de-la-version-norte-de-la-sal-2015\/#primaryimage\"},\"image\":{\"@id\":\"https:\/\/labs.100x100.net\/projects\/rutasal\/coratge-de-manuel-jane-vencedor-absoluto-de-la-version-norte-de-la-sal-2015\/#primaryimage\"},\"thumbnailUrl\":\"https:\/\/labs.100x100.net\/projects\/rutasal\/custom\/uploads\/2015\/04\/16812233457_5cf88ec0ac_z.jpg\",\"datePublished\":\"2015-04-03T16:59:43+00:00\",\"dateModified\":\"2019-03-08T09:11:21+00:00\",\"author\":{\"@id\":\"https:\/\/labs.100x100.net\/projects\/rutasal\/#\/schema\/person\/214eeb4a2e78fd8373a0a94f6d93c9ca\"},\"breadcrumb\":{\"@id\":\"https:\/\/labs.100x100.net\/projects\/rutasal\/coratge-de-manuel-jane-vencedor-absoluto-de-la-version-norte-de-la-sal-2015\/#breadcrumb\"},\"inLanguage\":\"es\",\"potentialAction\":[{\"@type\":\"ReadAction\",\"target\":[\"https:\/\/labs.100x100.net\/projects\/rutasal\/coratge-de-manuel-jane-vencedor-absoluto-de-la-version-norte-de-la-sal-2015\/\"]}]},{\"@type\":\"ImageObject\",\"inLanguage\":\"es\",\"@id\":\"https:\/\/labs.100x100.net\/projects\/rutasal\/coratge-de-manuel-jane-vencedor-absoluto-de-la-version-norte-de-la-sal-2015\/#primaryimage\",\"url\":\"https:\/\/labs.100x100.net\/projects\/rutasal\/custom\/uploads\/2015\/04\/16812233457_5cf88ec0ac_z.jpg\",\"contentUrl\":\"https:\/\/labs.100x100.net\/projects\/rutasal\/custom\/uploads\/2015\/04\/16812233457_5cf88ec0ac_z.jpg\",\"width\":640,\"height\":460},{\"@type\":\"BreadcrumbList\",\"@id\":\"https:\/\/labs.100x100.net\/projects\/rutasal\/coratge-de-manuel-jane-vencedor-absoluto-de-la-version-norte-de-la-sal-2015\/#breadcrumb\",\"itemListElement\":[{\"@type\":\"ListItem\",\"position\":1,\"name\":\"Portada\",\"item\":\"https:\/\/labs.100x100.net\/projects\/rutasal\/\"},{\"@type\":\"ListItem\",\"position\":2,\"name\":\"\u00abCoratge\u00bb de Manuel Jane Vencedor Absoluto de la Versi\u00f3n Norte de La Sal 2015.\"}]},{\"@type\":\"WebSite\",\"@id\":\"https:\/\/labs.100x100.net\/projects\/rutasal\/#website\",\"url\":\"https:\/\/labs.100x100.net\/projects\/rutasal\/\",\"name\":\"Regata La Ruta de la Sal\",\"description\":\"Regata La Ruta de la Sal es una regata de Altura Mediterr\u00e1nea para barcos de crucero a vela con destino en Ibiza, que se disputa anualmente en Semana Santa.\",\"potentialAction\":[{\"@type\":\"SearchAction\",\"target\":{\"@type\":\"EntryPoint\",\"urlTemplate\":\"https:\/\/labs.100x100.net\/projects\/rutasal\/?s={search_term_string}\"},\"query-input\":\"required name=search_term_string\"}],\"inLanguage\":\"es\"},{\"@type\":\"Person\",\"@id\":\"https:\/\/labs.100x100.net\/projects\/rutasal\/#\/schema\/person\/214eeb4a2e78fd8373a0a94f6d93c9ca\",\"name\":\"La Ruta de la Sal\",\"image\":{\"@type\":\"ImageObject\",\"inLanguage\":\"es\",\"@id\":\"https:\/\/labs.100x100.net\/projects\/rutasal\/#\/schema\/person\/image\/\",\"url\":\"https:\/\/secure.gravatar.com\/avatar\/b247286d4b801d6b1cfcfb3807587284?s=96&d=mm&r=g\",\"contentUrl\":\"https:\/\/secure.gravatar.com\/avatar\/b247286d4b801d6b1cfcfb3807587284?s=96&d=mm&r=g\",\"caption\":\"La Ruta de la Sal\"}}]}<\/script>\n<!-- \/ Yoast SEO plugin. -->","yoast_head_json":{"title":"\"Coratge\" de Manuel Jane Vencedor Absoluto de la Versi\u00f3n Norte de La Sal 2015. | Regata La Ruta de la Sal","robots":{"index":"noindex","follow":"follow","max-snippet":"max-snippet:-1","max-image-preview":"max-image-preview:large","max-video-preview":"max-video-preview:-1"},"og_locale":"es_ES","og_type":"article","og_title":"\"Coratge\" de Manuel Jane Vencedor Absoluto de la Versi\u00f3n Norte de La Sal 2015. | Regata La Ruta de la Sal","og_description":"Tras procesar la primera clasificaci\u00f3n general provisional; -Tras proclamarse ganador en Tiempo Real y en Tiempo Compensado el equipo de Manuel Jane revalida su victoria del 2014. \u00abSamadhi\u00bb y \u00abAtl\u00e1nt del Vent\u00bb \u00a0segundo y tercero en la clasificaci\u00f3n general Absoluta de la Versi\u00f3n Norte. Los resultados provisionales, procesados a las 18:00 h de hoy viernes [&hellip;]","og_url":"https:\/\/labs.100x100.net\/projects\/rutasal\/coratge-de-manuel-jane-vencedor-absoluto-de-la-version-norte-de-la-sal-2015\/","og_site_name":"Regata La Ruta de la Sal","article_publisher":"https:\/\/www.facebook.com\/rutadelasal\/","article_published_time":"2015-04-03T16:59:43+00:00","article_modified_time":"2019-03-08T09:11:21+00:00","og_image":[{"width":640,"height":460,"url":"https:\/\/labs.100x100.net\/projects\/rutasal\/custom\/uploads\/2015\/04\/16812233457_5cf88ec0ac_z.jpg","type":"image\/jpeg"}],"author":"La Ruta de la Sal","twitter_card":"summary_large_image","twitter_creator":"@AnamMedi","twitter_site":"@AnamMedi","twitter_misc":{"Escrito por":"La Ruta de la Sal","Tiempo de lectura":"2 minutos"},"schema":{"@context":"https:\/\/schema.org","@graph":[{"@type":"WebPage","@id":"https:\/\/labs.100x100.net\/projects\/rutasal\/coratge-de-manuel-jane-vencedor-absoluto-de-la-version-norte-de-la-sal-2015\/","url":"https:\/\/labs.100x100.net\/projects\/rutasal\/coratge-de-manuel-jane-vencedor-absoluto-de-la-version-norte-de-la-sal-2015\/","name":"\"Coratge\" de Manuel Jane Vencedor Absoluto de la Versi\u00f3n Norte de La Sal 2015. | Regata La Ruta de la Sal","isPartOf":{"@id":"https:\/\/labs.100x100.net\/projects\/rutasal\/#website"},"primaryImageOfPage":{"@id":"https:\/\/labs.100x100.net\/projects\/rutasal\/coratge-de-manuel-jane-vencedor-absoluto-de-la-version-norte-de-la-sal-2015\/#primaryimage"},"image":{"@id":"https:\/\/labs.100x100.net\/projects\/rutasal\/coratge-de-manuel-jane-vencedor-absoluto-de-la-version-norte-de-la-sal-2015\/#primaryimage"},"thumbnailUrl":"https:\/\/labs.100x100.net\/projects\/rutasal\/custom\/uploads\/2015\/04\/16812233457_5cf88ec0ac_z.jpg","datePublished":"2015-04-03T16:59:43+00:00","dateModified":"2019-03-08T09:11:21+00:00","author":{"@id":"https:\/\/labs.100x100.net\/projects\/rutasal\/#\/schema\/person\/214eeb4a2e78fd8373a0a94f6d93c9ca"},"breadcrumb":{"@id":"https:\/\/labs.100x100.net\/projects\/rutasal\/coratge-de-manuel-jane-vencedor-absoluto-de-la-version-norte-de-la-sal-2015\/#breadcrumb"},"inLanguage":"es","potentialAction":[{"@type":"ReadAction","target":["https:\/\/labs.100x100.net\/projects\/rutasal\/coratge-de-manuel-jane-vencedor-absoluto-de-la-version-norte-de-la-sal-2015\/"]}]},{"@type":"ImageObject","inLanguage":"es","@id":"https:\/\/labs.100x100.net\/projects\/rutasal\/coratge-de-manuel-jane-vencedor-absoluto-de-la-version-norte-de-la-sal-2015\/#primaryimage","url":"https:\/\/labs.100x100.net\/projects\/rutasal\/custom\/uploads\/2015\/04\/16812233457_5cf88ec0ac_z.jpg","contentUrl":"https:\/\/labs.100x100.net\/projects\/rutasal\/custom\/uploads\/2015\/04\/16812233457_5cf88ec0ac_z.jpg","width":640,"height":460},{"@type":"BreadcrumbList","@id":"https:\/\/labs.100x100.net\/projects\/rutasal\/coratge-de-manuel-jane-vencedor-absoluto-de-la-version-norte-de-la-sal-2015\/#breadcrumb","itemListElement":[{"@type":"ListItem","position":1,"name":"Portada","item":"https:\/\/labs.100x100.net\/projects\/rutasal\/"},{"@type":"ListItem","position":2,"name":"\u00abCoratge\u00bb de Manuel Jane Vencedor Absoluto de la Versi\u00f3n Norte de La Sal 2015."}]},{"@type":"WebSite","@id":"https:\/\/labs.100x100.net\/projects\/rutasal\/#website","url":"https:\/\/labs.100x100.net\/projects\/rutasal\/","name":"Regata La Ruta de la Sal","description":"Regata La Ruta de la Sal es una regata de Altura Mediterr\u00e1nea para barcos de crucero a vela con destino en Ibiza, que se disputa anualmente en Semana Santa.","potentialAction":[{"@type":"SearchAction","target":{"@type":"EntryPoint","urlTemplate":"https:\/\/labs.100x100.net\/projects\/rutasal\/?s={search_term_string}"},"query-input":"required name=search_term_string"}],"inLanguage":"es"},{"@type":"Person","@id":"https:\/\/labs.100x100.net\/projects\/rutasal\/#\/schema\/person\/214eeb4a2e78fd8373a0a94f6d93c9ca","name":"La Ruta de la Sal","image":{"@type":"ImageObject","inLanguage":"es","@id":"https:\/\/labs.100x100.net\/projects\/rutasal\/#\/schema\/person\/image\/","url":"https:\/\/secure.gravatar.com\/avatar\/b247286d4b801d6b1cfcfb3807587284?s=96&d=mm&r=g","contentUrl":"https:\/\/secure.gravatar.com\/avatar\/b247286d4b801d6b1cfcfb3807587284?s=96&d=mm&r=g","caption":"La Ruta de la Sal"}}]}},"_links":{"self":[{"href":"https:\/\/labs.100x100.net\/projects\/rutasal\/wp-json\/wp\/v2\/posts\/2005"}],"collection":[{"href":"https:\/\/labs.100x100.net\/projects\/rutasal\/wp-json\/wp\/v2\/posts"}],"about":[{"href":"https:\/\/labs.100x100.net\/projects\/rutasal\/wp-json\/wp\/v2\/types\/post"}],"author":[{"embeddable":true,"href":"https:\/\/labs.100x100.net\/projects\/rutasal\/wp-json\/wp\/v2\/users\/1"}],"replies":[{"embeddable":true,"href":"https:\/\/labs.100x100.net\/projects\/rutasal\/wp-json\/wp\/v2\/comments?post=2005"}],"version-history":[{"count":1,"href":"https:\/\/labs.100x100.net\/projects\/rutasal\/wp-json\/wp\/v2\/posts\/2005\/revisions"}],"predecessor-version":[{"id":3429,"href":"https:\/\/labs.100x100.net\/projects\/rutasal\/wp-json\/wp\/v2\/posts\/2005\/revisions\/3429"}],"wp:featuredmedia":[{"embeddable":true,"href":"https:\/\/labs.100x100.net\/projects\/rutasal\/wp-json\/wp\/v2\/media\/3676"}],"wp:attachment":[{"href":"https:\/\/labs.100x100.net\/projects\/rutasal\/wp-json\/wp\/v2\/media?parent=2005"}],"wp:term":[{"taxonomy":"category","embeddable":true,"href":"https:\/\/labs.100x100.net\/projects\/rutasal\/wp-json\/wp\/v2\/categories?post=2005"},{"taxonomy":"post_tag","embeddable":true,"href":"https:\/\/labs.100x100.net\/projects\/rutasal\/wp-json\/wp\/v2\/tags?post=2005"}],"curies":[{"name":"wp","href":"https:\/\/api.w.org\/{rel}","templated":true}]}}