{"id":2000,"date":"2015-04-03T13:32:07","date_gmt":"2015-04-03T13:32:07","guid":{"rendered":"https:\/\/larutadelasal.com\/?p=2000"},"modified":"2019-03-08T11:12:02","modified_gmt":"2019-03-08T09:12:02","slug":"el-zas-sailing-ganador-en-tiempo-real-de-la-version-este-de-la-sal-2015","status":"publish","type":"post","link":"https:\/\/labs.100x100.net\/projects\/rutasal\/el-zas-sailing-ganador-en-tiempo-real-de-la-version-este-de-la-sal-2015\/","title":{"rendered":"El \u00abZas Sailing\u00bb ganador en Tiempo Real de la Versi\u00f3n Este de La Sal 2015"},"content":{"rendered":"<div id=\"_mcePaste\" style=\"text-align: justify;\"><\/div>\n<h1 style=\"text-align: justify;\">-\u00abC\u00f3ndor de Javea\u00bb y \u00abArcher\u00bb segundo y terceros, respectivamente, en tiempo real en la Versi\u00f3n Este de la regata.<\/h1>\n<p style=\"text-align: justify;\">Hoy a las 12:46:47 h, \u00a0 ha cruzado la linea de llegada en Cab Negret en Sant Antoni de Portmany el Grand Soleil 37 \u00abZas Sailing\u00bb de Jos\u00e9 Luis Franc\u00e9s del Real Club N\u00e1utico de Valencia \u00a0proclam\u00e1ndose, con un registro de 22h, 46m y 47s, vencedor en Tiempo Real de la Versi\u00f3n Este de La Ruta de La Sal-Trofeo Pepe Ferrer 2015.<\/p>\n<p style=\"text-align: justify;\"><a title=\"XXVIII LA RUTA DE LA SAL 2015 (TROFEO PEPE FERR\u00c9S)\" href=\"#\"><img loading=\"lazy\" decoding=\"async\" title=\"XXVIII LA RUTA DE LA SAL 2015 (TROFEO PEPE FERR\u00c9S)\" src=\"http:\/\/farm9.staticflickr.com\/8715\/17018164742_a604efd188_c.jpg\" alt=\"XXVIII LA RUTA DE LA SAL 2015 (TROFEO PEPE FERR\u00c9S)\" width=\"800\" height=\"575\" \/><\/a><\/p>\n<p style=\"text-align: justify;\">A las 12:48:52 h, a tan s\u00f3lo 2 m. y 5 s. del primero entro en segunda plaza de la Versi\u00f3n Este de La Sal 2015 el First 50 \u201cC\u00f3ndor de Javea\u201d \u00a0de Diego Fern\u00e1ndez y Martos Soriano, del \u00a0CN de Javea ganadores en Tiempo Real en la Versi\u00f3n Este de la pasada edici\u00f3n de la regata- 2014-, recorrido en el que invirtieron un tiempo de 31h, 30m, 17s. Registro que indica claramente que, a pesar de que la falta de viento en las \u00faltimas millas de la competici\u00f3n de este a\u00f1o ha sido notable, el \u00abZas Sailing\u00bb ha demostrado, con un tiempo claramente m\u00e1s veloz que el apuntado el a\u00f1o pasado, unos performances excelentes en unas condiciones muy t\u00e1cticas.<\/p>\n<p style=\"text-align: justify;\">La tercera plaza en tiempo real, cerrando el podium, en la Versi\u00f3n \u00a0Este de La Sal 2015 ha sido para el Hanse 400 \u00abArcher Dos\u00bb de Javier Navarro del Real Club N\u00e1utico de Valencia que cruz\u00f3 la llegada a las 13:01:46h.<\/p>\n<p style=\"text-align: justify;\">El \u00abZas Sailing\u00bb es un velero de 11,70 metros con una superficie b\u00e9lica media de 74,97 m2 dise\u00f1ado por Botin&amp;Carkeek como una \u00a0unidad de altos performances para un programa mixto de tipo crucero\/regata. Construido por Contiene del Pardo en Italia como Grand Sol\u00e9il 37 es un barco r\u00e1pido y muy adecuado para la competici\u00f3n t\u00e1ctica costera.<\/p>\n<p style=\"text-align: justify;\">La Versi\u00f3n Este de La Sal 2015 se ha navegado con vientos de proa de buena intensidad, 8\/15 nudos, \u00a0hasta las \u00faltimas horas de ayer, jueves 2 de abril, a partir de la madrugada de hoy la flota ha sufrido los efectos de una importante encalmada, \u00a0que esta dificultando extremadamente las llegadas a Santa Antoni de Portmany.<\/p>\n","protected":false},"excerpt":{"rendered":"<p>Hoy a las 12:46:47 h,   ha cruzado la linea de llegada en Cab Negret en Sant Antoni de Portmany el Grand Soleil 37 \u00abZas Sailing\u00bb de Jos\u00e9 Luis Franc\u00e9s del Real Club N\u00e1utico de Valencia  proclam\u00e1ndose, con un registro de 22h, 46m y 47s, vencedor en Tiempo Real de la Versi\u00f3n Este de La Ruta de La Sal-Trofeo Pepe Ferrer 2015.<\/p>\n","protected":false},"author":1,"featured_media":3677,"comment_status":"open","ping_status":"open","sticky":false,"template":"","format":"standard","meta":{"_acf_changed":false,"footnotes":""},"categories":[3],"tags":[],"acf":[],"yoast_head":"<!-- This site is optimized with the Yoast SEO plugin v23.0 - https:\/\/yoast.com\/wordpress\/plugins\/seo\/ -->\n<title>El &quot;Zas Sailing&quot; ganador en Tiempo Real de la Versi\u00f3n Este de La Sal 2015 | Regata La Ruta de la Sal<\/title>\n<meta name=\"robots\" content=\"noindex, follow, max-snippet:-1, max-image-preview:large, max-video-preview:-1\" \/>\n<meta property=\"og:locale\" content=\"es_ES\" \/>\n<meta property=\"og:type\" content=\"article\" \/>\n<meta property=\"og:title\" content=\"El &quot;Zas Sailing&quot; ganador en Tiempo Real de la Versi\u00f3n Este de La Sal 2015 | Regata La Ruta de la Sal\" \/>\n<meta property=\"og:description\" content=\"Hoy a las 12:46:47 h,  ha cruzado la linea de llegada en Cab Negret en Sant Antoni de Portmany el Grand Soleil 37 &quot;Zas Sailing&quot; de Jos\u00e9 Luis Franc\u00e9s del Real Club N\u00e1utico de Valencia proclam\u00e1ndose, con un registro de 22h, 46m y 47s, vencedor en Tiempo Real de la Versi\u00f3n Este de La Ruta de La Sal-Trofeo Pepe Ferrer 2015.\" \/>\n<meta property=\"og:url\" content=\"https:\/\/labs.100x100.net\/projects\/rutasal\/el-zas-sailing-ganador-en-tiempo-real-de-la-version-este-de-la-sal-2015\/\" \/>\n<meta property=\"og:site_name\" content=\"Regata La Ruta de la Sal\" \/>\n<meta property=\"article:publisher\" content=\"https:\/\/www.facebook.com\/rutadelasal\/\" \/>\n<meta property=\"article:published_time\" content=\"2015-04-03T13:32:07+00:00\" \/>\n<meta property=\"article:modified_time\" content=\"2019-03-08T09:12:02+00:00\" \/>\n<meta property=\"og:image\" content=\"https:\/\/labs.100x100.net\/projects\/rutasal\/custom\/uploads\/2015\/04\/17018164742_a604efd188_c.jpg\" \/>\n\t<meta property=\"og:image:width\" content=\"800\" \/>\n\t<meta property=\"og:image:height\" content=\"575\" \/>\n\t<meta property=\"og:image:type\" content=\"image\/jpeg\" \/>\n<meta name=\"author\" content=\"La Ruta de la Sal\" \/>\n<meta name=\"twitter:card\" content=\"summary_large_image\" \/>\n<meta name=\"twitter:creator\" content=\"@AnamMedi\" \/>\n<meta name=\"twitter:site\" content=\"@AnamMedi\" \/>\n<meta name=\"twitter:label1\" content=\"Escrito por\" \/>\n\t<meta name=\"twitter:data1\" content=\"La Ruta de la Sal\" \/>\n\t<meta name=\"twitter:label2\" content=\"Tiempo de lectura\" \/>\n\t<meta name=\"twitter:data2\" content=\"2 minutos\" \/>\n<script type=\"application\/ld+json\" class=\"yoast-schema-graph\">{\"@context\":\"https:\/\/schema.org\",\"@graph\":[{\"@type\":\"WebPage\",\"@id\":\"https:\/\/labs.100x100.net\/projects\/rutasal\/el-zas-sailing-ganador-en-tiempo-real-de-la-version-este-de-la-sal-2015\/\",\"url\":\"https:\/\/labs.100x100.net\/projects\/rutasal\/el-zas-sailing-ganador-en-tiempo-real-de-la-version-este-de-la-sal-2015\/\",\"name\":\"El \\\"Zas Sailing\\\" ganador en Tiempo Real de la Versi\u00f3n Este de La Sal 2015 | Regata La Ruta de la Sal\",\"isPartOf\":{\"@id\":\"https:\/\/labs.100x100.net\/projects\/rutasal\/#website\"},\"primaryImageOfPage\":{\"@id\":\"https:\/\/labs.100x100.net\/projects\/rutasal\/el-zas-sailing-ganador-en-tiempo-real-de-la-version-este-de-la-sal-2015\/#primaryimage\"},\"image\":{\"@id\":\"https:\/\/labs.100x100.net\/projects\/rutasal\/el-zas-sailing-ganador-en-tiempo-real-de-la-version-este-de-la-sal-2015\/#primaryimage\"},\"thumbnailUrl\":\"https:\/\/labs.100x100.net\/projects\/rutasal\/custom\/uploads\/2015\/04\/17018164742_a604efd188_c.jpg\",\"datePublished\":\"2015-04-03T13:32:07+00:00\",\"dateModified\":\"2019-03-08T09:12:02+00:00\",\"author\":{\"@id\":\"https:\/\/labs.100x100.net\/projects\/rutasal\/#\/schema\/person\/214eeb4a2e78fd8373a0a94f6d93c9ca\"},\"breadcrumb\":{\"@id\":\"https:\/\/labs.100x100.net\/projects\/rutasal\/el-zas-sailing-ganador-en-tiempo-real-de-la-version-este-de-la-sal-2015\/#breadcrumb\"},\"inLanguage\":\"es\",\"potentialAction\":[{\"@type\":\"ReadAction\",\"target\":[\"https:\/\/labs.100x100.net\/projects\/rutasal\/el-zas-sailing-ganador-en-tiempo-real-de-la-version-este-de-la-sal-2015\/\"]}]},{\"@type\":\"ImageObject\",\"inLanguage\":\"es\",\"@id\":\"https:\/\/labs.100x100.net\/projects\/rutasal\/el-zas-sailing-ganador-en-tiempo-real-de-la-version-este-de-la-sal-2015\/#primaryimage\",\"url\":\"https:\/\/labs.100x100.net\/projects\/rutasal\/custom\/uploads\/2015\/04\/17018164742_a604efd188_c.jpg\",\"contentUrl\":\"https:\/\/labs.100x100.net\/projects\/rutasal\/custom\/uploads\/2015\/04\/17018164742_a604efd188_c.jpg\",\"width\":800,\"height\":575},{\"@type\":\"BreadcrumbList\",\"@id\":\"https:\/\/labs.100x100.net\/projects\/rutasal\/el-zas-sailing-ganador-en-tiempo-real-de-la-version-este-de-la-sal-2015\/#breadcrumb\",\"itemListElement\":[{\"@type\":\"ListItem\",\"position\":1,\"name\":\"Portada\",\"item\":\"https:\/\/labs.100x100.net\/projects\/rutasal\/\"},{\"@type\":\"ListItem\",\"position\":2,\"name\":\"El \u00abZas Sailing\u00bb ganador en Tiempo Real de la Versi\u00f3n Este de La Sal 2015\"}]},{\"@type\":\"WebSite\",\"@id\":\"https:\/\/labs.100x100.net\/projects\/rutasal\/#website\",\"url\":\"https:\/\/labs.100x100.net\/projects\/rutasal\/\",\"name\":\"Regata La Ruta de la Sal\",\"description\":\"Regata La Ruta de la Sal es una regata de Altura Mediterr\u00e1nea para barcos de crucero a vela con destino en Ibiza, que se disputa anualmente en Semana Santa.\",\"potentialAction\":[{\"@type\":\"SearchAction\",\"target\":{\"@type\":\"EntryPoint\",\"urlTemplate\":\"https:\/\/labs.100x100.net\/projects\/rutasal\/?s={search_term_string}\"},\"query-input\":\"required name=search_term_string\"}],\"inLanguage\":\"es\"},{\"@type\":\"Person\",\"@id\":\"https:\/\/labs.100x100.net\/projects\/rutasal\/#\/schema\/person\/214eeb4a2e78fd8373a0a94f6d93c9ca\",\"name\":\"La Ruta de la Sal\",\"image\":{\"@type\":\"ImageObject\",\"inLanguage\":\"es\",\"@id\":\"https:\/\/labs.100x100.net\/projects\/rutasal\/#\/schema\/person\/image\/\",\"url\":\"https:\/\/secure.gravatar.com\/avatar\/b247286d4b801d6b1cfcfb3807587284?s=96&d=mm&r=g\",\"contentUrl\":\"https:\/\/secure.gravatar.com\/avatar\/b247286d4b801d6b1cfcfb3807587284?s=96&d=mm&r=g\",\"caption\":\"La Ruta de la Sal\"}}]}<\/script>\n<!-- \/ Yoast SEO plugin. -->","yoast_head_json":{"title":"El \"Zas Sailing\" ganador en Tiempo Real de la Versi\u00f3n Este de La Sal 2015 | Regata La Ruta de la Sal","robots":{"index":"noindex","follow":"follow","max-snippet":"max-snippet:-1","max-image-preview":"max-image-preview:large","max-video-preview":"max-video-preview:-1"},"og_locale":"es_ES","og_type":"article","og_title":"El \"Zas Sailing\" ganador en Tiempo Real de la Versi\u00f3n Este de La Sal 2015 | Regata La Ruta de la Sal","og_description":"Hoy a las 12:46:47 h,  ha cruzado la linea de llegada en Cab Negret en Sant Antoni de Portmany el Grand Soleil 37 \"Zas Sailing\" de Jos\u00e9 Luis Franc\u00e9s del Real Club N\u00e1utico de Valencia proclam\u00e1ndose, con un registro de 22h, 46m y 47s, vencedor en Tiempo Real de la Versi\u00f3n Este de La Ruta de La Sal-Trofeo Pepe Ferrer 2015.","og_url":"https:\/\/labs.100x100.net\/projects\/rutasal\/el-zas-sailing-ganador-en-tiempo-real-de-la-version-este-de-la-sal-2015\/","og_site_name":"Regata La Ruta de la Sal","article_publisher":"https:\/\/www.facebook.com\/rutadelasal\/","article_published_time":"2015-04-03T13:32:07+00:00","article_modified_time":"2019-03-08T09:12:02+00:00","og_image":[{"width":800,"height":575,"url":"https:\/\/labs.100x100.net\/projects\/rutasal\/custom\/uploads\/2015\/04\/17018164742_a604efd188_c.jpg","type":"image\/jpeg"}],"author":"La Ruta de la Sal","twitter_card":"summary_large_image","twitter_creator":"@AnamMedi","twitter_site":"@AnamMedi","twitter_misc":{"Escrito por":"La Ruta de la Sal","Tiempo de lectura":"2 minutos"},"schema":{"@context":"https:\/\/schema.org","@graph":[{"@type":"WebPage","@id":"https:\/\/labs.100x100.net\/projects\/rutasal\/el-zas-sailing-ganador-en-tiempo-real-de-la-version-este-de-la-sal-2015\/","url":"https:\/\/labs.100x100.net\/projects\/rutasal\/el-zas-sailing-ganador-en-tiempo-real-de-la-version-este-de-la-sal-2015\/","name":"El \"Zas Sailing\" ganador en Tiempo Real de la Versi\u00f3n Este de La Sal 2015 | Regata La Ruta de la Sal","isPartOf":{"@id":"https:\/\/labs.100x100.net\/projects\/rutasal\/#website"},"primaryImageOfPage":{"@id":"https:\/\/labs.100x100.net\/projects\/rutasal\/el-zas-sailing-ganador-en-tiempo-real-de-la-version-este-de-la-sal-2015\/#primaryimage"},"image":{"@id":"https:\/\/labs.100x100.net\/projects\/rutasal\/el-zas-sailing-ganador-en-tiempo-real-de-la-version-este-de-la-sal-2015\/#primaryimage"},"thumbnailUrl":"https:\/\/labs.100x100.net\/projects\/rutasal\/custom\/uploads\/2015\/04\/17018164742_a604efd188_c.jpg","datePublished":"2015-04-03T13:32:07+00:00","dateModified":"2019-03-08T09:12:02+00:00","author":{"@id":"https:\/\/labs.100x100.net\/projects\/rutasal\/#\/schema\/person\/214eeb4a2e78fd8373a0a94f6d93c9ca"},"breadcrumb":{"@id":"https:\/\/labs.100x100.net\/projects\/rutasal\/el-zas-sailing-ganador-en-tiempo-real-de-la-version-este-de-la-sal-2015\/#breadcrumb"},"inLanguage":"es","potentialAction":[{"@type":"ReadAction","target":["https:\/\/labs.100x100.net\/projects\/rutasal\/el-zas-sailing-ganador-en-tiempo-real-de-la-version-este-de-la-sal-2015\/"]}]},{"@type":"ImageObject","inLanguage":"es","@id":"https:\/\/labs.100x100.net\/projects\/rutasal\/el-zas-sailing-ganador-en-tiempo-real-de-la-version-este-de-la-sal-2015\/#primaryimage","url":"https:\/\/labs.100x100.net\/projects\/rutasal\/custom\/uploads\/2015\/04\/17018164742_a604efd188_c.jpg","contentUrl":"https:\/\/labs.100x100.net\/projects\/rutasal\/custom\/uploads\/2015\/04\/17018164742_a604efd188_c.jpg","width":800,"height":575},{"@type":"BreadcrumbList","@id":"https:\/\/labs.100x100.net\/projects\/rutasal\/el-zas-sailing-ganador-en-tiempo-real-de-la-version-este-de-la-sal-2015\/#breadcrumb","itemListElement":[{"@type":"ListItem","position":1,"name":"Portada","item":"https:\/\/labs.100x100.net\/projects\/rutasal\/"},{"@type":"ListItem","position":2,"name":"El \u00abZas Sailing\u00bb ganador en Tiempo Real de la Versi\u00f3n Este de La Sal 2015"}]},{"@type":"WebSite","@id":"https:\/\/labs.100x100.net\/projects\/rutasal\/#website","url":"https:\/\/labs.100x100.net\/projects\/rutasal\/","name":"Regata La Ruta de la Sal","description":"Regata La Ruta de la Sal es una regata de Altura Mediterr\u00e1nea para barcos de crucero a vela con destino en Ibiza, que se disputa anualmente en Semana Santa.","potentialAction":[{"@type":"SearchAction","target":{"@type":"EntryPoint","urlTemplate":"https:\/\/labs.100x100.net\/projects\/rutasal\/?s={search_term_string}"},"query-input":"required name=search_term_string"}],"inLanguage":"es"},{"@type":"Person","@id":"https:\/\/labs.100x100.net\/projects\/rutasal\/#\/schema\/person\/214eeb4a2e78fd8373a0a94f6d93c9ca","name":"La Ruta de la Sal","image":{"@type":"ImageObject","inLanguage":"es","@id":"https:\/\/labs.100x100.net\/projects\/rutasal\/#\/schema\/person\/image\/","url":"https:\/\/secure.gravatar.com\/avatar\/b247286d4b801d6b1cfcfb3807587284?s=96&d=mm&r=g","contentUrl":"https:\/\/secure.gravatar.com\/avatar\/b247286d4b801d6b1cfcfb3807587284?s=96&d=mm&r=g","caption":"La Ruta de la Sal"}}]}},"_links":{"self":[{"href":"https:\/\/labs.100x100.net\/projects\/rutasal\/wp-json\/wp\/v2\/posts\/2000"}],"collection":[{"href":"https:\/\/labs.100x100.net\/projects\/rutasal\/wp-json\/wp\/v2\/posts"}],"about":[{"href":"https:\/\/labs.100x100.net\/projects\/rutasal\/wp-json\/wp\/v2\/types\/post"}],"author":[{"embeddable":true,"href":"https:\/\/labs.100x100.net\/projects\/rutasal\/wp-json\/wp\/v2\/users\/1"}],"replies":[{"embeddable":true,"href":"https:\/\/labs.100x100.net\/projects\/rutasal\/wp-json\/wp\/v2\/comments?post=2000"}],"version-history":[{"count":1,"href":"https:\/\/labs.100x100.net\/projects\/rutasal\/wp-json\/wp\/v2\/posts\/2000\/revisions"}],"predecessor-version":[{"id":3458,"href":"https:\/\/labs.100x100.net\/projects\/rutasal\/wp-json\/wp\/v2\/posts\/2000\/revisions\/3458"}],"wp:featuredmedia":[{"embeddable":true,"href":"https:\/\/labs.100x100.net\/projects\/rutasal\/wp-json\/wp\/v2\/media\/3677"}],"wp:attachment":[{"href":"https:\/\/labs.100x100.net\/projects\/rutasal\/wp-json\/wp\/v2\/media?parent=2000"}],"wp:term":[{"taxonomy":"category","embeddable":true,"href":"https:\/\/labs.100x100.net\/projects\/rutasal\/wp-json\/wp\/v2\/categories?post=2000"},{"taxonomy":"post_tag","embeddable":true,"href":"https:\/\/labs.100x100.net\/projects\/rutasal\/wp-json\/wp\/v2\/tags?post=2000"}],"curies":[{"name":"wp","href":"https:\/\/api.w.org\/{rel}","templated":true}]}}