{"id":1993,"date":"2015-04-03T10:59:18","date_gmt":"2015-04-03T08:59:18","guid":{"rendered":"https:\/\/larutadelasal.com\/?p=1993"},"modified":"2019-03-08T11:12:47","modified_gmt":"2019-03-08T09:12:47","slug":"coratge-swan-45-de-manuel-jane-vencedor-en-tiempo-real-de-la-version-norte-de-la-sal-2015-2","status":"publish","type":"post","link":"https:\/\/labs.100x100.net\/projects\/rutasal\/coratge-swan-45-de-manuel-jane-vencedor-en-tiempo-real-de-la-version-norte-de-la-sal-2015-2\/","title":{"rendered":"\u00abCoratge\u00bb SWAN 45 de Manuel Jane vencedor en Tiempo Real de la Versi\u00f3n Norte de La Sal 2015"},"content":{"rendered":"<h1 style=\"text-align: justify;\">-El equipo de Manuel Jane revalida su victoria del 2014.<\/h1>\n<h1 style=\"text-align: justify;\">-\u00abCaro \u00bb y \u00abClem\u00bb segundo y tercero en la clasificaci\u00f3n en Tiempo Real de la Versi\u00f3n Norte.<\/h1>\n<h1 style=\"text-align: justify;\">-A la hora de editar esta informaci\u00f3n la flota de la Versi\u00f3n Este esta encalmada \u00a0a pocas millas de Sant Antoni.<\/h1>\n<p style=\"text-align: justify;\">Hoy, viernes 3 de abril, a las 10:25:06 h. ha cruzado la l\u00ednea de llegada en Cab Negret en Sant Antoni de Portmany \u00a0el Swam 45 \u201cCoratge\u201d de Manuel Jane \u00a0proclamandose , con un tiempo de 24h,25m,06s , vencedor \u00a0en tiempo real de la Versi\u00f3n norte de La Sal 2015, tras una singladura en la que, seg\u00fan explic\u00f3 Jane, han navegado en todo momento con vientos de proa que llegaron a alcanzar los 14\/15 nudos y que nunca bajaron de los 3\/4 nudos y, en general una t\u00e1ctica orientada a optar por ce\u00f1idas muy cerradas con el objetivo ir hacia rumbos lo m\u00e1s directos posibles. Tras la salida, explic\u00f3, \u00bb hicimos un bordo de pr\u00e1cticamente 100 millas ci\u00f1\u00e9ndo lo m\u00e1ximo posible, incluso sabiendo que sacrificabamos velocidad pero gan\u00e1bamos mucho barlovento , reduciendo distancia real a la llegada\u00bb.<\/p>\n<p style=\"text-align: justify;\"><a title=\"XXVIII LA RUTA DE LA SAL 2015 (TROFEO PEPE FERR\u00c9S)\" href=\"#\"><img loading=\"lazy\" decoding=\"async\" title=\"XXVIII LA RUTA DE LA SAL 2015 (TROFEO PEPE FERR\u00c9S)\" src=\"http:\/\/farm8.staticflickr.com\/7618\/17007667641_94b6c63f1e_c.jpg\" alt=\"XXVIII LA RUTA DE LA SAL 2015 (TROFEO PEPE FERR\u00c9S)\" width=\"800\" height=\"575\" \/><\/a><\/p>\n<p style=\"text-align: justify;\">Como an\u00e9cdota, \u00a0el armador del Coratge indic\u00f3 que durante la madrugada mantumantuvieron una lucha muy cerrada, bordo a bordo, rante con el J&amp;V 50 alem\u00e1n \u00abCaro\u00bb de Maximilian Klink un barco muy competitivo, con un magn\u00edfico palmares deportivo en La Sal &#8211; ganador absoluto Ruta de La Sal 2007, ganador en TE en el 2011.-<br \/>\nque finalmente quedo atrapado en una zona de calmas, cruzando la l\u00ednea de llegada a las 11:21:03 h. en segunda posici\u00f3n en tiempo real de la Versi\u00f3n Norte de La Sal.<\/p>\n<p style=\"text-align: justify;\">A las 12:09:36 h, \u00a0cruz\u00f3 en tercera posici\u00f3n en tiempo real de la salida desde Barcelona el Swam \u00a056 \u00abClem\u00bb de Amanda Hatley, \u00a0ganador en TR de la edicion del 2013 y \u00a0equipo \u00a0vencedor absoluto en la Versi\u00f3n Norte de La Sal del 2009 y 2010 a\u00f1o en que adem\u00e1s fue el m\u00e1s r\u00e1pido en tiempo real.<\/p>\n<p style=\"text-align: justify;\"><a title=\"XXVIII LA RUTA DE LA SAL 2015 (TROFEO PEPE FERR\u00c9S)\" href=\"#\"><img loading=\"lazy\" decoding=\"async\" title=\"XXVIII LA RUTA DE LA SAL 2015 (TROFEO PEPE FERR\u00c9S)\" src=\"http:\/\/farm8.staticflickr.com\/7633\/16388398183_4036f60606_c.jpg\" alt=\"XXVIII LA RUTA DE LA SAL 2015 (TROFEO PEPE FERR\u00c9S)\" width=\"800\" height=\"575\" \/><\/a><\/p>\n<p style=\"text-align: justify;\">Destacar que el \u00abCoratge\u00bb \u00a0en la edicion del 2014 ya fue vencedor en Tiempo Real de la Versi\u00f3n Norte de La Sal, con un registro de 26h, 39m. Un tiempo que le permiti\u00f3 tambi\u00e9n proclamarse en vencedor en tiempo compensado de la regata, convirti\u00e9ndose en el ganador absoluto de la cita del 2014. Un equipo muy competitivo y un armador, Manuel Jane que, parad\u00f3jicamente, \u00a0fue vencedor absoluto de la primera y segunda edici\u00f3n de La Ruta de La Sal, disputadas en 1989 y 1990, respectivamente.<\/p>\n<p style=\"text-align: justify;\">El \u201cCoratge\u201d es monotipo Swam 45 construido por los astilleros Nautors, como unidad integrada en la Clase Internacional creada en el 2002, con el objetivo de producir unas unidades aptas para la alta competici\u00f3n profesional sin perder las prestaciones de seguridad, calidad y conford de uso y de navegaci\u00f3n que acreditan a este astillero como un l\u00edder mundial en este segmento. Dise\u00f1ado por el argentino German Frers, se trata de un velero de 13,83 metros de eslora, con un desplazamiento de 9,81 toneladas y una superficie velica maxima en ce\u00f1ida de 131,10 metros cuadrados. Un barco muy polivalente de grandes prestaciones ideal para la navegaci\u00f3n de altura media. Un barco, sin duda alguna, muy adecuado para una regata como La Sal.<\/p>\n","protected":false},"excerpt":{"rendered":"<p>-El equipo de Manuel Jane revalida su victoria del 2014. -\u00abCaro \u00bb y \u00abClem\u00bb segundo y tercero en la clasificaci\u00f3n en Tiempo Real de la Versi\u00f3n Norte. -A la hora de editar esta informaci\u00f3n la flota de la Versi\u00f3n Este esta encalmada \u00a0a pocas millas de Sant Antoni. Hoy, viernes 3 de abril, a las [&hellip;]<\/p>\n","protected":false},"author":1,"featured_media":3678,"comment_status":"open","ping_status":"open","sticky":false,"template":"","format":"standard","meta":{"_acf_changed":false,"footnotes":""},"categories":[3],"tags":[],"acf":[],"yoast_head":"<!-- This site is optimized with the Yoast SEO plugin v23.0 - https:\/\/yoast.com\/wordpress\/plugins\/seo\/ -->\n<title>&quot;Coratge&quot; SWAN 45 de Manuel Jane vencedor en Tiempo Real de la Versi\u00f3n Norte de La Sal 2015 | Regata La Ruta de la Sal<\/title>\n<meta name=\"robots\" content=\"noindex, follow, max-snippet:-1, max-image-preview:large, max-video-preview:-1\" \/>\n<meta property=\"og:locale\" content=\"es_ES\" \/>\n<meta property=\"og:type\" content=\"article\" \/>\n<meta property=\"og:title\" content=\"&quot;Coratge&quot; SWAN 45 de Manuel Jane vencedor en Tiempo Real de la Versi\u00f3n Norte de La Sal 2015 | Regata La Ruta de la Sal\" \/>\n<meta property=\"og:description\" content=\"-El equipo de Manuel Jane revalida su victoria del 2014. -\u00abCaro \u00bb y \u00abClem\u00bb segundo y tercero en la clasificaci\u00f3n en Tiempo Real de la Versi\u00f3n Norte. -A la hora de editar esta informaci\u00f3n la flota de la Versi\u00f3n Este esta encalmada \u00a0a pocas millas de Sant Antoni. Hoy, viernes 3 de abril, a las [&hellip;]\" \/>\n<meta property=\"og:url\" content=\"https:\/\/labs.100x100.net\/projects\/rutasal\/coratge-swan-45-de-manuel-jane-vencedor-en-tiempo-real-de-la-version-norte-de-la-sal-2015-2\/\" \/>\n<meta property=\"og:site_name\" content=\"Regata La Ruta de la Sal\" \/>\n<meta property=\"article:publisher\" content=\"https:\/\/www.facebook.com\/rutadelasal\/\" \/>\n<meta property=\"article:published_time\" content=\"2015-04-03T08:59:18+00:00\" \/>\n<meta property=\"article:modified_time\" content=\"2019-03-08T09:12:47+00:00\" \/>\n<meta property=\"og:image\" content=\"https:\/\/labs.100x100.net\/projects\/rutasal\/custom\/uploads\/2015\/04\/16388398183_4036f60606_c.jpg\" \/>\n\t<meta property=\"og:image:width\" content=\"800\" \/>\n\t<meta property=\"og:image:height\" content=\"575\" \/>\n\t<meta property=\"og:image:type\" content=\"image\/jpeg\" \/>\n<meta name=\"author\" content=\"La Ruta de la Sal\" \/>\n<meta name=\"twitter:card\" content=\"summary_large_image\" \/>\n<meta name=\"twitter:creator\" content=\"@AnamMedi\" \/>\n<meta name=\"twitter:site\" content=\"@AnamMedi\" \/>\n<meta name=\"twitter:label1\" content=\"Escrito por\" \/>\n\t<meta name=\"twitter:data1\" content=\"La Ruta de la Sal\" \/>\n\t<meta name=\"twitter:label2\" content=\"Tiempo de lectura\" \/>\n\t<meta name=\"twitter:data2\" content=\"3 minutos\" \/>\n<script type=\"application\/ld+json\" class=\"yoast-schema-graph\">{\"@context\":\"https:\/\/schema.org\",\"@graph\":[{\"@type\":\"WebPage\",\"@id\":\"https:\/\/labs.100x100.net\/projects\/rutasal\/coratge-swan-45-de-manuel-jane-vencedor-en-tiempo-real-de-la-version-norte-de-la-sal-2015-2\/\",\"url\":\"https:\/\/labs.100x100.net\/projects\/rutasal\/coratge-swan-45-de-manuel-jane-vencedor-en-tiempo-real-de-la-version-norte-de-la-sal-2015-2\/\",\"name\":\"\\\"Coratge\\\" SWAN 45 de Manuel Jane vencedor en Tiempo Real de la Versi\u00f3n Norte de La Sal 2015 | Regata La Ruta de la Sal\",\"isPartOf\":{\"@id\":\"https:\/\/labs.100x100.net\/projects\/rutasal\/#website\"},\"primaryImageOfPage\":{\"@id\":\"https:\/\/labs.100x100.net\/projects\/rutasal\/coratge-swan-45-de-manuel-jane-vencedor-en-tiempo-real-de-la-version-norte-de-la-sal-2015-2\/#primaryimage\"},\"image\":{\"@id\":\"https:\/\/labs.100x100.net\/projects\/rutasal\/coratge-swan-45-de-manuel-jane-vencedor-en-tiempo-real-de-la-version-norte-de-la-sal-2015-2\/#primaryimage\"},\"thumbnailUrl\":\"https:\/\/labs.100x100.net\/projects\/rutasal\/custom\/uploads\/2015\/04\/16388398183_4036f60606_c.jpg\",\"datePublished\":\"2015-04-03T08:59:18+00:00\",\"dateModified\":\"2019-03-08T09:12:47+00:00\",\"author\":{\"@id\":\"https:\/\/labs.100x100.net\/projects\/rutasal\/#\/schema\/person\/214eeb4a2e78fd8373a0a94f6d93c9ca\"},\"breadcrumb\":{\"@id\":\"https:\/\/labs.100x100.net\/projects\/rutasal\/coratge-swan-45-de-manuel-jane-vencedor-en-tiempo-real-de-la-version-norte-de-la-sal-2015-2\/#breadcrumb\"},\"inLanguage\":\"es\",\"potentialAction\":[{\"@type\":\"ReadAction\",\"target\":[\"https:\/\/labs.100x100.net\/projects\/rutasal\/coratge-swan-45-de-manuel-jane-vencedor-en-tiempo-real-de-la-version-norte-de-la-sal-2015-2\/\"]}]},{\"@type\":\"ImageObject\",\"inLanguage\":\"es\",\"@id\":\"https:\/\/labs.100x100.net\/projects\/rutasal\/coratge-swan-45-de-manuel-jane-vencedor-en-tiempo-real-de-la-version-norte-de-la-sal-2015-2\/#primaryimage\",\"url\":\"https:\/\/labs.100x100.net\/projects\/rutasal\/custom\/uploads\/2015\/04\/16388398183_4036f60606_c.jpg\",\"contentUrl\":\"https:\/\/labs.100x100.net\/projects\/rutasal\/custom\/uploads\/2015\/04\/16388398183_4036f60606_c.jpg\",\"width\":800,\"height\":575},{\"@type\":\"BreadcrumbList\",\"@id\":\"https:\/\/labs.100x100.net\/projects\/rutasal\/coratge-swan-45-de-manuel-jane-vencedor-en-tiempo-real-de-la-version-norte-de-la-sal-2015-2\/#breadcrumb\",\"itemListElement\":[{\"@type\":\"ListItem\",\"position\":1,\"name\":\"Portada\",\"item\":\"https:\/\/labs.100x100.net\/projects\/rutasal\/\"},{\"@type\":\"ListItem\",\"position\":2,\"name\":\"\u00abCoratge\u00bb SWAN 45 de Manuel Jane vencedor en Tiempo Real de la Versi\u00f3n Norte de La Sal 2015\"}]},{\"@type\":\"WebSite\",\"@id\":\"https:\/\/labs.100x100.net\/projects\/rutasal\/#website\",\"url\":\"https:\/\/labs.100x100.net\/projects\/rutasal\/\",\"name\":\"Regata La Ruta de la Sal\",\"description\":\"Regata La Ruta de la Sal es una regata de Altura Mediterr\u00e1nea para barcos de crucero a vela con destino en Ibiza, que se disputa anualmente en Semana Santa.\",\"potentialAction\":[{\"@type\":\"SearchAction\",\"target\":{\"@type\":\"EntryPoint\",\"urlTemplate\":\"https:\/\/labs.100x100.net\/projects\/rutasal\/?s={search_term_string}\"},\"query-input\":\"required name=search_term_string\"}],\"inLanguage\":\"es\"},{\"@type\":\"Person\",\"@id\":\"https:\/\/labs.100x100.net\/projects\/rutasal\/#\/schema\/person\/214eeb4a2e78fd8373a0a94f6d93c9ca\",\"name\":\"La Ruta de la Sal\",\"image\":{\"@type\":\"ImageObject\",\"inLanguage\":\"es\",\"@id\":\"https:\/\/labs.100x100.net\/projects\/rutasal\/#\/schema\/person\/image\/\",\"url\":\"https:\/\/secure.gravatar.com\/avatar\/b247286d4b801d6b1cfcfb3807587284?s=96&d=mm&r=g\",\"contentUrl\":\"https:\/\/secure.gravatar.com\/avatar\/b247286d4b801d6b1cfcfb3807587284?s=96&d=mm&r=g\",\"caption\":\"La Ruta de la Sal\"}}]}<\/script>\n<!-- \/ Yoast SEO plugin. -->","yoast_head_json":{"title":"\"Coratge\" SWAN 45 de Manuel Jane vencedor en Tiempo Real de la Versi\u00f3n Norte de La Sal 2015 | Regata La Ruta de la Sal","robots":{"index":"noindex","follow":"follow","max-snippet":"max-snippet:-1","max-image-preview":"max-image-preview:large","max-video-preview":"max-video-preview:-1"},"og_locale":"es_ES","og_type":"article","og_title":"\"Coratge\" SWAN 45 de Manuel Jane vencedor en Tiempo Real de la Versi\u00f3n Norte de La Sal 2015 | Regata La Ruta de la Sal","og_description":"-El equipo de Manuel Jane revalida su victoria del 2014. -\u00abCaro \u00bb y \u00abClem\u00bb segundo y tercero en la clasificaci\u00f3n en Tiempo Real de la Versi\u00f3n Norte. -A la hora de editar esta informaci\u00f3n la flota de la Versi\u00f3n Este esta encalmada \u00a0a pocas millas de Sant Antoni. Hoy, viernes 3 de abril, a las [&hellip;]","og_url":"https:\/\/labs.100x100.net\/projects\/rutasal\/coratge-swan-45-de-manuel-jane-vencedor-en-tiempo-real-de-la-version-norte-de-la-sal-2015-2\/","og_site_name":"Regata La Ruta de la Sal","article_publisher":"https:\/\/www.facebook.com\/rutadelasal\/","article_published_time":"2015-04-03T08:59:18+00:00","article_modified_time":"2019-03-08T09:12:47+00:00","og_image":[{"width":800,"height":575,"url":"https:\/\/labs.100x100.net\/projects\/rutasal\/custom\/uploads\/2015\/04\/16388398183_4036f60606_c.jpg","type":"image\/jpeg"}],"author":"La Ruta de la Sal","twitter_card":"summary_large_image","twitter_creator":"@AnamMedi","twitter_site":"@AnamMedi","twitter_misc":{"Escrito por":"La Ruta de la Sal","Tiempo de lectura":"3 minutos"},"schema":{"@context":"https:\/\/schema.org","@graph":[{"@type":"WebPage","@id":"https:\/\/labs.100x100.net\/projects\/rutasal\/coratge-swan-45-de-manuel-jane-vencedor-en-tiempo-real-de-la-version-norte-de-la-sal-2015-2\/","url":"https:\/\/labs.100x100.net\/projects\/rutasal\/coratge-swan-45-de-manuel-jane-vencedor-en-tiempo-real-de-la-version-norte-de-la-sal-2015-2\/","name":"\"Coratge\" SWAN 45 de Manuel Jane vencedor en Tiempo Real de la Versi\u00f3n Norte de La Sal 2015 | Regata La Ruta de la Sal","isPartOf":{"@id":"https:\/\/labs.100x100.net\/projects\/rutasal\/#website"},"primaryImageOfPage":{"@id":"https:\/\/labs.100x100.net\/projects\/rutasal\/coratge-swan-45-de-manuel-jane-vencedor-en-tiempo-real-de-la-version-norte-de-la-sal-2015-2\/#primaryimage"},"image":{"@id":"https:\/\/labs.100x100.net\/projects\/rutasal\/coratge-swan-45-de-manuel-jane-vencedor-en-tiempo-real-de-la-version-norte-de-la-sal-2015-2\/#primaryimage"},"thumbnailUrl":"https:\/\/labs.100x100.net\/projects\/rutasal\/custom\/uploads\/2015\/04\/16388398183_4036f60606_c.jpg","datePublished":"2015-04-03T08:59:18+00:00","dateModified":"2019-03-08T09:12:47+00:00","author":{"@id":"https:\/\/labs.100x100.net\/projects\/rutasal\/#\/schema\/person\/214eeb4a2e78fd8373a0a94f6d93c9ca"},"breadcrumb":{"@id":"https:\/\/labs.100x100.net\/projects\/rutasal\/coratge-swan-45-de-manuel-jane-vencedor-en-tiempo-real-de-la-version-norte-de-la-sal-2015-2\/#breadcrumb"},"inLanguage":"es","potentialAction":[{"@type":"ReadAction","target":["https:\/\/labs.100x100.net\/projects\/rutasal\/coratge-swan-45-de-manuel-jane-vencedor-en-tiempo-real-de-la-version-norte-de-la-sal-2015-2\/"]}]},{"@type":"ImageObject","inLanguage":"es","@id":"https:\/\/labs.100x100.net\/projects\/rutasal\/coratge-swan-45-de-manuel-jane-vencedor-en-tiempo-real-de-la-version-norte-de-la-sal-2015-2\/#primaryimage","url":"https:\/\/labs.100x100.net\/projects\/rutasal\/custom\/uploads\/2015\/04\/16388398183_4036f60606_c.jpg","contentUrl":"https:\/\/labs.100x100.net\/projects\/rutasal\/custom\/uploads\/2015\/04\/16388398183_4036f60606_c.jpg","width":800,"height":575},{"@type":"BreadcrumbList","@id":"https:\/\/labs.100x100.net\/projects\/rutasal\/coratge-swan-45-de-manuel-jane-vencedor-en-tiempo-real-de-la-version-norte-de-la-sal-2015-2\/#breadcrumb","itemListElement":[{"@type":"ListItem","position":1,"name":"Portada","item":"https:\/\/labs.100x100.net\/projects\/rutasal\/"},{"@type":"ListItem","position":2,"name":"\u00abCoratge\u00bb SWAN 45 de Manuel Jane vencedor en Tiempo Real de la Versi\u00f3n Norte de La Sal 2015"}]},{"@type":"WebSite","@id":"https:\/\/labs.100x100.net\/projects\/rutasal\/#website","url":"https:\/\/labs.100x100.net\/projects\/rutasal\/","name":"Regata La Ruta de la Sal","description":"Regata La Ruta de la Sal es una regata de Altura Mediterr\u00e1nea para barcos de crucero a vela con destino en Ibiza, que se disputa anualmente en Semana Santa.","potentialAction":[{"@type":"SearchAction","target":{"@type":"EntryPoint","urlTemplate":"https:\/\/labs.100x100.net\/projects\/rutasal\/?s={search_term_string}"},"query-input":"required name=search_term_string"}],"inLanguage":"es"},{"@type":"Person","@id":"https:\/\/labs.100x100.net\/projects\/rutasal\/#\/schema\/person\/214eeb4a2e78fd8373a0a94f6d93c9ca","name":"La Ruta de la Sal","image":{"@type":"ImageObject","inLanguage":"es","@id":"https:\/\/labs.100x100.net\/projects\/rutasal\/#\/schema\/person\/image\/","url":"https:\/\/secure.gravatar.com\/avatar\/b247286d4b801d6b1cfcfb3807587284?s=96&d=mm&r=g","contentUrl":"https:\/\/secure.gravatar.com\/avatar\/b247286d4b801d6b1cfcfb3807587284?s=96&d=mm&r=g","caption":"La Ruta de la Sal"}}]}},"_links":{"self":[{"href":"https:\/\/labs.100x100.net\/projects\/rutasal\/wp-json\/wp\/v2\/posts\/1993"}],"collection":[{"href":"https:\/\/labs.100x100.net\/projects\/rutasal\/wp-json\/wp\/v2\/posts"}],"about":[{"href":"https:\/\/labs.100x100.net\/projects\/rutasal\/wp-json\/wp\/v2\/types\/post"}],"author":[{"embeddable":true,"href":"https:\/\/labs.100x100.net\/projects\/rutasal\/wp-json\/wp\/v2\/users\/1"}],"replies":[{"embeddable":true,"href":"https:\/\/labs.100x100.net\/projects\/rutasal\/wp-json\/wp\/v2\/comments?post=1993"}],"version-history":[{"count":1,"href":"https:\/\/labs.100x100.net\/projects\/rutasal\/wp-json\/wp\/v2\/posts\/1993\/revisions"}],"predecessor-version":[{"id":3428,"href":"https:\/\/labs.100x100.net\/projects\/rutasal\/wp-json\/wp\/v2\/posts\/1993\/revisions\/3428"}],"wp:featuredmedia":[{"embeddable":true,"href":"https:\/\/labs.100x100.net\/projects\/rutasal\/wp-json\/wp\/v2\/media\/3678"}],"wp:attachment":[{"href":"https:\/\/labs.100x100.net\/projects\/rutasal\/wp-json\/wp\/v2\/media?parent=1993"}],"wp:term":[{"taxonomy":"category","embeddable":true,"href":"https:\/\/labs.100x100.net\/projects\/rutasal\/wp-json\/wp\/v2\/categories?post=1993"},{"taxonomy":"post_tag","embeddable":true,"href":"https:\/\/labs.100x100.net\/projects\/rutasal\/wp-json\/wp\/v2\/tags?post=1993"}],"curies":[{"name":"wp","href":"https:\/\/api.w.org\/{rel}","templated":true}]}}