{"id":1979,"date":"2015-04-02T14:34:39","date_gmt":"2015-04-02T12:34:39","guid":{"rendered":"https:\/\/larutadelasal.com\/?p=1979"},"modified":"2019-03-08T11:13:33","modified_gmt":"2019-03-08T09:13:33","slug":"la-flota-de-la-28-regata-de-altura-de-la-ruta-de-la-sal-ya-navega-rumbo-a-ibiza","status":"publish","type":"post","link":"https:\/\/labs.100x100.net\/projects\/rutasal\/la-flota-de-la-28-regata-de-altura-de-la-ruta-de-la-sal-ya-navega-rumbo-a-ibiza\/","title":{"rendered":"La flota de la 28 Regata de Altura de La Ruta de La Sal ya navega rumbo a Ibiza"},"content":{"rendered":"<h1 style=\"text-align: justify;\">-.Con 155 equipos inscritos, La Sal 2015 supera las previsiones.<\/h1>\n<h1>-. La metereolog\u00eda adelanta una regata de poco viento muy t\u00e1ctica de gran valor deportivo.<\/h1>\n<h1 style=\"text-align: justify;\">-.Los desaf\u00edos m\u00e1s r\u00e1pidos de 2014, defender\u00e1n sus t\u00edtulos ante rivales muy competitivos;<\/h1>\n<p style=\"text-align: justify;\">-.\u201dCoratge \u201d de \u00a0Manel Jane y \u201cCafe del Mar\u201d de Juan Carlos Sanchis vencedores \u00a0absolutos de La Ruta de La Sal 2014 defender\u00e1n sus t\u00edtulos.<\/p>\n<p style=\"text-align: justify;\">Hoy 2 de abril, \u00a0Jueves Santo, ha comenzado la 28 edici\u00f3n de la Regata de Altura de la Ruta de la Sal &#8211; Trofeo Pepe Ferres con salidas desde Port Ginesta en Barcelona para la Versi\u00f3n Norte de la regata y desde Denia para Versi\u00f3n Este, con llegada, en ambos casos, en Sant Antoni de Portmany en Ibiza.<\/p>\n<p style=\"text-align: justify;\"><a title=\"XXVIII LA RUTA DE LA SAL 2015 (TROFEO PEPE FERR\u00c9S)\" href=\"#\"><img loading=\"lazy\" decoding=\"async\" title=\"XXVIII LA RUTA DE LA SAL 2015 (TROFEO PEPE FERR\u00c9S)\" src=\"http:\/\/farm9.staticflickr.com\/8684\/16388437923_bed3c0e940_n.jpg\" alt=\"XXVIII LA RUTA DE LA SAL 2015 (TROFEO PEPE FERR\u00c9S)\" width=\"320\" height=\"230\" \/><\/a><a title=\"XXVIII LA RUTA DE LA SAL 2015 (TROFEO PEPE FERR\u00c9S)\" href=\"#\"><img loading=\"lazy\" decoding=\"async\" class=\"alignright\" title=\"XXVIII LA RUTA DE LA SAL 2015 (TROFEO PEPE FERR\u00c9S)\" src=\"http:\/\/farm8.staticflickr.com\/7619\/16820813808_568d3ce0ea_n.jpg\" alt=\"XXVIII LA RUTA DE LA SAL 2015 (TROFEO PEPE FERR\u00c9S)\" width=\"320\" height=\"230\" \/><\/a><\/p>\n<p style=\"text-align: justify;\"><a title=\"XXVIII LA RUTA DE LA SAL 2015 (TROFEO PEPE FERR\u00c9S)\" href=\"#\"><img loading=\"lazy\" decoding=\"async\" title=\"XXVIII LA RUTA DE LA SAL 2015 (TROFEO PEPE FERR\u00c9S)\" src=\"http:\/\/farm8.staticflickr.com\/7611\/16386154674_b85c2cfbf4_n.jpg\" alt=\"XXVIII LA RUTA DE LA SAL 2015 (TROFEO PEPE FERR\u00c9S)\" width=\"320\" height=\"230\" \/><\/a><a title=\"XXVIII LA RUTA DE LA SAL 2015 (TROFEO PEPE FERR\u00c9S)\" href=\"#\"><img loading=\"lazy\" decoding=\"async\" class=\"alignright\" title=\"XXVIII LA RUTA DE LA SAL 2015 (TROFEO PEPE FERR\u00c9S)\" src=\"http:\/\/farm9.staticflickr.com\/8745\/16822349219_28a454a714_n.jpg\" alt=\"XXVIII LA RUTA DE LA SAL 2015 (TROFEO PEPE FERR\u00c9S)\" width=\"320\" height=\"230\" \/><\/a><\/p>\n<p style=\"text-align: justify;\">La Versi\u00f3n Norte, con 60 barcos tripulados por unos 350 \u00a0regatistas inscritos, ha zarpado desde las aguas de Port Ginesta a las 10:00 h, navegando con mar totalmente plana y una brisa floja y \u00a0relativamente inestable de unos 5,5 nudos del 240 &#8211; OSO\/SO2- La gran mayor\u00eda de los participantes han iniciado su singladura hacia Ibiza con un bordo hacia Mallorca, mientras que el resto ha apostado por costear con la intenci\u00f3n de ir hacia el Delta del Ebro y desde all\u00ed intentar la aproximaci\u00f3n hacia Sant Antoni.<\/p>\n<p style=\"text-align: justify;\">La previsi\u00f3n meteorol\u00f3gica avanza unos escenarios en todo el Mar Balear de poco viento que ser\u00e1, \u00a0en todos los casos muy inestable y de componente Sur con intensidades m\u00e1ximas de fuerza 2 con puntas de 3.<\/p>\n<p style=\"text-align: center;\"><a title=\"XXVIII LA RUTA DE LA SAL 2015 (TROFEO PEPE FERR\u00c9S)\" href=\"#\"><img loading=\"lazy\" decoding=\"async\" class=\"aligncenter\" title=\"XXVIII LA RUTA DE LA SAL 2015 (TROFEO PEPE FERR\u00c9S)\" src=\"http:\/\/farm9.staticflickr.com\/8751\/16388412783_ffa033d18b_z.jpg\" alt=\"XXVIII LA RUTA DE LA SAL 2015 (TROFEO PEPE FERR\u00c9S)\" width=\"800\" height=\"400\" \/><\/a><\/p>\n<p style=\"text-align: justify;\">Para los participantes en la Versi\u00f3n Norte el viento oscilar\u00e1 fundamentalmente entre el SO\/SSO y S. Mientras que para la Versi\u00f3n Este ser\u00e1n m\u00e1s dominantes los del SSE y SE. Durante la madrugada y primeras horas de la ma\u00f1ana del viernes 3 de abril, pr\u00e1cticamente entre la 05:30 h y las 11:00 h, \u00a0 se prev\u00e9n unas \u00a0importantes \u00e1reas de encalmadas en la costa norte de Ibiza, frente a Sant Antoni de Portmany, que dar\u00e1n paso, en esta zona, a un viento de entre 8 y 12 nudos del SE que se mantendr\u00e1 toda la jornada. Una situaci\u00f3n relativamente compleja que establece dos claras franjas de entrada hasta la llegada en Sant Antoni, \u00a0antes o despu\u00e9s de las encalmadas, lo que normalmente afectar\u00e1 sensiblemente a los \u00f3rdenes de llegada y resultados finales de ambas flotas.<\/p>\n<p style=\"text-align: justify;\"><a title=\"XXVIII LA RUTA DE LA SAL 2015 (TROFEO PEPE FERR\u00c9S)\" href=\"#\"><img loading=\"lazy\" decoding=\"async\" title=\"XXVIII LA RUTA DE LA SAL 2015 (TROFEO PEPE FERR\u00c9S)\" src=\"http:\/\/farm8.staticflickr.com\/7624\/16386134034_a1515f5070_n.jpg\" alt=\"XXVIII LA RUTA DE LA SAL 2015 (TROFEO PEPE FERR\u00c9S)\" width=\"320\" height=\"230\" \/><\/a><a title=\"XXVIII LA RUTA DE LA SAL 2015 (TROFEO PEPE FERR\u00c9S)\" href=\"#\"><img loading=\"lazy\" decoding=\"async\" class=\"alignright\" title=\"XXVIII LA RUTA DE LA SAL 2015 (TROFEO PEPE FERR\u00c9S)\" src=\"http:\/\/farm9.staticflickr.com\/8730\/16386110884_f6a29e88ea_n.jpg\" alt=\"XXVIII LA RUTA DE LA SAL 2015 (TROFEO PEPE FERR\u00c9S)\" width=\"320\" height=\"230\" \/><\/a><\/p>\n<p style=\"text-align: justify;\"><a title=\"XXVIII LA RUTA DE LA SAL 2015 (TROFEO PEPE FERR\u00c9S)\" href=\"#\"><img loading=\"lazy\" decoding=\"async\" title=\"XXVIII LA RUTA DE LA SAL 2015 (TROFEO PEPE FERR\u00c9S)\" src=\"http:\/\/farm9.staticflickr.com\/8711\/16388405623_6c2a0e193c_n.jpg\" alt=\"XXVIII LA RUTA DE LA SAL 2015 (TROFEO PEPE FERR\u00c9S)\" width=\"320\" height=\"230\" \/><\/a><a title=\"XXVIII LA RUTA DE LA SAL 2015 (TROFEO PEPE FERR\u00c9S)\" href=\"#\"><img loading=\"lazy\" decoding=\"async\" class=\"alignright\" title=\"XXVIII LA RUTA DE LA SAL 2015 (TROFEO PEPE FERR\u00c9S)\" src=\"http:\/\/farm9.staticflickr.com\/8684\/16982542776_54cdb3e0cd_n.jpg\" alt=\"XXVIII LA RUTA DE LA SAL 2015 (TROFEO PEPE FERR\u00c9S)\" width=\"320\" height=\"230\" \/><\/a><\/p>\n<p style=\"text-align: justify;\">En general una meteorol\u00f3gica \u00a0que dibuja a La Sal 2015 como una regata muy t\u00e1ctica, \u00a0en la que la gesti\u00f3n de los micro climas zonales ser\u00e1 vital, as\u00ed como las \u00a0estrategias generales de aproximaci\u00f3n a Ibiza y, muy concretamente a Cabo Negret en Santa Antoni. Una regata de gran nivel deportivo en la que los pron\u00f3sticos de cara a los resultados finales son pr\u00e1cticamente imposibles de establecer.<\/p>\n<p style=\"text-align: center;\"><a title=\"DSC_7998\" href=\"#\"><img loading=\"lazy\" decoding=\"async\" class=\"aligncenter\" title=\"DSC_7998\" src=\"http:\/\/farm8.staticflickr.com\/7599\/16984130576_cc5079ffab_z.jpg\" alt=\"DSC_7998\" width=\"800\" height=\"398\" \/><\/a><\/p>\n<p style=\"text-align: justify;\">La Versi\u00f3n Este de La Sal, con una inscripci\u00f3n de 95 veleros tripulados por unos 680 regatistas, \u00a0ha cruzado la l\u00ednea de salida hoy a las 14:00 h, \u00a0con un viento de unos 10\/12 nudos del SE, con el objetivo de cubrir un recorrido de 120 millas hasta Sant Antoni de Portmany. En definitiva una magn\u00edfica salida con viento de proa que avanza unas primeras millas muy cerradas y t\u00e1cticas<\/p>\n<p style=\"text-align: justify;\"><a title=\"DSC_7720 (2)\" href=\"#\"><img loading=\"lazy\" decoding=\"async\" title=\"DSC_7720 (2)\" src=\"http:\/\/farm9.staticflickr.com\/8703\/17010109635_2607466177_n.jpg\" alt=\"DSC_7720 (2)\" width=\"320\" height=\"215\" \/><\/a><a title=\"XXVIII LA RUTA DE LA SAL 2015 (TROFEO PEPE FERR\u00c9S)\" href=\"#\"><img loading=\"lazy\" decoding=\"async\" class=\"alignright\" title=\"XXVIII LA RUTA DE LA SAL 2015 (TROFEO PEPE FERR\u00c9S)\" src=\"http:\/\/farm8.staticflickr.com\/7589\/16386100424_21ac700595_n.jpg\" alt=\"XXVIII LA RUTA DE LA SAL 2015 (TROFEO PEPE FERR\u00c9S)\" width=\"320\" height=\"230\" \/><\/a><\/p>\n<p style=\"text-align: justify;\">Los barcos m\u00e1s r\u00e1pidos, podr\u00edan llegar \u00a0a Sant Antoni de Portmany a partir de la madrugada o primeras horas de viernes 3 de abril y, si bien la falta de viento ser\u00e1 determinante a estos efectos. El tiempo l\u00edmite para completar la regata est\u00e1 fijado a las 14:00 h del s\u00e1bado 4 de abril del 2015.<\/p>\n<p style=\"text-align: center;\"><a title=\"DSC_7980 (2)\" href=\"#\"><img loading=\"lazy\" decoding=\"async\" class=\"aligncenter\" title=\"DSC_7980 (2)\" src=\"http:\/\/farm8.staticflickr.com\/7632\/16984132136_91a1a3387f_c.jpg\" alt=\"DSC_7980 (2)\" width=\"800\" height=\"398\" \/><\/a><\/p>\n<p style=\"text-align: justify;\"><strong>El s\u00e1bado 4 de abril sobre las 12:00 h esta prevista, en el Club N\u00e1utico de Sant Antoni una \u00a0Rueda de Prensa con los ganadores absolutos de La Sal 2015. A las 20:00 h en la Carpa de la Sal tendr\u00e1 lugar el Acto Oficial de Entrega de Trofeos y al finalizar \u00a0la Cena y Fiesta de clausura de esta 28 edici\u00f3n de La Sal.-Trofeo Pepe Ferres.<\/strong><\/p>\n<p style=\"text-align: justify;\"><strong>LA RUTA DE LA SAL; ORGANIZA; Associaci\u00f3 de Navegants d&#8217;Altura MEDITERRANIS &#8211; ANAM- en colaboraci\u00f3n con \u00a0el Club Maritim Port Ginesta, Real Club Nautico de Denia y Club N\u00e1utico St. Antoni.<\/strong><\/p>\n<p style=\"text-align: justify;\"><strong>INSTITUCIONES COLABORADORAS: Ajuntament de Sant Antoni de Portmany, Consell d&#8217;Eivissa, Govern de les Illes Balears.<\/strong><\/p>\n<p style=\"text-align: justify;\"><strong>ENTIDADES COLABORADORAS: RANC, Federaci\u00f3 Catalana de Vela, Federaci\u00f3n de Vela Comunidad Valenciana, Federaci\u00f3 Balear de Vela, Ports de les Illes Balears, Marina el Portet de D\u00e9nia, Salvamento Mar\u00edtimo y Guardia Civil del Mar.<\/strong><\/p>\n<p style=\"text-align: justify;\"><strong>PATROCINAN; Trasmediterr\u00e1nea, Sal\u00f3n N\u00e1utico Internacional de Barcelona, Gramona, Ausmar, Origin Marine, Louis Chevrolet, el reloj oficial de la regata, Pantaenius y \u00a0Skipper como revista oficial.<\/strong><\/p>\n","protected":false},"excerpt":{"rendered":"<p>Hoy 2 de abril,  Jueves Santo, ha comenzado la 28 edici\u00f3n de la Regata de Altura de la Ruta de la Sal &#8211; Trofeo Pepe Ferres con salidas desde Port Ginesta en Barcelona para la Versi\u00f3n Norte de la regata y desde Denia para Versi\u00f3n Este, con llegada, en ambos casos, en Sant Antoni de Portmany en Ibiza.<\/p>\n","protected":false},"author":1,"featured_media":3679,"comment_status":"open","ping_status":"open","sticky":false,"template":"","format":"standard","meta":{"_acf_changed":false,"footnotes":""},"categories":[3],"tags":[],"acf":[],"yoast_head":"<!-- This site is optimized with the Yoast SEO plugin v23.0 - https:\/\/yoast.com\/wordpress\/plugins\/seo\/ -->\n<title>La flota de la 28 Regata de Altura de La Ruta de La Sal ya navega rumbo a Ibiza | Regata La Ruta de la Sal<\/title>\n<meta name=\"robots\" content=\"noindex, follow, max-snippet:-1, max-image-preview:large, max-video-preview:-1\" \/>\n<meta property=\"og:locale\" content=\"es_ES\" \/>\n<meta property=\"og:type\" content=\"article\" \/>\n<meta property=\"og:title\" content=\"La flota de la 28 Regata de Altura de La Ruta de La Sal ya navega rumbo a Ibiza | Regata La Ruta de la Sal\" \/>\n<meta property=\"og:description\" content=\"Hoy 2 de abril, Jueves Santo, ha comenzado la 28 edici\u00f3n de la Regata de Altura de la Ruta de la Sal - Trofeo Pepe Ferres con salidas desde Port Ginesta en Barcelona para la Versi\u00f3n Norte de la regata y desde Denia para Versi\u00f3n Este, con llegada, en ambos casos, en Sant Antoni de Portmany en Ibiza.\" \/>\n<meta property=\"og:url\" content=\"https:\/\/labs.100x100.net\/projects\/rutasal\/la-flota-de-la-28-regata-de-altura-de-la-ruta-de-la-sal-ya-navega-rumbo-a-ibiza\/\" \/>\n<meta property=\"og:site_name\" content=\"Regata La Ruta de la Sal\" \/>\n<meta property=\"article:publisher\" content=\"https:\/\/www.facebook.com\/rutadelasal\/\" \/>\n<meta property=\"article:published_time\" content=\"2015-04-02T12:34:39+00:00\" \/>\n<meta property=\"article:modified_time\" content=\"2019-03-08T09:13:33+00:00\" \/>\n<meta property=\"og:image\" content=\"https:\/\/labs.100x100.net\/projects\/rutasal\/custom\/uploads\/2015\/04\/16386134034_a1515f5070_n.jpg\" \/>\n\t<meta property=\"og:image:width\" content=\"320\" \/>\n\t<meta property=\"og:image:height\" content=\"230\" \/>\n\t<meta property=\"og:image:type\" content=\"image\/jpeg\" \/>\n<meta name=\"author\" content=\"La Ruta de la Sal\" \/>\n<meta name=\"twitter:card\" content=\"summary_large_image\" \/>\n<meta name=\"twitter:creator\" content=\"@AnamMedi\" \/>\n<meta name=\"twitter:site\" content=\"@AnamMedi\" \/>\n<meta name=\"twitter:label1\" content=\"Escrito por\" \/>\n\t<meta name=\"twitter:data1\" content=\"La Ruta de la Sal\" \/>\n\t<meta name=\"twitter:label2\" content=\"Tiempo de lectura\" \/>\n\t<meta name=\"twitter:data2\" content=\"4 minutos\" \/>\n<script type=\"application\/ld+json\" class=\"yoast-schema-graph\">{\"@context\":\"https:\/\/schema.org\",\"@graph\":[{\"@type\":\"WebPage\",\"@id\":\"https:\/\/labs.100x100.net\/projects\/rutasal\/la-flota-de-la-28-regata-de-altura-de-la-ruta-de-la-sal-ya-navega-rumbo-a-ibiza\/\",\"url\":\"https:\/\/labs.100x100.net\/projects\/rutasal\/la-flota-de-la-28-regata-de-altura-de-la-ruta-de-la-sal-ya-navega-rumbo-a-ibiza\/\",\"name\":\"La flota de la 28 Regata de Altura de La Ruta de La Sal ya navega rumbo a Ibiza | Regata La Ruta de la Sal\",\"isPartOf\":{\"@id\":\"https:\/\/labs.100x100.net\/projects\/rutasal\/#website\"},\"primaryImageOfPage\":{\"@id\":\"https:\/\/labs.100x100.net\/projects\/rutasal\/la-flota-de-la-28-regata-de-altura-de-la-ruta-de-la-sal-ya-navega-rumbo-a-ibiza\/#primaryimage\"},\"image\":{\"@id\":\"https:\/\/labs.100x100.net\/projects\/rutasal\/la-flota-de-la-28-regata-de-altura-de-la-ruta-de-la-sal-ya-navega-rumbo-a-ibiza\/#primaryimage\"},\"thumbnailUrl\":\"https:\/\/labs.100x100.net\/projects\/rutasal\/custom\/uploads\/2015\/04\/16386134034_a1515f5070_n.jpg\",\"datePublished\":\"2015-04-02T12:34:39+00:00\",\"dateModified\":\"2019-03-08T09:13:33+00:00\",\"author\":{\"@id\":\"https:\/\/labs.100x100.net\/projects\/rutasal\/#\/schema\/person\/214eeb4a2e78fd8373a0a94f6d93c9ca\"},\"breadcrumb\":{\"@id\":\"https:\/\/labs.100x100.net\/projects\/rutasal\/la-flota-de-la-28-regata-de-altura-de-la-ruta-de-la-sal-ya-navega-rumbo-a-ibiza\/#breadcrumb\"},\"inLanguage\":\"es\",\"potentialAction\":[{\"@type\":\"ReadAction\",\"target\":[\"https:\/\/labs.100x100.net\/projects\/rutasal\/la-flota-de-la-28-regata-de-altura-de-la-ruta-de-la-sal-ya-navega-rumbo-a-ibiza\/\"]}]},{\"@type\":\"ImageObject\",\"inLanguage\":\"es\",\"@id\":\"https:\/\/labs.100x100.net\/projects\/rutasal\/la-flota-de-la-28-regata-de-altura-de-la-ruta-de-la-sal-ya-navega-rumbo-a-ibiza\/#primaryimage\",\"url\":\"https:\/\/labs.100x100.net\/projects\/rutasal\/custom\/uploads\/2015\/04\/16386134034_a1515f5070_n.jpg\",\"contentUrl\":\"https:\/\/labs.100x100.net\/projects\/rutasal\/custom\/uploads\/2015\/04\/16386134034_a1515f5070_n.jpg\",\"width\":320,\"height\":230},{\"@type\":\"BreadcrumbList\",\"@id\":\"https:\/\/labs.100x100.net\/projects\/rutasal\/la-flota-de-la-28-regata-de-altura-de-la-ruta-de-la-sal-ya-navega-rumbo-a-ibiza\/#breadcrumb\",\"itemListElement\":[{\"@type\":\"ListItem\",\"position\":1,\"name\":\"Portada\",\"item\":\"https:\/\/labs.100x100.net\/projects\/rutasal\/\"},{\"@type\":\"ListItem\",\"position\":2,\"name\":\"La flota de la 28 Regata de Altura de La Ruta de La Sal ya navega rumbo a Ibiza\"}]},{\"@type\":\"WebSite\",\"@id\":\"https:\/\/labs.100x100.net\/projects\/rutasal\/#website\",\"url\":\"https:\/\/labs.100x100.net\/projects\/rutasal\/\",\"name\":\"Regata La Ruta de la Sal\",\"description\":\"Regata La Ruta de la Sal es una regata de Altura Mediterr\u00e1nea para barcos de crucero a vela con destino en Ibiza, que se disputa anualmente en Semana Santa.\",\"potentialAction\":[{\"@type\":\"SearchAction\",\"target\":{\"@type\":\"EntryPoint\",\"urlTemplate\":\"https:\/\/labs.100x100.net\/projects\/rutasal\/?s={search_term_string}\"},\"query-input\":\"required name=search_term_string\"}],\"inLanguage\":\"es\"},{\"@type\":\"Person\",\"@id\":\"https:\/\/labs.100x100.net\/projects\/rutasal\/#\/schema\/person\/214eeb4a2e78fd8373a0a94f6d93c9ca\",\"name\":\"La Ruta de la Sal\",\"image\":{\"@type\":\"ImageObject\",\"inLanguage\":\"es\",\"@id\":\"https:\/\/labs.100x100.net\/projects\/rutasal\/#\/schema\/person\/image\/\",\"url\":\"https:\/\/secure.gravatar.com\/avatar\/b247286d4b801d6b1cfcfb3807587284?s=96&d=mm&r=g\",\"contentUrl\":\"https:\/\/secure.gravatar.com\/avatar\/b247286d4b801d6b1cfcfb3807587284?s=96&d=mm&r=g\",\"caption\":\"La Ruta de la Sal\"}}]}<\/script>\n<!-- \/ Yoast SEO plugin. -->","yoast_head_json":{"title":"La flota de la 28 Regata de Altura de La Ruta de La Sal ya navega rumbo a Ibiza | Regata La Ruta de la Sal","robots":{"index":"noindex","follow":"follow","max-snippet":"max-snippet:-1","max-image-preview":"max-image-preview:large","max-video-preview":"max-video-preview:-1"},"og_locale":"es_ES","og_type":"article","og_title":"La flota de la 28 Regata de Altura de La Ruta de La Sal ya navega rumbo a Ibiza | Regata La Ruta de la Sal","og_description":"Hoy 2 de abril, Jueves Santo, ha comenzado la 28 edici\u00f3n de la Regata de Altura de la Ruta de la Sal - Trofeo Pepe Ferres con salidas desde Port Ginesta en Barcelona para la Versi\u00f3n Norte de la regata y desde Denia para Versi\u00f3n Este, con llegada, en ambos casos, en Sant Antoni de Portmany en Ibiza.","og_url":"https:\/\/labs.100x100.net\/projects\/rutasal\/la-flota-de-la-28-regata-de-altura-de-la-ruta-de-la-sal-ya-navega-rumbo-a-ibiza\/","og_site_name":"Regata La Ruta de la Sal","article_publisher":"https:\/\/www.facebook.com\/rutadelasal\/","article_published_time":"2015-04-02T12:34:39+00:00","article_modified_time":"2019-03-08T09:13:33+00:00","og_image":[{"width":320,"height":230,"url":"https:\/\/labs.100x100.net\/projects\/rutasal\/custom\/uploads\/2015\/04\/16386134034_a1515f5070_n.jpg","type":"image\/jpeg"}],"author":"La Ruta de la Sal","twitter_card":"summary_large_image","twitter_creator":"@AnamMedi","twitter_site":"@AnamMedi","twitter_misc":{"Escrito por":"La Ruta de la Sal","Tiempo de lectura":"4 minutos"},"schema":{"@context":"https:\/\/schema.org","@graph":[{"@type":"WebPage","@id":"https:\/\/labs.100x100.net\/projects\/rutasal\/la-flota-de-la-28-regata-de-altura-de-la-ruta-de-la-sal-ya-navega-rumbo-a-ibiza\/","url":"https:\/\/labs.100x100.net\/projects\/rutasal\/la-flota-de-la-28-regata-de-altura-de-la-ruta-de-la-sal-ya-navega-rumbo-a-ibiza\/","name":"La flota de la 28 Regata de Altura de La Ruta de La Sal ya navega rumbo a Ibiza | Regata La Ruta de la Sal","isPartOf":{"@id":"https:\/\/labs.100x100.net\/projects\/rutasal\/#website"},"primaryImageOfPage":{"@id":"https:\/\/labs.100x100.net\/projects\/rutasal\/la-flota-de-la-28-regata-de-altura-de-la-ruta-de-la-sal-ya-navega-rumbo-a-ibiza\/#primaryimage"},"image":{"@id":"https:\/\/labs.100x100.net\/projects\/rutasal\/la-flota-de-la-28-regata-de-altura-de-la-ruta-de-la-sal-ya-navega-rumbo-a-ibiza\/#primaryimage"},"thumbnailUrl":"https:\/\/labs.100x100.net\/projects\/rutasal\/custom\/uploads\/2015\/04\/16386134034_a1515f5070_n.jpg","datePublished":"2015-04-02T12:34:39+00:00","dateModified":"2019-03-08T09:13:33+00:00","author":{"@id":"https:\/\/labs.100x100.net\/projects\/rutasal\/#\/schema\/person\/214eeb4a2e78fd8373a0a94f6d93c9ca"},"breadcrumb":{"@id":"https:\/\/labs.100x100.net\/projects\/rutasal\/la-flota-de-la-28-regata-de-altura-de-la-ruta-de-la-sal-ya-navega-rumbo-a-ibiza\/#breadcrumb"},"inLanguage":"es","potentialAction":[{"@type":"ReadAction","target":["https:\/\/labs.100x100.net\/projects\/rutasal\/la-flota-de-la-28-regata-de-altura-de-la-ruta-de-la-sal-ya-navega-rumbo-a-ibiza\/"]}]},{"@type":"ImageObject","inLanguage":"es","@id":"https:\/\/labs.100x100.net\/projects\/rutasal\/la-flota-de-la-28-regata-de-altura-de-la-ruta-de-la-sal-ya-navega-rumbo-a-ibiza\/#primaryimage","url":"https:\/\/labs.100x100.net\/projects\/rutasal\/custom\/uploads\/2015\/04\/16386134034_a1515f5070_n.jpg","contentUrl":"https:\/\/labs.100x100.net\/projects\/rutasal\/custom\/uploads\/2015\/04\/16386134034_a1515f5070_n.jpg","width":320,"height":230},{"@type":"BreadcrumbList","@id":"https:\/\/labs.100x100.net\/projects\/rutasal\/la-flota-de-la-28-regata-de-altura-de-la-ruta-de-la-sal-ya-navega-rumbo-a-ibiza\/#breadcrumb","itemListElement":[{"@type":"ListItem","position":1,"name":"Portada","item":"https:\/\/labs.100x100.net\/projects\/rutasal\/"},{"@type":"ListItem","position":2,"name":"La flota de la 28 Regata de Altura de La Ruta de La Sal ya navega rumbo a Ibiza"}]},{"@type":"WebSite","@id":"https:\/\/labs.100x100.net\/projects\/rutasal\/#website","url":"https:\/\/labs.100x100.net\/projects\/rutasal\/","name":"Regata La Ruta de la Sal","description":"Regata La Ruta de la Sal es una regata de Altura Mediterr\u00e1nea para barcos de crucero a vela con destino en Ibiza, que se disputa anualmente en Semana Santa.","potentialAction":[{"@type":"SearchAction","target":{"@type":"EntryPoint","urlTemplate":"https:\/\/labs.100x100.net\/projects\/rutasal\/?s={search_term_string}"},"query-input":"required name=search_term_string"}],"inLanguage":"es"},{"@type":"Person","@id":"https:\/\/labs.100x100.net\/projects\/rutasal\/#\/schema\/person\/214eeb4a2e78fd8373a0a94f6d93c9ca","name":"La Ruta de la Sal","image":{"@type":"ImageObject","inLanguage":"es","@id":"https:\/\/labs.100x100.net\/projects\/rutasal\/#\/schema\/person\/image\/","url":"https:\/\/secure.gravatar.com\/avatar\/b247286d4b801d6b1cfcfb3807587284?s=96&d=mm&r=g","contentUrl":"https:\/\/secure.gravatar.com\/avatar\/b247286d4b801d6b1cfcfb3807587284?s=96&d=mm&r=g","caption":"La Ruta de la Sal"}}]}},"_links":{"self":[{"href":"https:\/\/labs.100x100.net\/projects\/rutasal\/wp-json\/wp\/v2\/posts\/1979"}],"collection":[{"href":"https:\/\/labs.100x100.net\/projects\/rutasal\/wp-json\/wp\/v2\/posts"}],"about":[{"href":"https:\/\/labs.100x100.net\/projects\/rutasal\/wp-json\/wp\/v2\/types\/post"}],"author":[{"embeddable":true,"href":"https:\/\/labs.100x100.net\/projects\/rutasal\/wp-json\/wp\/v2\/users\/1"}],"replies":[{"embeddable":true,"href":"https:\/\/labs.100x100.net\/projects\/rutasal\/wp-json\/wp\/v2\/comments?post=1979"}],"version-history":[{"count":1,"href":"https:\/\/labs.100x100.net\/projects\/rutasal\/wp-json\/wp\/v2\/posts\/1979\/revisions"}],"predecessor-version":[{"id":3427,"href":"https:\/\/labs.100x100.net\/projects\/rutasal\/wp-json\/wp\/v2\/posts\/1979\/revisions\/3427"}],"wp:featuredmedia":[{"embeddable":true,"href":"https:\/\/labs.100x100.net\/projects\/rutasal\/wp-json\/wp\/v2\/media\/3679"}],"wp:attachment":[{"href":"https:\/\/labs.100x100.net\/projects\/rutasal\/wp-json\/wp\/v2\/media?parent=1979"}],"wp:term":[{"taxonomy":"category","embeddable":true,"href":"https:\/\/labs.100x100.net\/projects\/rutasal\/wp-json\/wp\/v2\/categories?post=1979"},{"taxonomy":"post_tag","embeddable":true,"href":"https:\/\/labs.100x100.net\/projects\/rutasal\/wp-json\/wp\/v2\/tags?post=1979"}],"curies":[{"name":"wp","href":"https:\/\/api.w.org\/{rel}","templated":true}]}}