{"id":1971,"date":"2015-04-01T19:30:55","date_gmt":"2015-04-01T17:30:55","guid":{"rendered":"https:\/\/larutadelasal.com\/?p=1971"},"modified":"2019-03-08T11:14:10","modified_gmt":"2019-03-08T09:14:10","slug":"reunion-de-patrones","status":"publish","type":"post","link":"https:\/\/labs.100x100.net\/projects\/rutasal\/reunion-de-patrones\/","title":{"rendered":"Reuni\u00f3n de Patrones"},"content":{"rendered":"<h2>-60 inscritos en la Versi\u00f3n Norte de La Sal 2015.<\/h2>\n<h2>-Los metereologos adelantan una regata muy t\u00e1ctica con poco viento.<\/h2>\n<p style=\"text-align: justify;\">Esta tarde a las 18:00h se ha celebrado en Port Ginesta la Reuni\u00f3n de Patrones de la Versi\u00f3n Norte de la La Sal 2015. Han asistido al acto Javier Valencia, \u00a0Capit\u00e1n Mar\u00edtimo de Barcelona; Jaime Zaragoza, \u00a0Jefe de Seguridad Mar\u00edtima de Barcelona; Juan Carlos Mart\u00edn, \u00a0Sargento del Servicio Mar\u00edtimo de la GC. Los metereologos Tom\u00e1s Molina y Alejandro Mart\u00ednez. El Capit\u00e1n de Port Ginesta, \u00a0Rodrigo de Febrer. Esteba Ferres \u00a0de la Federaci\u00f3n Catalana de Vela. Artur Sotos y Vicente Domenech, coordinador de seguridad y Juez de la regata y Isabel Subirats, \u00a0Presidenta de ANAM.<\/p>\n<p style=\"text-align: justify;\"><a title=\"XXVIII LA RUTA DE LA SAL 2015 (TROFEO PEPE FERR\u00c9S)\" href=\"#\"><img loading=\"lazy\" decoding=\"async\" title=\"XXVIII LA RUTA DE LA SAL 2015 (TROFEO PEPE FERR\u00c9S)\" src=\"http:\/\/farm8.staticflickr.com\/7633\/16795307917_3afc7394d3_n.jpg\" alt=\"XXVIII LA RUTA DE LA SAL 2015 (TROFEO PEPE FERR\u00c9S)\" width=\"320\" height=\"228\" \/><\/a><a title=\"XXVIII LA RUTA DE LA SAL 2015 (TROFEO PEPE FERR\u00c9S)\" href=\"#\"><img loading=\"lazy\" decoding=\"async\" class=\"alignright\" title=\"XXVIII LA RUTA DE LA SAL 2015 (TROFEO PEPE FERR\u00c9S)\" src=\"http:\/\/farm8.staticflickr.com\/7637\/16814957638_3df4cf4c96_n.jpg\" alt=\"XXVIII LA RUTA DE LA SAL 2015 (TROFEO PEPE FERR\u00c9S)\" width=\"320\" height=\"228\" \/><\/a><a title=\"XXVIII LA RUTA DE LA SAL 2015 (TROFEO PEPE FERR\u00c9S)\" href=\"#\"><img loading=\"lazy\" decoding=\"async\" title=\"XXVIII LA RUTA DE LA SAL 2015 (TROFEO PEPE FERR\u00c9S)\" src=\"http:\/\/farm9.staticflickr.com\/8730\/17001273082_b353872407_n.jpg\" alt=\"XXVIII LA RUTA DE LA SAL 2015 (TROFEO PEPE FERR\u00c9S)\" width=\"320\" height=\"228\" \/><\/a><a title=\"XXVIII LA RUTA DE LA SAL 2015 (TROFEO PEPE FERR\u00c9S)\" href=\"#\"><img loading=\"lazy\" decoding=\"async\" class=\"alignright\" title=\"XXVIII LA RUTA DE LA SAL 2015 (TROFEO PEPE FERR\u00c9S)\" src=\"http:\/\/farm9.staticflickr.com\/8688\/16815207880_e720886fa2_n.jpg\" alt=\"XXVIII LA RUTA DE LA SAL 2015 (TROFEO PEPE FERR\u00c9S)\" width=\"320\" height=\"228\" \/><\/a><\/p>\n<p style=\"text-align: justify;\">Acto seguido , las tripulaciones de las 60 embarcaciones inscritas en esta salida , han participado en una cena de bienvenida en el Restaurante El Capit\u00e0 de Port Ginesta.<br \/>\nDurante la Reuni\u00f3n de Patrones, los metereologos han adelantado un panorama atmosf\u00e9rica que hace preveer \u00a0una regata muy t\u00e1ctica, \u00a0en la que van predominar los vientos de componente Sur flojos.<\/p>\n<p style=\"text-align: justify;\"><a title=\"XXVIII LA RUTA DE LA SAL 2015 (TROFEO PEPE FERR\u00c9S)\" href=\"#\"><img loading=\"lazy\" decoding=\"async\" title=\"XXVIII LA RUTA DE LA SAL 2015 (TROFEO PEPE FERR\u00c9S)\" src=\"http:\/\/farm9.staticflickr.com\/8709\/16795297397_c91454def2_n.jpg\" alt=\"XXVIII LA RUTA DE LA SAL 2015 (TROFEO PEPE FERR\u00c9S)\" width=\"320\" height=\"228\" \/><\/a><a title=\"XXVIII LA RUTA DE LA SAL 2015 (TROFEO PEPE FERR\u00c9S)\" href=\"#\"><img loading=\"lazy\" decoding=\"async\" class=\"alignright\" title=\"XXVIII LA RUTA DE LA SAL 2015 (TROFEO PEPE FERR\u00c9S)\" src=\"http:\/\/farm9.staticflickr.com\/8714\/16382583703_daed7d1a58_n.jpg\" alt=\"XXVIII LA RUTA DE LA SAL 2015 (TROFEO PEPE FERR\u00c9S)\" width=\"320\" height=\"228\" \/><\/a><a title=\"XXVIII LA RUTA DE LA SAL 2015 (TROFEO PEPE FERR\u00c9S)\" href=\"#\"><img loading=\"lazy\" decoding=\"async\" title=\"XXVIII LA RUTA DE LA SAL 2015 (TROFEO PEPE FERR\u00c9S)\" src=\"http:\/\/farm9.staticflickr.com\/8701\/17001799851_7e42220a4c_n.jpg\" alt=\"XXVIII LA RUTA DE LA SAL 2015 (TROFEO PEPE FERR\u00c9S)\" width=\"320\" height=\"228\" \/><\/a><a title=\"XXVIII LA RUTA DE LA SAL 2015 (TROFEO PEPE FERR\u00c9S)\" href=\"#\"><img loading=\"lazy\" decoding=\"async\" class=\"alignright\" title=\"XXVIII LA RUTA DE LA SAL 2015 (TROFEO PEPE FERR\u00c9S)\" src=\"http:\/\/farm9.staticflickr.com\/8704\/17001272352_140103ec3e_n.jpg\" alt=\"XXVIII LA RUTA DE LA SAL 2015 (TROFEO PEPE FERR\u00c9S)\" width=\"320\" height=\"228\" \/><\/a><\/p>\n","protected":false},"excerpt":{"rendered":"<p>Esta tarde a las 18:00h se ha celebrado en Port Ginesta la Reuni\u00f3n de Patrones de la Versi\u00f3n Norte de la La Sal 2015. Han asistido al acto Javier Valencia,  Capit\u00e1n Mar\u00edtimo de Barcelona; Jaime Zaragoza,  Jefe de Seguridad Mar\u00edtima de Barcelona; Juan Carlos Mart\u00edn,  Sargento del Servicio Mar\u00edtimo de la GC. Los metereologos Tom\u00e1s Molina y Alejandro Mart\u00ednez. El Capit\u00e1n de Port Ginesta,  Rodrigo de Febrer. Esteba Ferres  de la Federaci\u00f3n Catalana de Vela. Artur Sotos y Vicente Domenech, coordinador de seguridad y Juez de la regata y Isabel Subirats,  Presidenta de ANAM.<\/p>\n","protected":false},"author":1,"featured_media":3680,"comment_status":"open","ping_status":"open","sticky":false,"template":"","format":"standard","meta":{"_acf_changed":false,"footnotes":""},"categories":[3],"tags":[],"acf":[],"yoast_head":"<!-- This site is optimized with the Yoast SEO plugin v23.0 - https:\/\/yoast.com\/wordpress\/plugins\/seo\/ -->\n<title>Reuni\u00f3n de Patrones | Regata La Ruta de la Sal<\/title>\n<meta name=\"robots\" content=\"noindex, follow, max-snippet:-1, max-image-preview:large, max-video-preview:-1\" \/>\n<meta property=\"og:locale\" content=\"es_ES\" \/>\n<meta property=\"og:type\" content=\"article\" \/>\n<meta property=\"og:title\" content=\"Reuni\u00f3n de Patrones | Regata La Ruta de la Sal\" \/>\n<meta property=\"og:description\" content=\"Esta tarde a las 18:00h se ha celebrado en Port Ginesta la Reuni\u00f3n de Patrones de la Versi\u00f3n Norte de la La Sal 2015. Han asistido al acto Javier Valencia, Capit\u00e1n Mar\u00edtimo de Barcelona; Jaime Zaragoza, Jefe de Seguridad Mar\u00edtima de Barcelona; Juan Carlos Mart\u00edn, Sargento del Servicio Mar\u00edtimo de la GC. Los metereologos Tom\u00e1s Molina y Alejandro Mart\u00ednez. El Capit\u00e1n de Port Ginesta, Rodrigo de Febrer. Esteba Ferres de la Federaci\u00f3n Catalana de Vela. Artur Sotos y Vicente Domenech, coordinador de seguridad y Juez de la regata y Isabel Subirats, Presidenta de ANAM.\" \/>\n<meta property=\"og:url\" content=\"https:\/\/labs.100x100.net\/projects\/rutasal\/reunion-de-patrones\/\" \/>\n<meta property=\"og:site_name\" content=\"Regata La Ruta de la Sal\" \/>\n<meta property=\"article:publisher\" content=\"https:\/\/www.facebook.com\/rutadelasal\/\" \/>\n<meta property=\"article:published_time\" content=\"2015-04-01T17:30:55+00:00\" \/>\n<meta property=\"article:modified_time\" content=\"2019-03-08T09:14:10+00:00\" \/>\n<meta property=\"og:image\" content=\"https:\/\/labs.100x100.net\/projects\/rutasal\/custom\/uploads\/2015\/04\/16814957638_3df4cf4c96_n.jpg\" \/>\n\t<meta property=\"og:image:width\" content=\"320\" \/>\n\t<meta property=\"og:image:height\" content=\"228\" \/>\n\t<meta property=\"og:image:type\" content=\"image\/jpeg\" \/>\n<meta name=\"author\" content=\"La Ruta de la Sal\" \/>\n<meta name=\"twitter:card\" content=\"summary_large_image\" \/>\n<meta name=\"twitter:creator\" content=\"@AnamMedi\" \/>\n<meta name=\"twitter:site\" content=\"@AnamMedi\" \/>\n<meta name=\"twitter:label1\" content=\"Escrito por\" \/>\n\t<meta name=\"twitter:data1\" content=\"La Ruta de la Sal\" \/>\n\t<meta name=\"twitter:label2\" content=\"Tiempo de lectura\" \/>\n\t<meta name=\"twitter:data2\" content=\"1 minuto\" \/>\n<script type=\"application\/ld+json\" class=\"yoast-schema-graph\">{\"@context\":\"https:\/\/schema.org\",\"@graph\":[{\"@type\":\"WebPage\",\"@id\":\"https:\/\/labs.100x100.net\/projects\/rutasal\/reunion-de-patrones\/\",\"url\":\"https:\/\/labs.100x100.net\/projects\/rutasal\/reunion-de-patrones\/\",\"name\":\"Reuni\u00f3n de Patrones | Regata La Ruta de la Sal\",\"isPartOf\":{\"@id\":\"https:\/\/labs.100x100.net\/projects\/rutasal\/#website\"},\"primaryImageOfPage\":{\"@id\":\"https:\/\/labs.100x100.net\/projects\/rutasal\/reunion-de-patrones\/#primaryimage\"},\"image\":{\"@id\":\"https:\/\/labs.100x100.net\/projects\/rutasal\/reunion-de-patrones\/#primaryimage\"},\"thumbnailUrl\":\"https:\/\/labs.100x100.net\/projects\/rutasal\/custom\/uploads\/2015\/04\/16814957638_3df4cf4c96_n.jpg\",\"datePublished\":\"2015-04-01T17:30:55+00:00\",\"dateModified\":\"2019-03-08T09:14:10+00:00\",\"author\":{\"@id\":\"https:\/\/labs.100x100.net\/projects\/rutasal\/#\/schema\/person\/214eeb4a2e78fd8373a0a94f6d93c9ca\"},\"breadcrumb\":{\"@id\":\"https:\/\/labs.100x100.net\/projects\/rutasal\/reunion-de-patrones\/#breadcrumb\"},\"inLanguage\":\"es\",\"potentialAction\":[{\"@type\":\"ReadAction\",\"target\":[\"https:\/\/labs.100x100.net\/projects\/rutasal\/reunion-de-patrones\/\"]}]},{\"@type\":\"ImageObject\",\"inLanguage\":\"es\",\"@id\":\"https:\/\/labs.100x100.net\/projects\/rutasal\/reunion-de-patrones\/#primaryimage\",\"url\":\"https:\/\/labs.100x100.net\/projects\/rutasal\/custom\/uploads\/2015\/04\/16814957638_3df4cf4c96_n.jpg\",\"contentUrl\":\"https:\/\/labs.100x100.net\/projects\/rutasal\/custom\/uploads\/2015\/04\/16814957638_3df4cf4c96_n.jpg\",\"width\":320,\"height\":228},{\"@type\":\"BreadcrumbList\",\"@id\":\"https:\/\/labs.100x100.net\/projects\/rutasal\/reunion-de-patrones\/#breadcrumb\",\"itemListElement\":[{\"@type\":\"ListItem\",\"position\":1,\"name\":\"Portada\",\"item\":\"https:\/\/labs.100x100.net\/projects\/rutasal\/\"},{\"@type\":\"ListItem\",\"position\":2,\"name\":\"Reuni\u00f3n de Patrones\"}]},{\"@type\":\"WebSite\",\"@id\":\"https:\/\/labs.100x100.net\/projects\/rutasal\/#website\",\"url\":\"https:\/\/labs.100x100.net\/projects\/rutasal\/\",\"name\":\"Regata La Ruta de la Sal\",\"description\":\"Regata La Ruta de la Sal es una regata de Altura Mediterr\u00e1nea para barcos de crucero a vela con destino en Ibiza, que se disputa anualmente en Semana Santa.\",\"potentialAction\":[{\"@type\":\"SearchAction\",\"target\":{\"@type\":\"EntryPoint\",\"urlTemplate\":\"https:\/\/labs.100x100.net\/projects\/rutasal\/?s={search_term_string}\"},\"query-input\":\"required name=search_term_string\"}],\"inLanguage\":\"es\"},{\"@type\":\"Person\",\"@id\":\"https:\/\/labs.100x100.net\/projects\/rutasal\/#\/schema\/person\/214eeb4a2e78fd8373a0a94f6d93c9ca\",\"name\":\"La Ruta de la Sal\",\"image\":{\"@type\":\"ImageObject\",\"inLanguage\":\"es\",\"@id\":\"https:\/\/labs.100x100.net\/projects\/rutasal\/#\/schema\/person\/image\/\",\"url\":\"https:\/\/secure.gravatar.com\/avatar\/b247286d4b801d6b1cfcfb3807587284?s=96&d=mm&r=g\",\"contentUrl\":\"https:\/\/secure.gravatar.com\/avatar\/b247286d4b801d6b1cfcfb3807587284?s=96&d=mm&r=g\",\"caption\":\"La Ruta de la Sal\"}}]}<\/script>\n<!-- \/ Yoast SEO plugin. -->","yoast_head_json":{"title":"Reuni\u00f3n de Patrones | Regata La Ruta de la Sal","robots":{"index":"noindex","follow":"follow","max-snippet":"max-snippet:-1","max-image-preview":"max-image-preview:large","max-video-preview":"max-video-preview:-1"},"og_locale":"es_ES","og_type":"article","og_title":"Reuni\u00f3n de Patrones | Regata La Ruta de la Sal","og_description":"Esta tarde a las 18:00h se ha celebrado en Port Ginesta la Reuni\u00f3n de Patrones de la Versi\u00f3n Norte de la La Sal 2015. Han asistido al acto Javier Valencia, Capit\u00e1n Mar\u00edtimo de Barcelona; Jaime Zaragoza, Jefe de Seguridad Mar\u00edtima de Barcelona; Juan Carlos Mart\u00edn, Sargento del Servicio Mar\u00edtimo de la GC. Los metereologos Tom\u00e1s Molina y Alejandro Mart\u00ednez. El Capit\u00e1n de Port Ginesta, Rodrigo de Febrer. Esteba Ferres de la Federaci\u00f3n Catalana de Vela. Artur Sotos y Vicente Domenech, coordinador de seguridad y Juez de la regata y Isabel Subirats, Presidenta de ANAM.","og_url":"https:\/\/labs.100x100.net\/projects\/rutasal\/reunion-de-patrones\/","og_site_name":"Regata La Ruta de la Sal","article_publisher":"https:\/\/www.facebook.com\/rutadelasal\/","article_published_time":"2015-04-01T17:30:55+00:00","article_modified_time":"2019-03-08T09:14:10+00:00","og_image":[{"width":320,"height":228,"url":"https:\/\/labs.100x100.net\/projects\/rutasal\/custom\/uploads\/2015\/04\/16814957638_3df4cf4c96_n.jpg","type":"image\/jpeg"}],"author":"La Ruta de la Sal","twitter_card":"summary_large_image","twitter_creator":"@AnamMedi","twitter_site":"@AnamMedi","twitter_misc":{"Escrito por":"La Ruta de la Sal","Tiempo de lectura":"1 minuto"},"schema":{"@context":"https:\/\/schema.org","@graph":[{"@type":"WebPage","@id":"https:\/\/labs.100x100.net\/projects\/rutasal\/reunion-de-patrones\/","url":"https:\/\/labs.100x100.net\/projects\/rutasal\/reunion-de-patrones\/","name":"Reuni\u00f3n de Patrones | Regata La Ruta de la Sal","isPartOf":{"@id":"https:\/\/labs.100x100.net\/projects\/rutasal\/#website"},"primaryImageOfPage":{"@id":"https:\/\/labs.100x100.net\/projects\/rutasal\/reunion-de-patrones\/#primaryimage"},"image":{"@id":"https:\/\/labs.100x100.net\/projects\/rutasal\/reunion-de-patrones\/#primaryimage"},"thumbnailUrl":"https:\/\/labs.100x100.net\/projects\/rutasal\/custom\/uploads\/2015\/04\/16814957638_3df4cf4c96_n.jpg","datePublished":"2015-04-01T17:30:55+00:00","dateModified":"2019-03-08T09:14:10+00:00","author":{"@id":"https:\/\/labs.100x100.net\/projects\/rutasal\/#\/schema\/person\/214eeb4a2e78fd8373a0a94f6d93c9ca"},"breadcrumb":{"@id":"https:\/\/labs.100x100.net\/projects\/rutasal\/reunion-de-patrones\/#breadcrumb"},"inLanguage":"es","potentialAction":[{"@type":"ReadAction","target":["https:\/\/labs.100x100.net\/projects\/rutasal\/reunion-de-patrones\/"]}]},{"@type":"ImageObject","inLanguage":"es","@id":"https:\/\/labs.100x100.net\/projects\/rutasal\/reunion-de-patrones\/#primaryimage","url":"https:\/\/labs.100x100.net\/projects\/rutasal\/custom\/uploads\/2015\/04\/16814957638_3df4cf4c96_n.jpg","contentUrl":"https:\/\/labs.100x100.net\/projects\/rutasal\/custom\/uploads\/2015\/04\/16814957638_3df4cf4c96_n.jpg","width":320,"height":228},{"@type":"BreadcrumbList","@id":"https:\/\/labs.100x100.net\/projects\/rutasal\/reunion-de-patrones\/#breadcrumb","itemListElement":[{"@type":"ListItem","position":1,"name":"Portada","item":"https:\/\/labs.100x100.net\/projects\/rutasal\/"},{"@type":"ListItem","position":2,"name":"Reuni\u00f3n de Patrones"}]},{"@type":"WebSite","@id":"https:\/\/labs.100x100.net\/projects\/rutasal\/#website","url":"https:\/\/labs.100x100.net\/projects\/rutasal\/","name":"Regata La Ruta de la Sal","description":"Regata La Ruta de la Sal es una regata de Altura Mediterr\u00e1nea para barcos de crucero a vela con destino en Ibiza, que se disputa anualmente en Semana Santa.","potentialAction":[{"@type":"SearchAction","target":{"@type":"EntryPoint","urlTemplate":"https:\/\/labs.100x100.net\/projects\/rutasal\/?s={search_term_string}"},"query-input":"required name=search_term_string"}],"inLanguage":"es"},{"@type":"Person","@id":"https:\/\/labs.100x100.net\/projects\/rutasal\/#\/schema\/person\/214eeb4a2e78fd8373a0a94f6d93c9ca","name":"La Ruta de la Sal","image":{"@type":"ImageObject","inLanguage":"es","@id":"https:\/\/labs.100x100.net\/projects\/rutasal\/#\/schema\/person\/image\/","url":"https:\/\/secure.gravatar.com\/avatar\/b247286d4b801d6b1cfcfb3807587284?s=96&d=mm&r=g","contentUrl":"https:\/\/secure.gravatar.com\/avatar\/b247286d4b801d6b1cfcfb3807587284?s=96&d=mm&r=g","caption":"La Ruta de la Sal"}}]}},"_links":{"self":[{"href":"https:\/\/labs.100x100.net\/projects\/rutasal\/wp-json\/wp\/v2\/posts\/1971"}],"collection":[{"href":"https:\/\/labs.100x100.net\/projects\/rutasal\/wp-json\/wp\/v2\/posts"}],"about":[{"href":"https:\/\/labs.100x100.net\/projects\/rutasal\/wp-json\/wp\/v2\/types\/post"}],"author":[{"embeddable":true,"href":"https:\/\/labs.100x100.net\/projects\/rutasal\/wp-json\/wp\/v2\/users\/1"}],"replies":[{"embeddable":true,"href":"https:\/\/labs.100x100.net\/projects\/rutasal\/wp-json\/wp\/v2\/comments?post=1971"}],"version-history":[{"count":1,"href":"https:\/\/labs.100x100.net\/projects\/rutasal\/wp-json\/wp\/v2\/posts\/1971\/revisions"}],"predecessor-version":[{"id":3426,"href":"https:\/\/labs.100x100.net\/projects\/rutasal\/wp-json\/wp\/v2\/posts\/1971\/revisions\/3426"}],"wp:featuredmedia":[{"embeddable":true,"href":"https:\/\/labs.100x100.net\/projects\/rutasal\/wp-json\/wp\/v2\/media\/3680"}],"wp:attachment":[{"href":"https:\/\/labs.100x100.net\/projects\/rutasal\/wp-json\/wp\/v2\/media?parent=1971"}],"wp:term":[{"taxonomy":"category","embeddable":true,"href":"https:\/\/labs.100x100.net\/projects\/rutasal\/wp-json\/wp\/v2\/categories?post=1971"},{"taxonomy":"post_tag","embeddable":true,"href":"https:\/\/labs.100x100.net\/projects\/rutasal\/wp-json\/wp\/v2\/tags?post=1971"}],"curies":[{"name":"wp","href":"https:\/\/api.w.org\/{rel}","templated":true}]}}