{"id":1967,"date":"2015-04-01T13:12:25","date_gmt":"2015-04-01T11:12:25","guid":{"rendered":"https:\/\/larutadelasal.com\/?p=1967"},"modified":"2019-03-08T11:14:41","modified_gmt":"2019-03-08T09:14:41","slug":"manana-comienza-la-ruta-de-la-sal-2015","status":"publish","type":"post","link":"https:\/\/labs.100x100.net\/projects\/rutasal\/manana-comienza-la-ruta-de-la-sal-2015\/","title":{"rendered":"MA\u00d1ANA, COMIENZA LA RUTA DE LA SAL 2015."},"content":{"rendered":"<h3>-.Con \u00a0150 \u00a0embarcaciones inscritas La Sal 2015 se consolida, un a\u00f1o m\u00e1s, como la regata de altura con m\u00e1s barcos en \u00a0competici\u00f3n de todo el Mediterr\u00e1neo.<\/h3>\n<h3>&#8211; 150 embarcaciones y m\u00e1s de 1.000 \u00a0regatistas participaran en la Ruta de la Sal \u2013Trofeo Pepe Ferres 2015.<\/h3>\n<h3>-.Los equipos m\u00e1s r\u00e1pidos de la edici\u00f3n del \u00a02014 confirman su participaci\u00f3n en La Sal 2015;<\/h3>\n<h3>-.\u201dCoratge\u201d de \u00a0Manel Jane y \u201cCafe del Mar\u201d de Juan Carlos Sanchis vencedores \u00a0absolutos de La Ruta de La Sal 2014 defender\u00e1n sus t\u00edtulos.<\/h3>\n<p style=\"text-align: center;\"><a title=\"27 La Ruta de La Sal 2014 (Trofeo Pepe Ferr\u00e9s)\" href=\"#\"><img loading=\"lazy\" decoding=\"async\" class=\"aligncenter\" title=\"27 La Ruta de La Sal 2014 (Trofeo Pepe Ferr\u00e9s)\" src=\"http:\/\/farm4.staticflickr.com\/3665\/13910168523_a471e4a8b5.jpg\" alt=\"27 La Ruta de La Sal 2014 (Trofeo Pepe Ferr\u00e9s)\" width=\"500\" height=\"352\" \/><\/a><\/p>\n<p><strong>Ma\u00f1ana d\u00eda 2 de Abril, \u00a0Jueves Santo, \u00a0comenzara la 28 edici\u00f3n de la Regata de Altura de la Ruta de la Sal, con salidas desde Port Ginesta en Barcelona para la Versi\u00f3n Norte de la regata y desde Denia para Versi\u00f3n Este, con llegada, en ambos casos, en Sant Antoni de Portmany en Ibiza.<\/strong><\/p>\n<p>La salida de la Versi\u00f3n Norte de La Sal, en la que van a competir unas \u00a060 \u00a0embarcaciones tripuladas por m\u00e1s \u00a0de 400 \u00a0regatistas est\u00e1 prevista para ma\u00f1ana, Jueves Santo, \u00a0a las 09:00h desde el CM Port Ginesta en Barcelona. La flota \u00a0cubrir\u00e1 un recorrido de 140 millas con rumbo directo hasta el CN Sant Antoni de Portmany en Ibiza.<\/p>\n<p>La Versi\u00f3n Este, con 90 veleros tripulados por unos 600 deportistas inscritos, tomara la salida a las 14:00 h de ma\u00f1ana, 2 de abril, \u00a0desde el RC N\u00e1utico de Denia. Los participantes \u00a0se ver\u00e1n obligados a navegar por un circuito de 120 millas que exige tomar Formentera y \u00a0el islote de Tagomago por babor y costear por el \u00a0norte de Ibiza hasta Sant Antoni. La l\u00ednea de llegada, para ambas Versiones, estar\u00e1 situada en Cab Negret, a unas dos millas al norte del puerto de Sant Antoni de Portmany.<\/p>\n<p style=\"text-align: center;\"><a title=\"_AFB6648\" href=\"#\"><img loading=\"lazy\" decoding=\"async\" class=\"aligncenter\" title=\"_AFB6648\" src=\"http:\/\/farm4.staticflickr.com\/3791\/13914331172_e3fe936a18.jpg\" alt=\"_AFB6648\" width=\"500\" height=\"352\" \/><\/a><\/p>\n<p>Se prev\u00e9 que los barcos m\u00e1s r\u00e1pidos, podr\u00edan llegar \u00a0a Sant Antoni de Portmany \u00a0 a partir de la madrugada o primeras horas del \u00a0viernes 3 de abril y, dependiendo \u00a0de las condiciones meteorol\u00f3gicas que finalmente predominen en el Mar Balear durante las pr\u00f3ximas 72 horas, se prolongar\u00edan hasta la ma\u00f1ana del s\u00e1bado 4 de abril del 2015.<\/p>\n<p>Como referencia indicar que hasta la fecha el barco m\u00e1s r\u00e1pido en recorrer las 140 millas de la Versi\u00f3n Norte ha sido el \u00a0velero Alem\u00e1n \u201cCaro\u201d \u00a0con un registro, de tan solo 13 horas, 18 minutos y 54 segundos. \u00a0Acreditando una velocidad media durante toda traves\u00eda superior a los 10,70 nudos. En la Versi\u00f3n Este el record tiempo se sit\u00faa en 13 horas, 10 minutos y 15 segundos \u00a0que apunto el \u201cPlis-Play\u201d en la regata del 2012.<\/p>\n<p>Como equipos a tener en cuenta, por ser los ganadores de la pasada edici\u00f3n de La Sal \u00a0; el Swam 45 \u201cCoratge\u201d de Manel Jane vencedor \u00a0absoluto de la Versi\u00f3n Norte de La Sal 2014, quien tambi\u00e9n logro adjudicarse la victoria en \u00a0Tiempo Real \u00a0con un registro de 26h, 39m. Un equipo muy competitivo y un armador \u00a0que, parad\u00f3jicamente, \u00a0fue vencedor absoluto de la primera y segunda edici\u00f3n de La Ruta de La Sal, disputadas en 1989 y 1990, respectivamente.<\/p>\n<p style=\"text-align: center;\"><a title=\"27 La Ruta de La Sal 2014 (Trofeo Pepe Ferr\u00e9s)\" href=\"#\"><img loading=\"lazy\" decoding=\"async\" class=\"aligncenter\" title=\"27 La Ruta de La Sal 2014 (Trofeo Pepe Ferr\u00e9s)\" src=\"http:\/\/farm4.staticflickr.com\/3701\/13910122965_231a941e5c.jpg\" alt=\"27 La Ruta de La Sal 2014 (Trofeo Pepe Ferr\u00e9s)\" width=\"500\" height=\"352\" \/><\/a><\/p>\n<p>En la Versi\u00f3n Este, el \u00a0 J92S \u00abCaf\u00e9 del Mar\u00bb de Juan Carlos Sanchis ganador absoluto \u00a0de la cita del 2014 \u00a0con un registro de 32h, 59m, 17s, ser\u00e1 la referencia obligada; el barco a batir. Un desaf\u00edo potente, muy conocedor de las aguas donde se desarrolla esta largada de La Sal que ya fue vencedor absoluto en la edici\u00f3n del 2013. Lo que sit\u00faa al \u201cCaf\u00e9 del Mar\u201d \u00a0en una posici\u00f3n perfecta para, si consigue vencer en la regata de este a\u00f1o, convertirse en el primer equipo que consigue tres victorias consecutivas en la Ruta de La Sal. Todo un dif\u00edcil record deportivo.<\/p>\n<p>Las predicciones meteorol\u00f3gicas apuntan a que La Sal 2015 se va a navegar \u00a0 , bajo vientos dominantes de componente sur que, para el caso de la Versi\u00f3n Norte oscilaran entre SO\/SSO y S con intensidades medias de entre fuerza 2\/3, con algunas puntas de 4 en las horas centrales del d\u00eda. En la Versi\u00f3n Este ser\u00e1n de SE\/SSE y S con bandas de fuerza 1 a 3. \u00a0En las costa de Sant Antoni a partir de la madrugada del viernes 3, cuando podr\u00edan empezar a llegar los barcos m\u00e1s r\u00e1pidos, los vientos ser\u00e1n del SSE\/SE que el s\u00e1bado ir\u00e1n rolando hacia el E, con intensidades de fuerza 1 a 3. En la Versi\u00f3n Norte \u00a0el estado de la mar ser\u00e1 bueno, predominando la marejadilla con algunas \u00e1reas puntuales de marejada. En la regata desde Denia; \u00a0marejadilla y en ocasiones mar en calma.<\/p>\n<p style=\"text-align: center;\"><a title=\"27 La Ruta de La Sal 2014 (Trofeo Pepe Ferr\u00e9s)\" href=\"#\"><img loading=\"lazy\" decoding=\"async\" class=\"aligncenter\" title=\"27 La Ruta de La Sal 2014 (Trofeo Pepe Ferr\u00e9s)\" src=\"http:\/\/farm8.staticflickr.com\/7305\/13910157143_01644d1cfb.jpg\" alt=\"27 La Ruta de La Sal 2014 (Trofeo Pepe Ferr\u00e9s)\" width=\"500\" height=\"352\" \/><\/a><\/p>\n<p><strong>Unos \u00a0escenarios \u00a0que dibujan, para la flota de la Versi\u00f3n Norte, una regata muy t\u00e1ctica marcada por vientos relativamente variables de proa. Una competici\u00f3n donde los \u00a0micro-climas zonales, las corrientes de superficie y las estrategias generales de aproximaci\u00f3n a Ibiza ser\u00e1n \u00a0determinantes. Para la Versi\u00f3n Este ser\u00e1, en principio, \u00a0una regata relativamente \u00a0r\u00e1pida cuya dificultad, bajo aspectos t\u00e1cticos, va a situarse en el tramo desde el islote de Tagomago hasta la l\u00ednea de llegada en Sant Antoni de Portmany. A nivel general d\u00edas muy soleados, horario de verano y, seg\u00fan como, las inestabilidades propias del cambio de luna del pasado \u00a0domingo 30 de Marzo.<\/strong><\/p>\n<p><strong>El s\u00e1bado 4 de abril sobre las 12:00 h esta prevista, en el Club N\u00e1utico de Sant Antoni una \u00a0Rueda de Prensa con los ganadores absolutos de La Sal 2015. A las 20:00 h en la Carpa de la Sal tendr\u00e1 lugar el Acto Oficial de Entrega de Trofeos y al finalizar \u00a0la Cena Bufet y Fiesta de La Sal de esta 28 edici\u00f3n de La Sal.-Trofeo Pepe Ferres.<\/strong><\/p>\n<p>La p\u00e1gina Web de la Ruta de La Sal \u2013 https:\/\/larutadelasal.com \u2013 ofrecer\u00e1 informaciones peri\u00f3dicas, e im\u00e1genes, sobre el desarrollo organizativo y deportivo de esta regata.<\/p>\n<p>LA RUTA DE LA SAL; ORGANIZA; Associaci\u00f3 de Navegants d\u2019Altura MEDITERRANIS \u2013 ANAM- en colaboraci\u00f3n con \u00a0el Club Maritim Port Ginesta, Real Club Nautico de Denia y Club N\u00e1utico St. Antoni<br \/>\nPATROCINAN; Trasmediterr\u00e1nea , Sal\u00f3n N\u00e1utico Internacional de Barcelona, Gramona, Ausmar, Origin Marine, Louis Chevrolet, el reloj oficial de la regata, Pantaenius y \u00a0Skipper como revista oficial.<\/p>\n","protected":false},"excerpt":{"rendered":"<p>-.Con  150  embarcaciones inscritas La Sal 2015 se consolida, un a\u00f1o m\u00e1s, como la regata de altura con m\u00e1s barcos en  competici\u00f3n de todo el Mediterr\u00e1neo.<\/p>\n<p>&#8211; 150 embarcaciones y m\u00e1s de 1.000  regatistas participaran en la Ruta de la Sal \u2013Trofeo Pepe Ferres 2015.<\/p>\n<p>-.Los equipos m\u00e1s r\u00e1pidos de la edici\u00f3n del  2014 confirman su participaci\u00f3n en La Sal 2015;<\/p>\n<p>-.\u201dCoratge\u201d de  Manel Jane y \u201cCafe del Mar\u201d de Juan Carlos Sanchis vencedores  absolutos de La Ruta de La Sal 2014 defender\u00e1n sus t\u00edtulos.<\/p>\n","protected":false},"author":1,"featured_media":3681,"comment_status":"open","ping_status":"open","sticky":false,"template":"","format":"standard","meta":{"_acf_changed":false,"footnotes":""},"categories":[3],"tags":[],"acf":[],"yoast_head":"<!-- This site is optimized with the Yoast SEO plugin v23.0 - https:\/\/yoast.com\/wordpress\/plugins\/seo\/ -->\n<title>MA\u00d1ANA, COMIENZA LA RUTA DE LA SAL 2015. | Regata La Ruta de la Sal<\/title>\n<meta name=\"robots\" content=\"noindex, follow, max-snippet:-1, max-image-preview:large, max-video-preview:-1\" \/>\n<meta property=\"og:locale\" content=\"es_ES\" \/>\n<meta property=\"og:type\" content=\"article\" \/>\n<meta property=\"og:title\" content=\"MA\u00d1ANA, COMIENZA LA RUTA DE LA SAL 2015. | Regata La Ruta de la Sal\" \/>\n<meta property=\"og:description\" content=\"-.Con 150 embarcaciones inscritas La Sal 2015 se consolida, un a\u00f1o m\u00e1s, como la regata de altura con m\u00e1s barcos en competici\u00f3n de todo el Mediterr\u00e1neo.  - 150 embarcaciones y m\u00e1s de 1.000 regatistas participaran en la Ruta de la Sal \u2013Trofeo Pepe Ferres 2015.  -.Los equipos m\u00e1s r\u00e1pidos de la edici\u00f3n del 2014 confirman su participaci\u00f3n en La Sal 2015;  -.\u201dCoratge\u201d de Manel Jane y \u201cCafe del Mar\u201d de Juan Carlos Sanchis vencedores absolutos de La Ruta de La Sal 2014 defender\u00e1n sus t\u00edtulos.\" \/>\n<meta property=\"og:url\" content=\"https:\/\/labs.100x100.net\/projects\/rutasal\/manana-comienza-la-ruta-de-la-sal-2015\/\" \/>\n<meta property=\"og:site_name\" content=\"Regata La Ruta de la Sal\" \/>\n<meta property=\"article:publisher\" content=\"https:\/\/www.facebook.com\/rutadelasal\/\" \/>\n<meta property=\"article:published_time\" content=\"2015-04-01T11:12:25+00:00\" \/>\n<meta property=\"article:modified_time\" content=\"2019-03-08T09:14:41+00:00\" \/>\n<meta property=\"og:image\" content=\"https:\/\/labs.100x100.net\/projects\/rutasal\/custom\/uploads\/2015\/04\/13914331172_e3fe936a18.jpg\" \/>\n\t<meta property=\"og:image:width\" content=\"500\" \/>\n\t<meta property=\"og:image:height\" content=\"352\" \/>\n\t<meta property=\"og:image:type\" content=\"image\/jpeg\" \/>\n<meta name=\"author\" content=\"La Ruta de la Sal\" \/>\n<meta name=\"twitter:card\" content=\"summary_large_image\" \/>\n<meta name=\"twitter:creator\" content=\"@AnamMedi\" \/>\n<meta name=\"twitter:site\" content=\"@AnamMedi\" \/>\n<meta name=\"twitter:label1\" content=\"Escrito por\" \/>\n\t<meta name=\"twitter:data1\" content=\"La Ruta de la Sal\" \/>\n\t<meta name=\"twitter:label2\" content=\"Tiempo de lectura\" \/>\n\t<meta name=\"twitter:data2\" content=\"5 minutos\" \/>\n<script type=\"application\/ld+json\" class=\"yoast-schema-graph\">{\"@context\":\"https:\/\/schema.org\",\"@graph\":[{\"@type\":\"WebPage\",\"@id\":\"https:\/\/labs.100x100.net\/projects\/rutasal\/manana-comienza-la-ruta-de-la-sal-2015\/\",\"url\":\"https:\/\/labs.100x100.net\/projects\/rutasal\/manana-comienza-la-ruta-de-la-sal-2015\/\",\"name\":\"MA\u00d1ANA, COMIENZA LA RUTA DE LA SAL 2015. | Regata La Ruta de la Sal\",\"isPartOf\":{\"@id\":\"https:\/\/labs.100x100.net\/projects\/rutasal\/#website\"},\"primaryImageOfPage\":{\"@id\":\"https:\/\/labs.100x100.net\/projects\/rutasal\/manana-comienza-la-ruta-de-la-sal-2015\/#primaryimage\"},\"image\":{\"@id\":\"https:\/\/labs.100x100.net\/projects\/rutasal\/manana-comienza-la-ruta-de-la-sal-2015\/#primaryimage\"},\"thumbnailUrl\":\"https:\/\/labs.100x100.net\/projects\/rutasal\/custom\/uploads\/2015\/04\/13914331172_e3fe936a18.jpg\",\"datePublished\":\"2015-04-01T11:12:25+00:00\",\"dateModified\":\"2019-03-08T09:14:41+00:00\",\"author\":{\"@id\":\"https:\/\/labs.100x100.net\/projects\/rutasal\/#\/schema\/person\/214eeb4a2e78fd8373a0a94f6d93c9ca\"},\"breadcrumb\":{\"@id\":\"https:\/\/labs.100x100.net\/projects\/rutasal\/manana-comienza-la-ruta-de-la-sal-2015\/#breadcrumb\"},\"inLanguage\":\"es\",\"potentialAction\":[{\"@type\":\"ReadAction\",\"target\":[\"https:\/\/labs.100x100.net\/projects\/rutasal\/manana-comienza-la-ruta-de-la-sal-2015\/\"]}]},{\"@type\":\"ImageObject\",\"inLanguage\":\"es\",\"@id\":\"https:\/\/labs.100x100.net\/projects\/rutasal\/manana-comienza-la-ruta-de-la-sal-2015\/#primaryimage\",\"url\":\"https:\/\/labs.100x100.net\/projects\/rutasal\/custom\/uploads\/2015\/04\/13914331172_e3fe936a18.jpg\",\"contentUrl\":\"https:\/\/labs.100x100.net\/projects\/rutasal\/custom\/uploads\/2015\/04\/13914331172_e3fe936a18.jpg\",\"width\":500,\"height\":352},{\"@type\":\"BreadcrumbList\",\"@id\":\"https:\/\/labs.100x100.net\/projects\/rutasal\/manana-comienza-la-ruta-de-la-sal-2015\/#breadcrumb\",\"itemListElement\":[{\"@type\":\"ListItem\",\"position\":1,\"name\":\"Portada\",\"item\":\"https:\/\/labs.100x100.net\/projects\/rutasal\/\"},{\"@type\":\"ListItem\",\"position\":2,\"name\":\"MA\u00d1ANA, COMIENZA LA RUTA DE LA SAL 2015.\"}]},{\"@type\":\"WebSite\",\"@id\":\"https:\/\/labs.100x100.net\/projects\/rutasal\/#website\",\"url\":\"https:\/\/labs.100x100.net\/projects\/rutasal\/\",\"name\":\"Regata La Ruta de la Sal\",\"description\":\"Regata La Ruta de la Sal es una regata de Altura Mediterr\u00e1nea para barcos de crucero a vela con destino en Ibiza, que se disputa anualmente en Semana Santa.\",\"potentialAction\":[{\"@type\":\"SearchAction\",\"target\":{\"@type\":\"EntryPoint\",\"urlTemplate\":\"https:\/\/labs.100x100.net\/projects\/rutasal\/?s={search_term_string}\"},\"query-input\":\"required name=search_term_string\"}],\"inLanguage\":\"es\"},{\"@type\":\"Person\",\"@id\":\"https:\/\/labs.100x100.net\/projects\/rutasal\/#\/schema\/person\/214eeb4a2e78fd8373a0a94f6d93c9ca\",\"name\":\"La Ruta de la Sal\",\"image\":{\"@type\":\"ImageObject\",\"inLanguage\":\"es\",\"@id\":\"https:\/\/labs.100x100.net\/projects\/rutasal\/#\/schema\/person\/image\/\",\"url\":\"https:\/\/secure.gravatar.com\/avatar\/b247286d4b801d6b1cfcfb3807587284?s=96&d=mm&r=g\",\"contentUrl\":\"https:\/\/secure.gravatar.com\/avatar\/b247286d4b801d6b1cfcfb3807587284?s=96&d=mm&r=g\",\"caption\":\"La Ruta de la Sal\"}}]}<\/script>\n<!-- \/ Yoast SEO plugin. -->","yoast_head_json":{"title":"MA\u00d1ANA, COMIENZA LA RUTA DE LA SAL 2015. | Regata La Ruta de la Sal","robots":{"index":"noindex","follow":"follow","max-snippet":"max-snippet:-1","max-image-preview":"max-image-preview:large","max-video-preview":"max-video-preview:-1"},"og_locale":"es_ES","og_type":"article","og_title":"MA\u00d1ANA, COMIENZA LA RUTA DE LA SAL 2015. | Regata La Ruta de la Sal","og_description":"-.Con 150 embarcaciones inscritas La Sal 2015 se consolida, un a\u00f1o m\u00e1s, como la regata de altura con m\u00e1s barcos en competici\u00f3n de todo el Mediterr\u00e1neo.  - 150 embarcaciones y m\u00e1s de 1.000 regatistas participaran en la Ruta de la Sal \u2013Trofeo Pepe Ferres 2015.  -.Los equipos m\u00e1s r\u00e1pidos de la edici\u00f3n del 2014 confirman su participaci\u00f3n en La Sal 2015;  -.\u201dCoratge\u201d de Manel Jane y \u201cCafe del Mar\u201d de Juan Carlos Sanchis vencedores absolutos de La Ruta de La Sal 2014 defender\u00e1n sus t\u00edtulos.","og_url":"https:\/\/labs.100x100.net\/projects\/rutasal\/manana-comienza-la-ruta-de-la-sal-2015\/","og_site_name":"Regata La Ruta de la Sal","article_publisher":"https:\/\/www.facebook.com\/rutadelasal\/","article_published_time":"2015-04-01T11:12:25+00:00","article_modified_time":"2019-03-08T09:14:41+00:00","og_image":[{"width":500,"height":352,"url":"https:\/\/labs.100x100.net\/projects\/rutasal\/custom\/uploads\/2015\/04\/13914331172_e3fe936a18.jpg","type":"image\/jpeg"}],"author":"La Ruta de la Sal","twitter_card":"summary_large_image","twitter_creator":"@AnamMedi","twitter_site":"@AnamMedi","twitter_misc":{"Escrito por":"La Ruta de la Sal","Tiempo de lectura":"5 minutos"},"schema":{"@context":"https:\/\/schema.org","@graph":[{"@type":"WebPage","@id":"https:\/\/labs.100x100.net\/projects\/rutasal\/manana-comienza-la-ruta-de-la-sal-2015\/","url":"https:\/\/labs.100x100.net\/projects\/rutasal\/manana-comienza-la-ruta-de-la-sal-2015\/","name":"MA\u00d1ANA, COMIENZA LA RUTA DE LA SAL 2015. | Regata La Ruta de la Sal","isPartOf":{"@id":"https:\/\/labs.100x100.net\/projects\/rutasal\/#website"},"primaryImageOfPage":{"@id":"https:\/\/labs.100x100.net\/projects\/rutasal\/manana-comienza-la-ruta-de-la-sal-2015\/#primaryimage"},"image":{"@id":"https:\/\/labs.100x100.net\/projects\/rutasal\/manana-comienza-la-ruta-de-la-sal-2015\/#primaryimage"},"thumbnailUrl":"https:\/\/labs.100x100.net\/projects\/rutasal\/custom\/uploads\/2015\/04\/13914331172_e3fe936a18.jpg","datePublished":"2015-04-01T11:12:25+00:00","dateModified":"2019-03-08T09:14:41+00:00","author":{"@id":"https:\/\/labs.100x100.net\/projects\/rutasal\/#\/schema\/person\/214eeb4a2e78fd8373a0a94f6d93c9ca"},"breadcrumb":{"@id":"https:\/\/labs.100x100.net\/projects\/rutasal\/manana-comienza-la-ruta-de-la-sal-2015\/#breadcrumb"},"inLanguage":"es","potentialAction":[{"@type":"ReadAction","target":["https:\/\/labs.100x100.net\/projects\/rutasal\/manana-comienza-la-ruta-de-la-sal-2015\/"]}]},{"@type":"ImageObject","inLanguage":"es","@id":"https:\/\/labs.100x100.net\/projects\/rutasal\/manana-comienza-la-ruta-de-la-sal-2015\/#primaryimage","url":"https:\/\/labs.100x100.net\/projects\/rutasal\/custom\/uploads\/2015\/04\/13914331172_e3fe936a18.jpg","contentUrl":"https:\/\/labs.100x100.net\/projects\/rutasal\/custom\/uploads\/2015\/04\/13914331172_e3fe936a18.jpg","width":500,"height":352},{"@type":"BreadcrumbList","@id":"https:\/\/labs.100x100.net\/projects\/rutasal\/manana-comienza-la-ruta-de-la-sal-2015\/#breadcrumb","itemListElement":[{"@type":"ListItem","position":1,"name":"Portada","item":"https:\/\/labs.100x100.net\/projects\/rutasal\/"},{"@type":"ListItem","position":2,"name":"MA\u00d1ANA, COMIENZA LA RUTA DE LA SAL 2015."}]},{"@type":"WebSite","@id":"https:\/\/labs.100x100.net\/projects\/rutasal\/#website","url":"https:\/\/labs.100x100.net\/projects\/rutasal\/","name":"Regata La Ruta de la Sal","description":"Regata La Ruta de la Sal es una regata de Altura Mediterr\u00e1nea para barcos de crucero a vela con destino en Ibiza, que se disputa anualmente en Semana Santa.","potentialAction":[{"@type":"SearchAction","target":{"@type":"EntryPoint","urlTemplate":"https:\/\/labs.100x100.net\/projects\/rutasal\/?s={search_term_string}"},"query-input":"required name=search_term_string"}],"inLanguage":"es"},{"@type":"Person","@id":"https:\/\/labs.100x100.net\/projects\/rutasal\/#\/schema\/person\/214eeb4a2e78fd8373a0a94f6d93c9ca","name":"La Ruta de la Sal","image":{"@type":"ImageObject","inLanguage":"es","@id":"https:\/\/labs.100x100.net\/projects\/rutasal\/#\/schema\/person\/image\/","url":"https:\/\/secure.gravatar.com\/avatar\/b247286d4b801d6b1cfcfb3807587284?s=96&d=mm&r=g","contentUrl":"https:\/\/secure.gravatar.com\/avatar\/b247286d4b801d6b1cfcfb3807587284?s=96&d=mm&r=g","caption":"La Ruta de la Sal"}}]}},"_links":{"self":[{"href":"https:\/\/labs.100x100.net\/projects\/rutasal\/wp-json\/wp\/v2\/posts\/1967"}],"collection":[{"href":"https:\/\/labs.100x100.net\/projects\/rutasal\/wp-json\/wp\/v2\/posts"}],"about":[{"href":"https:\/\/labs.100x100.net\/projects\/rutasal\/wp-json\/wp\/v2\/types\/post"}],"author":[{"embeddable":true,"href":"https:\/\/labs.100x100.net\/projects\/rutasal\/wp-json\/wp\/v2\/users\/1"}],"replies":[{"embeddable":true,"href":"https:\/\/labs.100x100.net\/projects\/rutasal\/wp-json\/wp\/v2\/comments?post=1967"}],"version-history":[{"count":1,"href":"https:\/\/labs.100x100.net\/projects\/rutasal\/wp-json\/wp\/v2\/posts\/1967\/revisions"}],"predecessor-version":[{"id":3425,"href":"https:\/\/labs.100x100.net\/projects\/rutasal\/wp-json\/wp\/v2\/posts\/1967\/revisions\/3425"}],"wp:featuredmedia":[{"embeddable":true,"href":"https:\/\/labs.100x100.net\/projects\/rutasal\/wp-json\/wp\/v2\/media\/3681"}],"wp:attachment":[{"href":"https:\/\/labs.100x100.net\/projects\/rutasal\/wp-json\/wp\/v2\/media?parent=1967"}],"wp:term":[{"taxonomy":"category","embeddable":true,"href":"https:\/\/labs.100x100.net\/projects\/rutasal\/wp-json\/wp\/v2\/categories?post=1967"},{"taxonomy":"post_tag","embeddable":true,"href":"https:\/\/labs.100x100.net\/projects\/rutasal\/wp-json\/wp\/v2\/tags?post=1967"}],"curies":[{"name":"wp","href":"https:\/\/api.w.org\/{rel}","templated":true}]}}