{"id":1954,"date":"2015-03-28T16:31:17","date_gmt":"2015-03-28T14:31:17","guid":{"rendered":"https:\/\/larutadelasal.com\/?p=1954"},"modified":"2019-03-08T11:15:18","modified_gmt":"2019-03-08T09:15:18","slug":"avance-informativo-1-la-ruta-de-la-sal-2015","status":"publish","type":"post","link":"https:\/\/labs.100x100.net\/projects\/rutasal\/avance-informativo-1-la-ruta-de-la-sal-2015\/","title":{"rendered":"AVANCE INFORMATIVO 1 &#8211; LA RUTA DE LA SAL 2015"},"content":{"rendered":"<h1 style=\"text-align: justify;\">TODO A PUNTO PARA LA SALIDA: RUMBO A IBIZA<\/h1>\n<h2 style=\"text-align: justify;\">&#8211; 150 embarcaciones y cerca de 1.000 \u00a0regatistas participaran en la Ruta de la Sal \u2013Trofeo Pepe Ferres 2015.<\/h2>\n<h2 style=\"text-align: justify;\">-.Los equipos m\u00e1s r\u00e1pidos de la edici\u00f3n del \u00a02014 confirman su participaci\u00f3n en La Sal 2015;<\/h2>\n<h2 style=\"text-align: justify;\">-.\u201dCoratge \u201d de \u00a0Manel Jane y \u201cCafe del Mar\u201d de Juan Carlos Sanchis vencedores \u00a0absolutos de La Ruta de La Sal 2014 defender\u00e1n sus t\u00edtulos.<\/h2>\n<p style=\"text-align: justify;\"><strong>El pr\u00f3ximo d\u00eda 2 de Abril, \u00a0Jueves Santo, \u00a0comenzara la 28 edici\u00f3n de la Regata de Altura de la Ruta de la Sal con salidas desde Port Ginesta en Barcelona para la Versi\u00f3n Norte de la regata y desde Denia para Versi\u00f3n Este, con llegada, en ambos casos, en Sant Antoni de Portmany en Ibiza.<\/strong><\/p>\n<p style=\"text-align: justify;\"><strong>Con unas 150 \u00a0embarcaciones inscritas \u00a0La Sal 2015 se consolida, un a\u00f1o m\u00e1s, como la regata de altura con m\u00e1s barcos en \u00a0competici\u00f3n de todo el Mediterr\u00e1neo.<\/strong><\/p>\n<p style=\"text-align: justify;\"><strong>En la versi\u00f3n Norte, de Barcelona a Sant Antoni de Portmany en Ibiza, competir\u00e1n, pendiente de los cierres finales de las inscripciones, alrededor de \u00a060 embarcaciones tripuladas por unos 400 \u00a0regatistas<\/strong>. La flota incluir\u00e1 a una potente representaci\u00f3n equipos de los litorales Catalanes; unos \u00a025 \u00a0clubes n\u00e1uticos, marinas y asociaciones deportivas representadas. \u00a0Una sensible entrada de barcos de las Islas Baleares con tripulaciones de Mallorca, Menorca e Ibiza y, finalmente, \u00a0unas 16 embarcaciones extranjeras, con pabellones de Rusia, Italia, B\u00e9lgica, Holanda, Alemania, Inglaterra y, muy especialmente Francia que entra en la competici\u00f3n con m\u00e1s de 7 desaf\u00edos. Confirmando, de alguna manera, una internacionalidad que cada a\u00f1o se hace m\u00e1s evidente, en la que entran en juego tanto equipos extranjeros formados por \u00a0residentes comunitarios con embarcaciones con base en puertos espa\u00f1oles del mediterr\u00e1neo occidental. Como equipos que se trasladan desde sus pa\u00edses de origen para tomar parte en La Sal, caso de la totalidad de los barcos franceses que, en su mayor\u00eda provienen de puertos de las costas Mediterr\u00e1neas del Languedoc-Rosell\u00f3n y Provenza-Costa Azul.<\/p>\n<p style=\"text-align: center;\"><a title=\"27 La Ruta de La Sal 2014 (Trofeo Pepe Ferr\u00e9s)\" href=\"#\"><img loading=\"lazy\" decoding=\"async\" class=\"aligncenter\" title=\"27 La Ruta de La Sal 2014 (Trofeo Pepe Ferr\u00e9s)\" src=\"http:\/\/farm8.staticflickr.com\/7329\/13924479571_73ecd741a8.jpg\" alt=\"27 La Ruta de La Sal 2014 (Trofeo Pepe Ferr\u00e9s)\" width=\"500\" height=\"352\" \/><\/a><\/p>\n<p style=\"text-align: justify;\">En la salida desde Barcelona van a participar, entre otros, \u00a0un importante n\u00famero de equipos que, en su conjunto, acumulan magn\u00edficos resultados deportivos en diferentes ediciones de La Sal;<strong> El barco a batir ser\u00e1, sin duda alguna, \u00a0el Swam 45 \u201cCoratge\u201d de Manel Jane vencedor \u00a0absoluto de la Versi\u00f3n Norte de La Sal 2014, quien tambi\u00e9n logro adjudicarse la victoria en \u00a0Tiempo Real \u00a0con un registro de 26h, 39m.<\/strong> Un equipo muy competitivo y un armador \u00a0que, parad\u00f3jicamente, \u00a0fue vencedor absoluto de la primera y segunda edici\u00f3n de La Ruta de La Sal, disputadas en 1989 y 1990, respectivamente.<\/p>\n<p style=\"text-align: justify;\">Tambi\u00e9n \u00a0con opciones a p\u00f3dium \u00a0en esta singladura desde la Ciudad Condal \u00a0el Hanse 461 \u00abThe Best Skipper\u00bbde Enrique Curt, ganador absoluto de la Versi\u00f3n Norte de la regata en el 2013 que, en el 2014 no pudo defender su t\u00edtulo por encontrarse en aguas del Caribe tras ganar el Gran Prix de Atl\u00e1ntico 2014. El \u00a0Swam 56 \u00bb Clem\u00bb de Amanda Hatley, \u00a0tercero en la general del 2013 y ganador en Tiempo Real de este recorrido con un registro de 21 h,18 m y 19 s, equipo \u00a0ganador absoluto en la Versi\u00f3n Norte de La Sal del 2009 y 2010 a\u00f1o en que adem\u00e1s fue el m\u00e1s r\u00e1pido en tiempo real. &#8211; 21 h, 16 m.- .Tambi\u00e9n el velero alem\u00e1n \u00abCaro\u00bb de Maximilian Klink, un Judel\/Vrolijk 50 \u00a0que acumula tres importantes victorias en la Versi\u00f3n Norte de Ruta de La Sal; En el 2007, fue vencedor absoluto en tiempo real y compensado, lo que le convirti\u00f3 en el primer barco extranjero que lograba vencer en la regata. En el 2011, \u00abCaro\u00bb fue el m\u00e1s r\u00e1pido en cubrir las 140 millas desde Port Ginesta hasta San Antoni de Portamny \u00a0con un registro, de tan solo 13 horas, 18 minutos y 54 segundos. Acreditando una velocidad media durante toda traves\u00eda superior a los 10,70 nudos. Estableciendo un record para esta \u00a0singladura que, normalmente, ser\u00e1 muy dif\u00edcil de superar; un desafi\u00f3 extremadamente competitivo que este a\u00f1o tratar\u00e1 de volver a subir al podio.<\/p>\n<p style=\"text-align: center;\"><a title=\"26 La Ruta de la Sal 2013 (Trofeo Pepe Ferr\u00e9s) \u00a9 AlfredFarre.com\" href=\"#\"><img loading=\"lazy\" decoding=\"async\" class=\"aligncenter\" title=\"26 La Ruta de la Sal 2013 (Trofeo Pepe Ferr\u00e9s) \u00a9 AlfredFarre.com\" src=\"http:\/\/farm9.staticflickr.com\/8380\/8596748075_1fa3ecd04d.jpg\" alt=\"26 La Ruta de la Sal 2013 (Trofeo Pepe Ferr\u00e9s) \u00a9 AlfredFarre.com\" width=\"500\" height=\"350\" \/><\/a><\/p>\n<p style=\"text-align: justify;\">Finalmente una referencia obligada al \u201cGalvana\u201d un \u00a0S&amp;S 56 \u00a0cl\u00e1sico de Borja Pella que resulto ganador absoluto de La Sal en el 2005 y 2006, a\u00f1os en los que la victoria en Tiempo Real fue, en ambas ediciones, para el GS45 \u201cMeroil\u201d del conocido regatistas y armador Jes\u00fas Turro \u00a0Tambi\u00e9n un a\u00f1o m\u00e1s el Udondo 40 \u00abAltamar\u00bb de Javier Ramos, quien ostenta el record de ser el barco que ha participado en \u00a0todas las ediciones \u00a0disputadas hasta ahora.<\/p>\n<p style=\"text-align: justify;\"><strong>La Versi\u00f3n Este, de Denia a Sant Antoni, con unos 90 veleros tripulados por unos 600 deportistas inscritos<\/strong>, reunir\u00e1 a flotas procedentes de al menos \u00a028 Clubes N\u00e1uticos y Marinas, con entradas espec\u00edficas \u00a0de equipos con base en las costas Cant\u00e1bricas, Atl\u00e1nticas, Andaluzas y Levantinas y de aguas interiores. Un equipo Canario. Tambi\u00e9n una magnifica lista de inscritos procedentes de las Baleares; mas de 14 veleros. Concretamente de Ibiza y Palma de Mallorca. \u00a0La flota extranjera alineara a unos 3 \u00a0desaf\u00edos con pabellones del Reino Unido y Francia. Una participaci\u00f3n muy plural que convierte a esta largada de La Sal en una regata cargada de atractivos deportivos.<\/p>\n<p style=\"text-align: justify;\"><strong>En la Versi\u00f3n Este el \u00a0J92S \u00abCaf\u00e9 del Mar\u00bb de Juan Carlos Sanchis ganador absoluto \u00a0de la cita del 2014 \u00a0con un registro de 32h, 59m, 17s, ser\u00e1 la referencia obligada; el barco a batir<\/strong>. Un equipo extraordinariamente competitivo, muy conocedor de las aguas donde se desarrolla esta largada de La Sal que ya fue vencedor absoluto en la edici\u00f3n del 2013. Lo que sit\u00faa al \u201cCaf\u00e9 del Mar\u201d, un magnifico y equilibrado dise\u00f1o de Rod Johnstone, para un programa de crucero r\u00e1pido, en una posici\u00f3n perfecta para, si consigue vencer en la regata de este a\u00f1o, convertirse en el primer equipo que consigue tres victorias consecutivas en la Ruta de La Sal. Todo un dif\u00edcil record deportivo.<\/p>\n<p style=\"text-align: center;\"><a title=\"26 La Ruta de la Sal 2013 (Trofeo Pepe Ferr\u00e9s) \u00a9 AlfredFarre.com\" href=\"#\"><img loading=\"lazy\" decoding=\"async\" class=\"aligncenter\" title=\"26 La Ruta de la Sal 2013 (Trofeo Pepe Ferr\u00e9s) \u00a9 AlfredFarre.com\" src=\"http:\/\/farm9.staticflickr.com\/8231\/8597854086_487a451dc6.jpg\" alt=\"26 La Ruta de la Sal 2013 (Trofeo Pepe Ferr\u00e9s) \u00a9 AlfredFarre.com\" width=\"500\" height=\"350\" \/><\/a><\/p>\n<p style=\"text-align: justify;\">Tambi\u00e9n en la l\u00ednea de salida, y con opciones de p\u00f3dium,, el \u00a0First 50 \u201cC\u00f3ndor de Javea\u201d \u00a0de Diego Fern\u00e1ndez y Martos Soriano, ganador en Tiempo Real en la Versi\u00f3n Este de La Sal 2014, con un tiempo de 31h, 30m, 17s., y el \u00a0X-65 Performance, \u00abDos Much\u00bb de Jos\u00e9 Fabr\u00e9, \u00a0quien \u00a0fue, \u00a0en el 2011, ganador en tiempo Real de la Versi\u00f3n Este de la Sal, invirtiendo un tiempo de 10 h\/ 59 m\/ 19s en cubrir las 52 millas del recorrido acortado, debido al mal tiempo, desde Denia hasta Cab Negret en Sant Antoni. Sin olvidar al \u00abEspace Ibiza\u00bb el SF 32i de Jos\u00e9 Rosello Tur \u00a0ganador \u00a0absoluto de la Versi\u00f3n Este de la regata en el 2011.todos ellos, entre otros muchos como , por ejemplo, el SF36 de Felix Comas \u201cMarino de Denia\u201d, \u00a0el Bavaria 49 \u201cEscualo Tres\u201d de Marcelino Cardona, el veterano navegante Alfonso Jordana con su F486 \u201cAtlantis Cinco\u201d \u00a0forman, en su conjunto, una flota muy competitiva, muy numerosa y en general con bandas de esloras muy similares \u00a0que garantizan una regata divertida y de alto nivel para esta salida desde Denia de la Ruta de La Sal 2015.<\/p>\n<p style=\"text-align: justify;\">Pendientes de la evoluci\u00f3n que pueda experimentar la meteorolog\u00eda en el Mediterr\u00e1neo Occidental durante las pr\u00f3ximas horas, las primeras predicciones meteorol\u00f3gicas apuntan a que la regata se va a disputar en ambas Versiones, con vientos medios \u2013 fuerza 2\/3- de componente Sur<br \/>\nUn escenario que habla, para la flota de la Versi\u00f3n Norte de una regata muy t\u00e1ctica marcada por vientos variables \u00a0de proa, con derrotas de aproximaci\u00f3n a Ibiza bien v\u00eda el norte de \u00a0Mallorca \u2013 Puerto de Soller.- bien bajando hacia el Delta de Ebro por el Golfo de San Jordi.. Para la Versi\u00f3n Este una regata m\u00e1s r\u00e1pida. A nivel general d\u00edas muy soleados, horario de verano y, seg\u00fan como, las inestabilidades propias del cambio de luna que podr\u00edan afectar, con mayor o menor incidencia a mar Balear, a partir de domingo 30 de Marzo. En general unas \u00a0condiciones magnificas para navegar.<\/p>\n<p style=\"text-align: center;\"><a title=\"27 La Ruta de La Sal 2014 (Trofeo Pepe Ferr\u00e9s)\" href=\"#\"><img loading=\"lazy\" decoding=\"async\" class=\"aligncenter\" title=\"27 La Ruta de La Sal 2014 (Trofeo Pepe Ferr\u00e9s)\" src=\"http:\/\/farm4.staticflickr.com\/3668\/13887015162_8fa0caf80e.jpg\" alt=\"27 La Ruta de La Sal 2014 (Trofeo Pepe Ferr\u00e9s)\" width=\"500\" height=\"352\" \/><\/a><\/p>\n<p style=\"text-align: justify;\"><strong>La salida de la Versi\u00f3n Norte de La Sal \u00a0que est\u00e1 prevista para el \u00a0pr\u00f3ximo d\u00eda 2 de abril, Jueves Santo, \u00a0a las 10:00h desde el CM Port Ginesta, en Barcelona, \u00a0se competir\u00e1 sobre un recorrido de 140 millas con rumbo directo hasta el CN Sant Antoni de Portmany en Ibiza.<br \/>\nLa Versi\u00f3n Este que zarpara \u00a0a las 14:00 h \u00a0del jueves 2 de abril desde el RC N\u00e1utico de Denia, se ver\u00e1 obligada a cubrir un circuito de 120 millas que implicara tomar Formentera por babor, la Isla de Tagomago y, navegando por la costa norte de Ibiza, llegar hasta Sant Antoni.La llegada, en ambos casos, en Cab Negret, a unas dos millas al norte del puerto de Sant Antoni de Portmany.<\/strong><\/p>\n<p style=\"text-align: justify;\">Las llegadas de los participantes a \u00a0Sant Antoni de Portmany, dependiendo de las condiciones meteorol\u00f3gicas, se prev\u00e9 podr\u00edan comenzar a partir de la madrugada del Viernes 3 de abril.<\/p>\n<p style=\"text-align: justify;\">El s\u00e1bado 4 de abril sobre las 12:00 h esta prevista, en el Club N\u00e1utico de Sant Antoni una \u00a0Rueda de Prensa con los ganadores absolutos de La Sal 2015. A las 20:00 h en la Carpa de la Sal tendr\u00e1 lugar el Acto Oficial de Entrega de Trofeos y al finalizar \u00a0la Cena-Bufet \u00a0y Fiesta de clausura de esta 28 edici\u00f3n de La Sal.-Trofeo Pepe Ferres.<br \/>\nLa p\u00e1gina Web de la Ruta de La Sal &#8211; https:\/\/larutadelasal.com &#8211; ofrecer\u00e1 informaciones peri\u00f3dicas, e im\u00e1genes, sobre el desarrollo organizativo y deportivo de esta regata.<\/p>\n<h5 style=\"text-align: justify;\">LA RUTA DE LA SAL; ORGANIZA; Associaci\u00f3 de Navegants d&#8217;Altura MEDITERRANIS &#8211; ANAM- en colaboraci\u00f3n con \u00a0el Club Maritim Port Ginesta, Real Club Nautico de Denia y Club Nautico St. Antoni<\/h5>\n<h5 style=\"text-align: justify;\">PATROCINAN; Trasmediterr\u00e1nea , Sal\u00f2n Nautico Internacional de Barcelona, Gramona, Ausmar, Origin Marine, Louis Chevrolet, el reloj oficial de la regata, Pantaenius y \u00a0Skipper como revista oficial.<\/h5>\n<p style=\"text-align: justify;\">\n","protected":false},"excerpt":{"rendered":"<p>TODO A PUNTO PARA LA SALIDA: RUMBO A IBIZA<\/p>\n<p>&#8211; 150 embarcaciones y cerca de 1.000  regatistas participaran en la Ruta de la Sal \u2013Trofeo Pepe Ferres 2015.<\/p>\n<p>-.Los equipos m\u00e1s r\u00e1pidos de la edici\u00f3n del  2014 confirman su participaci\u00f3n en La Sal 2015;<\/p>\n<p>-.\u201dCoratge \u201d de  Manel Jane y \u201cCafe del Mar\u201d de Juan Carlos Sanchis vencedores  absolutos de La Ruta de La Sal 2014 defender\u00e1n sus t\u00edtulos.<\/p>\n","protected":false},"author":1,"featured_media":3682,"comment_status":"open","ping_status":"open","sticky":false,"template":"","format":"standard","meta":{"_acf_changed":false,"footnotes":""},"categories":[3],"tags":[],"acf":[],"yoast_head":"<!-- This site is optimized with the Yoast SEO plugin v23.0 - https:\/\/yoast.com\/wordpress\/plugins\/seo\/ -->\n<title>AVANCE INFORMATIVO 1 - LA RUTA DE LA SAL 2015 | Regata La Ruta de la Sal<\/title>\n<meta name=\"robots\" content=\"noindex, follow, max-snippet:-1, max-image-preview:large, max-video-preview:-1\" \/>\n<meta property=\"og:locale\" content=\"es_ES\" \/>\n<meta property=\"og:type\" content=\"article\" \/>\n<meta property=\"og:title\" content=\"AVANCE INFORMATIVO 1 - LA RUTA DE LA SAL 2015 | Regata La Ruta de la Sal\" \/>\n<meta property=\"og:description\" content=\"TODO A PUNTO PARA LA SALIDA: RUMBO A IBIZA  - 150 embarcaciones y cerca de 1.000 regatistas participaran en la Ruta de la Sal \u2013Trofeo Pepe Ferres 2015.  -.Los equipos m\u00e1s r\u00e1pidos de la edici\u00f3n del 2014 confirman su participaci\u00f3n en La Sal 2015;  -.\u201dCoratge \u201d de Manel Jane y \u201cCafe del Mar\u201d de Juan Carlos Sanchis vencedores absolutos de La Ruta de La Sal 2014 defender\u00e1n sus t\u00edtulos.\" \/>\n<meta property=\"og:url\" content=\"https:\/\/labs.100x100.net\/projects\/rutasal\/avance-informativo-1-la-ruta-de-la-sal-2015\/\" \/>\n<meta property=\"og:site_name\" content=\"Regata La Ruta de la Sal\" \/>\n<meta property=\"article:publisher\" content=\"https:\/\/www.facebook.com\/rutadelasal\/\" \/>\n<meta property=\"article:published_time\" content=\"2015-03-28T14:31:17+00:00\" \/>\n<meta property=\"article:modified_time\" content=\"2019-03-08T09:15:18+00:00\" \/>\n<meta property=\"og:image\" content=\"https:\/\/labs.100x100.net\/projects\/rutasal\/custom\/uploads\/2015\/03\/13924479571_73ecd741a8.jpg\" \/>\n\t<meta property=\"og:image:width\" content=\"500\" \/>\n\t<meta property=\"og:image:height\" content=\"352\" \/>\n\t<meta property=\"og:image:type\" content=\"image\/jpeg\" \/>\n<meta name=\"author\" content=\"La Ruta de la Sal\" \/>\n<meta name=\"twitter:card\" content=\"summary_large_image\" \/>\n<meta name=\"twitter:creator\" content=\"@AnamMedi\" \/>\n<meta name=\"twitter:site\" content=\"@AnamMedi\" \/>\n<meta name=\"twitter:label1\" content=\"Escrito por\" \/>\n\t<meta name=\"twitter:data1\" content=\"La Ruta de la Sal\" \/>\n\t<meta name=\"twitter:label2\" content=\"Tiempo de lectura\" \/>\n\t<meta name=\"twitter:data2\" content=\"8 minutos\" \/>\n<script type=\"application\/ld+json\" class=\"yoast-schema-graph\">{\"@context\":\"https:\/\/schema.org\",\"@graph\":[{\"@type\":\"WebPage\",\"@id\":\"https:\/\/labs.100x100.net\/projects\/rutasal\/avance-informativo-1-la-ruta-de-la-sal-2015\/\",\"url\":\"https:\/\/labs.100x100.net\/projects\/rutasal\/avance-informativo-1-la-ruta-de-la-sal-2015\/\",\"name\":\"AVANCE INFORMATIVO 1 - LA RUTA DE LA SAL 2015 | Regata La Ruta de la Sal\",\"isPartOf\":{\"@id\":\"https:\/\/labs.100x100.net\/projects\/rutasal\/#website\"},\"primaryImageOfPage\":{\"@id\":\"https:\/\/labs.100x100.net\/projects\/rutasal\/avance-informativo-1-la-ruta-de-la-sal-2015\/#primaryimage\"},\"image\":{\"@id\":\"https:\/\/labs.100x100.net\/projects\/rutasal\/avance-informativo-1-la-ruta-de-la-sal-2015\/#primaryimage\"},\"thumbnailUrl\":\"https:\/\/labs.100x100.net\/projects\/rutasal\/custom\/uploads\/2015\/03\/13924479571_73ecd741a8.jpg\",\"datePublished\":\"2015-03-28T14:31:17+00:00\",\"dateModified\":\"2019-03-08T09:15:18+00:00\",\"author\":{\"@id\":\"https:\/\/labs.100x100.net\/projects\/rutasal\/#\/schema\/person\/214eeb4a2e78fd8373a0a94f6d93c9ca\"},\"breadcrumb\":{\"@id\":\"https:\/\/labs.100x100.net\/projects\/rutasal\/avance-informativo-1-la-ruta-de-la-sal-2015\/#breadcrumb\"},\"inLanguage\":\"es\",\"potentialAction\":[{\"@type\":\"ReadAction\",\"target\":[\"https:\/\/labs.100x100.net\/projects\/rutasal\/avance-informativo-1-la-ruta-de-la-sal-2015\/\"]}]},{\"@type\":\"ImageObject\",\"inLanguage\":\"es\",\"@id\":\"https:\/\/labs.100x100.net\/projects\/rutasal\/avance-informativo-1-la-ruta-de-la-sal-2015\/#primaryimage\",\"url\":\"https:\/\/labs.100x100.net\/projects\/rutasal\/custom\/uploads\/2015\/03\/13924479571_73ecd741a8.jpg\",\"contentUrl\":\"https:\/\/labs.100x100.net\/projects\/rutasal\/custom\/uploads\/2015\/03\/13924479571_73ecd741a8.jpg\",\"width\":500,\"height\":352},{\"@type\":\"BreadcrumbList\",\"@id\":\"https:\/\/labs.100x100.net\/projects\/rutasal\/avance-informativo-1-la-ruta-de-la-sal-2015\/#breadcrumb\",\"itemListElement\":[{\"@type\":\"ListItem\",\"position\":1,\"name\":\"Portada\",\"item\":\"https:\/\/labs.100x100.net\/projects\/rutasal\/\"},{\"@type\":\"ListItem\",\"position\":2,\"name\":\"AVANCE INFORMATIVO 1 &#8211; LA RUTA DE LA SAL 2015\"}]},{\"@type\":\"WebSite\",\"@id\":\"https:\/\/labs.100x100.net\/projects\/rutasal\/#website\",\"url\":\"https:\/\/labs.100x100.net\/projects\/rutasal\/\",\"name\":\"Regata La Ruta de la Sal\",\"description\":\"Regata La Ruta de la Sal es una regata de Altura Mediterr\u00e1nea para barcos de crucero a vela con destino en Ibiza, que se disputa anualmente en Semana Santa.\",\"potentialAction\":[{\"@type\":\"SearchAction\",\"target\":{\"@type\":\"EntryPoint\",\"urlTemplate\":\"https:\/\/labs.100x100.net\/projects\/rutasal\/?s={search_term_string}\"},\"query-input\":\"required name=search_term_string\"}],\"inLanguage\":\"es\"},{\"@type\":\"Person\",\"@id\":\"https:\/\/labs.100x100.net\/projects\/rutasal\/#\/schema\/person\/214eeb4a2e78fd8373a0a94f6d93c9ca\",\"name\":\"La Ruta de la Sal\",\"image\":{\"@type\":\"ImageObject\",\"inLanguage\":\"es\",\"@id\":\"https:\/\/labs.100x100.net\/projects\/rutasal\/#\/schema\/person\/image\/\",\"url\":\"https:\/\/secure.gravatar.com\/avatar\/b247286d4b801d6b1cfcfb3807587284?s=96&d=mm&r=g\",\"contentUrl\":\"https:\/\/secure.gravatar.com\/avatar\/b247286d4b801d6b1cfcfb3807587284?s=96&d=mm&r=g\",\"caption\":\"La Ruta de la Sal\"}}]}<\/script>\n<!-- \/ Yoast SEO plugin. -->","yoast_head_json":{"title":"AVANCE INFORMATIVO 1 - LA RUTA DE LA SAL 2015 | Regata La Ruta de la Sal","robots":{"index":"noindex","follow":"follow","max-snippet":"max-snippet:-1","max-image-preview":"max-image-preview:large","max-video-preview":"max-video-preview:-1"},"og_locale":"es_ES","og_type":"article","og_title":"AVANCE INFORMATIVO 1 - LA RUTA DE LA SAL 2015 | Regata La Ruta de la Sal","og_description":"TODO A PUNTO PARA LA SALIDA: RUMBO A IBIZA  - 150 embarcaciones y cerca de 1.000 regatistas participaran en la Ruta de la Sal \u2013Trofeo Pepe Ferres 2015.  -.Los equipos m\u00e1s r\u00e1pidos de la edici\u00f3n del 2014 confirman su participaci\u00f3n en La Sal 2015;  -.\u201dCoratge \u201d de Manel Jane y \u201cCafe del Mar\u201d de Juan Carlos Sanchis vencedores absolutos de La Ruta de La Sal 2014 defender\u00e1n sus t\u00edtulos.","og_url":"https:\/\/labs.100x100.net\/projects\/rutasal\/avance-informativo-1-la-ruta-de-la-sal-2015\/","og_site_name":"Regata La Ruta de la Sal","article_publisher":"https:\/\/www.facebook.com\/rutadelasal\/","article_published_time":"2015-03-28T14:31:17+00:00","article_modified_time":"2019-03-08T09:15:18+00:00","og_image":[{"width":500,"height":352,"url":"https:\/\/labs.100x100.net\/projects\/rutasal\/custom\/uploads\/2015\/03\/13924479571_73ecd741a8.jpg","type":"image\/jpeg"}],"author":"La Ruta de la Sal","twitter_card":"summary_large_image","twitter_creator":"@AnamMedi","twitter_site":"@AnamMedi","twitter_misc":{"Escrito por":"La Ruta de la Sal","Tiempo de lectura":"8 minutos"},"schema":{"@context":"https:\/\/schema.org","@graph":[{"@type":"WebPage","@id":"https:\/\/labs.100x100.net\/projects\/rutasal\/avance-informativo-1-la-ruta-de-la-sal-2015\/","url":"https:\/\/labs.100x100.net\/projects\/rutasal\/avance-informativo-1-la-ruta-de-la-sal-2015\/","name":"AVANCE INFORMATIVO 1 - LA RUTA DE LA SAL 2015 | Regata La Ruta de la Sal","isPartOf":{"@id":"https:\/\/labs.100x100.net\/projects\/rutasal\/#website"},"primaryImageOfPage":{"@id":"https:\/\/labs.100x100.net\/projects\/rutasal\/avance-informativo-1-la-ruta-de-la-sal-2015\/#primaryimage"},"image":{"@id":"https:\/\/labs.100x100.net\/projects\/rutasal\/avance-informativo-1-la-ruta-de-la-sal-2015\/#primaryimage"},"thumbnailUrl":"https:\/\/labs.100x100.net\/projects\/rutasal\/custom\/uploads\/2015\/03\/13924479571_73ecd741a8.jpg","datePublished":"2015-03-28T14:31:17+00:00","dateModified":"2019-03-08T09:15:18+00:00","author":{"@id":"https:\/\/labs.100x100.net\/projects\/rutasal\/#\/schema\/person\/214eeb4a2e78fd8373a0a94f6d93c9ca"},"breadcrumb":{"@id":"https:\/\/labs.100x100.net\/projects\/rutasal\/avance-informativo-1-la-ruta-de-la-sal-2015\/#breadcrumb"},"inLanguage":"es","potentialAction":[{"@type":"ReadAction","target":["https:\/\/labs.100x100.net\/projects\/rutasal\/avance-informativo-1-la-ruta-de-la-sal-2015\/"]}]},{"@type":"ImageObject","inLanguage":"es","@id":"https:\/\/labs.100x100.net\/projects\/rutasal\/avance-informativo-1-la-ruta-de-la-sal-2015\/#primaryimage","url":"https:\/\/labs.100x100.net\/projects\/rutasal\/custom\/uploads\/2015\/03\/13924479571_73ecd741a8.jpg","contentUrl":"https:\/\/labs.100x100.net\/projects\/rutasal\/custom\/uploads\/2015\/03\/13924479571_73ecd741a8.jpg","width":500,"height":352},{"@type":"BreadcrumbList","@id":"https:\/\/labs.100x100.net\/projects\/rutasal\/avance-informativo-1-la-ruta-de-la-sal-2015\/#breadcrumb","itemListElement":[{"@type":"ListItem","position":1,"name":"Portada","item":"https:\/\/labs.100x100.net\/projects\/rutasal\/"},{"@type":"ListItem","position":2,"name":"AVANCE INFORMATIVO 1 &#8211; LA RUTA DE LA SAL 2015"}]},{"@type":"WebSite","@id":"https:\/\/labs.100x100.net\/projects\/rutasal\/#website","url":"https:\/\/labs.100x100.net\/projects\/rutasal\/","name":"Regata La Ruta de la Sal","description":"Regata La Ruta de la Sal es una regata de Altura Mediterr\u00e1nea para barcos de crucero a vela con destino en Ibiza, que se disputa anualmente en Semana Santa.","potentialAction":[{"@type":"SearchAction","target":{"@type":"EntryPoint","urlTemplate":"https:\/\/labs.100x100.net\/projects\/rutasal\/?s={search_term_string}"},"query-input":"required name=search_term_string"}],"inLanguage":"es"},{"@type":"Person","@id":"https:\/\/labs.100x100.net\/projects\/rutasal\/#\/schema\/person\/214eeb4a2e78fd8373a0a94f6d93c9ca","name":"La Ruta de la Sal","image":{"@type":"ImageObject","inLanguage":"es","@id":"https:\/\/labs.100x100.net\/projects\/rutasal\/#\/schema\/person\/image\/","url":"https:\/\/secure.gravatar.com\/avatar\/b247286d4b801d6b1cfcfb3807587284?s=96&d=mm&r=g","contentUrl":"https:\/\/secure.gravatar.com\/avatar\/b247286d4b801d6b1cfcfb3807587284?s=96&d=mm&r=g","caption":"La Ruta de la Sal"}}]}},"_links":{"self":[{"href":"https:\/\/labs.100x100.net\/projects\/rutasal\/wp-json\/wp\/v2\/posts\/1954"}],"collection":[{"href":"https:\/\/labs.100x100.net\/projects\/rutasal\/wp-json\/wp\/v2\/posts"}],"about":[{"href":"https:\/\/labs.100x100.net\/projects\/rutasal\/wp-json\/wp\/v2\/types\/post"}],"author":[{"embeddable":true,"href":"https:\/\/labs.100x100.net\/projects\/rutasal\/wp-json\/wp\/v2\/users\/1"}],"replies":[{"embeddable":true,"href":"https:\/\/labs.100x100.net\/projects\/rutasal\/wp-json\/wp\/v2\/comments?post=1954"}],"version-history":[{"count":1,"href":"https:\/\/labs.100x100.net\/projects\/rutasal\/wp-json\/wp\/v2\/posts\/1954\/revisions"}],"predecessor-version":[{"id":3424,"href":"https:\/\/labs.100x100.net\/projects\/rutasal\/wp-json\/wp\/v2\/posts\/1954\/revisions\/3424"}],"wp:featuredmedia":[{"embeddable":true,"href":"https:\/\/labs.100x100.net\/projects\/rutasal\/wp-json\/wp\/v2\/media\/3682"}],"wp:attachment":[{"href":"https:\/\/labs.100x100.net\/projects\/rutasal\/wp-json\/wp\/v2\/media?parent=1954"}],"wp:term":[{"taxonomy":"category","embeddable":true,"href":"https:\/\/labs.100x100.net\/projects\/rutasal\/wp-json\/wp\/v2\/categories?post=1954"},{"taxonomy":"post_tag","embeddable":true,"href":"https:\/\/labs.100x100.net\/projects\/rutasal\/wp-json\/wp\/v2\/tags?post=1954"}],"curies":[{"name":"wp","href":"https:\/\/api.w.org\/{rel}","templated":true}]}}