{"id":1891,"date":"2015-02-05T12:30:58","date_gmt":"2015-02-05T10:30:58","guid":{"rendered":"https:\/\/larutadelasal.com\/?p=1891"},"modified":"2019-03-08T11:19:11","modified_gmt":"2019-03-08T09:19:11","slug":"categoria-bareboat","status":"publish","type":"post","link":"https:\/\/labs.100x100.net\/projects\/rutasal\/categoria-bareboat\/","title":{"rendered":"CATEGOR\u00cdA BAREBOAT"},"content":{"rendered":"<p style=\"text-align: justify;\">En esta edici\u00f3n 2015 <strong>se crea la nueva categor\u00eda BAREBOAT<\/strong> para la Versi\u00f3n Este de la Regata. Categor\u00eda muy com\u00fan en las regatas del Caribe <strong>para tripulaciones que quieran iniciarse en regatas de altura<\/strong>.<br \/>\nEl recorrido ser\u00e1 de Denia a Sant Antoni con rumbo directo.<\/p>\n<p style=\"text-align: justify;\">Esta categor\u00eda acepta<strong> barcos de alquiler<\/strong> con el equipo est\u00e1ndard.<br \/>\n<strong>Se competir\u00e1 sin tang\u00f3n, spinaker, genaker o cualquier otra vela de vientos portantes.<\/strong><\/p>\n<p style=\"text-align: justify;\">Se corre con certificado RI. <strong>S<\/strong><strong>e podr\u00e1n formar hasta 3 clases<\/strong> distintas, siempre que en cada una de ellas haya un m\u00ednimo de 6 barcos. En caso contrario pasar\u00edan a agruparse en la siguiente categor\u00eda.<br \/>\nEst\u00e1s ser\u00e1n:<\/p>\n<ul style=\"text-align: justify;\">\n<li><strong>BAREBOAT 1 <\/strong>(Barcos de 14m de eslora o superior)<\/li>\n<li><strong>BAREBOAT 2<\/strong> (de 12m a 13.99m de eslora)<\/li>\n<li><strong>BAREBOAT 3 <\/strong>(&lt; 12m de eslora)<\/li>\n<\/ul>\n<p style=\"text-align: justify;\"><strong>La salida de esta clase ser\u00e1 a las 13h<\/strong>. Una hora antes de la Salida Oficial de la Regata.<\/p>\n<p style=\"text-align: center;\"><a title=\"_AFB4667\" href=\"#\"><img loading=\"lazy\" decoding=\"async\" title=\"_AFB4667\" src=\"http:\/\/farm9.staticflickr.com\/8518\/8597945868_e5a79864d5.jpg\" alt=\"_AFB4667\" width=\"500\" height=\"350\" \/><\/a><\/p>\n","protected":false},"excerpt":{"rendered":"<p>En esta edici\u00f3n 2015 se crea la nueva categor\u00eda BAREBOAT para la Versi\u00f3n Este de la Regata. Categor\u00eda muy com\u00fan en las regatas del Caribe para tripulaciones que quieran iniciarse en regatas de altura.<br \/>\nEl recorrido ser\u00e0 de Denia a Sant Antoni con rumbo directo.<\/p>\n","protected":false},"author":1,"featured_media":3686,"comment_status":"open","ping_status":"open","sticky":false,"template":"","format":"standard","meta":{"_acf_changed":false,"footnotes":""},"categories":[3],"tags":[],"acf":[],"yoast_head":"<!-- This site is optimized with the Yoast SEO plugin v23.0 - https:\/\/yoast.com\/wordpress\/plugins\/seo\/ -->\n<title>CATEGOR\u00cdA BAREBOAT | Regata La Ruta de la Sal<\/title>\n<meta name=\"robots\" content=\"noindex, follow, max-snippet:-1, max-image-preview:large, max-video-preview:-1\" \/>\n<meta property=\"og:locale\" content=\"es_ES\" \/>\n<meta property=\"og:type\" content=\"article\" \/>\n<meta property=\"og:title\" content=\"CATEGOR\u00cdA BAREBOAT | Regata La Ruta de la Sal\" \/>\n<meta property=\"og:description\" content=\"En esta edici\u00f3n 2015 se crea la nueva categor\u00eda BAREBOAT para la Versi\u00f3n Este de la Regata. Categor\u00eda muy com\u00fan en las regatas del Caribe para tripulaciones que quieran iniciarse en regatas de altura. El recorrido ser\u00e0 de Denia a Sant Antoni con rumbo directo.\" \/>\n<meta property=\"og:url\" content=\"https:\/\/labs.100x100.net\/projects\/rutasal\/categoria-bareboat\/\" \/>\n<meta property=\"og:site_name\" content=\"Regata La Ruta de la Sal\" \/>\n<meta property=\"article:publisher\" content=\"https:\/\/www.facebook.com\/rutadelasal\/\" \/>\n<meta property=\"article:published_time\" content=\"2015-02-05T10:30:58+00:00\" \/>\n<meta property=\"article:modified_time\" content=\"2019-03-08T09:19:11+00:00\" \/>\n<meta property=\"og:image\" content=\"https:\/\/labs.100x100.net\/projects\/rutasal\/custom\/uploads\/2015\/02\/8597945868_e5a79864d5.jpg\" \/>\n\t<meta property=\"og:image:width\" content=\"500\" \/>\n\t<meta property=\"og:image:height\" content=\"350\" \/>\n\t<meta property=\"og:image:type\" content=\"image\/jpeg\" \/>\n<meta name=\"author\" content=\"La Ruta de la Sal\" \/>\n<meta name=\"twitter:card\" content=\"summary_large_image\" \/>\n<meta name=\"twitter:creator\" content=\"@AnamMedi\" \/>\n<meta name=\"twitter:site\" content=\"@AnamMedi\" \/>\n<meta name=\"twitter:label1\" content=\"Escrito por\" \/>\n\t<meta name=\"twitter:data1\" content=\"La Ruta de la Sal\" \/>\n\t<meta name=\"twitter:label2\" content=\"Tiempo de lectura\" \/>\n\t<meta name=\"twitter:data2\" content=\"1 minuto\" \/>\n<script type=\"application\/ld+json\" class=\"yoast-schema-graph\">{\"@context\":\"https:\/\/schema.org\",\"@graph\":[{\"@type\":\"WebPage\",\"@id\":\"https:\/\/labs.100x100.net\/projects\/rutasal\/categoria-bareboat\/\",\"url\":\"https:\/\/labs.100x100.net\/projects\/rutasal\/categoria-bareboat\/\",\"name\":\"CATEGOR\u00cdA BAREBOAT | Regata La Ruta de la Sal\",\"isPartOf\":{\"@id\":\"https:\/\/labs.100x100.net\/projects\/rutasal\/#website\"},\"primaryImageOfPage\":{\"@id\":\"https:\/\/labs.100x100.net\/projects\/rutasal\/categoria-bareboat\/#primaryimage\"},\"image\":{\"@id\":\"https:\/\/labs.100x100.net\/projects\/rutasal\/categoria-bareboat\/#primaryimage\"},\"thumbnailUrl\":\"https:\/\/labs.100x100.net\/projects\/rutasal\/custom\/uploads\/2015\/02\/8597945868_e5a79864d5.jpg\",\"datePublished\":\"2015-02-05T10:30:58+00:00\",\"dateModified\":\"2019-03-08T09:19:11+00:00\",\"author\":{\"@id\":\"https:\/\/labs.100x100.net\/projects\/rutasal\/#\/schema\/person\/214eeb4a2e78fd8373a0a94f6d93c9ca\"},\"breadcrumb\":{\"@id\":\"https:\/\/labs.100x100.net\/projects\/rutasal\/categoria-bareboat\/#breadcrumb\"},\"inLanguage\":\"es\",\"potentialAction\":[{\"@type\":\"ReadAction\",\"target\":[\"https:\/\/labs.100x100.net\/projects\/rutasal\/categoria-bareboat\/\"]}]},{\"@type\":\"ImageObject\",\"inLanguage\":\"es\",\"@id\":\"https:\/\/labs.100x100.net\/projects\/rutasal\/categoria-bareboat\/#primaryimage\",\"url\":\"https:\/\/labs.100x100.net\/projects\/rutasal\/custom\/uploads\/2015\/02\/8597945868_e5a79864d5.jpg\",\"contentUrl\":\"https:\/\/labs.100x100.net\/projects\/rutasal\/custom\/uploads\/2015\/02\/8597945868_e5a79864d5.jpg\",\"width\":500,\"height\":350},{\"@type\":\"BreadcrumbList\",\"@id\":\"https:\/\/labs.100x100.net\/projects\/rutasal\/categoria-bareboat\/#breadcrumb\",\"itemListElement\":[{\"@type\":\"ListItem\",\"position\":1,\"name\":\"Portada\",\"item\":\"https:\/\/labs.100x100.net\/projects\/rutasal\/\"},{\"@type\":\"ListItem\",\"position\":2,\"name\":\"CATEGOR\u00cdA BAREBOAT\"}]},{\"@type\":\"WebSite\",\"@id\":\"https:\/\/labs.100x100.net\/projects\/rutasal\/#website\",\"url\":\"https:\/\/labs.100x100.net\/projects\/rutasal\/\",\"name\":\"Regata La Ruta de la Sal\",\"description\":\"Regata La Ruta de la Sal es una regata de Altura Mediterr\u00e1nea para barcos de crucero a vela con destino en Ibiza, que se disputa anualmente en Semana Santa.\",\"potentialAction\":[{\"@type\":\"SearchAction\",\"target\":{\"@type\":\"EntryPoint\",\"urlTemplate\":\"https:\/\/labs.100x100.net\/projects\/rutasal\/?s={search_term_string}\"},\"query-input\":\"required name=search_term_string\"}],\"inLanguage\":\"es\"},{\"@type\":\"Person\",\"@id\":\"https:\/\/labs.100x100.net\/projects\/rutasal\/#\/schema\/person\/214eeb4a2e78fd8373a0a94f6d93c9ca\",\"name\":\"La Ruta de la Sal\",\"image\":{\"@type\":\"ImageObject\",\"inLanguage\":\"es\",\"@id\":\"https:\/\/labs.100x100.net\/projects\/rutasal\/#\/schema\/person\/image\/\",\"url\":\"https:\/\/secure.gravatar.com\/avatar\/b247286d4b801d6b1cfcfb3807587284?s=96&d=mm&r=g\",\"contentUrl\":\"https:\/\/secure.gravatar.com\/avatar\/b247286d4b801d6b1cfcfb3807587284?s=96&d=mm&r=g\",\"caption\":\"La Ruta de la Sal\"}}]}<\/script>\n<!-- \/ Yoast SEO plugin. -->","yoast_head_json":{"title":"CATEGOR\u00cdA BAREBOAT | Regata La Ruta de la Sal","robots":{"index":"noindex","follow":"follow","max-snippet":"max-snippet:-1","max-image-preview":"max-image-preview:large","max-video-preview":"max-video-preview:-1"},"og_locale":"es_ES","og_type":"article","og_title":"CATEGOR\u00cdA BAREBOAT | Regata La Ruta de la Sal","og_description":"En esta edici\u00f3n 2015 se crea la nueva categor\u00eda BAREBOAT para la Versi\u00f3n Este de la Regata. Categor\u00eda muy com\u00fan en las regatas del Caribe para tripulaciones que quieran iniciarse en regatas de altura. El recorrido ser\u00e0 de Denia a Sant Antoni con rumbo directo.","og_url":"https:\/\/labs.100x100.net\/projects\/rutasal\/categoria-bareboat\/","og_site_name":"Regata La Ruta de la Sal","article_publisher":"https:\/\/www.facebook.com\/rutadelasal\/","article_published_time":"2015-02-05T10:30:58+00:00","article_modified_time":"2019-03-08T09:19:11+00:00","og_image":[{"width":500,"height":350,"url":"https:\/\/labs.100x100.net\/projects\/rutasal\/custom\/uploads\/2015\/02\/8597945868_e5a79864d5.jpg","type":"image\/jpeg"}],"author":"La Ruta de la Sal","twitter_card":"summary_large_image","twitter_creator":"@AnamMedi","twitter_site":"@AnamMedi","twitter_misc":{"Escrito por":"La Ruta de la Sal","Tiempo de lectura":"1 minuto"},"schema":{"@context":"https:\/\/schema.org","@graph":[{"@type":"WebPage","@id":"https:\/\/labs.100x100.net\/projects\/rutasal\/categoria-bareboat\/","url":"https:\/\/labs.100x100.net\/projects\/rutasal\/categoria-bareboat\/","name":"CATEGOR\u00cdA BAREBOAT | Regata La Ruta de la Sal","isPartOf":{"@id":"https:\/\/labs.100x100.net\/projects\/rutasal\/#website"},"primaryImageOfPage":{"@id":"https:\/\/labs.100x100.net\/projects\/rutasal\/categoria-bareboat\/#primaryimage"},"image":{"@id":"https:\/\/labs.100x100.net\/projects\/rutasal\/categoria-bareboat\/#primaryimage"},"thumbnailUrl":"https:\/\/labs.100x100.net\/projects\/rutasal\/custom\/uploads\/2015\/02\/8597945868_e5a79864d5.jpg","datePublished":"2015-02-05T10:30:58+00:00","dateModified":"2019-03-08T09:19:11+00:00","author":{"@id":"https:\/\/labs.100x100.net\/projects\/rutasal\/#\/schema\/person\/214eeb4a2e78fd8373a0a94f6d93c9ca"},"breadcrumb":{"@id":"https:\/\/labs.100x100.net\/projects\/rutasal\/categoria-bareboat\/#breadcrumb"},"inLanguage":"es","potentialAction":[{"@type":"ReadAction","target":["https:\/\/labs.100x100.net\/projects\/rutasal\/categoria-bareboat\/"]}]},{"@type":"ImageObject","inLanguage":"es","@id":"https:\/\/labs.100x100.net\/projects\/rutasal\/categoria-bareboat\/#primaryimage","url":"https:\/\/labs.100x100.net\/projects\/rutasal\/custom\/uploads\/2015\/02\/8597945868_e5a79864d5.jpg","contentUrl":"https:\/\/labs.100x100.net\/projects\/rutasal\/custom\/uploads\/2015\/02\/8597945868_e5a79864d5.jpg","width":500,"height":350},{"@type":"BreadcrumbList","@id":"https:\/\/labs.100x100.net\/projects\/rutasal\/categoria-bareboat\/#breadcrumb","itemListElement":[{"@type":"ListItem","position":1,"name":"Portada","item":"https:\/\/labs.100x100.net\/projects\/rutasal\/"},{"@type":"ListItem","position":2,"name":"CATEGOR\u00cdA BAREBOAT"}]},{"@type":"WebSite","@id":"https:\/\/labs.100x100.net\/projects\/rutasal\/#website","url":"https:\/\/labs.100x100.net\/projects\/rutasal\/","name":"Regata La Ruta de la Sal","description":"Regata La Ruta de la Sal es una regata de Altura Mediterr\u00e1nea para barcos de crucero a vela con destino en Ibiza, que se disputa anualmente en Semana Santa.","potentialAction":[{"@type":"SearchAction","target":{"@type":"EntryPoint","urlTemplate":"https:\/\/labs.100x100.net\/projects\/rutasal\/?s={search_term_string}"},"query-input":"required name=search_term_string"}],"inLanguage":"es"},{"@type":"Person","@id":"https:\/\/labs.100x100.net\/projects\/rutasal\/#\/schema\/person\/214eeb4a2e78fd8373a0a94f6d93c9ca","name":"La Ruta de la Sal","image":{"@type":"ImageObject","inLanguage":"es","@id":"https:\/\/labs.100x100.net\/projects\/rutasal\/#\/schema\/person\/image\/","url":"https:\/\/secure.gravatar.com\/avatar\/b247286d4b801d6b1cfcfb3807587284?s=96&d=mm&r=g","contentUrl":"https:\/\/secure.gravatar.com\/avatar\/b247286d4b801d6b1cfcfb3807587284?s=96&d=mm&r=g","caption":"La Ruta de la Sal"}}]}},"_links":{"self":[{"href":"https:\/\/labs.100x100.net\/projects\/rutasal\/wp-json\/wp\/v2\/posts\/1891"}],"collection":[{"href":"https:\/\/labs.100x100.net\/projects\/rutasal\/wp-json\/wp\/v2\/posts"}],"about":[{"href":"https:\/\/labs.100x100.net\/projects\/rutasal\/wp-json\/wp\/v2\/types\/post"}],"author":[{"embeddable":true,"href":"https:\/\/labs.100x100.net\/projects\/rutasal\/wp-json\/wp\/v2\/users\/1"}],"replies":[{"embeddable":true,"href":"https:\/\/labs.100x100.net\/projects\/rutasal\/wp-json\/wp\/v2\/comments?post=1891"}],"version-history":[{"count":2,"href":"https:\/\/labs.100x100.net\/projects\/rutasal\/wp-json\/wp\/v2\/posts\/1891\/revisions"}],"predecessor-version":[{"id":3687,"href":"https:\/\/labs.100x100.net\/projects\/rutasal\/wp-json\/wp\/v2\/posts\/1891\/revisions\/3687"}],"wp:featuredmedia":[{"embeddable":true,"href":"https:\/\/labs.100x100.net\/projects\/rutasal\/wp-json\/wp\/v2\/media\/3686"}],"wp:attachment":[{"href":"https:\/\/labs.100x100.net\/projects\/rutasal\/wp-json\/wp\/v2\/media?parent=1891"}],"wp:term":[{"taxonomy":"category","embeddable":true,"href":"https:\/\/labs.100x100.net\/projects\/rutasal\/wp-json\/wp\/v2\/categories?post=1891"},{"taxonomy":"post_tag","embeddable":true,"href":"https:\/\/labs.100x100.net\/projects\/rutasal\/wp-json\/wp\/v2\/tags?post=1891"}],"curies":[{"name":"wp","href":"https:\/\/api.w.org\/{rel}","templated":true}]}}