{"id":1884,"date":"2015-02-05T11:54:09","date_gmt":"2015-02-05T09:54:09","guid":{"rendered":"https:\/\/larutadelasal.com\/?p=1884"},"modified":"2019-03-08T11:20:10","modified_gmt":"2019-03-08T09:20:10","slug":"cuenta-atras-para-la-aventura-de-la-sal","status":"publish","type":"post","link":"https:\/\/labs.100x100.net\/projects\/rutasal\/cuenta-atras-para-la-aventura-de-la-sal\/","title":{"rendered":"CUENTA ATR\u00c1S PARA LA AVENTURA DE LA SAL"},"content":{"rendered":"<p style=\"text-align: justify;\">Amigo \/Amiga Regatista<\/p>\n<p style=\"text-align: justify;\">La cuenta atr\u00e1s para nuestra pr\u00f3xima cita <strong>La Ruta de la Sal \u2013 Trofeo Pepe Ferres<\/strong> 2015 ha comenzado. Si tienes intenci\u00f3n de participar y todav\u00eda no te has inscrito puedes formalizar tu inscripci\u00f3n a trav\u00e9s de la pagina web www.larutadelasal.com<\/p>\n<p style=\"text-align: justify;\"><strong>En esta nueva edici\u00f3n se realizar\u00e1 el primer sorteo Ausmar<\/strong>, empresa de seguridad en la mar, que realizar\u00e1 un Sorteo de Material N\u00e1utico entre todos los participantes de La Ruta de la Sal.<\/p>\n<p style=\"text-align: justify;\">Nuevamente, para esta edici\u00f3n el <strong>Reloj Oficial Louis Chevrolet<\/strong> ha realizado un dise\u00f1o especial para los Vencedores de La Ruta de la Sal. \u00a0Y para los Vencedores en Tiempo Real, tanto en la Versi\u00f3n Norte como de la Este, <strong>Origin Marine<\/strong> har\u00e1 entrega de una <strong>exclusiva ancla Rocna<\/strong>.<\/p>\n<p style=\"text-align: justify;\">Para todos aquellos que particip\u00e9is en la Regata y veng\u00e1is unos d\u00edas antes, ya sab\u00e9is que <strong>pod\u00e9is dejar el barco a partir del s\u00e1bado 28 de marzo<\/strong> en el CM Port Ginesta y en el RCN Denia hasta el jueves 2 de abril, d\u00eda previsto de la Salida.<br \/>\n<strong>En la llegada dispondr\u00e9is de amarre gratuito en el CN Sant Antoni de Portmany<\/strong>, la semana posterior a la regata.<\/p>\n<p style=\"text-align: justify;\">Recuerda que este a\u00f1o habr\u00e1 clasificaciones en RI y ORC.<\/p>\n<p style=\"text-align: justify;\">\u00a1Te esperamos!<\/p>\n<p style=\"text-align: center;\"><a title=\"_AFB5225\" href=\"#\"><img loading=\"lazy\" decoding=\"async\" class=\"aligncenter\" title=\"_AFB5225\" src=\"http:\/\/farm9.staticflickr.com\/8261\/8602901498_4f619cef39.jpg\" alt=\"_AFB5225\" width=\"500\" height=\"348\" \/><\/a><\/p>\n","protected":false},"excerpt":{"rendered":"<p>En esta nueva edici\u00f3n se realizar\u00e1 el primer sorteo Ausmar, empresa de seguridad en la mar, que realizar\u00e1 un Sorteo de Material N\u00e1utico entre todos los participantes de La Ruta de la Sal.<\/p>\n","protected":false},"author":1,"featured_media":3688,"comment_status":"open","ping_status":"open","sticky":false,"template":"","format":"standard","meta":{"_acf_changed":false,"footnotes":""},"categories":[3],"tags":[],"acf":[],"yoast_head":"<!-- This site is optimized with the Yoast SEO plugin v23.0 - https:\/\/yoast.com\/wordpress\/plugins\/seo\/ -->\n<title>CUENTA ATR\u00c1S PARA LA AVENTURA DE LA SAL | Regata La Ruta de la Sal<\/title>\n<meta name=\"robots\" content=\"noindex, follow, max-snippet:-1, max-image-preview:large, max-video-preview:-1\" \/>\n<meta property=\"og:locale\" content=\"es_ES\" \/>\n<meta property=\"og:type\" content=\"article\" \/>\n<meta property=\"og:title\" content=\"CUENTA ATR\u00c1S PARA LA AVENTURA DE LA SAL | Regata La Ruta de la Sal\" \/>\n<meta property=\"og:description\" content=\"En esta nueva edici\u00f3n se realizar\u00e1 el primer sorteo Ausmar, empresa de seguridad en la mar, que realizar\u00e1 un Sorteo de Material N\u00e1utico entre todos los participantes de La Ruta de la Sal.\" \/>\n<meta property=\"og:url\" content=\"https:\/\/labs.100x100.net\/projects\/rutasal\/cuenta-atras-para-la-aventura-de-la-sal\/\" \/>\n<meta property=\"og:site_name\" content=\"Regata La Ruta de la Sal\" \/>\n<meta property=\"article:publisher\" content=\"https:\/\/www.facebook.com\/rutadelasal\/\" \/>\n<meta property=\"article:published_time\" content=\"2015-02-05T09:54:09+00:00\" \/>\n<meta property=\"article:modified_time\" content=\"2019-03-08T09:20:10+00:00\" \/>\n<meta property=\"og:image\" content=\"https:\/\/labs.100x100.net\/projects\/rutasal\/custom\/uploads\/2015\/02\/8602901498_4f619cef39.jpg\" \/>\n\t<meta property=\"og:image:width\" content=\"500\" \/>\n\t<meta property=\"og:image:height\" content=\"348\" \/>\n\t<meta property=\"og:image:type\" content=\"image\/jpeg\" \/>\n<meta name=\"author\" content=\"La Ruta de la Sal\" \/>\n<meta name=\"twitter:card\" content=\"summary_large_image\" \/>\n<meta name=\"twitter:creator\" content=\"@AnamMedi\" \/>\n<meta name=\"twitter:site\" content=\"@AnamMedi\" \/>\n<meta name=\"twitter:label1\" content=\"Escrito por\" \/>\n\t<meta name=\"twitter:data1\" content=\"La Ruta de la Sal\" \/>\n\t<meta name=\"twitter:label2\" content=\"Tiempo de lectura\" \/>\n\t<meta name=\"twitter:data2\" content=\"1 minuto\" \/>\n<script type=\"application\/ld+json\" class=\"yoast-schema-graph\">{\"@context\":\"https:\/\/schema.org\",\"@graph\":[{\"@type\":\"WebPage\",\"@id\":\"https:\/\/labs.100x100.net\/projects\/rutasal\/cuenta-atras-para-la-aventura-de-la-sal\/\",\"url\":\"https:\/\/labs.100x100.net\/projects\/rutasal\/cuenta-atras-para-la-aventura-de-la-sal\/\",\"name\":\"CUENTA ATR\u00c1S PARA LA AVENTURA DE LA SAL | Regata La Ruta de la Sal\",\"isPartOf\":{\"@id\":\"https:\/\/labs.100x100.net\/projects\/rutasal\/#website\"},\"primaryImageOfPage\":{\"@id\":\"https:\/\/labs.100x100.net\/projects\/rutasal\/cuenta-atras-para-la-aventura-de-la-sal\/#primaryimage\"},\"image\":{\"@id\":\"https:\/\/labs.100x100.net\/projects\/rutasal\/cuenta-atras-para-la-aventura-de-la-sal\/#primaryimage\"},\"thumbnailUrl\":\"https:\/\/labs.100x100.net\/projects\/rutasal\/custom\/uploads\/2015\/02\/8602901498_4f619cef39.jpg\",\"datePublished\":\"2015-02-05T09:54:09+00:00\",\"dateModified\":\"2019-03-08T09:20:10+00:00\",\"author\":{\"@id\":\"https:\/\/labs.100x100.net\/projects\/rutasal\/#\/schema\/person\/214eeb4a2e78fd8373a0a94f6d93c9ca\"},\"breadcrumb\":{\"@id\":\"https:\/\/labs.100x100.net\/projects\/rutasal\/cuenta-atras-para-la-aventura-de-la-sal\/#breadcrumb\"},\"inLanguage\":\"es\",\"potentialAction\":[{\"@type\":\"ReadAction\",\"target\":[\"https:\/\/labs.100x100.net\/projects\/rutasal\/cuenta-atras-para-la-aventura-de-la-sal\/\"]}]},{\"@type\":\"ImageObject\",\"inLanguage\":\"es\",\"@id\":\"https:\/\/labs.100x100.net\/projects\/rutasal\/cuenta-atras-para-la-aventura-de-la-sal\/#primaryimage\",\"url\":\"https:\/\/labs.100x100.net\/projects\/rutasal\/custom\/uploads\/2015\/02\/8602901498_4f619cef39.jpg\",\"contentUrl\":\"https:\/\/labs.100x100.net\/projects\/rutasal\/custom\/uploads\/2015\/02\/8602901498_4f619cef39.jpg\",\"width\":500,\"height\":348},{\"@type\":\"BreadcrumbList\",\"@id\":\"https:\/\/labs.100x100.net\/projects\/rutasal\/cuenta-atras-para-la-aventura-de-la-sal\/#breadcrumb\",\"itemListElement\":[{\"@type\":\"ListItem\",\"position\":1,\"name\":\"Portada\",\"item\":\"https:\/\/labs.100x100.net\/projects\/rutasal\/\"},{\"@type\":\"ListItem\",\"position\":2,\"name\":\"CUENTA ATR\u00c1S PARA LA AVENTURA DE LA SAL\"}]},{\"@type\":\"WebSite\",\"@id\":\"https:\/\/labs.100x100.net\/projects\/rutasal\/#website\",\"url\":\"https:\/\/labs.100x100.net\/projects\/rutasal\/\",\"name\":\"Regata La Ruta de la Sal\",\"description\":\"Regata La Ruta de la Sal es una regata de Altura Mediterr\u00e1nea para barcos de crucero a vela con destino en Ibiza, que se disputa anualmente en Semana Santa.\",\"potentialAction\":[{\"@type\":\"SearchAction\",\"target\":{\"@type\":\"EntryPoint\",\"urlTemplate\":\"https:\/\/labs.100x100.net\/projects\/rutasal\/?s={search_term_string}\"},\"query-input\":\"required name=search_term_string\"}],\"inLanguage\":\"es\"},{\"@type\":\"Person\",\"@id\":\"https:\/\/labs.100x100.net\/projects\/rutasal\/#\/schema\/person\/214eeb4a2e78fd8373a0a94f6d93c9ca\",\"name\":\"La Ruta de la Sal\",\"image\":{\"@type\":\"ImageObject\",\"inLanguage\":\"es\",\"@id\":\"https:\/\/labs.100x100.net\/projects\/rutasal\/#\/schema\/person\/image\/\",\"url\":\"https:\/\/secure.gravatar.com\/avatar\/b247286d4b801d6b1cfcfb3807587284?s=96&d=mm&r=g\",\"contentUrl\":\"https:\/\/secure.gravatar.com\/avatar\/b247286d4b801d6b1cfcfb3807587284?s=96&d=mm&r=g\",\"caption\":\"La Ruta de la Sal\"}}]}<\/script>\n<!-- \/ Yoast SEO plugin. -->","yoast_head_json":{"title":"CUENTA ATR\u00c1S PARA LA AVENTURA DE LA SAL | Regata La Ruta de la Sal","robots":{"index":"noindex","follow":"follow","max-snippet":"max-snippet:-1","max-image-preview":"max-image-preview:large","max-video-preview":"max-video-preview:-1"},"og_locale":"es_ES","og_type":"article","og_title":"CUENTA ATR\u00c1S PARA LA AVENTURA DE LA SAL | Regata La Ruta de la Sal","og_description":"En esta nueva edici\u00f3n se realizar\u00e1 el primer sorteo Ausmar, empresa de seguridad en la mar, que realizar\u00e1 un Sorteo de Material N\u00e1utico entre todos los participantes de La Ruta de la Sal.","og_url":"https:\/\/labs.100x100.net\/projects\/rutasal\/cuenta-atras-para-la-aventura-de-la-sal\/","og_site_name":"Regata La Ruta de la Sal","article_publisher":"https:\/\/www.facebook.com\/rutadelasal\/","article_published_time":"2015-02-05T09:54:09+00:00","article_modified_time":"2019-03-08T09:20:10+00:00","og_image":[{"width":500,"height":348,"url":"https:\/\/labs.100x100.net\/projects\/rutasal\/custom\/uploads\/2015\/02\/8602901498_4f619cef39.jpg","type":"image\/jpeg"}],"author":"La Ruta de la Sal","twitter_card":"summary_large_image","twitter_creator":"@AnamMedi","twitter_site":"@AnamMedi","twitter_misc":{"Escrito por":"La Ruta de la Sal","Tiempo de lectura":"1 minuto"},"schema":{"@context":"https:\/\/schema.org","@graph":[{"@type":"WebPage","@id":"https:\/\/labs.100x100.net\/projects\/rutasal\/cuenta-atras-para-la-aventura-de-la-sal\/","url":"https:\/\/labs.100x100.net\/projects\/rutasal\/cuenta-atras-para-la-aventura-de-la-sal\/","name":"CUENTA ATR\u00c1S PARA LA AVENTURA DE LA SAL | Regata La Ruta de la Sal","isPartOf":{"@id":"https:\/\/labs.100x100.net\/projects\/rutasal\/#website"},"primaryImageOfPage":{"@id":"https:\/\/labs.100x100.net\/projects\/rutasal\/cuenta-atras-para-la-aventura-de-la-sal\/#primaryimage"},"image":{"@id":"https:\/\/labs.100x100.net\/projects\/rutasal\/cuenta-atras-para-la-aventura-de-la-sal\/#primaryimage"},"thumbnailUrl":"https:\/\/labs.100x100.net\/projects\/rutasal\/custom\/uploads\/2015\/02\/8602901498_4f619cef39.jpg","datePublished":"2015-02-05T09:54:09+00:00","dateModified":"2019-03-08T09:20:10+00:00","author":{"@id":"https:\/\/labs.100x100.net\/projects\/rutasal\/#\/schema\/person\/214eeb4a2e78fd8373a0a94f6d93c9ca"},"breadcrumb":{"@id":"https:\/\/labs.100x100.net\/projects\/rutasal\/cuenta-atras-para-la-aventura-de-la-sal\/#breadcrumb"},"inLanguage":"es","potentialAction":[{"@type":"ReadAction","target":["https:\/\/labs.100x100.net\/projects\/rutasal\/cuenta-atras-para-la-aventura-de-la-sal\/"]}]},{"@type":"ImageObject","inLanguage":"es","@id":"https:\/\/labs.100x100.net\/projects\/rutasal\/cuenta-atras-para-la-aventura-de-la-sal\/#primaryimage","url":"https:\/\/labs.100x100.net\/projects\/rutasal\/custom\/uploads\/2015\/02\/8602901498_4f619cef39.jpg","contentUrl":"https:\/\/labs.100x100.net\/projects\/rutasal\/custom\/uploads\/2015\/02\/8602901498_4f619cef39.jpg","width":500,"height":348},{"@type":"BreadcrumbList","@id":"https:\/\/labs.100x100.net\/projects\/rutasal\/cuenta-atras-para-la-aventura-de-la-sal\/#breadcrumb","itemListElement":[{"@type":"ListItem","position":1,"name":"Portada","item":"https:\/\/labs.100x100.net\/projects\/rutasal\/"},{"@type":"ListItem","position":2,"name":"CUENTA ATR\u00c1S PARA LA AVENTURA DE LA SAL"}]},{"@type":"WebSite","@id":"https:\/\/labs.100x100.net\/projects\/rutasal\/#website","url":"https:\/\/labs.100x100.net\/projects\/rutasal\/","name":"Regata La Ruta de la Sal","description":"Regata La Ruta de la Sal es una regata de Altura Mediterr\u00e1nea para barcos de crucero a vela con destino en Ibiza, que se disputa anualmente en Semana Santa.","potentialAction":[{"@type":"SearchAction","target":{"@type":"EntryPoint","urlTemplate":"https:\/\/labs.100x100.net\/projects\/rutasal\/?s={search_term_string}"},"query-input":"required name=search_term_string"}],"inLanguage":"es"},{"@type":"Person","@id":"https:\/\/labs.100x100.net\/projects\/rutasal\/#\/schema\/person\/214eeb4a2e78fd8373a0a94f6d93c9ca","name":"La Ruta de la Sal","image":{"@type":"ImageObject","inLanguage":"es","@id":"https:\/\/labs.100x100.net\/projects\/rutasal\/#\/schema\/person\/image\/","url":"https:\/\/secure.gravatar.com\/avatar\/b247286d4b801d6b1cfcfb3807587284?s=96&d=mm&r=g","contentUrl":"https:\/\/secure.gravatar.com\/avatar\/b247286d4b801d6b1cfcfb3807587284?s=96&d=mm&r=g","caption":"La Ruta de la Sal"}}]}},"_links":{"self":[{"href":"https:\/\/labs.100x100.net\/projects\/rutasal\/wp-json\/wp\/v2\/posts\/1884"}],"collection":[{"href":"https:\/\/labs.100x100.net\/projects\/rutasal\/wp-json\/wp\/v2\/posts"}],"about":[{"href":"https:\/\/labs.100x100.net\/projects\/rutasal\/wp-json\/wp\/v2\/types\/post"}],"author":[{"embeddable":true,"href":"https:\/\/labs.100x100.net\/projects\/rutasal\/wp-json\/wp\/v2\/users\/1"}],"replies":[{"embeddable":true,"href":"https:\/\/labs.100x100.net\/projects\/rutasal\/wp-json\/wp\/v2\/comments?post=1884"}],"version-history":[{"count":1,"href":"https:\/\/labs.100x100.net\/projects\/rutasal\/wp-json\/wp\/v2\/posts\/1884\/revisions"}],"predecessor-version":[{"id":3295,"href":"https:\/\/labs.100x100.net\/projects\/rutasal\/wp-json\/wp\/v2\/posts\/1884\/revisions\/3295"}],"wp:featuredmedia":[{"embeddable":true,"href":"https:\/\/labs.100x100.net\/projects\/rutasal\/wp-json\/wp\/v2\/media\/3688"}],"wp:attachment":[{"href":"https:\/\/labs.100x100.net\/projects\/rutasal\/wp-json\/wp\/v2\/media?parent=1884"}],"wp:term":[{"taxonomy":"category","embeddable":true,"href":"https:\/\/labs.100x100.net\/projects\/rutasal\/wp-json\/wp\/v2\/categories?post=1884"},{"taxonomy":"post_tag","embeddable":true,"href":"https:\/\/labs.100x100.net\/projects\/rutasal\/wp-json\/wp\/v2\/tags?post=1884"}],"curies":[{"name":"wp","href":"https:\/\/api.w.org\/{rel}","templated":true}]}}