{"id":1865,"date":"2015-01-09T09:28:35","date_gmt":"2015-01-09T07:28:35","guid":{"rendered":"https:\/\/larutadelasal.com\/?p=1865"},"modified":"2019-03-08T11:21:41","modified_gmt":"2019-03-08T09:21:41","slug":"compensaciones-de-tiempo-ri-y-orc","status":"publish","type":"post","link":"https:\/\/labs.100x100.net\/projects\/rutasal\/compensaciones-de-tiempo-ri-y-orc\/","title":{"rendered":"Compensaciones de tiempo RI y ORC"},"content":{"rendered":"<p style=\"text-align: justify;\">La Organizaci\u00f3n de <strong>La Ruta de la Sal<\/strong>, con el af\u00e1n de dar m\u00e1s opciones deportivas a todas las flotas de embarcaciones de crucero, a partir de esta pr\u00f3xima edici\u00f3n de 2015,<strong> estar\u00e1 abierta a los dos sistemas de compensaci\u00f3n de tiempo RI y ORC<\/strong> implantados.<\/p>\n<p style=\"text-align: justify;\">De esta manera, <strong>los armadores podr\u00e9is optar libremente competir en uno u otro sistema <\/strong>de compensaci\u00f3n de tiempo.<\/p>\n<p style=\"text-align: center;\"><a title=\"_AFB6648\" href=\"#\"><img loading=\"lazy\" decoding=\"async\" class=\"aligncenter\" title=\"_AFB6648\" src=\"http:\/\/farm4.staticflickr.com\/3791\/13914331172_e3fe936a18.jpg\" alt=\"_AFB6648\" width=\"500\" height=\"352\" \/><\/a><\/p>\n<p style=\"text-align: justify;\">Como ya sab\u00e9is<strong> LA RUTA DE LA SAL<\/strong> zarpar\u00e1 el pr\u00f3ximo jueves d\u00eda 2 de abril desde CM Port Ginesta y RC N\u00e1utico Denia. El mi\u00e9rcoles d\u00eda 1 de abril se celebrar\u00e1n todos los Actos Pre-Regata y una vez en Ibiza, en el CN Sant Antoni, el Comit\u00e9 de Bienvenida estar\u00e1 abierto las 24 horas con degustaciones y celebraremos las ya tradicionales Fiesta de Arribada, Sorteo de Material de Seguridad Ausmar, el Acto Oficial de Entrega de Trofeos, la Cena-Bufet de Bienvenida y la Fiesta de la Sal con m\u00fasica en directo, entre otras actividades.<\/p>\n<p style=\"text-align: justify;\"><strong>Y ya sabes que en el CN de Sant Antoni dispones de amarre gratuito la semana posterior a la regata.<br \/>\nBuenas Singladuras para el 2015<\/strong><\/p>\n","protected":false},"excerpt":{"rendered":"<p>La Organizaci\u00f3n de La Ruta de la Sal, con el af\u00e1n de dar m\u00e1s opciones deportivas a todas las flotas de embarcaciones de crucero, a partir de esta pr\u00f3xima edici\u00f3n de 2015, estar\u00e1 abierta a los dos sistemas de compensaci\u00f3n de tiempo RI y ORC implantados.<\/p>\n","protected":false},"author":1,"featured_media":3679,"comment_status":"open","ping_status":"open","sticky":false,"template":"","format":"standard","meta":{"_acf_changed":false,"footnotes":""},"categories":[3],"tags":[],"acf":[],"yoast_head":"<!-- This site is optimized with the Yoast SEO plugin v23.0 - https:\/\/yoast.com\/wordpress\/plugins\/seo\/ -->\n<title>Compensaciones de tiempo RI y ORC | Regata La Ruta de la Sal<\/title>\n<meta name=\"robots\" content=\"noindex, follow, max-snippet:-1, max-image-preview:large, max-video-preview:-1\" \/>\n<meta property=\"og:locale\" content=\"es_ES\" \/>\n<meta property=\"og:type\" content=\"article\" \/>\n<meta property=\"og:title\" content=\"Compensaciones de tiempo RI y ORC | Regata La Ruta de la Sal\" \/>\n<meta property=\"og:description\" content=\"La Organizaci\u00f3n de La Ruta de la Sal, con el af\u00e1n de dar m\u00e1s opciones deportivas a todas las flotas de embarcaciones de crucero, a partir de esta pr\u00f3xima edici\u00f3n de 2015, estar\u00e1 abierta a los dos sistemas de compensaci\u00f3n de tiempo RI y ORC implantados.\" \/>\n<meta property=\"og:url\" content=\"https:\/\/labs.100x100.net\/projects\/rutasal\/compensaciones-de-tiempo-ri-y-orc\/\" \/>\n<meta property=\"og:site_name\" content=\"Regata La Ruta de la Sal\" \/>\n<meta property=\"article:publisher\" content=\"https:\/\/www.facebook.com\/rutadelasal\/\" \/>\n<meta property=\"article:published_time\" content=\"2015-01-09T07:28:35+00:00\" \/>\n<meta property=\"article:modified_time\" content=\"2019-03-08T09:21:41+00:00\" \/>\n<meta property=\"og:image\" content=\"https:\/\/labs.100x100.net\/projects\/rutasal\/custom\/uploads\/2015\/04\/16386134034_a1515f5070_n.jpg\" \/>\n\t<meta property=\"og:image:width\" content=\"320\" \/>\n\t<meta property=\"og:image:height\" content=\"230\" \/>\n\t<meta property=\"og:image:type\" content=\"image\/jpeg\" \/>\n<meta name=\"author\" content=\"La Ruta de la Sal\" \/>\n<meta name=\"twitter:card\" content=\"summary_large_image\" \/>\n<meta name=\"twitter:creator\" content=\"@AnamMedi\" \/>\n<meta name=\"twitter:site\" content=\"@AnamMedi\" \/>\n<meta name=\"twitter:label1\" content=\"Escrito por\" \/>\n\t<meta name=\"twitter:data1\" content=\"La Ruta de la Sal\" \/>\n\t<meta name=\"twitter:label2\" content=\"Tiempo de lectura\" \/>\n\t<meta name=\"twitter:data2\" content=\"1 minuto\" \/>\n<script type=\"application\/ld+json\" class=\"yoast-schema-graph\">{\"@context\":\"https:\/\/schema.org\",\"@graph\":[{\"@type\":\"WebPage\",\"@id\":\"https:\/\/labs.100x100.net\/projects\/rutasal\/compensaciones-de-tiempo-ri-y-orc\/\",\"url\":\"https:\/\/labs.100x100.net\/projects\/rutasal\/compensaciones-de-tiempo-ri-y-orc\/\",\"name\":\"Compensaciones de tiempo RI y ORC | Regata La Ruta de la Sal\",\"isPartOf\":{\"@id\":\"https:\/\/labs.100x100.net\/projects\/rutasal\/#website\"},\"primaryImageOfPage\":{\"@id\":\"https:\/\/labs.100x100.net\/projects\/rutasal\/compensaciones-de-tiempo-ri-y-orc\/#primaryimage\"},\"image\":{\"@id\":\"https:\/\/labs.100x100.net\/projects\/rutasal\/compensaciones-de-tiempo-ri-y-orc\/#primaryimage\"},\"thumbnailUrl\":\"https:\/\/labs.100x100.net\/projects\/rutasal\/custom\/uploads\/2015\/04\/16386134034_a1515f5070_n.jpg\",\"datePublished\":\"2015-01-09T07:28:35+00:00\",\"dateModified\":\"2019-03-08T09:21:41+00:00\",\"author\":{\"@id\":\"https:\/\/labs.100x100.net\/projects\/rutasal\/#\/schema\/person\/214eeb4a2e78fd8373a0a94f6d93c9ca\"},\"breadcrumb\":{\"@id\":\"https:\/\/labs.100x100.net\/projects\/rutasal\/compensaciones-de-tiempo-ri-y-orc\/#breadcrumb\"},\"inLanguage\":\"es\",\"potentialAction\":[{\"@type\":\"ReadAction\",\"target\":[\"https:\/\/labs.100x100.net\/projects\/rutasal\/compensaciones-de-tiempo-ri-y-orc\/\"]}]},{\"@type\":\"ImageObject\",\"inLanguage\":\"es\",\"@id\":\"https:\/\/labs.100x100.net\/projects\/rutasal\/compensaciones-de-tiempo-ri-y-orc\/#primaryimage\",\"url\":\"https:\/\/labs.100x100.net\/projects\/rutasal\/custom\/uploads\/2015\/04\/16386134034_a1515f5070_n.jpg\",\"contentUrl\":\"https:\/\/labs.100x100.net\/projects\/rutasal\/custom\/uploads\/2015\/04\/16386134034_a1515f5070_n.jpg\",\"width\":320,\"height\":230},{\"@type\":\"BreadcrumbList\",\"@id\":\"https:\/\/labs.100x100.net\/projects\/rutasal\/compensaciones-de-tiempo-ri-y-orc\/#breadcrumb\",\"itemListElement\":[{\"@type\":\"ListItem\",\"position\":1,\"name\":\"Portada\",\"item\":\"https:\/\/labs.100x100.net\/projects\/rutasal\/\"},{\"@type\":\"ListItem\",\"position\":2,\"name\":\"Compensaciones de tiempo RI y ORC\"}]},{\"@type\":\"WebSite\",\"@id\":\"https:\/\/labs.100x100.net\/projects\/rutasal\/#website\",\"url\":\"https:\/\/labs.100x100.net\/projects\/rutasal\/\",\"name\":\"Regata La Ruta de la Sal\",\"description\":\"Regata La Ruta de la Sal es una regata de Altura Mediterr\u00e1nea para barcos de crucero a vela con destino en Ibiza, que se disputa anualmente en Semana Santa.\",\"potentialAction\":[{\"@type\":\"SearchAction\",\"target\":{\"@type\":\"EntryPoint\",\"urlTemplate\":\"https:\/\/labs.100x100.net\/projects\/rutasal\/?s={search_term_string}\"},\"query-input\":\"required name=search_term_string\"}],\"inLanguage\":\"es\"},{\"@type\":\"Person\",\"@id\":\"https:\/\/labs.100x100.net\/projects\/rutasal\/#\/schema\/person\/214eeb4a2e78fd8373a0a94f6d93c9ca\",\"name\":\"La Ruta de la Sal\",\"image\":{\"@type\":\"ImageObject\",\"inLanguage\":\"es\",\"@id\":\"https:\/\/labs.100x100.net\/projects\/rutasal\/#\/schema\/person\/image\/\",\"url\":\"https:\/\/secure.gravatar.com\/avatar\/b247286d4b801d6b1cfcfb3807587284?s=96&d=mm&r=g\",\"contentUrl\":\"https:\/\/secure.gravatar.com\/avatar\/b247286d4b801d6b1cfcfb3807587284?s=96&d=mm&r=g\",\"caption\":\"La Ruta de la Sal\"}}]}<\/script>\n<!-- \/ Yoast SEO plugin. -->","yoast_head_json":{"title":"Compensaciones de tiempo RI y ORC | Regata La Ruta de la Sal","robots":{"index":"noindex","follow":"follow","max-snippet":"max-snippet:-1","max-image-preview":"max-image-preview:large","max-video-preview":"max-video-preview:-1"},"og_locale":"es_ES","og_type":"article","og_title":"Compensaciones de tiempo RI y ORC | Regata La Ruta de la Sal","og_description":"La Organizaci\u00f3n de La Ruta de la Sal, con el af\u00e1n de dar m\u00e1s opciones deportivas a todas las flotas de embarcaciones de crucero, a partir de esta pr\u00f3xima edici\u00f3n de 2015, estar\u00e1 abierta a los dos sistemas de compensaci\u00f3n de tiempo RI y ORC implantados.","og_url":"https:\/\/labs.100x100.net\/projects\/rutasal\/compensaciones-de-tiempo-ri-y-orc\/","og_site_name":"Regata La Ruta de la Sal","article_publisher":"https:\/\/www.facebook.com\/rutadelasal\/","article_published_time":"2015-01-09T07:28:35+00:00","article_modified_time":"2019-03-08T09:21:41+00:00","og_image":[{"width":320,"height":230,"url":"https:\/\/labs.100x100.net\/projects\/rutasal\/custom\/uploads\/2015\/04\/16386134034_a1515f5070_n.jpg","type":"image\/jpeg"}],"author":"La Ruta de la Sal","twitter_card":"summary_large_image","twitter_creator":"@AnamMedi","twitter_site":"@AnamMedi","twitter_misc":{"Escrito por":"La Ruta de la Sal","Tiempo de lectura":"1 minuto"},"schema":{"@context":"https:\/\/schema.org","@graph":[{"@type":"WebPage","@id":"https:\/\/labs.100x100.net\/projects\/rutasal\/compensaciones-de-tiempo-ri-y-orc\/","url":"https:\/\/labs.100x100.net\/projects\/rutasal\/compensaciones-de-tiempo-ri-y-orc\/","name":"Compensaciones de tiempo RI y ORC | Regata La Ruta de la Sal","isPartOf":{"@id":"https:\/\/labs.100x100.net\/projects\/rutasal\/#website"},"primaryImageOfPage":{"@id":"https:\/\/labs.100x100.net\/projects\/rutasal\/compensaciones-de-tiempo-ri-y-orc\/#primaryimage"},"image":{"@id":"https:\/\/labs.100x100.net\/projects\/rutasal\/compensaciones-de-tiempo-ri-y-orc\/#primaryimage"},"thumbnailUrl":"https:\/\/labs.100x100.net\/projects\/rutasal\/custom\/uploads\/2015\/04\/16386134034_a1515f5070_n.jpg","datePublished":"2015-01-09T07:28:35+00:00","dateModified":"2019-03-08T09:21:41+00:00","author":{"@id":"https:\/\/labs.100x100.net\/projects\/rutasal\/#\/schema\/person\/214eeb4a2e78fd8373a0a94f6d93c9ca"},"breadcrumb":{"@id":"https:\/\/labs.100x100.net\/projects\/rutasal\/compensaciones-de-tiempo-ri-y-orc\/#breadcrumb"},"inLanguage":"es","potentialAction":[{"@type":"ReadAction","target":["https:\/\/labs.100x100.net\/projects\/rutasal\/compensaciones-de-tiempo-ri-y-orc\/"]}]},{"@type":"ImageObject","inLanguage":"es","@id":"https:\/\/labs.100x100.net\/projects\/rutasal\/compensaciones-de-tiempo-ri-y-orc\/#primaryimage","url":"https:\/\/labs.100x100.net\/projects\/rutasal\/custom\/uploads\/2015\/04\/16386134034_a1515f5070_n.jpg","contentUrl":"https:\/\/labs.100x100.net\/projects\/rutasal\/custom\/uploads\/2015\/04\/16386134034_a1515f5070_n.jpg","width":320,"height":230},{"@type":"BreadcrumbList","@id":"https:\/\/labs.100x100.net\/projects\/rutasal\/compensaciones-de-tiempo-ri-y-orc\/#breadcrumb","itemListElement":[{"@type":"ListItem","position":1,"name":"Portada","item":"https:\/\/labs.100x100.net\/projects\/rutasal\/"},{"@type":"ListItem","position":2,"name":"Compensaciones de tiempo RI y ORC"}]},{"@type":"WebSite","@id":"https:\/\/labs.100x100.net\/projects\/rutasal\/#website","url":"https:\/\/labs.100x100.net\/projects\/rutasal\/","name":"Regata La Ruta de la Sal","description":"Regata La Ruta de la Sal es una regata de Altura Mediterr\u00e1nea para barcos de crucero a vela con destino en Ibiza, que se disputa anualmente en Semana Santa.","potentialAction":[{"@type":"SearchAction","target":{"@type":"EntryPoint","urlTemplate":"https:\/\/labs.100x100.net\/projects\/rutasal\/?s={search_term_string}"},"query-input":"required name=search_term_string"}],"inLanguage":"es"},{"@type":"Person","@id":"https:\/\/labs.100x100.net\/projects\/rutasal\/#\/schema\/person\/214eeb4a2e78fd8373a0a94f6d93c9ca","name":"La Ruta de la Sal","image":{"@type":"ImageObject","inLanguage":"es","@id":"https:\/\/labs.100x100.net\/projects\/rutasal\/#\/schema\/person\/image\/","url":"https:\/\/secure.gravatar.com\/avatar\/b247286d4b801d6b1cfcfb3807587284?s=96&d=mm&r=g","contentUrl":"https:\/\/secure.gravatar.com\/avatar\/b247286d4b801d6b1cfcfb3807587284?s=96&d=mm&r=g","caption":"La Ruta de la Sal"}}]}},"_links":{"self":[{"href":"https:\/\/labs.100x100.net\/projects\/rutasal\/wp-json\/wp\/v2\/posts\/1865"}],"collection":[{"href":"https:\/\/labs.100x100.net\/projects\/rutasal\/wp-json\/wp\/v2\/posts"}],"about":[{"href":"https:\/\/labs.100x100.net\/projects\/rutasal\/wp-json\/wp\/v2\/types\/post"}],"author":[{"embeddable":true,"href":"https:\/\/labs.100x100.net\/projects\/rutasal\/wp-json\/wp\/v2\/users\/1"}],"replies":[{"embeddable":true,"href":"https:\/\/labs.100x100.net\/projects\/rutasal\/wp-json\/wp\/v2\/comments?post=1865"}],"version-history":[{"count":1,"href":"https:\/\/labs.100x100.net\/projects\/rutasal\/wp-json\/wp\/v2\/posts\/1865\/revisions"}],"predecessor-version":[{"id":3418,"href":"https:\/\/labs.100x100.net\/projects\/rutasal\/wp-json\/wp\/v2\/posts\/1865\/revisions\/3418"}],"wp:featuredmedia":[{"embeddable":true,"href":"https:\/\/labs.100x100.net\/projects\/rutasal\/wp-json\/wp\/v2\/media\/3679"}],"wp:attachment":[{"href":"https:\/\/labs.100x100.net\/projects\/rutasal\/wp-json\/wp\/v2\/media?parent=1865"}],"wp:term":[{"taxonomy":"category","embeddable":true,"href":"https:\/\/labs.100x100.net\/projects\/rutasal\/wp-json\/wp\/v2\/categories?post=1865"},{"taxonomy":"post_tag","embeddable":true,"href":"https:\/\/labs.100x100.net\/projects\/rutasal\/wp-json\/wp\/v2\/tags?post=1865"}],"curies":[{"name":"wp","href":"https:\/\/api.w.org\/{rel}","templated":true}]}}