{"id":1859,"date":"2014-12-19T11:49:14","date_gmt":"2014-12-19T09:49:14","guid":{"rendered":"https:\/\/larutadelasal.com\/?p=1859"},"modified":"2019-03-08T11:23:04","modified_gmt":"2019-03-08T09:23:04","slug":"la-ruta-de-la-sal-2015","status":"publish","type":"post","link":"https:\/\/labs.100x100.net\/projects\/rutasal\/la-ruta-de-la-sal-2015\/","title":{"rendered":"La Ruta de la Sal 2015"},"content":{"rendered":"<h1 style=\"text-align: justify;\">LA AVENTURA DE LA RUTA DE LA SAL- TROFEO PEPE FERRES 2015.<\/h1>\n<p style=\"text-align: justify;\"><strong> La Sal presentada oficialmente el Sal\u00f3n N\u00e1utico de Cap D&#8217;Agde , en la costa Mediterr\u00e1nea Francesa.<\/strong><\/p>\n<p style=\"text-align: justify;\"><strong>Los \u00edndices de inscripci\u00f3n antes de finalizar este a\u00f1o avanzan una gran regata para el 2015.<\/strong><\/p>\n<p style=\"text-align: justify;\"><strong>La 28 Regata de La Ruta de la Sal podr\u00eda reunir a unos 170 \/ 180 \u00a0barcos participantes, \u00a0incluida una importante representaci\u00f3n internacional.<\/strong><\/p>\n<p style=\"text-align: justify;\"><strong>Se consolida la trascendencia internacional de La Ruta de La Sal &#8211; Trofeo Pepe Ferres.<\/strong><\/p>\n<p style=\"text-align: justify;\"><strong>ANAM apuesta, a traves de La Sal, por promocionar la competici\u00f3n de altura en nuestro pa\u00eds.<\/strong><\/p>\n<p style=\"text-align: justify;\">Los \u00abvientos\u00bb son favorables para La Ruta de La Sal &#8211; Trofeo Pepe Ferres, no pod\u00eda ser de otra manera. Para la cita del 2015 \u00a0los ganadores de la \u00faltima edici\u00f3n ; el Swam 45 de Manel Jane Camacho \u00abCoratge\u00bb , que con un tiempo real de 26 h. 39 m. se proclamo vencedor absoluto de la Versi\u00f3n Norte de La Sal 2014 y el \u00a0\u00abCaf\u00e9 del Mar\u00bb un J92S de Juan Carlos Sanchis del CN de Sant Antoni de Portmany \u00a0que se adjudico la Versi\u00f3n Este de la regata tras invertir un tiempo de 32 h. 59 m, y 17 s. en su singladura desde Denia tendr\u00e1n que ir a por todas para defender sus t\u00edtulos. Los \u00edndices de inscripci\u00f3n y las solicitudes de informaci\u00f3n cuando faltan pocos dias para terminar el a\u00f1o, \u00a0hacen prever que la pr\u00f3xima edicion de La Sal volver\u00e1 a reunir a una magnifica flota. Ser\u00e1, un a\u00f1o m\u00e1s, la regata de altura con mayor participaci\u00f3n de todo el Mediterr\u00e1neo.<\/p>\n<p style=\"text-align: center;\"><a title=\"_AFB6525\" href=\"#\"><img loading=\"lazy\" decoding=\"async\" class=\"aligncenter\" title=\"_AFB6525\" src=\"http:\/\/farm8.staticflickr.com\/7079\/13914488171_d85d566dbc.jpg\" alt=\"_AFB6525\" width=\"500\" height=\"352\" \/><\/a><\/p>\n<p style=\"text-align: justify;\">Para ANAM, organizadora del evento, el fomentar la afici\u00f3n a la competici\u00f3n de altarmar a trav\u00e9s de las posibilidades deportivas de esta extraordinaria regata, es un objetivo estrat\u00e9gico fundamental. La Sal crea \u00abescuela\u00bb de navegantes de altura; negociar el Mar Balear durante la Semana Santa, coincidiendo con el primer cambio de luna \u00a0tras el equinoccio de Primavera, tiene sus complicaciones. Un escenario extraordinario \u00a0en el que la competcion, siempre amena y exigente, esta abierta a muchas variables, convirtiedo esta cita en un desaf\u00edo poco previsible de alto valor deportivo.<\/p>\n<p style=\"text-align: justify;\">Para la pr\u00f3xima edici\u00f3n, la 28 Regata de Altura de La Ruta de la Sal &#8211; Trofeo Pepe Ferres que se diputara del 2 al 5 del pr\u00f3ximo mes de abril del 2015 , contar\u00e1 con cuotas de inscripci\u00f3n \u00a0m\u00e1s asequibles, con el \u00fanico objetivo de dinamizar la participaci\u00f3n: se trata b\u00e1sicamente de facilitar que cada a\u00f1o m\u00e1s aficionados a la navegaci\u00f3n de crucero a vela puedan experimentar las alegr\u00edas y emociones de la gran aventura de La Sal.<\/p>\n<p style=\"text-align: center;\"><a title=\"27 La Ruta de La Sal 2014 (Trofeo Pepe Ferr\u00e9s)\" href=\"#\"><img loading=\"lazy\" decoding=\"async\" class=\"aligncenter\" title=\"27 La Ruta de La Sal 2014 (Trofeo Pepe Ferr\u00e9s)\" src=\"http:\/\/farm4.staticflickr.com\/3816\/13910118175_ab05b02933.jpg\" alt=\"27 La Ruta de La Sal 2014 (Trofeo Pepe Ferr\u00e9s)\" width=\"500\" height=\"352\" \/><\/a><\/p>\n<p style=\"text-align: justify;\">La Sal es \u00a0una regata, muy abierta, lo que justifica, entre otras cosas, \u00a0un exclusivo modelo deportivo que ofrece muchas posibilidades para participar: las Clases con opci\u00f3n a competir en la Ruta de La Sal agrupan a las embarcaciones por periodos cronol\u00f3gicos, lo que equipara dise\u00f1os y modelos constructivos. Buscando una contemporaneidad \u00a0que, normalmente, bajo aspectos tecnicos y hasta \u00abplasticos\u00bb equilibra mucho las cosas contribuyendo a dar vigencia deportiva a embarcaciones que bajo otros modelos deportivos quedan totalmente descartadas. \u00a0Opciones para tripulaciones completas y reducidas. Para equipos femeninos. Para multicascos , incluso para flotillas de Escuelas de Navegaci\u00f3n de Altura y embarcaciones en lista 6\u00aa. En el mar muchas ayudas para unas singladuras muy tecnicas con m\u00faltiples opciones t\u00e1cticas y la ventaja de ser relativamente asequibles por sus distancias ; sistemas de comunicaci\u00f3n que organizan y estructuran la competici\u00f3n, ubicando regularmente a cada participante. En tierra muchas facilidades para hacer que la estancia en Ibiza sea, de alguna manera, una parte importante e intensa de esta gran aventura de La Sal.<\/p>\n<p style=\"text-align: center;\"><a title=\"27 La Ruta de La Sal 2014 (Trofeo Pepe Ferr\u00e9s)\" href=\"#\"><img loading=\"lazy\" decoding=\"async\" class=\"aligncenter\" title=\"27 La Ruta de La Sal 2014 (Trofeo Pepe Ferr\u00e9s)\" src=\"http:\/\/farm4.staticflickr.com\/3827\/13910525104_1a28e0bef9.jpg\" alt=\"27 La Ruta de La Sal 2014 (Trofeo Pepe Ferr\u00e9s)\" width=\"500\" height=\"352\" \/><\/a><\/p>\n<p style=\"text-align: justify;\">Tras la promociones y presentaciones de la regata en el pasado Sal\u00f3n N\u00e1utico Internacional de Barcelona, durante el mes de octubre, y en Noviembre el Sal\u00f3n N\u00e1utico de Cap D&#8217;Agde , el certamen \u00a0n\u00e1utico-recreativo m\u00e1s importante de la Costa Mediterr\u00e1nea Francesa, donde la S.O.R.A.C. &#8211; Soc\u00edet\u00e9 de Regates D\u00c1gde et du Cap &#8211; , incluyo a La Sal dentro de su programa de actividades, aconsej\u00e1ndola como regata de alto perfil deportivo, se adelanta para cita del 2015 una importante participaci\u00f3n. Pr\u00e1cticamente una serie que podr\u00eda reunir a unas 170\/180 embarcaciones, procedentes de unos treinta Clubes N\u00e1uticos, Marinas y Asociaciones Deportivas; equipos procedentes de las costas Cant\u00e1bricas, Atl\u00e1nticas, Andaluzas y Levantinas y de aguas interiores. Tambi\u00e9n se espera una magnifica lista de inscritos de las Islas Baleares. Concretamente de Ibiza y Palma de Mallorca.<\/p>\n<p style=\"text-align: center;\"><a title=\"_AFB6648\" href=\"#\"><img loading=\"lazy\" decoding=\"async\" class=\"aligncenter\" title=\"_AFB6648\" src=\"http:\/\/farm4.staticflickr.com\/3791\/13914331172_e3fe936a18.jpg\" alt=\"_AFB6648\" width=\"500\" height=\"352\" \/><\/a><\/p>\n<p style=\"text-align: justify;\">La participaci\u00f3n internacional volver\u00e1 a ser importante. La Sal cada vez se consolida m\u00e1s en el panorama n\u00e1utico deportivo internacional. Para el 2015 se espera la entrada de \u00a0m\u00e1s de 25 equipos extranjeros. La flota Francesa ser\u00e1 notable y con equipos muy preparados para la competici\u00f3n en alta mar. Pabellones tambi\u00e9n de Italia, Inglaterra, Irlanda, Luxemburgo, Alemania y Holanda, \u00a0entre otras posibles nacionalidades. En general una participaci\u00f3n notable y muy plural.<\/p>\n<p style=\"text-align: justify;\">La Versi\u00f3n Norte de La Sal que saldr\u00e1 el pr\u00f3ximo jueves 2 de abril del 2015 a las 10:00 h desde el CM Port Ginesta se competir\u00e1, como ya es habitual, sobre un recorrido de 140 millas con rumbo directo hasta el CN Sant Antoni de Portmany en Ibiza. Ser\u00e1 una navegaci\u00f3n de altura muy condicionada por los panoramas meteorol\u00f3gicos de las costas norte de Mallorca e Ibiza y, tambi\u00e9n del Golfo de Sant Jordi.<\/p>\n<p style=\"text-align: center;\"><a title=\"_AFB6307\" href=\"#\"><img loading=\"lazy\" decoding=\"async\" class=\"aligncenter\" title=\"_AFB6307\" src=\"http:\/\/farm8.staticflickr.com\/7433\/13900038461_5db11cac06.jpg\" alt=\"_AFB6307\" width=\"500\" height=\"352\" \/><\/a><\/p>\n<p style=\"text-align: justify;\">La Versi\u00f3n Este con salida prevista para las \u00a014: 00 h del mismo d\u00eda, jueves 2 de abril del 2014, \u00a0desde el RC N\u00e1utico de Denia, implica un circuito de 120 millas que obliga a los equipos en competici\u00f3n a tomar Formentera por babor, la Isla de Tagomago y, navegando por la costa norte de Ibiza, llegar hasta Sant Antoni de Portmany. Recorrido, este \u00faltimo, que podr\u00eda modificarse si las condiciones meteorol\u00f3gicas as\u00ed lo sugiriesen. T\u00e9cnicamente hablando esta Versi\u00f3n Este es un interesante circuito en el que cohabitan la navegaci\u00f3n de altura media con un recorrido costero cargado de opciones. Una regata divertida, muy t\u00e1ctica, y con muchas variables que, en un momento dado podr\u00edan contribuir a \u00a0definir una victoria.<\/p>\n<p style=\"text-align: justify;\">\n","protected":false},"excerpt":{"rendered":"<p>LA AVENTURA DE LA RUTA DE LA SAL- TROFEO PEPE FERRES 2015. La Sal presentada oficialmente el Sal\u00f3n N\u00e1utico de Cap D&#8217;Agde , en la costa Mediterr\u00e1nea Francesa. Los \u00edndices de inscripci\u00f3n antes de finalizar este a\u00f1o avanzan una gran regata para el 2015. La 28 Regata de La Ruta de la Sal podr\u00eda reunir [&hellip;]<\/p>\n","protected":false},"author":1,"featured_media":3690,"comment_status":"open","ping_status":"open","sticky":false,"template":"","format":"standard","meta":{"_acf_changed":false,"footnotes":""},"categories":[3],"tags":[],"acf":[],"yoast_head":"<!-- This site is optimized with the Yoast SEO plugin v23.0 - https:\/\/yoast.com\/wordpress\/plugins\/seo\/ -->\n<title>La Ruta de la Sal 2015 | Regata La Ruta de la Sal<\/title>\n<meta name=\"robots\" content=\"noindex, follow, max-snippet:-1, max-image-preview:large, max-video-preview:-1\" \/>\n<meta property=\"og:locale\" content=\"es_ES\" \/>\n<meta property=\"og:type\" content=\"article\" \/>\n<meta property=\"og:title\" content=\"La Ruta de la Sal 2015 | Regata La Ruta de la Sal\" \/>\n<meta property=\"og:description\" content=\"LA AVENTURA DE LA RUTA DE LA SAL- TROFEO PEPE FERRES 2015. La Sal presentada oficialmente el Sal\u00f3n N\u00e1utico de Cap D&#8217;Agde , en la costa Mediterr\u00e1nea Francesa. Los \u00edndices de inscripci\u00f3n antes de finalizar este a\u00f1o avanzan una gran regata para el 2015. La 28 Regata de La Ruta de la Sal podr\u00eda reunir [&hellip;]\" \/>\n<meta property=\"og:url\" content=\"https:\/\/labs.100x100.net\/projects\/rutasal\/la-ruta-de-la-sal-2015\/\" \/>\n<meta property=\"og:site_name\" content=\"Regata La Ruta de la Sal\" \/>\n<meta property=\"article:publisher\" content=\"https:\/\/www.facebook.com\/rutadelasal\/\" \/>\n<meta property=\"article:published_time\" content=\"2014-12-19T09:49:14+00:00\" \/>\n<meta property=\"article:modified_time\" content=\"2019-03-08T09:23:04+00:00\" \/>\n<meta property=\"og:image\" content=\"https:\/\/labs.100x100.net\/projects\/rutasal\/custom\/uploads\/2014\/12\/13900038461_5db11cac06.jpg\" \/>\n\t<meta property=\"og:image:width\" content=\"500\" \/>\n\t<meta property=\"og:image:height\" content=\"352\" \/>\n\t<meta property=\"og:image:type\" content=\"image\/jpeg\" \/>\n<meta name=\"author\" content=\"La Ruta de la Sal\" \/>\n<meta name=\"twitter:card\" content=\"summary_large_image\" \/>\n<meta name=\"twitter:creator\" content=\"@AnamMedi\" \/>\n<meta name=\"twitter:site\" content=\"@AnamMedi\" \/>\n<meta name=\"twitter:label1\" content=\"Escrito por\" \/>\n\t<meta name=\"twitter:data1\" content=\"La Ruta de la Sal\" \/>\n\t<meta name=\"twitter:label2\" content=\"Tiempo de lectura\" \/>\n\t<meta name=\"twitter:data2\" content=\"5 minutos\" \/>\n<script type=\"application\/ld+json\" class=\"yoast-schema-graph\">{\"@context\":\"https:\/\/schema.org\",\"@graph\":[{\"@type\":\"WebPage\",\"@id\":\"https:\/\/labs.100x100.net\/projects\/rutasal\/la-ruta-de-la-sal-2015\/\",\"url\":\"https:\/\/labs.100x100.net\/projects\/rutasal\/la-ruta-de-la-sal-2015\/\",\"name\":\"La Ruta de la Sal 2015 | Regata La Ruta de la Sal\",\"isPartOf\":{\"@id\":\"https:\/\/labs.100x100.net\/projects\/rutasal\/#website\"},\"primaryImageOfPage\":{\"@id\":\"https:\/\/labs.100x100.net\/projects\/rutasal\/la-ruta-de-la-sal-2015\/#primaryimage\"},\"image\":{\"@id\":\"https:\/\/labs.100x100.net\/projects\/rutasal\/la-ruta-de-la-sal-2015\/#primaryimage\"},\"thumbnailUrl\":\"https:\/\/labs.100x100.net\/projects\/rutasal\/custom\/uploads\/2014\/12\/13900038461_5db11cac06.jpg\",\"datePublished\":\"2014-12-19T09:49:14+00:00\",\"dateModified\":\"2019-03-08T09:23:04+00:00\",\"author\":{\"@id\":\"https:\/\/labs.100x100.net\/projects\/rutasal\/#\/schema\/person\/214eeb4a2e78fd8373a0a94f6d93c9ca\"},\"breadcrumb\":{\"@id\":\"https:\/\/labs.100x100.net\/projects\/rutasal\/la-ruta-de-la-sal-2015\/#breadcrumb\"},\"inLanguage\":\"es\",\"potentialAction\":[{\"@type\":\"ReadAction\",\"target\":[\"https:\/\/labs.100x100.net\/projects\/rutasal\/la-ruta-de-la-sal-2015\/\"]}]},{\"@type\":\"ImageObject\",\"inLanguage\":\"es\",\"@id\":\"https:\/\/labs.100x100.net\/projects\/rutasal\/la-ruta-de-la-sal-2015\/#primaryimage\",\"url\":\"https:\/\/labs.100x100.net\/projects\/rutasal\/custom\/uploads\/2014\/12\/13900038461_5db11cac06.jpg\",\"contentUrl\":\"https:\/\/labs.100x100.net\/projects\/rutasal\/custom\/uploads\/2014\/12\/13900038461_5db11cac06.jpg\",\"width\":500,\"height\":352},{\"@type\":\"BreadcrumbList\",\"@id\":\"https:\/\/labs.100x100.net\/projects\/rutasal\/la-ruta-de-la-sal-2015\/#breadcrumb\",\"itemListElement\":[{\"@type\":\"ListItem\",\"position\":1,\"name\":\"Portada\",\"item\":\"https:\/\/labs.100x100.net\/projects\/rutasal\/\"},{\"@type\":\"ListItem\",\"position\":2,\"name\":\"La Ruta de la Sal 2015\"}]},{\"@type\":\"WebSite\",\"@id\":\"https:\/\/labs.100x100.net\/projects\/rutasal\/#website\",\"url\":\"https:\/\/labs.100x100.net\/projects\/rutasal\/\",\"name\":\"Regata La Ruta de la Sal\",\"description\":\"Regata La Ruta de la Sal es una regata de Altura Mediterr\u00e1nea para barcos de crucero a vela con destino en Ibiza, que se disputa anualmente en Semana Santa.\",\"potentialAction\":[{\"@type\":\"SearchAction\",\"target\":{\"@type\":\"EntryPoint\",\"urlTemplate\":\"https:\/\/labs.100x100.net\/projects\/rutasal\/?s={search_term_string}\"},\"query-input\":\"required name=search_term_string\"}],\"inLanguage\":\"es\"},{\"@type\":\"Person\",\"@id\":\"https:\/\/labs.100x100.net\/projects\/rutasal\/#\/schema\/person\/214eeb4a2e78fd8373a0a94f6d93c9ca\",\"name\":\"La Ruta de la Sal\",\"image\":{\"@type\":\"ImageObject\",\"inLanguage\":\"es\",\"@id\":\"https:\/\/labs.100x100.net\/projects\/rutasal\/#\/schema\/person\/image\/\",\"url\":\"https:\/\/secure.gravatar.com\/avatar\/b247286d4b801d6b1cfcfb3807587284?s=96&d=mm&r=g\",\"contentUrl\":\"https:\/\/secure.gravatar.com\/avatar\/b247286d4b801d6b1cfcfb3807587284?s=96&d=mm&r=g\",\"caption\":\"La Ruta de la Sal\"}}]}<\/script>\n<!-- \/ Yoast SEO plugin. -->","yoast_head_json":{"title":"La Ruta de la Sal 2015 | Regata La Ruta de la Sal","robots":{"index":"noindex","follow":"follow","max-snippet":"max-snippet:-1","max-image-preview":"max-image-preview:large","max-video-preview":"max-video-preview:-1"},"og_locale":"es_ES","og_type":"article","og_title":"La Ruta de la Sal 2015 | Regata La Ruta de la Sal","og_description":"LA AVENTURA DE LA RUTA DE LA SAL- TROFEO PEPE FERRES 2015. La Sal presentada oficialmente el Sal\u00f3n N\u00e1utico de Cap D&#8217;Agde , en la costa Mediterr\u00e1nea Francesa. Los \u00edndices de inscripci\u00f3n antes de finalizar este a\u00f1o avanzan una gran regata para el 2015. La 28 Regata de La Ruta de la Sal podr\u00eda reunir [&hellip;]","og_url":"https:\/\/labs.100x100.net\/projects\/rutasal\/la-ruta-de-la-sal-2015\/","og_site_name":"Regata La Ruta de la Sal","article_publisher":"https:\/\/www.facebook.com\/rutadelasal\/","article_published_time":"2014-12-19T09:49:14+00:00","article_modified_time":"2019-03-08T09:23:04+00:00","og_image":[{"width":500,"height":352,"url":"https:\/\/labs.100x100.net\/projects\/rutasal\/custom\/uploads\/2014\/12\/13900038461_5db11cac06.jpg","type":"image\/jpeg"}],"author":"La Ruta de la Sal","twitter_card":"summary_large_image","twitter_creator":"@AnamMedi","twitter_site":"@AnamMedi","twitter_misc":{"Escrito por":"La Ruta de la Sal","Tiempo de lectura":"5 minutos"},"schema":{"@context":"https:\/\/schema.org","@graph":[{"@type":"WebPage","@id":"https:\/\/labs.100x100.net\/projects\/rutasal\/la-ruta-de-la-sal-2015\/","url":"https:\/\/labs.100x100.net\/projects\/rutasal\/la-ruta-de-la-sal-2015\/","name":"La Ruta de la Sal 2015 | Regata La Ruta de la Sal","isPartOf":{"@id":"https:\/\/labs.100x100.net\/projects\/rutasal\/#website"},"primaryImageOfPage":{"@id":"https:\/\/labs.100x100.net\/projects\/rutasal\/la-ruta-de-la-sal-2015\/#primaryimage"},"image":{"@id":"https:\/\/labs.100x100.net\/projects\/rutasal\/la-ruta-de-la-sal-2015\/#primaryimage"},"thumbnailUrl":"https:\/\/labs.100x100.net\/projects\/rutasal\/custom\/uploads\/2014\/12\/13900038461_5db11cac06.jpg","datePublished":"2014-12-19T09:49:14+00:00","dateModified":"2019-03-08T09:23:04+00:00","author":{"@id":"https:\/\/labs.100x100.net\/projects\/rutasal\/#\/schema\/person\/214eeb4a2e78fd8373a0a94f6d93c9ca"},"breadcrumb":{"@id":"https:\/\/labs.100x100.net\/projects\/rutasal\/la-ruta-de-la-sal-2015\/#breadcrumb"},"inLanguage":"es","potentialAction":[{"@type":"ReadAction","target":["https:\/\/labs.100x100.net\/projects\/rutasal\/la-ruta-de-la-sal-2015\/"]}]},{"@type":"ImageObject","inLanguage":"es","@id":"https:\/\/labs.100x100.net\/projects\/rutasal\/la-ruta-de-la-sal-2015\/#primaryimage","url":"https:\/\/labs.100x100.net\/projects\/rutasal\/custom\/uploads\/2014\/12\/13900038461_5db11cac06.jpg","contentUrl":"https:\/\/labs.100x100.net\/projects\/rutasal\/custom\/uploads\/2014\/12\/13900038461_5db11cac06.jpg","width":500,"height":352},{"@type":"BreadcrumbList","@id":"https:\/\/labs.100x100.net\/projects\/rutasal\/la-ruta-de-la-sal-2015\/#breadcrumb","itemListElement":[{"@type":"ListItem","position":1,"name":"Portada","item":"https:\/\/labs.100x100.net\/projects\/rutasal\/"},{"@type":"ListItem","position":2,"name":"La Ruta de la Sal 2015"}]},{"@type":"WebSite","@id":"https:\/\/labs.100x100.net\/projects\/rutasal\/#website","url":"https:\/\/labs.100x100.net\/projects\/rutasal\/","name":"Regata La Ruta de la Sal","description":"Regata La Ruta de la Sal es una regata de Altura Mediterr\u00e1nea para barcos de crucero a vela con destino en Ibiza, que se disputa anualmente en Semana Santa.","potentialAction":[{"@type":"SearchAction","target":{"@type":"EntryPoint","urlTemplate":"https:\/\/labs.100x100.net\/projects\/rutasal\/?s={search_term_string}"},"query-input":"required name=search_term_string"}],"inLanguage":"es"},{"@type":"Person","@id":"https:\/\/labs.100x100.net\/projects\/rutasal\/#\/schema\/person\/214eeb4a2e78fd8373a0a94f6d93c9ca","name":"La Ruta de la Sal","image":{"@type":"ImageObject","inLanguage":"es","@id":"https:\/\/labs.100x100.net\/projects\/rutasal\/#\/schema\/person\/image\/","url":"https:\/\/secure.gravatar.com\/avatar\/b247286d4b801d6b1cfcfb3807587284?s=96&d=mm&r=g","contentUrl":"https:\/\/secure.gravatar.com\/avatar\/b247286d4b801d6b1cfcfb3807587284?s=96&d=mm&r=g","caption":"La Ruta de la Sal"}}]}},"_links":{"self":[{"href":"https:\/\/labs.100x100.net\/projects\/rutasal\/wp-json\/wp\/v2\/posts\/1859"}],"collection":[{"href":"https:\/\/labs.100x100.net\/projects\/rutasal\/wp-json\/wp\/v2\/posts"}],"about":[{"href":"https:\/\/labs.100x100.net\/projects\/rutasal\/wp-json\/wp\/v2\/types\/post"}],"author":[{"embeddable":true,"href":"https:\/\/labs.100x100.net\/projects\/rutasal\/wp-json\/wp\/v2\/users\/1"}],"replies":[{"embeddable":true,"href":"https:\/\/labs.100x100.net\/projects\/rutasal\/wp-json\/wp\/v2\/comments?post=1859"}],"version-history":[{"count":1,"href":"https:\/\/labs.100x100.net\/projects\/rutasal\/wp-json\/wp\/v2\/posts\/1859\/revisions"}],"predecessor-version":[{"id":3419,"href":"https:\/\/labs.100x100.net\/projects\/rutasal\/wp-json\/wp\/v2\/posts\/1859\/revisions\/3419"}],"wp:featuredmedia":[{"embeddable":true,"href":"https:\/\/labs.100x100.net\/projects\/rutasal\/wp-json\/wp\/v2\/media\/3690"}],"wp:attachment":[{"href":"https:\/\/labs.100x100.net\/projects\/rutasal\/wp-json\/wp\/v2\/media?parent=1859"}],"wp:term":[{"taxonomy":"category","embeddable":true,"href":"https:\/\/labs.100x100.net\/projects\/rutasal\/wp-json\/wp\/v2\/categories?post=1859"},{"taxonomy":"post_tag","embeddable":true,"href":"https:\/\/labs.100x100.net\/projects\/rutasal\/wp-json\/wp\/v2\/tags?post=1859"}],"curies":[{"name":"wp","href":"https:\/\/api.w.org\/{rel}","templated":true}]}}