{"id":1759,"date":"2014-10-15T20:29:21","date_gmt":"2014-10-15T18:29:21","guid":{"rendered":"https:\/\/larutadelasal.com\/?p=1759"},"modified":"2019-03-08T11:25:36","modified_gmt":"2019-03-08T09:25:36","slug":"se-inicia-el-salon-nautico-interncional-de-barcelona-con-gran-espectativa","status":"publish","type":"post","link":"https:\/\/labs.100x100.net\/projects\/rutasal\/se-inicia-el-salon-nautico-interncional-de-barcelona-con-gran-espectativa\/","title":{"rendered":"SE INICIA EL SAL\u00d3N N\u00c1UTICO INTERNACIONAL DE BARCELONA CON GRAN ESPECTATIVA"},"content":{"rendered":"<p style=\"text-align: justify;\">Como ya sab\u00e9is,<strong> ANAM \u2013 La Ruta de la Sal<\/strong> estar\u00e1 situado, en el mismo lugar del a\u00f1o pasado, en el Moll de la Fusta,<strong> STAND D 471<\/strong>, punto de encuentro de los navegantes.<\/p>\n<p style=\"text-align: center;\"><strong>Se han abierto las inscripci\u00f3n de LA RUTA DE LA SAL \u2013 Trofeo Pepe Ferr\u00e9s 2015 con el<br \/>\n20% de Descuento Especial Sal\u00f3n N\u00e1utico<\/strong><\/p>\n<p style=\"text-align: justify;\">Hasta el momento ya se han inscrito varias embarcaciones, tanto nacionales como internacionales.<br \/>\nEl <strong>TEIKI con tripulaci\u00f3n Americana<\/strong> repite. Y tambi\u00e9n la <strong>tripulaci\u00f3n rusa<\/strong> al mando de <strong>Alexander Morotzov<\/strong>, que con \u00e9sta ya ser\u00e1n 5 ediciones en las que participa.<\/p>\n<p style=\"text-align: justify;\"><strong>El JUEVES 16 a las 18h, en el Satand ANAM, tendr\u00e1 lugar la presentaci\u00f3n del libro de Oriol Salvador<em> \u00abAl otro lado del horizonte &#8211; el viaje de Pepe Bandera\u00bb<\/em><\/strong><\/p>\n<p style=\"text-align: center;\"><strong><em><img loading=\"lazy\" decoding=\"async\" class=\"aligncenter\" src=\"http:\/\/farm4.staticflickr.com\/3665\/13910168523_a471e4a8b5.jpg\" alt=\"27 La Ruta de La Sal 2014 (Trofeo Pepe Ferr\u00e9s)\" width=\"640\" height=\"400\" \/><\/em><\/strong><\/p>\n<p style=\"text-align: justify;\"><strong><em><strong>El<strong><strong> viernes 17 de octubre a las 19h<\/strong><\/strong> tendr\u00e1 lugar la\u00a0<strong><strong>Presentaci\u00f3n Oficial de la XXVIII Edici\u00f3n de La Ruta de la Sal<\/strong>,<\/strong> la<strong> <strong>Entrega de Premios del Circuito ANAM de Regatas 2014<\/strong><\/strong> y la\u00a0<strong><strong>Presentaci\u00f3n del Circuito ANAM 2015<\/strong><\/strong>.<\/strong><\/em><\/strong><\/p>\n<p style=\"text-align: justify;\"><strong><em><strong><strong>Al finalizar brindaremos con\u00a0<strong><strong>Cava Gramona<\/strong><\/strong>, degustaremos un espl\u00e9ndido\u00a0<strong><strong>Salm\u00f3n Ahumado\u00a0de JL Smoker<\/strong><\/strong> con el m\u00e9todo tradicional y artesano del maestro ahumadero J. La Fuente, producto estrella de\u00a0Barcino Groumet, y disfrutaremos de unas deliciosas\u00a0<strong><strong>Ostras del Parque Natural del Delta de GranBlau<\/strong>.<\/strong><\/strong><\/strong><\/em><\/strong><\/p>\n<p style=\"text-align: justify;\"><strong><em><strong><strong><a title=\"_AFB5623\" href=\"http:\/\/www.flickr.com\/photos\/circuitoanam\/13910548604\/\"><img loading=\"lazy\" decoding=\"async\" src=\"http:\/\/farm4.staticflickr.com\/3691\/13910548604_ff992194f2.jpg\" alt=\"_AFB5623\" width=\"320\" height=\"229\" \/><\/a><a title=\"_AFB5462\" href=\"http:\/\/www.flickr.com\/photos\/circuitoanam\/13887042791\/\"><img loading=\"lazy\" decoding=\"async\" class=\"alignright\" src=\"http:\/\/farm8.staticflickr.com\/7376\/13887042791_9f73bd2a44.jpg\" alt=\"_AFB5462\" width=\"320\" height=\"229\" \/><\/a><\/strong><\/strong><\/em><\/strong><\/p>\n<p>Los ganadores de este \u00faltimo Circuito ANAM de Regatas 2014 han sido:<\/p>\n<ul>\n<li><span style=\"font-size: 13px;\">Vencedor del Circuito, <\/span><strong>AQUITAT III<\/strong><span style=\"font-size: 13px;\">, Sun Odyssey 49, de Cesar Villegas del Nautic Binibeca:<br \/>\n<\/span><strong>AUSMAR<\/strong><span style=\"font-size: 13px;\"> le har\u00e1 entrega de un vale de descuento por importe de 500\u20ac para la compra de material de seguridad en AUSMAR. www.ausmar.com.<\/span><\/li>\n<li><span style=\"font-size: 13px;\">Segundo clasificado, <\/span><strong>SINUNAI<\/strong><span style=\"font-size: 13px;\">, Bavaria 46, de Xavi Leon del CN Arenys de Mar:<br \/>\n<\/span><strong>ORIGIN MARINE<\/strong><span style=\"font-size: 13px;\"> le har\u00e1 entrega de un ancla <\/span><strong>ROCNA<\/strong><span style=\"font-size: 13px;\">.<\/span><\/li>\n<li><span style=\"font-size: 13px;\">Tercer clasificado, <\/span><strong>THE BEST SKIPPER<\/strong><span style=\"font-size: 13px;\">, Hanse 461 de Enric Curt del CN Vilanova:<br \/>\n<\/span><strong>ORIGIN MARINE<\/strong><span style=\"font-size: 13px;\"> le har\u00e1 entrega de un juego de cabos de amarre de la marca TITAN.<\/span><\/li>\n<\/ul>\n<p><strong>\u00a1Os esperamos!<\/strong><\/p>\n","protected":false},"excerpt":{"rendered":"<p>Hasta el momento se han inscrito varias embarcaciones, tanto nacionales como internacionales.<br \/>\nEl TEIKI con tripulaci\u00f3n Americana repite. Y tambi\u00e9n la tripulaci\u00f3n rusa al mando de Alexander Morotzov, que con \u00e9sta ya ser\u00e1n 5 ediciones en las que participa.<\/p>\n","protected":false},"author":1,"featured_media":3694,"comment_status":"open","ping_status":"open","sticky":false,"template":"","format":"standard","meta":{"_acf_changed":false,"footnotes":""},"categories":[3],"tags":[],"acf":[],"yoast_head":"<!-- This site is optimized with the Yoast SEO plugin v23.0 - https:\/\/yoast.com\/wordpress\/plugins\/seo\/ -->\n<title>SE INICIA EL SAL\u00d3N N\u00c1UTICO INTERNACIONAL DE BARCELONA CON GRAN ESPECTATIVA | Regata La Ruta de la Sal<\/title>\n<meta name=\"robots\" content=\"noindex, follow, max-snippet:-1, max-image-preview:large, max-video-preview:-1\" \/>\n<meta property=\"og:locale\" content=\"es_ES\" \/>\n<meta property=\"og:type\" content=\"article\" \/>\n<meta property=\"og:title\" content=\"SE INICIA EL SAL\u00d3N N\u00c1UTICO INTERNACIONAL DE BARCELONA CON GRAN ESPECTATIVA | Regata La Ruta de la Sal\" \/>\n<meta property=\"og:description\" content=\"Hasta el momento se han inscrito varias embarcaciones, tanto nacionales como internacionales. El TEIKI con tripulaci\u00f3n Americana repite. Y tambi\u00e9n la tripulaci\u00f3n rusa al mando de Alexander Morotzov, que con \u00e9sta ya ser\u00e1n 5 ediciones en las que participa.\" \/>\n<meta property=\"og:url\" content=\"https:\/\/labs.100x100.net\/projects\/rutasal\/se-inicia-el-salon-nautico-interncional-de-barcelona-con-gran-espectativa\/\" \/>\n<meta property=\"og:site_name\" content=\"Regata La Ruta de la Sal\" \/>\n<meta property=\"article:publisher\" content=\"https:\/\/www.facebook.com\/rutadelasal\/\" \/>\n<meta property=\"article:published_time\" content=\"2014-10-15T18:29:21+00:00\" \/>\n<meta property=\"article:modified_time\" content=\"2019-03-08T09:25:36+00:00\" \/>\n<meta property=\"og:image\" content=\"https:\/\/labs.100x100.net\/projects\/rutasal\/custom\/uploads\/2014\/10\/13910168523_a471e4a8b5.jpg\" \/>\n\t<meta property=\"og:image:width\" content=\"500\" \/>\n\t<meta property=\"og:image:height\" content=\"352\" \/>\n\t<meta property=\"og:image:type\" content=\"image\/jpeg\" \/>\n<meta name=\"author\" content=\"La Ruta de la Sal\" \/>\n<meta name=\"twitter:card\" content=\"summary_large_image\" \/>\n<meta name=\"twitter:creator\" content=\"@AnamMedi\" \/>\n<meta name=\"twitter:site\" content=\"@AnamMedi\" \/>\n<meta name=\"twitter:label1\" content=\"Escrito por\" \/>\n\t<meta name=\"twitter:data1\" content=\"La Ruta de la Sal\" \/>\n\t<meta name=\"twitter:label2\" content=\"Tiempo de lectura\" \/>\n\t<meta name=\"twitter:data2\" content=\"2 minutos\" \/>\n<script type=\"application\/ld+json\" class=\"yoast-schema-graph\">{\"@context\":\"https:\/\/schema.org\",\"@graph\":[{\"@type\":\"WebPage\",\"@id\":\"https:\/\/labs.100x100.net\/projects\/rutasal\/se-inicia-el-salon-nautico-interncional-de-barcelona-con-gran-espectativa\/\",\"url\":\"https:\/\/labs.100x100.net\/projects\/rutasal\/se-inicia-el-salon-nautico-interncional-de-barcelona-con-gran-espectativa\/\",\"name\":\"SE INICIA EL SAL\u00d3N N\u00c1UTICO INTERNACIONAL DE BARCELONA CON GRAN ESPECTATIVA | Regata La Ruta de la Sal\",\"isPartOf\":{\"@id\":\"https:\/\/labs.100x100.net\/projects\/rutasal\/#website\"},\"primaryImageOfPage\":{\"@id\":\"https:\/\/labs.100x100.net\/projects\/rutasal\/se-inicia-el-salon-nautico-interncional-de-barcelona-con-gran-espectativa\/#primaryimage\"},\"image\":{\"@id\":\"https:\/\/labs.100x100.net\/projects\/rutasal\/se-inicia-el-salon-nautico-interncional-de-barcelona-con-gran-espectativa\/#primaryimage\"},\"thumbnailUrl\":\"https:\/\/labs.100x100.net\/projects\/rutasal\/custom\/uploads\/2014\/10\/13910168523_a471e4a8b5.jpg\",\"datePublished\":\"2014-10-15T18:29:21+00:00\",\"dateModified\":\"2019-03-08T09:25:36+00:00\",\"author\":{\"@id\":\"https:\/\/labs.100x100.net\/projects\/rutasal\/#\/schema\/person\/214eeb4a2e78fd8373a0a94f6d93c9ca\"},\"breadcrumb\":{\"@id\":\"https:\/\/labs.100x100.net\/projects\/rutasal\/se-inicia-el-salon-nautico-interncional-de-barcelona-con-gran-espectativa\/#breadcrumb\"},\"inLanguage\":\"es\",\"potentialAction\":[{\"@type\":\"ReadAction\",\"target\":[\"https:\/\/labs.100x100.net\/projects\/rutasal\/se-inicia-el-salon-nautico-interncional-de-barcelona-con-gran-espectativa\/\"]}]},{\"@type\":\"ImageObject\",\"inLanguage\":\"es\",\"@id\":\"https:\/\/labs.100x100.net\/projects\/rutasal\/se-inicia-el-salon-nautico-interncional-de-barcelona-con-gran-espectativa\/#primaryimage\",\"url\":\"https:\/\/labs.100x100.net\/projects\/rutasal\/custom\/uploads\/2014\/10\/13910168523_a471e4a8b5.jpg\",\"contentUrl\":\"https:\/\/labs.100x100.net\/projects\/rutasal\/custom\/uploads\/2014\/10\/13910168523_a471e4a8b5.jpg\",\"width\":500,\"height\":352},{\"@type\":\"BreadcrumbList\",\"@id\":\"https:\/\/labs.100x100.net\/projects\/rutasal\/se-inicia-el-salon-nautico-interncional-de-barcelona-con-gran-espectativa\/#breadcrumb\",\"itemListElement\":[{\"@type\":\"ListItem\",\"position\":1,\"name\":\"Portada\",\"item\":\"https:\/\/labs.100x100.net\/projects\/rutasal\/\"},{\"@type\":\"ListItem\",\"position\":2,\"name\":\"SE INICIA EL SAL\u00d3N N\u00c1UTICO INTERNACIONAL DE BARCELONA CON GRAN ESPECTATIVA\"}]},{\"@type\":\"WebSite\",\"@id\":\"https:\/\/labs.100x100.net\/projects\/rutasal\/#website\",\"url\":\"https:\/\/labs.100x100.net\/projects\/rutasal\/\",\"name\":\"Regata La Ruta de la Sal\",\"description\":\"Regata La Ruta de la Sal es una regata de Altura Mediterr\u00e1nea para barcos de crucero a vela con destino en Ibiza, que se disputa anualmente en Semana Santa.\",\"potentialAction\":[{\"@type\":\"SearchAction\",\"target\":{\"@type\":\"EntryPoint\",\"urlTemplate\":\"https:\/\/labs.100x100.net\/projects\/rutasal\/?s={search_term_string}\"},\"query-input\":\"required name=search_term_string\"}],\"inLanguage\":\"es\"},{\"@type\":\"Person\",\"@id\":\"https:\/\/labs.100x100.net\/projects\/rutasal\/#\/schema\/person\/214eeb4a2e78fd8373a0a94f6d93c9ca\",\"name\":\"La Ruta de la Sal\",\"image\":{\"@type\":\"ImageObject\",\"inLanguage\":\"es\",\"@id\":\"https:\/\/labs.100x100.net\/projects\/rutasal\/#\/schema\/person\/image\/\",\"url\":\"https:\/\/secure.gravatar.com\/avatar\/b247286d4b801d6b1cfcfb3807587284?s=96&d=mm&r=g\",\"contentUrl\":\"https:\/\/secure.gravatar.com\/avatar\/b247286d4b801d6b1cfcfb3807587284?s=96&d=mm&r=g\",\"caption\":\"La Ruta de la Sal\"}}]}<\/script>\n<!-- \/ Yoast SEO plugin. -->","yoast_head_json":{"title":"SE INICIA EL SAL\u00d3N N\u00c1UTICO INTERNACIONAL DE BARCELONA CON GRAN ESPECTATIVA | Regata La Ruta de la Sal","robots":{"index":"noindex","follow":"follow","max-snippet":"max-snippet:-1","max-image-preview":"max-image-preview:large","max-video-preview":"max-video-preview:-1"},"og_locale":"es_ES","og_type":"article","og_title":"SE INICIA EL SAL\u00d3N N\u00c1UTICO INTERNACIONAL DE BARCELONA CON GRAN ESPECTATIVA | Regata La Ruta de la Sal","og_description":"Hasta el momento se han inscrito varias embarcaciones, tanto nacionales como internacionales. El TEIKI con tripulaci\u00f3n Americana repite. Y tambi\u00e9n la tripulaci\u00f3n rusa al mando de Alexander Morotzov, que con \u00e9sta ya ser\u00e1n 5 ediciones en las que participa.","og_url":"https:\/\/labs.100x100.net\/projects\/rutasal\/se-inicia-el-salon-nautico-interncional-de-barcelona-con-gran-espectativa\/","og_site_name":"Regata La Ruta de la Sal","article_publisher":"https:\/\/www.facebook.com\/rutadelasal\/","article_published_time":"2014-10-15T18:29:21+00:00","article_modified_time":"2019-03-08T09:25:36+00:00","og_image":[{"width":500,"height":352,"url":"https:\/\/labs.100x100.net\/projects\/rutasal\/custom\/uploads\/2014\/10\/13910168523_a471e4a8b5.jpg","type":"image\/jpeg"}],"author":"La Ruta de la Sal","twitter_card":"summary_large_image","twitter_creator":"@AnamMedi","twitter_site":"@AnamMedi","twitter_misc":{"Escrito por":"La Ruta de la Sal","Tiempo de lectura":"2 minutos"},"schema":{"@context":"https:\/\/schema.org","@graph":[{"@type":"WebPage","@id":"https:\/\/labs.100x100.net\/projects\/rutasal\/se-inicia-el-salon-nautico-interncional-de-barcelona-con-gran-espectativa\/","url":"https:\/\/labs.100x100.net\/projects\/rutasal\/se-inicia-el-salon-nautico-interncional-de-barcelona-con-gran-espectativa\/","name":"SE INICIA EL SAL\u00d3N N\u00c1UTICO INTERNACIONAL DE BARCELONA CON GRAN ESPECTATIVA | Regata La Ruta de la Sal","isPartOf":{"@id":"https:\/\/labs.100x100.net\/projects\/rutasal\/#website"},"primaryImageOfPage":{"@id":"https:\/\/labs.100x100.net\/projects\/rutasal\/se-inicia-el-salon-nautico-interncional-de-barcelona-con-gran-espectativa\/#primaryimage"},"image":{"@id":"https:\/\/labs.100x100.net\/projects\/rutasal\/se-inicia-el-salon-nautico-interncional-de-barcelona-con-gran-espectativa\/#primaryimage"},"thumbnailUrl":"https:\/\/labs.100x100.net\/projects\/rutasal\/custom\/uploads\/2014\/10\/13910168523_a471e4a8b5.jpg","datePublished":"2014-10-15T18:29:21+00:00","dateModified":"2019-03-08T09:25:36+00:00","author":{"@id":"https:\/\/labs.100x100.net\/projects\/rutasal\/#\/schema\/person\/214eeb4a2e78fd8373a0a94f6d93c9ca"},"breadcrumb":{"@id":"https:\/\/labs.100x100.net\/projects\/rutasal\/se-inicia-el-salon-nautico-interncional-de-barcelona-con-gran-espectativa\/#breadcrumb"},"inLanguage":"es","potentialAction":[{"@type":"ReadAction","target":["https:\/\/labs.100x100.net\/projects\/rutasal\/se-inicia-el-salon-nautico-interncional-de-barcelona-con-gran-espectativa\/"]}]},{"@type":"ImageObject","inLanguage":"es","@id":"https:\/\/labs.100x100.net\/projects\/rutasal\/se-inicia-el-salon-nautico-interncional-de-barcelona-con-gran-espectativa\/#primaryimage","url":"https:\/\/labs.100x100.net\/projects\/rutasal\/custom\/uploads\/2014\/10\/13910168523_a471e4a8b5.jpg","contentUrl":"https:\/\/labs.100x100.net\/projects\/rutasal\/custom\/uploads\/2014\/10\/13910168523_a471e4a8b5.jpg","width":500,"height":352},{"@type":"BreadcrumbList","@id":"https:\/\/labs.100x100.net\/projects\/rutasal\/se-inicia-el-salon-nautico-interncional-de-barcelona-con-gran-espectativa\/#breadcrumb","itemListElement":[{"@type":"ListItem","position":1,"name":"Portada","item":"https:\/\/labs.100x100.net\/projects\/rutasal\/"},{"@type":"ListItem","position":2,"name":"SE INICIA EL SAL\u00d3N N\u00c1UTICO INTERNACIONAL DE BARCELONA CON GRAN ESPECTATIVA"}]},{"@type":"WebSite","@id":"https:\/\/labs.100x100.net\/projects\/rutasal\/#website","url":"https:\/\/labs.100x100.net\/projects\/rutasal\/","name":"Regata La Ruta de la Sal","description":"Regata La Ruta de la Sal es una regata de Altura Mediterr\u00e1nea para barcos de crucero a vela con destino en Ibiza, que se disputa anualmente en Semana Santa.","potentialAction":[{"@type":"SearchAction","target":{"@type":"EntryPoint","urlTemplate":"https:\/\/labs.100x100.net\/projects\/rutasal\/?s={search_term_string}"},"query-input":"required name=search_term_string"}],"inLanguage":"es"},{"@type":"Person","@id":"https:\/\/labs.100x100.net\/projects\/rutasal\/#\/schema\/person\/214eeb4a2e78fd8373a0a94f6d93c9ca","name":"La Ruta de la Sal","image":{"@type":"ImageObject","inLanguage":"es","@id":"https:\/\/labs.100x100.net\/projects\/rutasal\/#\/schema\/person\/image\/","url":"https:\/\/secure.gravatar.com\/avatar\/b247286d4b801d6b1cfcfb3807587284?s=96&d=mm&r=g","contentUrl":"https:\/\/secure.gravatar.com\/avatar\/b247286d4b801d6b1cfcfb3807587284?s=96&d=mm&r=g","caption":"La Ruta de la Sal"}}]}},"_links":{"self":[{"href":"https:\/\/labs.100x100.net\/projects\/rutasal\/wp-json\/wp\/v2\/posts\/1759"}],"collection":[{"href":"https:\/\/labs.100x100.net\/projects\/rutasal\/wp-json\/wp\/v2\/posts"}],"about":[{"href":"https:\/\/labs.100x100.net\/projects\/rutasal\/wp-json\/wp\/v2\/types\/post"}],"author":[{"embeddable":true,"href":"https:\/\/labs.100x100.net\/projects\/rutasal\/wp-json\/wp\/v2\/users\/1"}],"replies":[{"embeddable":true,"href":"https:\/\/labs.100x100.net\/projects\/rutasal\/wp-json\/wp\/v2\/comments?post=1759"}],"version-history":[{"count":1,"href":"https:\/\/labs.100x100.net\/projects\/rutasal\/wp-json\/wp\/v2\/posts\/1759\/revisions"}],"predecessor-version":[{"id":3290,"href":"https:\/\/labs.100x100.net\/projects\/rutasal\/wp-json\/wp\/v2\/posts\/1759\/revisions\/3290"}],"wp:featuredmedia":[{"embeddable":true,"href":"https:\/\/labs.100x100.net\/projects\/rutasal\/wp-json\/wp\/v2\/media\/3694"}],"wp:attachment":[{"href":"https:\/\/labs.100x100.net\/projects\/rutasal\/wp-json\/wp\/v2\/media?parent=1759"}],"wp:term":[{"taxonomy":"category","embeddable":true,"href":"https:\/\/labs.100x100.net\/projects\/rutasal\/wp-json\/wp\/v2\/categories?post=1759"},{"taxonomy":"post_tag","embeddable":true,"href":"https:\/\/labs.100x100.net\/projects\/rutasal\/wp-json\/wp\/v2\/tags?post=1759"}],"curies":[{"name":"wp","href":"https:\/\/api.w.org\/{rel}","templated":true}]}}