{"id":1741,"date":"2014-09-01T09:44:42","date_gmt":"2014-09-01T07:44:42","guid":{"rendered":"https:\/\/larutadelasal.com\/?p=1741"},"modified":"2019-03-08T11:27:44","modified_gmt":"2019-03-08T09:27:44","slug":"salon-nautico-internacional-de-barcelona-4","status":"publish","type":"post","link":"https:\/\/labs.100x100.net\/projects\/rutasal\/salon-nautico-internacional-de-barcelona-4\/","title":{"rendered":"Sal\u00f3n N\u00e1utico Internacional de Barcelona"},"content":{"rendered":"<p style=\"text-align: justify;\">Nos complace comunicarte que durante el\u00a0<strong>Sal\u00f3n N\u00e1utico Internacional de Barcelona<\/strong>, que este a\u00f1o se celebra\u00a0<strong>del 15 al 19 de octubre<\/strong> en el Port Vell, nuestro\u00a0<strong>STAND ANAM \u2013 LA RUTA DE LA SAL<\/strong> estar\u00e1 situado en el mismo lugar que el a\u00f1o pasado,\u00a0<strong>Moll de la Fusta STAND D-471<\/strong>, punto de encuentro de los navegantes en el que te esperamos.<\/p>\n<p style=\"text-align: justify;\"><strong>El viernes 17 de octubre a las 19h<\/strong>, en el Espai de Mar, celebraremos la\u00a0<strong>Presentaci\u00f3n Oficial de la 28 Edici\u00f3n de LA RUTA DE LA SAL<\/strong> y seguidamente tendr\u00e1 lugar la\u00a0<strong>Entrega de Premios del Circuito ANAM de Regatas 2014<\/strong>donde se obsequiar\u00e1 a los ganadores con los siguientes premios:<\/p>\n<p style=\"text-align: justify;\">Para el<strong> primer barco<\/strong> que quede vencedor del circuito ANAM:<br \/>\n<strong>AUSMAR<\/strong> le ofrece un\u00a0<strong>vale de descuento por importe de 500\u20ac<\/strong> para la compra de material de seguridad en AUSMAR. www.ausmar.com.<br \/>\nPara el\u00a0<strong>segundo barco<\/strong> clasificado:<br \/>\n<strong>ORIGIN MARINE<\/strong> le har\u00e1 entrega de un\u00a0<strong>ancla ROCNA <\/strong>de 25 kg.<br \/>\nPara el\u00a0<strong>tercer barco<\/strong> clasificado:<br \/>\n<strong>ORIGIN MARINE<\/strong> har\u00e1 entrega de un\u00a0<strong>juego de cabos de amarre de la marca TIT\u00c1N<\/strong>.<\/p>\n","protected":false},"excerpt":{"rendered":"<p>Nos complace comunicarte que durante el\u00a0Sal\u00f3n N\u00e1utico Internacional de Barcelona, que este a\u00f1o se celebra\u00a0del 15 al 19 de octubre en el Port Vell, nuestro\u00a0STAND ANAM \u2013 LA RUTA DE LA SAL estar\u00e1 situado en el mismo lugar que el a\u00f1o pasado,\u00a0Moll de la Fusta STAND D-471, punto de encuentro de los navegantes en el [&hellip;]<\/p>\n","protected":false},"author":1,"featured_media":3644,"comment_status":"open","ping_status":"open","sticky":false,"template":"","format":"standard","meta":{"_acf_changed":false,"footnotes":""},"categories":[3],"tags":[],"acf":[],"yoast_head":"<!-- This site is optimized with the Yoast SEO plugin v23.0 - https:\/\/yoast.com\/wordpress\/plugins\/seo\/ -->\n<title>Sal\u00f3n N\u00e1utico Internacional de Barcelona | Regata La Ruta de la Sal<\/title>\n<meta name=\"robots\" content=\"noindex, follow, max-snippet:-1, max-image-preview:large, max-video-preview:-1\" \/>\n<meta property=\"og:locale\" content=\"es_ES\" \/>\n<meta property=\"og:type\" content=\"article\" \/>\n<meta property=\"og:title\" content=\"Sal\u00f3n N\u00e1utico Internacional de Barcelona | Regata La Ruta de la Sal\" \/>\n<meta property=\"og:description\" content=\"Nos complace comunicarte que durante el\u00a0Sal\u00f3n N\u00e1utico Internacional de Barcelona, que este a\u00f1o se celebra\u00a0del 15 al 19 de octubre en el Port Vell, nuestro\u00a0STAND ANAM \u2013 LA RUTA DE LA SAL estar\u00e1 situado en el mismo lugar que el a\u00f1o pasado,\u00a0Moll de la Fusta STAND D-471, punto de encuentro de los navegantes en el [&hellip;]\" \/>\n<meta property=\"og:url\" content=\"https:\/\/labs.100x100.net\/projects\/rutasal\/salon-nautico-internacional-de-barcelona-4\/\" \/>\n<meta property=\"og:site_name\" content=\"Regata La Ruta de la Sal\" \/>\n<meta property=\"article:publisher\" content=\"https:\/\/www.facebook.com\/rutadelasal\/\" \/>\n<meta property=\"article:published_time\" content=\"2014-09-01T07:44:42+00:00\" \/>\n<meta property=\"article:modified_time\" content=\"2019-03-08T09:27:44+00:00\" \/>\n<meta property=\"og:image\" content=\"https:\/\/labs.100x100.net\/projects\/rutasal\/custom\/uploads\/2017\/02\/30633001573_0c24e7055f_z.jpg\" \/>\n\t<meta property=\"og:image:width\" content=\"640\" \/>\n\t<meta property=\"og:image:height\" content=\"428\" \/>\n\t<meta property=\"og:image:type\" content=\"image\/jpeg\" \/>\n<meta name=\"author\" content=\"La Ruta de la Sal\" \/>\n<meta name=\"twitter:card\" content=\"summary_large_image\" \/>\n<meta name=\"twitter:creator\" content=\"@AnamMedi\" \/>\n<meta name=\"twitter:site\" content=\"@AnamMedi\" \/>\n<meta name=\"twitter:label1\" content=\"Escrito por\" \/>\n\t<meta name=\"twitter:data1\" content=\"La Ruta de la Sal\" \/>\n\t<meta name=\"twitter:label2\" content=\"Tiempo de lectura\" \/>\n\t<meta name=\"twitter:data2\" content=\"1 minuto\" \/>\n<script type=\"application\/ld+json\" class=\"yoast-schema-graph\">{\"@context\":\"https:\/\/schema.org\",\"@graph\":[{\"@type\":\"WebPage\",\"@id\":\"https:\/\/labs.100x100.net\/projects\/rutasal\/salon-nautico-internacional-de-barcelona-4\/\",\"url\":\"https:\/\/labs.100x100.net\/projects\/rutasal\/salon-nautico-internacional-de-barcelona-4\/\",\"name\":\"Sal\u00f3n N\u00e1utico Internacional de Barcelona | Regata La Ruta de la Sal\",\"isPartOf\":{\"@id\":\"https:\/\/labs.100x100.net\/projects\/rutasal\/#website\"},\"primaryImageOfPage\":{\"@id\":\"https:\/\/labs.100x100.net\/projects\/rutasal\/salon-nautico-internacional-de-barcelona-4\/#primaryimage\"},\"image\":{\"@id\":\"https:\/\/labs.100x100.net\/projects\/rutasal\/salon-nautico-internacional-de-barcelona-4\/#primaryimage\"},\"thumbnailUrl\":\"https:\/\/labs.100x100.net\/projects\/rutasal\/custom\/uploads\/2017\/02\/30633001573_0c24e7055f_z.jpg\",\"datePublished\":\"2014-09-01T07:44:42+00:00\",\"dateModified\":\"2019-03-08T09:27:44+00:00\",\"author\":{\"@id\":\"https:\/\/labs.100x100.net\/projects\/rutasal\/#\/schema\/person\/214eeb4a2e78fd8373a0a94f6d93c9ca\"},\"breadcrumb\":{\"@id\":\"https:\/\/labs.100x100.net\/projects\/rutasal\/salon-nautico-internacional-de-barcelona-4\/#breadcrumb\"},\"inLanguage\":\"es\",\"potentialAction\":[{\"@type\":\"ReadAction\",\"target\":[\"https:\/\/labs.100x100.net\/projects\/rutasal\/salon-nautico-internacional-de-barcelona-4\/\"]}]},{\"@type\":\"ImageObject\",\"inLanguage\":\"es\",\"@id\":\"https:\/\/labs.100x100.net\/projects\/rutasal\/salon-nautico-internacional-de-barcelona-4\/#primaryimage\",\"url\":\"https:\/\/labs.100x100.net\/projects\/rutasal\/custom\/uploads\/2017\/02\/30633001573_0c24e7055f_z.jpg\",\"contentUrl\":\"https:\/\/labs.100x100.net\/projects\/rutasal\/custom\/uploads\/2017\/02\/30633001573_0c24e7055f_z.jpg\",\"width\":640,\"height\":428},{\"@type\":\"BreadcrumbList\",\"@id\":\"https:\/\/labs.100x100.net\/projects\/rutasal\/salon-nautico-internacional-de-barcelona-4\/#breadcrumb\",\"itemListElement\":[{\"@type\":\"ListItem\",\"position\":1,\"name\":\"Portada\",\"item\":\"https:\/\/labs.100x100.net\/projects\/rutasal\/\"},{\"@type\":\"ListItem\",\"position\":2,\"name\":\"Sal\u00f3n N\u00e1utico Internacional de Barcelona\"}]},{\"@type\":\"WebSite\",\"@id\":\"https:\/\/labs.100x100.net\/projects\/rutasal\/#website\",\"url\":\"https:\/\/labs.100x100.net\/projects\/rutasal\/\",\"name\":\"Regata La Ruta de la Sal\",\"description\":\"Regata La Ruta de la Sal es una regata de Altura Mediterr\u00e1nea para barcos de crucero a vela con destino en Ibiza, que se disputa anualmente en Semana Santa.\",\"potentialAction\":[{\"@type\":\"SearchAction\",\"target\":{\"@type\":\"EntryPoint\",\"urlTemplate\":\"https:\/\/labs.100x100.net\/projects\/rutasal\/?s={search_term_string}\"},\"query-input\":\"required name=search_term_string\"}],\"inLanguage\":\"es\"},{\"@type\":\"Person\",\"@id\":\"https:\/\/labs.100x100.net\/projects\/rutasal\/#\/schema\/person\/214eeb4a2e78fd8373a0a94f6d93c9ca\",\"name\":\"La Ruta de la Sal\",\"image\":{\"@type\":\"ImageObject\",\"inLanguage\":\"es\",\"@id\":\"https:\/\/labs.100x100.net\/projects\/rutasal\/#\/schema\/person\/image\/\",\"url\":\"https:\/\/secure.gravatar.com\/avatar\/b247286d4b801d6b1cfcfb3807587284?s=96&d=mm&r=g\",\"contentUrl\":\"https:\/\/secure.gravatar.com\/avatar\/b247286d4b801d6b1cfcfb3807587284?s=96&d=mm&r=g\",\"caption\":\"La Ruta de la Sal\"}}]}<\/script>\n<!-- \/ Yoast SEO plugin. -->","yoast_head_json":{"title":"Sal\u00f3n N\u00e1utico Internacional de Barcelona | Regata La Ruta de la Sal","robots":{"index":"noindex","follow":"follow","max-snippet":"max-snippet:-1","max-image-preview":"max-image-preview:large","max-video-preview":"max-video-preview:-1"},"og_locale":"es_ES","og_type":"article","og_title":"Sal\u00f3n N\u00e1utico Internacional de Barcelona | Regata La Ruta de la Sal","og_description":"Nos complace comunicarte que durante el\u00a0Sal\u00f3n N\u00e1utico Internacional de Barcelona, que este a\u00f1o se celebra\u00a0del 15 al 19 de octubre en el Port Vell, nuestro\u00a0STAND ANAM \u2013 LA RUTA DE LA SAL estar\u00e1 situado en el mismo lugar que el a\u00f1o pasado,\u00a0Moll de la Fusta STAND D-471, punto de encuentro de los navegantes en el [&hellip;]","og_url":"https:\/\/labs.100x100.net\/projects\/rutasal\/salon-nautico-internacional-de-barcelona-4\/","og_site_name":"Regata La Ruta de la Sal","article_publisher":"https:\/\/www.facebook.com\/rutadelasal\/","article_published_time":"2014-09-01T07:44:42+00:00","article_modified_time":"2019-03-08T09:27:44+00:00","og_image":[{"width":640,"height":428,"url":"https:\/\/labs.100x100.net\/projects\/rutasal\/custom\/uploads\/2017\/02\/30633001573_0c24e7055f_z.jpg","type":"image\/jpeg"}],"author":"La Ruta de la Sal","twitter_card":"summary_large_image","twitter_creator":"@AnamMedi","twitter_site":"@AnamMedi","twitter_misc":{"Escrito por":"La Ruta de la Sal","Tiempo de lectura":"1 minuto"},"schema":{"@context":"https:\/\/schema.org","@graph":[{"@type":"WebPage","@id":"https:\/\/labs.100x100.net\/projects\/rutasal\/salon-nautico-internacional-de-barcelona-4\/","url":"https:\/\/labs.100x100.net\/projects\/rutasal\/salon-nautico-internacional-de-barcelona-4\/","name":"Sal\u00f3n N\u00e1utico Internacional de Barcelona | Regata La Ruta de la Sal","isPartOf":{"@id":"https:\/\/labs.100x100.net\/projects\/rutasal\/#website"},"primaryImageOfPage":{"@id":"https:\/\/labs.100x100.net\/projects\/rutasal\/salon-nautico-internacional-de-barcelona-4\/#primaryimage"},"image":{"@id":"https:\/\/labs.100x100.net\/projects\/rutasal\/salon-nautico-internacional-de-barcelona-4\/#primaryimage"},"thumbnailUrl":"https:\/\/labs.100x100.net\/projects\/rutasal\/custom\/uploads\/2017\/02\/30633001573_0c24e7055f_z.jpg","datePublished":"2014-09-01T07:44:42+00:00","dateModified":"2019-03-08T09:27:44+00:00","author":{"@id":"https:\/\/labs.100x100.net\/projects\/rutasal\/#\/schema\/person\/214eeb4a2e78fd8373a0a94f6d93c9ca"},"breadcrumb":{"@id":"https:\/\/labs.100x100.net\/projects\/rutasal\/salon-nautico-internacional-de-barcelona-4\/#breadcrumb"},"inLanguage":"es","potentialAction":[{"@type":"ReadAction","target":["https:\/\/labs.100x100.net\/projects\/rutasal\/salon-nautico-internacional-de-barcelona-4\/"]}]},{"@type":"ImageObject","inLanguage":"es","@id":"https:\/\/labs.100x100.net\/projects\/rutasal\/salon-nautico-internacional-de-barcelona-4\/#primaryimage","url":"https:\/\/labs.100x100.net\/projects\/rutasal\/custom\/uploads\/2017\/02\/30633001573_0c24e7055f_z.jpg","contentUrl":"https:\/\/labs.100x100.net\/projects\/rutasal\/custom\/uploads\/2017\/02\/30633001573_0c24e7055f_z.jpg","width":640,"height":428},{"@type":"BreadcrumbList","@id":"https:\/\/labs.100x100.net\/projects\/rutasal\/salon-nautico-internacional-de-barcelona-4\/#breadcrumb","itemListElement":[{"@type":"ListItem","position":1,"name":"Portada","item":"https:\/\/labs.100x100.net\/projects\/rutasal\/"},{"@type":"ListItem","position":2,"name":"Sal\u00f3n N\u00e1utico Internacional de Barcelona"}]},{"@type":"WebSite","@id":"https:\/\/labs.100x100.net\/projects\/rutasal\/#website","url":"https:\/\/labs.100x100.net\/projects\/rutasal\/","name":"Regata La Ruta de la Sal","description":"Regata La Ruta de la Sal es una regata de Altura Mediterr\u00e1nea para barcos de crucero a vela con destino en Ibiza, que se disputa anualmente en Semana Santa.","potentialAction":[{"@type":"SearchAction","target":{"@type":"EntryPoint","urlTemplate":"https:\/\/labs.100x100.net\/projects\/rutasal\/?s={search_term_string}"},"query-input":"required name=search_term_string"}],"inLanguage":"es"},{"@type":"Person","@id":"https:\/\/labs.100x100.net\/projects\/rutasal\/#\/schema\/person\/214eeb4a2e78fd8373a0a94f6d93c9ca","name":"La Ruta de la Sal","image":{"@type":"ImageObject","inLanguage":"es","@id":"https:\/\/labs.100x100.net\/projects\/rutasal\/#\/schema\/person\/image\/","url":"https:\/\/secure.gravatar.com\/avatar\/b247286d4b801d6b1cfcfb3807587284?s=96&d=mm&r=g","contentUrl":"https:\/\/secure.gravatar.com\/avatar\/b247286d4b801d6b1cfcfb3807587284?s=96&d=mm&r=g","caption":"La Ruta de la Sal"}}]}},"_links":{"self":[{"href":"https:\/\/labs.100x100.net\/projects\/rutasal\/wp-json\/wp\/v2\/posts\/1741"}],"collection":[{"href":"https:\/\/labs.100x100.net\/projects\/rutasal\/wp-json\/wp\/v2\/posts"}],"about":[{"href":"https:\/\/labs.100x100.net\/projects\/rutasal\/wp-json\/wp\/v2\/types\/post"}],"author":[{"embeddable":true,"href":"https:\/\/labs.100x100.net\/projects\/rutasal\/wp-json\/wp\/v2\/users\/1"}],"replies":[{"embeddable":true,"href":"https:\/\/labs.100x100.net\/projects\/rutasal\/wp-json\/wp\/v2\/comments?post=1741"}],"version-history":[{"count":1,"href":"https:\/\/labs.100x100.net\/projects\/rutasal\/wp-json\/wp\/v2\/posts\/1741\/revisions"}],"predecessor-version":[{"id":3292,"href":"https:\/\/labs.100x100.net\/projects\/rutasal\/wp-json\/wp\/v2\/posts\/1741\/revisions\/3292"}],"wp:featuredmedia":[{"embeddable":true,"href":"https:\/\/labs.100x100.net\/projects\/rutasal\/wp-json\/wp\/v2\/media\/3644"}],"wp:attachment":[{"href":"https:\/\/labs.100x100.net\/projects\/rutasal\/wp-json\/wp\/v2\/media?parent=1741"}],"wp:term":[{"taxonomy":"category","embeddable":true,"href":"https:\/\/labs.100x100.net\/projects\/rutasal\/wp-json\/wp\/v2\/categories?post=1741"},{"taxonomy":"post_tag","embeddable":true,"href":"https:\/\/labs.100x100.net\/projects\/rutasal\/wp-json\/wp\/v2\/tags?post=1741"}],"curies":[{"name":"wp","href":"https:\/\/api.w.org\/{rel}","templated":true}]}}