{"id":1715,"date":"2014-04-21T11:26:37","date_gmt":"2014-04-21T09:26:37","guid":{"rendered":"https:\/\/larutadelasal.com\/?p=1715"},"modified":"2019-03-15T00:25:14","modified_gmt":"2019-03-14T22:25:14","slug":"avance-informativo-3-la-ruta-de-la-sal-trofeo-pepe-ferres","status":"publish","type":"post","link":"https:\/\/labs.100x100.net\/projects\/rutasal\/avance-informativo-3-la-ruta-de-la-sal-trofeo-pepe-ferres\/","title":{"rendered":"AVANCE INFORMATIVO 3 LA RUTA DE LA SAL &#8211; TROFEO PEPE FERRES"},"content":{"rendered":"<h2><strong>Regata de Altura<br \/>\nLa Ruta de La Sal 2014.<\/strong><\/h2>\n<h1>El bordo final de La Sal 2014<\/h1>\n<p style=\"text-align: justify;\">A las 20:00h. del s\u00e1bado 19 de abril del 2014, se celebr\u00f3 el acto de entrega de premios de la 27 edici\u00f3n \u00a0de La Ruta de La Sal, presidido por Pepita Guti\u00e9rrez, \u00a0Alcaldesa de Sant Antoni de Portamny Y Vicente Serra, Presidente del Consell Insular de Ibiza. Fue un gran homenaje a los m\u00e1s r\u00e1pidos y, en general a ese \u00a0esp\u00edritu de camaderia que se disfruta en La Sal. Posteriormente los regatistas pudieron degustar una magnifica cena en las instalaciones de CN de Sant Antoni. Todo un lujo, arquitectyra de vanguardia con sabor a mar. Termino la velada con una divertida fiesta, La Fiesta de La Sal, que se alarg\u00f3, como siempre, \u00a0hasta bien entrada la madrugada. Pr\u00e1cticamente hasta el amanecer.<\/p>\n<p style=\"text-align: justify;\">Atr\u00e1s queda una regata regata dif\u00edcil y muy tactica. Muchas an\u00e9cdotas y millas de ventolinas, \u00a0roladas, encalmadas y mucho trabajo para ir avanzado milla a milla hasta Cab Negret. Ganaron \u00abCoratge\u00bb y \u00abCafe del Mar\u00bb. Fueron los m\u00e1s r\u00e1pidos. Pero hay que felicitar al resto de los participantes que demostraron ser grandes navegantes. No cabe una duda.<\/p>\n","protected":false},"excerpt":{"rendered":"<p>Regata de Altura La Ruta de La Sal 2014. El bordo final de La Sal 2014 A las 20:00h. del s\u00e1bado 19 de abril del 2014, se celebr\u00f3 el acto de entrega de premios de la 27 edici\u00f3n \u00a0de La Ruta de La Sal, presidido por Pepita Guti\u00e9rrez, \u00a0Alcaldesa de Sant Antoni de Portamny Y [&hellip;]<\/p>\n","protected":false},"author":1,"featured_media":3703,"comment_status":"open","ping_status":"open","sticky":false,"template":"","format":"standard","meta":{"_acf_changed":false,"footnotes":""},"categories":[3],"tags":[],"acf":[],"yoast_head":"<!-- This site is optimized with the Yoast SEO plugin v23.0 - https:\/\/yoast.com\/wordpress\/plugins\/seo\/ -->\n<title>AVANCE INFORMATIVO 3 LA RUTA DE LA SAL - TROFEO PEPE FERRES | Regata La Ruta de la Sal<\/title>\n<meta name=\"robots\" content=\"noindex, follow, max-snippet:-1, max-image-preview:large, max-video-preview:-1\" \/>\n<meta property=\"og:locale\" content=\"es_ES\" \/>\n<meta property=\"og:type\" content=\"article\" \/>\n<meta property=\"og:title\" content=\"AVANCE INFORMATIVO 3 LA RUTA DE LA SAL - TROFEO PEPE FERRES | Regata La Ruta de la Sal\" \/>\n<meta property=\"og:description\" content=\"Regata de Altura La Ruta de La Sal 2014. El bordo final de La Sal 2014 A las 20:00h. del s\u00e1bado 19 de abril del 2014, se celebr\u00f3 el acto de entrega de premios de la 27 edici\u00f3n \u00a0de La Ruta de La Sal, presidido por Pepita Guti\u00e9rrez, \u00a0Alcaldesa de Sant Antoni de Portamny Y [&hellip;]\" \/>\n<meta property=\"og:url\" content=\"https:\/\/labs.100x100.net\/projects\/rutasal\/avance-informativo-3-la-ruta-de-la-sal-trofeo-pepe-ferres\/\" \/>\n<meta property=\"og:site_name\" content=\"Regata La Ruta de la Sal\" \/>\n<meta property=\"article:publisher\" content=\"https:\/\/www.facebook.com\/rutadelasal\/\" \/>\n<meta property=\"article:published_time\" content=\"2014-04-21T09:26:37+00:00\" \/>\n<meta property=\"article:modified_time\" content=\"2019-03-14T22:25:14+00:00\" \/>\n<meta property=\"og:image\" content=\"https:\/\/labs.100x100.net\/projects\/rutasal\/custom\/uploads\/2019\/03\/Capture-1.png\" \/>\n\t<meta property=\"og:image:width\" content=\"639\" \/>\n\t<meta property=\"og:image:height\" content=\"425\" \/>\n\t<meta property=\"og:image:type\" content=\"image\/png\" \/>\n<meta name=\"author\" content=\"La Ruta de la Sal\" \/>\n<meta name=\"twitter:card\" content=\"summary_large_image\" \/>\n<meta name=\"twitter:creator\" content=\"@AnamMedi\" \/>\n<meta name=\"twitter:site\" content=\"@AnamMedi\" \/>\n<meta name=\"twitter:label1\" content=\"Escrito por\" \/>\n\t<meta name=\"twitter:data1\" content=\"La Ruta de la Sal\" \/>\n\t<meta name=\"twitter:label2\" content=\"Tiempo de lectura\" \/>\n\t<meta name=\"twitter:data2\" content=\"1 minuto\" \/>\n<script type=\"application\/ld+json\" class=\"yoast-schema-graph\">{\"@context\":\"https:\/\/schema.org\",\"@graph\":[{\"@type\":\"WebPage\",\"@id\":\"https:\/\/labs.100x100.net\/projects\/rutasal\/avance-informativo-3-la-ruta-de-la-sal-trofeo-pepe-ferres\/\",\"url\":\"https:\/\/labs.100x100.net\/projects\/rutasal\/avance-informativo-3-la-ruta-de-la-sal-trofeo-pepe-ferres\/\",\"name\":\"AVANCE INFORMATIVO 3 LA RUTA DE LA SAL - TROFEO PEPE FERRES | Regata La Ruta de la Sal\",\"isPartOf\":{\"@id\":\"https:\/\/labs.100x100.net\/projects\/rutasal\/#website\"},\"primaryImageOfPage\":{\"@id\":\"https:\/\/labs.100x100.net\/projects\/rutasal\/avance-informativo-3-la-ruta-de-la-sal-trofeo-pepe-ferres\/#primaryimage\"},\"image\":{\"@id\":\"https:\/\/labs.100x100.net\/projects\/rutasal\/avance-informativo-3-la-ruta-de-la-sal-trofeo-pepe-ferres\/#primaryimage\"},\"thumbnailUrl\":\"https:\/\/labs.100x100.net\/projects\/rutasal\/custom\/uploads\/2019\/03\/Capture-1.png\",\"datePublished\":\"2014-04-21T09:26:37+00:00\",\"dateModified\":\"2019-03-14T22:25:14+00:00\",\"author\":{\"@id\":\"https:\/\/labs.100x100.net\/projects\/rutasal\/#\/schema\/person\/214eeb4a2e78fd8373a0a94f6d93c9ca\"},\"breadcrumb\":{\"@id\":\"https:\/\/labs.100x100.net\/projects\/rutasal\/avance-informativo-3-la-ruta-de-la-sal-trofeo-pepe-ferres\/#breadcrumb\"},\"inLanguage\":\"es\",\"potentialAction\":[{\"@type\":\"ReadAction\",\"target\":[\"https:\/\/labs.100x100.net\/projects\/rutasal\/avance-informativo-3-la-ruta-de-la-sal-trofeo-pepe-ferres\/\"]}]},{\"@type\":\"ImageObject\",\"inLanguage\":\"es\",\"@id\":\"https:\/\/labs.100x100.net\/projects\/rutasal\/avance-informativo-3-la-ruta-de-la-sal-trofeo-pepe-ferres\/#primaryimage\",\"url\":\"https:\/\/labs.100x100.net\/projects\/rutasal\/custom\/uploads\/2019\/03\/Capture-1.png\",\"contentUrl\":\"https:\/\/labs.100x100.net\/projects\/rutasal\/custom\/uploads\/2019\/03\/Capture-1.png\",\"width\":639,\"height\":425},{\"@type\":\"BreadcrumbList\",\"@id\":\"https:\/\/labs.100x100.net\/projects\/rutasal\/avance-informativo-3-la-ruta-de-la-sal-trofeo-pepe-ferres\/#breadcrumb\",\"itemListElement\":[{\"@type\":\"ListItem\",\"position\":1,\"name\":\"Portada\",\"item\":\"https:\/\/labs.100x100.net\/projects\/rutasal\/\"},{\"@type\":\"ListItem\",\"position\":2,\"name\":\"AVANCE INFORMATIVO 3 LA RUTA DE LA SAL &#8211; TROFEO PEPE FERRES\"}]},{\"@type\":\"WebSite\",\"@id\":\"https:\/\/labs.100x100.net\/projects\/rutasal\/#website\",\"url\":\"https:\/\/labs.100x100.net\/projects\/rutasal\/\",\"name\":\"Regata La Ruta de la Sal\",\"description\":\"Regata La Ruta de la Sal es una regata de Altura Mediterr\u00e1nea para barcos de crucero a vela con destino en Ibiza, que se disputa anualmente en Semana Santa.\",\"potentialAction\":[{\"@type\":\"SearchAction\",\"target\":{\"@type\":\"EntryPoint\",\"urlTemplate\":\"https:\/\/labs.100x100.net\/projects\/rutasal\/?s={search_term_string}\"},\"query-input\":\"required name=search_term_string\"}],\"inLanguage\":\"es\"},{\"@type\":\"Person\",\"@id\":\"https:\/\/labs.100x100.net\/projects\/rutasal\/#\/schema\/person\/214eeb4a2e78fd8373a0a94f6d93c9ca\",\"name\":\"La Ruta de la Sal\",\"image\":{\"@type\":\"ImageObject\",\"inLanguage\":\"es\",\"@id\":\"https:\/\/labs.100x100.net\/projects\/rutasal\/#\/schema\/person\/image\/\",\"url\":\"https:\/\/secure.gravatar.com\/avatar\/b247286d4b801d6b1cfcfb3807587284?s=96&d=mm&r=g\",\"contentUrl\":\"https:\/\/secure.gravatar.com\/avatar\/b247286d4b801d6b1cfcfb3807587284?s=96&d=mm&r=g\",\"caption\":\"La Ruta de la Sal\"}}]}<\/script>\n<!-- \/ Yoast SEO plugin. -->","yoast_head_json":{"title":"AVANCE INFORMATIVO 3 LA RUTA DE LA SAL - TROFEO PEPE FERRES | Regata La Ruta de la Sal","robots":{"index":"noindex","follow":"follow","max-snippet":"max-snippet:-1","max-image-preview":"max-image-preview:large","max-video-preview":"max-video-preview:-1"},"og_locale":"es_ES","og_type":"article","og_title":"AVANCE INFORMATIVO 3 LA RUTA DE LA SAL - TROFEO PEPE FERRES | Regata La Ruta de la Sal","og_description":"Regata de Altura La Ruta de La Sal 2014. El bordo final de La Sal 2014 A las 20:00h. del s\u00e1bado 19 de abril del 2014, se celebr\u00f3 el acto de entrega de premios de la 27 edici\u00f3n \u00a0de La Ruta de La Sal, presidido por Pepita Guti\u00e9rrez, \u00a0Alcaldesa de Sant Antoni de Portamny Y [&hellip;]","og_url":"https:\/\/labs.100x100.net\/projects\/rutasal\/avance-informativo-3-la-ruta-de-la-sal-trofeo-pepe-ferres\/","og_site_name":"Regata La Ruta de la Sal","article_publisher":"https:\/\/www.facebook.com\/rutadelasal\/","article_published_time":"2014-04-21T09:26:37+00:00","article_modified_time":"2019-03-14T22:25:14+00:00","og_image":[{"width":639,"height":425,"url":"https:\/\/labs.100x100.net\/projects\/rutasal\/custom\/uploads\/2019\/03\/Capture-1.png","type":"image\/png"}],"author":"La Ruta de la Sal","twitter_card":"summary_large_image","twitter_creator":"@AnamMedi","twitter_site":"@AnamMedi","twitter_misc":{"Escrito por":"La Ruta de la Sal","Tiempo de lectura":"1 minuto"},"schema":{"@context":"https:\/\/schema.org","@graph":[{"@type":"WebPage","@id":"https:\/\/labs.100x100.net\/projects\/rutasal\/avance-informativo-3-la-ruta-de-la-sal-trofeo-pepe-ferres\/","url":"https:\/\/labs.100x100.net\/projects\/rutasal\/avance-informativo-3-la-ruta-de-la-sal-trofeo-pepe-ferres\/","name":"AVANCE INFORMATIVO 3 LA RUTA DE LA SAL - TROFEO PEPE FERRES | Regata La Ruta de la Sal","isPartOf":{"@id":"https:\/\/labs.100x100.net\/projects\/rutasal\/#website"},"primaryImageOfPage":{"@id":"https:\/\/labs.100x100.net\/projects\/rutasal\/avance-informativo-3-la-ruta-de-la-sal-trofeo-pepe-ferres\/#primaryimage"},"image":{"@id":"https:\/\/labs.100x100.net\/projects\/rutasal\/avance-informativo-3-la-ruta-de-la-sal-trofeo-pepe-ferres\/#primaryimage"},"thumbnailUrl":"https:\/\/labs.100x100.net\/projects\/rutasal\/custom\/uploads\/2019\/03\/Capture-1.png","datePublished":"2014-04-21T09:26:37+00:00","dateModified":"2019-03-14T22:25:14+00:00","author":{"@id":"https:\/\/labs.100x100.net\/projects\/rutasal\/#\/schema\/person\/214eeb4a2e78fd8373a0a94f6d93c9ca"},"breadcrumb":{"@id":"https:\/\/labs.100x100.net\/projects\/rutasal\/avance-informativo-3-la-ruta-de-la-sal-trofeo-pepe-ferres\/#breadcrumb"},"inLanguage":"es","potentialAction":[{"@type":"ReadAction","target":["https:\/\/labs.100x100.net\/projects\/rutasal\/avance-informativo-3-la-ruta-de-la-sal-trofeo-pepe-ferres\/"]}]},{"@type":"ImageObject","inLanguage":"es","@id":"https:\/\/labs.100x100.net\/projects\/rutasal\/avance-informativo-3-la-ruta-de-la-sal-trofeo-pepe-ferres\/#primaryimage","url":"https:\/\/labs.100x100.net\/projects\/rutasal\/custom\/uploads\/2019\/03\/Capture-1.png","contentUrl":"https:\/\/labs.100x100.net\/projects\/rutasal\/custom\/uploads\/2019\/03\/Capture-1.png","width":639,"height":425},{"@type":"BreadcrumbList","@id":"https:\/\/labs.100x100.net\/projects\/rutasal\/avance-informativo-3-la-ruta-de-la-sal-trofeo-pepe-ferres\/#breadcrumb","itemListElement":[{"@type":"ListItem","position":1,"name":"Portada","item":"https:\/\/labs.100x100.net\/projects\/rutasal\/"},{"@type":"ListItem","position":2,"name":"AVANCE INFORMATIVO 3 LA RUTA DE LA SAL &#8211; TROFEO PEPE FERRES"}]},{"@type":"WebSite","@id":"https:\/\/labs.100x100.net\/projects\/rutasal\/#website","url":"https:\/\/labs.100x100.net\/projects\/rutasal\/","name":"Regata La Ruta de la Sal","description":"Regata La Ruta de la Sal es una regata de Altura Mediterr\u00e1nea para barcos de crucero a vela con destino en Ibiza, que se disputa anualmente en Semana Santa.","potentialAction":[{"@type":"SearchAction","target":{"@type":"EntryPoint","urlTemplate":"https:\/\/labs.100x100.net\/projects\/rutasal\/?s={search_term_string}"},"query-input":"required name=search_term_string"}],"inLanguage":"es"},{"@type":"Person","@id":"https:\/\/labs.100x100.net\/projects\/rutasal\/#\/schema\/person\/214eeb4a2e78fd8373a0a94f6d93c9ca","name":"La Ruta de la Sal","image":{"@type":"ImageObject","inLanguage":"es","@id":"https:\/\/labs.100x100.net\/projects\/rutasal\/#\/schema\/person\/image\/","url":"https:\/\/secure.gravatar.com\/avatar\/b247286d4b801d6b1cfcfb3807587284?s=96&d=mm&r=g","contentUrl":"https:\/\/secure.gravatar.com\/avatar\/b247286d4b801d6b1cfcfb3807587284?s=96&d=mm&r=g","caption":"La Ruta de la Sal"}}]}},"_links":{"self":[{"href":"https:\/\/labs.100x100.net\/projects\/rutasal\/wp-json\/wp\/v2\/posts\/1715"}],"collection":[{"href":"https:\/\/labs.100x100.net\/projects\/rutasal\/wp-json\/wp\/v2\/posts"}],"about":[{"href":"https:\/\/labs.100x100.net\/projects\/rutasal\/wp-json\/wp\/v2\/types\/post"}],"author":[{"embeddable":true,"href":"https:\/\/labs.100x100.net\/projects\/rutasal\/wp-json\/wp\/v2\/users\/1"}],"replies":[{"embeddable":true,"href":"https:\/\/labs.100x100.net\/projects\/rutasal\/wp-json\/wp\/v2\/comments?post=1715"}],"version-history":[{"count":1,"href":"https:\/\/labs.100x100.net\/projects\/rutasal\/wp-json\/wp\/v2\/posts\/1715\/revisions"}],"predecessor-version":[{"id":3825,"href":"https:\/\/labs.100x100.net\/projects\/rutasal\/wp-json\/wp\/v2\/posts\/1715\/revisions\/3825"}],"wp:featuredmedia":[{"embeddable":true,"href":"https:\/\/labs.100x100.net\/projects\/rutasal\/wp-json\/wp\/v2\/media\/3703"}],"wp:attachment":[{"href":"https:\/\/labs.100x100.net\/projects\/rutasal\/wp-json\/wp\/v2\/media?parent=1715"}],"wp:term":[{"taxonomy":"category","embeddable":true,"href":"https:\/\/labs.100x100.net\/projects\/rutasal\/wp-json\/wp\/v2\/categories?post=1715"},{"taxonomy":"post_tag","embeddable":true,"href":"https:\/\/labs.100x100.net\/projects\/rutasal\/wp-json\/wp\/v2\/tags?post=1715"}],"curies":[{"name":"wp","href":"https:\/\/api.w.org\/{rel}","templated":true}]}}