{"id":1709,"date":"2014-04-19T17:05:30","date_gmt":"2014-04-19T17:05:30","guid":{"rendered":"https:\/\/larutadelasal.com\/?p=1709"},"modified":"2019-03-14T11:28:46","modified_gmt":"2019-03-14T09:28:46","slug":"avance-informativo-2-la-ruta-de-la-sal-trofeo-pepe-ferres","status":"publish","type":"post","link":"https:\/\/labs.100x100.net\/projects\/rutasal\/avance-informativo-2-la-ruta-de-la-sal-trofeo-pepe-ferres\/","title":{"rendered":"AVANCE INFORMATIVO 2 LA RUTA DE LA SAL \u2013 TROFEO PEPE FERRES"},"content":{"rendered":"<h2 style=\"text-align: center;\"><strong>Regata de Altura<br \/>\n<\/strong><strong>La Ruta de La Sal 2014 &#8211; trofeo Pepe Ferr\u00e9s<\/strong><\/h2>\n<p style=\"text-align: justify;\"><strong><span style=\"text-decoration: underline;\">-.El First 50 \u00abC\u00f3ndor de Javea\u00bb ganador en Tiempo Realen la Versi\u00f3n Este de La Sal 2014, con un tiempo de 31h, 30m, 17s.<\/span><\/strong><\/p>\n<p style=\"text-align: justify;\"><strong><span style=\"text-decoration: underline;\">-.El Swam 45 \u00abCoratge\u00bb vencedor en Tiempo Real en la Versi\u00f3n Norte de la Ruta de la Sal, con un tiempo de 26h, 39m.<\/span><\/strong><\/p>\n<p style=\"text-align: justify;\"><strong><span style=\"text-decoration: underline;\">-.\u00bbCoratge \u00bb de \u00a0Manel Jane y \u00abCafe del Mar\u00bb de Juan Carlos Sanchis vencedores de La Sal 2014.<\/span><\/strong><\/p>\n<p style=\"text-align: justify;\"><strong><span style=\"text-decoration: underline;\">-.\u00bbCoratge\u00bb, con un tiempo de 26h y 39m, logr\u00f3 la victoria en Tiempo Real y en Tiempo Compensado.<\/span><\/strong><\/p>\n<p style=\"text-align: justify;\"><strong><span style=\"text-decoration: underline;\">-.Manel Jane fue vencedor absoluto de la primera y segunda edici\u00f3n de La Ruta de La Sal, disputadas en 1989 y 1990, respectivamente.<\/span><\/strong><\/p>\n<p style=\"text-align: justify;\"><strong><span style=\"text-decoration: underline;\">-.\u00bbCaf\u00e9 del Mar\u00bb del CN de Sant Antoni, revalida el t\u00edtulo del 2013.<\/span><\/strong><\/p>\n<p style=\"text-align: justify;\">El Swam 45 \u00abCoratge\u00bb de Manel Jane Camacho se ha proclamado vencedor absoluto de la Versi\u00f3n Norte de la 27 Ruta de La Sal. El barco que cruzo la l\u00ednea de llegada en Cab Negret ayer, 18 de abril, a las 12:39 h. ha sido, con un tiempo de 26 h, 39 m, el ganador en Tiempo Real de La Versi\u00f3n Norte de la 27 Ruta de La Sal. Registro que le ha permitido imponerse tambi\u00e9n en Tiempo Compensado en esta singladura desde Barcelona, en la ha quedado en segunda posici\u00f3n el Swam 56 de Amanda Hartley \u00abClem\u00bb y en tercera, cerrando el podium, el \u00abLazy Dog\u00bb un GS 45 de I\u00f1aki Rulan de CN el Masnou.<\/p>\n<p style=\"text-align: justify;\"><a class=\"tt-flickr tt-flickr-Medium\" title=\"_AFB6354\" href=\"http:\/\/www.flickr.com\/photos\/circuitoanam\/13923587244\/\"><img loading=\"lazy\" decoding=\"async\" class=\"alignnone\" src=\"http:\/\/farm8.staticflickr.com\/7362\/13923587244_a8a95d8d91.jpg\" alt=\"_AFB6354\" width=\"320\" height=\"229\" \/><\/a> <a class=\"tt-flickr tt-flickr-Medium\" title=\"_AFB6338\" href=\"http:\/\/www.flickr.com\/photos\/circuitoanam\/13900050772\/\"><img loading=\"lazy\" decoding=\"async\" class=\"alignright\" src=\"http:\/\/farm8.staticflickr.com\/7158\/13900050772_054ea46612.jpg\" alt=\"_AFB6338\" width=\"320\" height=\"229\" \/><\/a><\/p>\n<p style=\"text-align: justify;\">Parad\u00f3jicamente, \u00a0Manel Jane Camacho y su \u00abCoratge\u00bb, en aquella \u00e9poca un Baltic 39, fue el ganador de la primera y segunda edici\u00f3n, de la era moderna, de La Ruta de La Sal celebradas en 1989 y 1990 sobre un recorrido de 171 millas entre Port Ginesta y Formentera. Una circunstancia ciertamente especial y, sin duda un dato muy an\u00e9cdotico m\u00e1s para incluir en la historia de la Ruta de La Sal. Como la circunstancia de que este barco con el que ha logrado ser el m\u00e1s r\u00e1pido en la singladura desde Barcelona y vencedor absoluto de la Versi\u00f3n Norte de La Sal, se ha estrenado deportivamente hablando en esta regata. Sin duda todo un \u00e9xito para este magn\u00edfico equipo.<br \/>\nEl \u00abCoratge\u00bb es monotipo Swam 45 construido por los astilleros Nautors, como unidad integrada en la Clase Internacional creada en el 2002, con el objetivo de producir unas unidades aptas para la alta competici\u00f3n profesional sin perder las prestaciones de seguridad, calidad y conford de uso y de navegaci\u00f3n que acreditan a este astillero como un l\u00edder mundial en este segmento. Dise\u00f1ado por el argentino German Frers, se trata de un velero de 13,83 metros de eslora, con un desplazamiento de 9,81 toneladas y una superficie velica maxima en ce\u00f1ida de 131,10 metros cuadrados. Un barco muy polivalente de grandes prestaciones ideal para la navegaci\u00f3n de altura media. Un barco, sin duda alguna, muy adecuado para una regata como La Sal.<\/p>\n<p style=\"text-align: justify;\"><a class=\"tt-flickr tt-flickr-Medium\" title=\"_AFB6318\" href=\"http:\/\/www.flickr.com\/photos\/circuitoanam\/13900031871\/\"><img loading=\"lazy\" decoding=\"async\" class=\"alignnone\" src=\"http:\/\/farm8.staticflickr.com\/7096\/13900031871_616f3e788b.jpg\" alt=\"_AFB6318\" width=\"320\" height=\"229\" \/><\/a> <a class=\"tt-flickr tt-flickr-Medium\" title=\"_AFB6312C3\" href=\"http:\/\/www.flickr.com\/photos\/circuitoanam\/13923130175\/\"><img loading=\"lazy\" decoding=\"async\" class=\"alignright\" src=\"http:\/\/farm3.staticflickr.com\/2919\/13923130175_713920a98e.jpg\" alt=\"_AFB6312C3\" width=\"320\" height=\"229\" \/><\/a><\/p>\n<p style=\"text-align: justify;\">La Versi\u00f3n Norte, una singladura de 140 millas desde por Ginesta en Barcelona, \u00a0 como ya avanzaban los partes metereologicos, se ha navegado con una generalizada \u00a0falta de viento que ha marcado las pautas y ritmos m\u00e1s destacables. En general vientos muy ligeros e inestables de componente S; encalmadas zonales, grandes roladas, y unas \u00faltimas millas de vientos del O de muy poca intensidad &#8211; 2\/4 nudos.- que han contribuido a que la regata este siendo lenta, muy t\u00e1ctica y en general, \u00a0para todos los equipos en competici\u00f3n, muy complicada.<\/p>\n<p style=\"text-align: justify;\">Juan Carlos Sanchis y su J92S \u00abCaf\u00e9 del Mar\u00bb que llegaban como favoritos a esta edici\u00f3n de La Sal, \u00a0tras resultar vencedores absolutos en la edici\u00f3n del 2013 de la Versi\u00f3n Este de la regata, han logrado apuntarse la primera plaza \u00a0en La Sal 2014, con un registro de 32h, 59m, 17s, que les ha permitido imponerse a \u00abAdelaide\u00bb y \u00abAivis\u00bb del CN de Ibiza.<\/p>\n<p style=\"text-align: center;\"><a class=\"tt-flickr tt-flickr-Medium\" title=\"_AFB6525\" href=\"http:\/\/www.flickr.com\/photos\/circuitoanam\/13914488171\/\"><img loading=\"lazy\" decoding=\"async\" class=\"aligncenter\" src=\"http:\/\/farm8.staticflickr.com\/7079\/13914488171_d85d566dbc.jpg\" alt=\"_AFB6525\" width=\"657\" height=\"458\" \/><\/a><\/p>\n<p style=\"text-align: justify;\">\u00abCaf\u00e9 del Mar\u201d ganador absoluto de la Version Este de la Sal 2014, es un magnifico y equilibrado dise\u00f1o de Rod Johnstone, para un programa de crucero r\u00e1pido. Un barco de 9,90 metros de eslora dise\u00f1ado sobre la base del antiguo y exitoso J92, que resulta extraordinariamente polivalente y, en general, muy veloz en una ampl\u00edsima gama de condiciones. Un autentico \u201cracer\u201d perfecto para regatas costeras y t\u00e1cticas de distancias medias. En la edici\u00f3n del 2012, el \u201cCaf\u00e9 del Mar\u201d fue segundo en la general de esta misma singladura \u2013 Versi\u00f3n Este \u2013 Su patr\u00f3n, Juan Carlos Sanchis un regatista con muchas millas de experiencia, ganador \u2013 con esta \u2013 en cuatro ocasiones de La Ruta de La Sal \u2013 a bordo de \u201cAlba\u201d y \u201cAivis\u201d .- Con este triunfo \u201cCaf\u00e9 del Mar\u201d retiene, para la flota Ibicenca, el titulo de la Versi\u00f3n Este de La Sal, ganado en el 2012 por el \u201cPosidonia Uno\u201d de Ram\u00f3n Balanzat del CN de Ibiza, y en 2013 por \u00e9l, \u00a0con este mismo barco.<\/p>\n<p style=\"text-align: justify;\">La victoria en Tiempo Real de la Versi\u00f3n Este ha sido para el \u00a0\u00abC\u00f3ndor de Javea\u00bb de Diego Fern\u00e1ndez que cruz\u00f3 la l\u00ednea de llegada ayer , d\u00eda 18 de abril, a las 21:30:17 h. tras una regata extremadamente complicada por el predominio de vientos muy ligeros e inestables. Con \u00e1reas de grandes encalmadas que han provocado que la singladura desde Denia fuese muy lenta y dura para la totalidad de los participantes.<\/p>\n<p><img loading=\"lazy\" decoding=\"async\" class=\"alignright\" src=\"http:\/\/farm8.staticflickr.com\/7058\/13914330342_8c288db823.jpg\" alt=\"_AFB6720\" width=\"320\" height=\"229\" \/><\/p>\n<p style=\"text-align: justify;\"><a class=\"tt-flickr tt-flickr-Medium\" title=\"_AFB6725\" href=\"http:\/\/www.flickr.com\/photos\/circuitoanam\/13914322806\/\"><img loading=\"lazy\" decoding=\"async\" class=\"alignnone\" src=\"http:\/\/farm3.staticflickr.com\/2897\/13914322806_7c697b54c3.jpg\" alt=\"_AFB6725\" width=\"320\" height=\"229\" \/><\/a><\/p>\n<p style=\"text-align: justify;\">El barco, \u00a0con pabell\u00f3n del CN de Javea, un First 50 dise\u00f1ado por Briand para un programa de crucero-regata, tiene una eslora de 14,98 metros, un desplazamiento de 13,7 toneladas y una superficie velica maxima de 139 metros cuadrados. En general una unidad muy polivalente, con un gran potencial de tipo al loro un, \u00a0que se ha mostrado muy competitiva durante todo el recorrido desde la salida en Denia.<\/p>\n<div id=\"_mcePaste\"><\/div>\n","protected":false},"excerpt":{"rendered":"<p>El Swam 45 \u00abCoratge\u00bb de Manel Jane Camacho se ha proclamado vencedor absoluto de la Versi\u00f3n Norte de la 27 Ruta de La Sal. El barco que cruzo la l\u00ednea de llegada en Cab Negret ayer, 18 de abril, a las 12:39 h. ha sido, con un tiempo de 26 h, 39 m, el ganador en Tiempo Real de La Versi\u00f3n Norte de la 27 Ruta de La Sal. Registro que le ha permitido imponerse tambi\u00e9n en Tiempo Compensado en esta singladura desde Barcelona, en la ha quedado en segunda posici\u00f3n el Swam 56 de Amanda Hartley \u00abClem\u00bb y en tercera, cerrando el podium, el \u00abLazy Dog\u00bb un GS 45 de I\u00f1aki Rulan de CN el Masnou.<\/p>\n","protected":false},"author":1,"featured_media":3826,"comment_status":"open","ping_status":"open","sticky":false,"template":"","format":"standard","meta":{"_acf_changed":false,"footnotes":""},"categories":[3],"tags":[],"acf":[],"yoast_head":"<!-- This site is optimized with the Yoast SEO plugin v23.0 - https:\/\/yoast.com\/wordpress\/plugins\/seo\/ -->\n<title>AVANCE INFORMATIVO 2 LA RUTA DE LA SAL \u2013 TROFEO PEPE FERRES | Regata La Ruta de la Sal<\/title>\n<meta name=\"robots\" content=\"noindex, follow, max-snippet:-1, max-image-preview:large, max-video-preview:-1\" \/>\n<meta property=\"og:locale\" content=\"es_ES\" \/>\n<meta property=\"og:type\" content=\"article\" \/>\n<meta property=\"og:title\" content=\"AVANCE INFORMATIVO 2 LA RUTA DE LA SAL \u2013 TROFEO PEPE FERRES | Regata La Ruta de la Sal\" \/>\n<meta property=\"og:description\" content=\"El Swam 45 &quot;Coratge&quot; de Manel Jane Camacho se ha proclamado vencedor absoluto de la Versi\u00f3n Norte de la 27 Ruta de La Sal. El barco que cruzo la l\u00ednea de llegada en Cab Negret ayer, 18 de abril, a las 12:39 h. ha sido, con un tiempo de 26 h, 39 m, el ganador en Tiempo Real de La Versi\u00f3n Norte de la 27 Ruta de La Sal. Registro que le ha permitido imponerse tambi\u00e9n en Tiempo Compensado en esta singladura desde Barcelona, en la ha quedado en segunda posici\u00f3n el Swam 56 de Amanda Hartley &quot;Clem&quot; y en tercera, cerrando el podium, el &quot;Lazy Dog&quot; un GS 45 de I\u00f1aki Rulan de CN el Masnou.\" \/>\n<meta property=\"og:url\" content=\"https:\/\/labs.100x100.net\/projects\/rutasal\/avance-informativo-2-la-ruta-de-la-sal-trofeo-pepe-ferres\/\" \/>\n<meta property=\"og:site_name\" content=\"Regata La Ruta de la Sal\" \/>\n<meta property=\"article:publisher\" content=\"https:\/\/www.facebook.com\/rutadelasal\/\" \/>\n<meta property=\"article:published_time\" content=\"2014-04-19T17:05:30+00:00\" \/>\n<meta property=\"article:modified_time\" content=\"2019-03-14T09:28:46+00:00\" \/>\n<meta property=\"og:image\" content=\"https:\/\/labs.100x100.net\/projects\/rutasal\/custom\/uploads\/2014\/04\/13923587244_a8a95d8d91.jpg\" \/>\n\t<meta property=\"og:image:width\" content=\"500\" \/>\n\t<meta property=\"og:image:height\" content=\"352\" \/>\n\t<meta property=\"og:image:type\" content=\"image\/jpeg\" \/>\n<meta name=\"author\" content=\"La Ruta de la Sal\" \/>\n<meta name=\"twitter:card\" content=\"summary_large_image\" \/>\n<meta name=\"twitter:creator\" content=\"@AnamMedi\" \/>\n<meta name=\"twitter:site\" content=\"@AnamMedi\" \/>\n<meta name=\"twitter:label1\" content=\"Escrito por\" \/>\n\t<meta name=\"twitter:data1\" content=\"La Ruta de la Sal\" \/>\n\t<meta name=\"twitter:label2\" content=\"Tiempo de lectura\" \/>\n\t<meta name=\"twitter:data2\" content=\"5 minutos\" \/>\n<script type=\"application\/ld+json\" class=\"yoast-schema-graph\">{\"@context\":\"https:\/\/schema.org\",\"@graph\":[{\"@type\":\"WebPage\",\"@id\":\"https:\/\/labs.100x100.net\/projects\/rutasal\/avance-informativo-2-la-ruta-de-la-sal-trofeo-pepe-ferres\/\",\"url\":\"https:\/\/labs.100x100.net\/projects\/rutasal\/avance-informativo-2-la-ruta-de-la-sal-trofeo-pepe-ferres\/\",\"name\":\"AVANCE INFORMATIVO 2 LA RUTA DE LA SAL \u2013 TROFEO PEPE FERRES | Regata La Ruta de la Sal\",\"isPartOf\":{\"@id\":\"https:\/\/labs.100x100.net\/projects\/rutasal\/#website\"},\"primaryImageOfPage\":{\"@id\":\"https:\/\/labs.100x100.net\/projects\/rutasal\/avance-informativo-2-la-ruta-de-la-sal-trofeo-pepe-ferres\/#primaryimage\"},\"image\":{\"@id\":\"https:\/\/labs.100x100.net\/projects\/rutasal\/avance-informativo-2-la-ruta-de-la-sal-trofeo-pepe-ferres\/#primaryimage\"},\"thumbnailUrl\":\"https:\/\/labs.100x100.net\/projects\/rutasal\/custom\/uploads\/2014\/04\/13923587244_a8a95d8d91.jpg\",\"datePublished\":\"2014-04-19T17:05:30+00:00\",\"dateModified\":\"2019-03-14T09:28:46+00:00\",\"author\":{\"@id\":\"https:\/\/labs.100x100.net\/projects\/rutasal\/#\/schema\/person\/214eeb4a2e78fd8373a0a94f6d93c9ca\"},\"breadcrumb\":{\"@id\":\"https:\/\/labs.100x100.net\/projects\/rutasal\/avance-informativo-2-la-ruta-de-la-sal-trofeo-pepe-ferres\/#breadcrumb\"},\"inLanguage\":\"es\",\"potentialAction\":[{\"@type\":\"ReadAction\",\"target\":[\"https:\/\/labs.100x100.net\/projects\/rutasal\/avance-informativo-2-la-ruta-de-la-sal-trofeo-pepe-ferres\/\"]}]},{\"@type\":\"ImageObject\",\"inLanguage\":\"es\",\"@id\":\"https:\/\/labs.100x100.net\/projects\/rutasal\/avance-informativo-2-la-ruta-de-la-sal-trofeo-pepe-ferres\/#primaryimage\",\"url\":\"https:\/\/labs.100x100.net\/projects\/rutasal\/custom\/uploads\/2014\/04\/13923587244_a8a95d8d91.jpg\",\"contentUrl\":\"https:\/\/labs.100x100.net\/projects\/rutasal\/custom\/uploads\/2014\/04\/13923587244_a8a95d8d91.jpg\",\"width\":500,\"height\":352},{\"@type\":\"BreadcrumbList\",\"@id\":\"https:\/\/labs.100x100.net\/projects\/rutasal\/avance-informativo-2-la-ruta-de-la-sal-trofeo-pepe-ferres\/#breadcrumb\",\"itemListElement\":[{\"@type\":\"ListItem\",\"position\":1,\"name\":\"Portada\",\"item\":\"https:\/\/labs.100x100.net\/projects\/rutasal\/\"},{\"@type\":\"ListItem\",\"position\":2,\"name\":\"AVANCE INFORMATIVO 2 LA RUTA DE LA SAL \u2013 TROFEO PEPE FERRES\"}]},{\"@type\":\"WebSite\",\"@id\":\"https:\/\/labs.100x100.net\/projects\/rutasal\/#website\",\"url\":\"https:\/\/labs.100x100.net\/projects\/rutasal\/\",\"name\":\"Regata La Ruta de la Sal\",\"description\":\"Regata La Ruta de la Sal es una regata de Altura Mediterr\u00e1nea para barcos de crucero a vela con destino en Ibiza, que se disputa anualmente en Semana Santa.\",\"potentialAction\":[{\"@type\":\"SearchAction\",\"target\":{\"@type\":\"EntryPoint\",\"urlTemplate\":\"https:\/\/labs.100x100.net\/projects\/rutasal\/?s={search_term_string}\"},\"query-input\":\"required name=search_term_string\"}],\"inLanguage\":\"es\"},{\"@type\":\"Person\",\"@id\":\"https:\/\/labs.100x100.net\/projects\/rutasal\/#\/schema\/person\/214eeb4a2e78fd8373a0a94f6d93c9ca\",\"name\":\"La Ruta de la Sal\",\"image\":{\"@type\":\"ImageObject\",\"inLanguage\":\"es\",\"@id\":\"https:\/\/labs.100x100.net\/projects\/rutasal\/#\/schema\/person\/image\/\",\"url\":\"https:\/\/secure.gravatar.com\/avatar\/b247286d4b801d6b1cfcfb3807587284?s=96&d=mm&r=g\",\"contentUrl\":\"https:\/\/secure.gravatar.com\/avatar\/b247286d4b801d6b1cfcfb3807587284?s=96&d=mm&r=g\",\"caption\":\"La Ruta de la Sal\"}}]}<\/script>\n<!-- \/ Yoast SEO plugin. -->","yoast_head_json":{"title":"AVANCE INFORMATIVO 2 LA RUTA DE LA SAL \u2013 TROFEO PEPE FERRES | Regata La Ruta de la Sal","robots":{"index":"noindex","follow":"follow","max-snippet":"max-snippet:-1","max-image-preview":"max-image-preview:large","max-video-preview":"max-video-preview:-1"},"og_locale":"es_ES","og_type":"article","og_title":"AVANCE INFORMATIVO 2 LA RUTA DE LA SAL \u2013 TROFEO PEPE FERRES | Regata La Ruta de la Sal","og_description":"El Swam 45 \"Coratge\" de Manel Jane Camacho se ha proclamado vencedor absoluto de la Versi\u00f3n Norte de la 27 Ruta de La Sal. El barco que cruzo la l\u00ednea de llegada en Cab Negret ayer, 18 de abril, a las 12:39 h. ha sido, con un tiempo de 26 h, 39 m, el ganador en Tiempo Real de La Versi\u00f3n Norte de la 27 Ruta de La Sal. Registro que le ha permitido imponerse tambi\u00e9n en Tiempo Compensado en esta singladura desde Barcelona, en la ha quedado en segunda posici\u00f3n el Swam 56 de Amanda Hartley \"Clem\" y en tercera, cerrando el podium, el \"Lazy Dog\" un GS 45 de I\u00f1aki Rulan de CN el Masnou.","og_url":"https:\/\/labs.100x100.net\/projects\/rutasal\/avance-informativo-2-la-ruta-de-la-sal-trofeo-pepe-ferres\/","og_site_name":"Regata La Ruta de la Sal","article_publisher":"https:\/\/www.facebook.com\/rutadelasal\/","article_published_time":"2014-04-19T17:05:30+00:00","article_modified_time":"2019-03-14T09:28:46+00:00","og_image":[{"width":500,"height":352,"url":"https:\/\/labs.100x100.net\/projects\/rutasal\/custom\/uploads\/2014\/04\/13923587244_a8a95d8d91.jpg","type":"image\/jpeg"}],"author":"La Ruta de la Sal","twitter_card":"summary_large_image","twitter_creator":"@AnamMedi","twitter_site":"@AnamMedi","twitter_misc":{"Escrito por":"La Ruta de la Sal","Tiempo de lectura":"5 minutos"},"schema":{"@context":"https:\/\/schema.org","@graph":[{"@type":"WebPage","@id":"https:\/\/labs.100x100.net\/projects\/rutasal\/avance-informativo-2-la-ruta-de-la-sal-trofeo-pepe-ferres\/","url":"https:\/\/labs.100x100.net\/projects\/rutasal\/avance-informativo-2-la-ruta-de-la-sal-trofeo-pepe-ferres\/","name":"AVANCE INFORMATIVO 2 LA RUTA DE LA SAL \u2013 TROFEO PEPE FERRES | Regata La Ruta de la Sal","isPartOf":{"@id":"https:\/\/labs.100x100.net\/projects\/rutasal\/#website"},"primaryImageOfPage":{"@id":"https:\/\/labs.100x100.net\/projects\/rutasal\/avance-informativo-2-la-ruta-de-la-sal-trofeo-pepe-ferres\/#primaryimage"},"image":{"@id":"https:\/\/labs.100x100.net\/projects\/rutasal\/avance-informativo-2-la-ruta-de-la-sal-trofeo-pepe-ferres\/#primaryimage"},"thumbnailUrl":"https:\/\/labs.100x100.net\/projects\/rutasal\/custom\/uploads\/2014\/04\/13923587244_a8a95d8d91.jpg","datePublished":"2014-04-19T17:05:30+00:00","dateModified":"2019-03-14T09:28:46+00:00","author":{"@id":"https:\/\/labs.100x100.net\/projects\/rutasal\/#\/schema\/person\/214eeb4a2e78fd8373a0a94f6d93c9ca"},"breadcrumb":{"@id":"https:\/\/labs.100x100.net\/projects\/rutasal\/avance-informativo-2-la-ruta-de-la-sal-trofeo-pepe-ferres\/#breadcrumb"},"inLanguage":"es","potentialAction":[{"@type":"ReadAction","target":["https:\/\/labs.100x100.net\/projects\/rutasal\/avance-informativo-2-la-ruta-de-la-sal-trofeo-pepe-ferres\/"]}]},{"@type":"ImageObject","inLanguage":"es","@id":"https:\/\/labs.100x100.net\/projects\/rutasal\/avance-informativo-2-la-ruta-de-la-sal-trofeo-pepe-ferres\/#primaryimage","url":"https:\/\/labs.100x100.net\/projects\/rutasal\/custom\/uploads\/2014\/04\/13923587244_a8a95d8d91.jpg","contentUrl":"https:\/\/labs.100x100.net\/projects\/rutasal\/custom\/uploads\/2014\/04\/13923587244_a8a95d8d91.jpg","width":500,"height":352},{"@type":"BreadcrumbList","@id":"https:\/\/labs.100x100.net\/projects\/rutasal\/avance-informativo-2-la-ruta-de-la-sal-trofeo-pepe-ferres\/#breadcrumb","itemListElement":[{"@type":"ListItem","position":1,"name":"Portada","item":"https:\/\/labs.100x100.net\/projects\/rutasal\/"},{"@type":"ListItem","position":2,"name":"AVANCE INFORMATIVO 2 LA RUTA DE LA SAL \u2013 TROFEO PEPE FERRES"}]},{"@type":"WebSite","@id":"https:\/\/labs.100x100.net\/projects\/rutasal\/#website","url":"https:\/\/labs.100x100.net\/projects\/rutasal\/","name":"Regata La Ruta de la Sal","description":"Regata La Ruta de la Sal es una regata de Altura Mediterr\u00e1nea para barcos de crucero a vela con destino en Ibiza, que se disputa anualmente en Semana Santa.","potentialAction":[{"@type":"SearchAction","target":{"@type":"EntryPoint","urlTemplate":"https:\/\/labs.100x100.net\/projects\/rutasal\/?s={search_term_string}"},"query-input":"required name=search_term_string"}],"inLanguage":"es"},{"@type":"Person","@id":"https:\/\/labs.100x100.net\/projects\/rutasal\/#\/schema\/person\/214eeb4a2e78fd8373a0a94f6d93c9ca","name":"La Ruta de la Sal","image":{"@type":"ImageObject","inLanguage":"es","@id":"https:\/\/labs.100x100.net\/projects\/rutasal\/#\/schema\/person\/image\/","url":"https:\/\/secure.gravatar.com\/avatar\/b247286d4b801d6b1cfcfb3807587284?s=96&d=mm&r=g","contentUrl":"https:\/\/secure.gravatar.com\/avatar\/b247286d4b801d6b1cfcfb3807587284?s=96&d=mm&r=g","caption":"La Ruta de la Sal"}}]}},"_links":{"self":[{"href":"https:\/\/labs.100x100.net\/projects\/rutasal\/wp-json\/wp\/v2\/posts\/1709"}],"collection":[{"href":"https:\/\/labs.100x100.net\/projects\/rutasal\/wp-json\/wp\/v2\/posts"}],"about":[{"href":"https:\/\/labs.100x100.net\/projects\/rutasal\/wp-json\/wp\/v2\/types\/post"}],"author":[{"embeddable":true,"href":"https:\/\/labs.100x100.net\/projects\/rutasal\/wp-json\/wp\/v2\/users\/1"}],"replies":[{"embeddable":true,"href":"https:\/\/labs.100x100.net\/projects\/rutasal\/wp-json\/wp\/v2\/comments?post=1709"}],"version-history":[{"count":1,"href":"https:\/\/labs.100x100.net\/projects\/rutasal\/wp-json\/wp\/v2\/posts\/1709\/revisions"}],"predecessor-version":[{"id":3827,"href":"https:\/\/labs.100x100.net\/projects\/rutasal\/wp-json\/wp\/v2\/posts\/1709\/revisions\/3827"}],"wp:featuredmedia":[{"embeddable":true,"href":"https:\/\/labs.100x100.net\/projects\/rutasal\/wp-json\/wp\/v2\/media\/3826"}],"wp:attachment":[{"href":"https:\/\/labs.100x100.net\/projects\/rutasal\/wp-json\/wp\/v2\/media?parent=1709"}],"wp:term":[{"taxonomy":"category","embeddable":true,"href":"https:\/\/labs.100x100.net\/projects\/rutasal\/wp-json\/wp\/v2\/categories?post=1709"},{"taxonomy":"post_tag","embeddable":true,"href":"https:\/\/labs.100x100.net\/projects\/rutasal\/wp-json\/wp\/v2\/tags?post=1709"}],"curies":[{"name":"wp","href":"https:\/\/api.w.org\/{rel}","templated":true}]}}