{"id":1695,"date":"2014-04-18T14:34:14","date_gmt":"2014-04-18T14:34:14","guid":{"rendered":"https:\/\/larutadelasal.com\/?p=1695"},"modified":"2019-03-14T11:38:39","modified_gmt":"2019-03-14T09:38:39","slug":"avance-informativo-la-ruta-de-la-sal-2014","status":"publish","type":"post","link":"https:\/\/labs.100x100.net\/projects\/rutasal\/avance-informativo-la-ruta-de-la-sal-2014\/","title":{"rendered":"AVANCE INFORMATIVO LA RUTA DE LA SAL 2014"},"content":{"rendered":"<p style=\"text-align: center;\"><strong>Regata de Altura<br \/>\nLa Ruta de La Sal 2014.<\/strong><\/p>\n<p style=\"text-align: justify;\"><strong><span style=\"text-decoration: underline;\">-.Con un tiempo de 26 horas y 39 minutos;<\/span><\/strong><\/p>\n<p style=\"text-align: justify;\"><strong><span style=\"text-decoration: underline;\">-.\u00bbCoratge \u00bb de \u00a0Manel Jane vencedor<br \/>\nen Tiempo Real de la Versi\u00f3n Norte de La Sal 2014.<\/span><\/strong><\/p>\n<p style=\"text-align: justify;\"><strong><span style=\"text-decoration: underline;\">-.Manel Jane fue vencedor absoluto de la primera y segunda edici\u00f3n de La Ruta de La Sal, disputadas en 1989 y 1990, respectivamente.<\/span><\/strong><\/p>\n<p style=\"text-align: justify;\"><strong><span style=\"text-decoration: underline;\">-.El alem\u00e1n \u00abCaro\u00bb segundo en tiempo real de la Versi\u00f3n Norte.<\/span><\/strong><\/p>\n<p style=\"text-align: justify;\">El Swam 45 \u00abCoratge\u00bb de Manel Jane Camacho que ha cruzado hoy la l\u00ednea de llegada en Cab Negret a las 12:39 h. ha sido, con un tiempo de 26 h, 39 m, el ganador en Tiempo Real de La Versi\u00f3n Norte de la 27 Ruta de La Sal. Tras una singladura de 140 millas desde por Ginesta en Barcelona, \u00a0en la que, como ya avanzaban los partes metereologicos, \u00a0la falta de viento ha marcado las pautas y ritmos m\u00e1s destacables. En general vientos muy ligeros e inestables de componente S; encalmadas zonales, grandes roladas, y unas \u00faltimas millas de vientos del O de muy poca intensidad &#8211; 2\/4 nudos.- que han contribuido a que la regata este siendo lenta, muy t\u00e1ctica y en general, \u00a0para todos los equipos en competici\u00f3n, muy complicada.<\/p>\n<p style=\"text-align: center;\"><a href=\"https:\/\/www.flickr.com\/photos\/circuitoanam\/13923215253\/in\/album-72157644033602141\/\"><img loading=\"lazy\" decoding=\"async\" class=\"aligncenter wp-image-3828 size-full\" src=\"https:\/\/larutadelasal.com\/custom\/uploads\/2014\/04\/download.jpg\" alt=\"\" width=\"720\" height=\"506\" srcset=\"https:\/\/labs.100x100.net\/projects\/rutasal\/custom\/uploads\/2014\/04\/download.jpg 720w, https:\/\/labs.100x100.net\/projects\/rutasal\/custom\/uploads\/2014\/04\/download-300x211.jpg 300w\" sizes=\"(max-width: 720px) 100vw, 720px\" \/><\/a><\/p>\n<p style=\"text-align: justify;\">Parad\u00f3jicamente, \u00a0Manel Jane Camacho y su \u00abCoratge\u00bb, en aquella \u00e9poca un Baltic 39, fue el ganador de la primera y segunda edici\u00f3n, de la era moderna, de La Ruta de La Sal celebradas en 1989 y 1990 sobre un recorrido de 171 millas entre Port Ginesta y Formentera. Una circunstancia ciertamente especial y, sin duda un dato muy an\u00e9cdotico m\u00e1s para incluir en la historia de la Ruta de La Sal. Como la circunstancia de que este barco con el que ha logrado ser el m\u00e1s r\u00e1pido en la singladura desde Barcelona, Versi\u00f3n Norte de La Sal, se ha estrenado deportivamente hablando en esta regata.<\/p>\n<p style=\"text-align: justify;\">El \u00abCoratge\u00bb es monotipo Swam 45 construido por los astilleros Nautors, como unidad integrada en la Clase Internacional creada en el 2002, con el objetivo de producir unas unidades aptas para la alta competici\u00f3n profesional sin perder las prestaciones de seguridad, calidad y conford de uso y de navegaci\u00f3n que acreditan a este astillero como un l\u00edder mundial en este segmento. Dise\u00f1ado por el argentino German Frers, se trata de un velero de 13,83 metros de eslora, con un desplazamiento de 9,81 toneladas y una superficie velica maxima en ce\u00f1ida de 131,10 metros cuadrados. Un barco muy polivalente de grandes prestaciones ideal para la navegaci\u00f3n de altura media. Un barco, sin duda alguna, muy adecuado para una regata como La Sal.<\/p>\n<p style=\"text-align: center;\"><a class=\"tt-flickr tt-flickr-Medium\" title=\"_AFB6354\" href=\"http:\/\/www.flickr.com\/photos\/circuitoanam\/13923587244\/\"><img loading=\"lazy\" decoding=\"async\" class=\"aligncenter\" src=\"http:\/\/farm8.staticflickr.com\/7362\/13923587244_a8a95d8d91.jpg\" alt=\"_AFB6354\" width=\"657\" height=\"458\" \/><\/a><\/p>\n<p style=\"text-align: justify;\">A las 14 h, 22 m, 27 s, ha cruzado en segundo lugar, dentro de la clasificaci\u00f3n de la Versi\u00f3n Norte de La Sal 2014, el velero alem\u00e1n con base en Ibiza, \u00abCaro\u00bb de Maximilian Klink , un desafio muy puntero y competitivo ganador de la Ruta de La Sal del 2007, edici\u00f3n en la que fue vencedor absoluto en Tiempo Real y Compensado, lo que le convirti\u00f3 en el primer barco extranjero que lograba vencer en la regata, y en el \u00a02011,en el que \u00abCaro\u00bb fue el mas r\u00e1pido en Tiempo Real.<\/p>\n<p style=\"text-align: justify;\">A la hora de redactar estas l\u00edneas la flota de la Versi\u00f3n Norte navega lentamente hacia la l\u00ednea de llegada. Se estima que los primeros de este grupo podrian llegar en algo menos de una hora. La flota de la Versi\u00f3n Este, tras pasar toda la noche encalmada a escasas millas de Formentera est\u00e1 lejos de Sant Antoni de Portmany y las estimaciones, \u00a0dependiendo de la evoluci\u00f3n de la metereolog\u00eda, \u00a0apuntan a que los primeros barcos llegar\u00e1n, \u00a0seg\u00fan como, a Cab Negret a \u00faltimas horas de la tarde.<\/p>\n<p style=\"text-align: justify;\"><a class=\"tt-flickr tt-flickr-Medium\" title=\"_AFB6281\" href=\"http:\/\/www.flickr.com\/photos\/circuitoanam\/13923168145\/\"><img loading=\"lazy\" decoding=\"async\" class=\"alignnone\" src=\"http:\/\/farm3.staticflickr.com\/2907\/13923168145_4b0b6096b6.jpg\" alt=\"_AFB6281\" width=\"320\" height=\"229\" \/><\/a> <a class=\"tt-flickr tt-flickr-Medium\" title=\"_AFB6269\" href=\"http:\/\/www.flickr.com\/photos\/circuitoanam\/13900055746\/\"><img loading=\"lazy\" decoding=\"async\" class=\"alignright\" src=\"http:\/\/farm8.staticflickr.com\/7211\/13900055746_426f8de3bf.jpg\" alt=\"_AFB6269\" width=\"320\" height=\"229\" \/><\/a><\/p>\n<p style=\"text-align: justify;\">El s\u00e1bado 19 de abril a las 12.00 h tendr\u00e1 lugar la Rueda de Prensa con los ganadores absolutos de La Sal 2014. A las 20:00 h en la Carpa de la Sal tendr\u00e1 lugar el Acto Oficial de Entrega de Trofeos y al finalizar, en las magn\u00edficas y reci\u00e9n inauguradas instalaciones del Restaurant Es N\u00e0utic del Club N\u00e1utico de Sant Antoni, la Cena y Fiesta de clausura de esta 27 edici\u00f3n de La Sal.<\/p>\n<p style=\"text-align: justify;\">\n","protected":false},"excerpt":{"rendered":"<p>Regata de Altura La Ruta de La Sal 2014. -.Con un tiempo de 26 horas y 39 minutos; -.\u00bbCoratge \u00bb de \u00a0Manel Jane vencedor en Tiempo Real de la Versi\u00f3n Norte de La Sal 2014. -.Manel Jane fue vencedor absoluto de la primera y segunda edici\u00f3n de La Ruta de La Sal, disputadas en 1989 [&hellip;]<\/p>\n","protected":false},"author":1,"featured_media":3828,"comment_status":"open","ping_status":"open","sticky":false,"template":"","format":"standard","meta":{"_acf_changed":false,"footnotes":""},"categories":[3],"tags":[],"acf":[],"yoast_head":"<!-- This site is optimized with the Yoast SEO plugin v23.0 - https:\/\/yoast.com\/wordpress\/plugins\/seo\/ -->\n<title>AVANCE INFORMATIVO LA RUTA DE LA SAL 2014 | Regata La Ruta de la Sal<\/title>\n<meta name=\"robots\" content=\"noindex, follow, max-snippet:-1, max-image-preview:large, max-video-preview:-1\" \/>\n<meta property=\"og:locale\" content=\"es_ES\" \/>\n<meta property=\"og:type\" content=\"article\" \/>\n<meta property=\"og:title\" content=\"AVANCE INFORMATIVO LA RUTA DE LA SAL 2014 | Regata La Ruta de la Sal\" \/>\n<meta property=\"og:description\" content=\"Regata de Altura La Ruta de La Sal 2014. -.Con un tiempo de 26 horas y 39 minutos; -.\u00bbCoratge \u00bb de \u00a0Manel Jane vencedor en Tiempo Real de la Versi\u00f3n Norte de La Sal 2014. -.Manel Jane fue vencedor absoluto de la primera y segunda edici\u00f3n de La Ruta de La Sal, disputadas en 1989 [&hellip;]\" \/>\n<meta property=\"og:url\" content=\"https:\/\/labs.100x100.net\/projects\/rutasal\/avance-informativo-la-ruta-de-la-sal-2014\/\" \/>\n<meta property=\"og:site_name\" content=\"Regata La Ruta de la Sal\" \/>\n<meta property=\"article:publisher\" content=\"https:\/\/www.facebook.com\/rutadelasal\/\" \/>\n<meta property=\"article:published_time\" content=\"2014-04-18T14:34:14+00:00\" \/>\n<meta property=\"article:modified_time\" content=\"2019-03-14T09:38:39+00:00\" \/>\n<meta property=\"og:image\" content=\"https:\/\/labs.100x100.net\/projects\/rutasal\/custom\/uploads\/2014\/04\/download.jpg\" \/>\n\t<meta property=\"og:image:width\" content=\"720\" \/>\n\t<meta property=\"og:image:height\" content=\"506\" \/>\n\t<meta property=\"og:image:type\" content=\"image\/jpeg\" \/>\n<meta name=\"author\" content=\"La Ruta de la Sal\" \/>\n<meta name=\"twitter:card\" content=\"summary_large_image\" \/>\n<meta name=\"twitter:creator\" content=\"@AnamMedi\" \/>\n<meta name=\"twitter:site\" content=\"@AnamMedi\" \/>\n<meta name=\"twitter:label1\" content=\"Escrito por\" \/>\n\t<meta name=\"twitter:data1\" content=\"La Ruta de la Sal\" \/>\n\t<meta name=\"twitter:label2\" content=\"Tiempo de lectura\" \/>\n\t<meta name=\"twitter:data2\" content=\"3 minutos\" \/>\n<script type=\"application\/ld+json\" class=\"yoast-schema-graph\">{\"@context\":\"https:\/\/schema.org\",\"@graph\":[{\"@type\":\"WebPage\",\"@id\":\"https:\/\/labs.100x100.net\/projects\/rutasal\/avance-informativo-la-ruta-de-la-sal-2014\/\",\"url\":\"https:\/\/labs.100x100.net\/projects\/rutasal\/avance-informativo-la-ruta-de-la-sal-2014\/\",\"name\":\"AVANCE INFORMATIVO LA RUTA DE LA SAL 2014 | Regata La Ruta de la Sal\",\"isPartOf\":{\"@id\":\"https:\/\/labs.100x100.net\/projects\/rutasal\/#website\"},\"primaryImageOfPage\":{\"@id\":\"https:\/\/labs.100x100.net\/projects\/rutasal\/avance-informativo-la-ruta-de-la-sal-2014\/#primaryimage\"},\"image\":{\"@id\":\"https:\/\/labs.100x100.net\/projects\/rutasal\/avance-informativo-la-ruta-de-la-sal-2014\/#primaryimage\"},\"thumbnailUrl\":\"https:\/\/labs.100x100.net\/projects\/rutasal\/custom\/uploads\/2014\/04\/download.jpg\",\"datePublished\":\"2014-04-18T14:34:14+00:00\",\"dateModified\":\"2019-03-14T09:38:39+00:00\",\"author\":{\"@id\":\"https:\/\/labs.100x100.net\/projects\/rutasal\/#\/schema\/person\/214eeb4a2e78fd8373a0a94f6d93c9ca\"},\"breadcrumb\":{\"@id\":\"https:\/\/labs.100x100.net\/projects\/rutasal\/avance-informativo-la-ruta-de-la-sal-2014\/#breadcrumb\"},\"inLanguage\":\"es\",\"potentialAction\":[{\"@type\":\"ReadAction\",\"target\":[\"https:\/\/labs.100x100.net\/projects\/rutasal\/avance-informativo-la-ruta-de-la-sal-2014\/\"]}]},{\"@type\":\"ImageObject\",\"inLanguage\":\"es\",\"@id\":\"https:\/\/labs.100x100.net\/projects\/rutasal\/avance-informativo-la-ruta-de-la-sal-2014\/#primaryimage\",\"url\":\"https:\/\/labs.100x100.net\/projects\/rutasal\/custom\/uploads\/2014\/04\/download.jpg\",\"contentUrl\":\"https:\/\/labs.100x100.net\/projects\/rutasal\/custom\/uploads\/2014\/04\/download.jpg\",\"width\":720,\"height\":506},{\"@type\":\"BreadcrumbList\",\"@id\":\"https:\/\/labs.100x100.net\/projects\/rutasal\/avance-informativo-la-ruta-de-la-sal-2014\/#breadcrumb\",\"itemListElement\":[{\"@type\":\"ListItem\",\"position\":1,\"name\":\"Portada\",\"item\":\"https:\/\/labs.100x100.net\/projects\/rutasal\/\"},{\"@type\":\"ListItem\",\"position\":2,\"name\":\"AVANCE INFORMATIVO LA RUTA DE LA SAL 2014\"}]},{\"@type\":\"WebSite\",\"@id\":\"https:\/\/labs.100x100.net\/projects\/rutasal\/#website\",\"url\":\"https:\/\/labs.100x100.net\/projects\/rutasal\/\",\"name\":\"Regata La Ruta de la Sal\",\"description\":\"Regata La Ruta de la Sal es una regata de Altura Mediterr\u00e1nea para barcos de crucero a vela con destino en Ibiza, que se disputa anualmente en Semana Santa.\",\"potentialAction\":[{\"@type\":\"SearchAction\",\"target\":{\"@type\":\"EntryPoint\",\"urlTemplate\":\"https:\/\/labs.100x100.net\/projects\/rutasal\/?s={search_term_string}\"},\"query-input\":\"required name=search_term_string\"}],\"inLanguage\":\"es\"},{\"@type\":\"Person\",\"@id\":\"https:\/\/labs.100x100.net\/projects\/rutasal\/#\/schema\/person\/214eeb4a2e78fd8373a0a94f6d93c9ca\",\"name\":\"La Ruta de la Sal\",\"image\":{\"@type\":\"ImageObject\",\"inLanguage\":\"es\",\"@id\":\"https:\/\/labs.100x100.net\/projects\/rutasal\/#\/schema\/person\/image\/\",\"url\":\"https:\/\/secure.gravatar.com\/avatar\/b247286d4b801d6b1cfcfb3807587284?s=96&d=mm&r=g\",\"contentUrl\":\"https:\/\/secure.gravatar.com\/avatar\/b247286d4b801d6b1cfcfb3807587284?s=96&d=mm&r=g\",\"caption\":\"La Ruta de la Sal\"}}]}<\/script>\n<!-- \/ Yoast SEO plugin. -->","yoast_head_json":{"title":"AVANCE INFORMATIVO LA RUTA DE LA SAL 2014 | Regata La Ruta de la Sal","robots":{"index":"noindex","follow":"follow","max-snippet":"max-snippet:-1","max-image-preview":"max-image-preview:large","max-video-preview":"max-video-preview:-1"},"og_locale":"es_ES","og_type":"article","og_title":"AVANCE INFORMATIVO LA RUTA DE LA SAL 2014 | Regata La Ruta de la Sal","og_description":"Regata de Altura La Ruta de La Sal 2014. -.Con un tiempo de 26 horas y 39 minutos; -.\u00bbCoratge \u00bb de \u00a0Manel Jane vencedor en Tiempo Real de la Versi\u00f3n Norte de La Sal 2014. -.Manel Jane fue vencedor absoluto de la primera y segunda edici\u00f3n de La Ruta de La Sal, disputadas en 1989 [&hellip;]","og_url":"https:\/\/labs.100x100.net\/projects\/rutasal\/avance-informativo-la-ruta-de-la-sal-2014\/","og_site_name":"Regata La Ruta de la Sal","article_publisher":"https:\/\/www.facebook.com\/rutadelasal\/","article_published_time":"2014-04-18T14:34:14+00:00","article_modified_time":"2019-03-14T09:38:39+00:00","og_image":[{"width":720,"height":506,"url":"https:\/\/labs.100x100.net\/projects\/rutasal\/custom\/uploads\/2014\/04\/download.jpg","type":"image\/jpeg"}],"author":"La Ruta de la Sal","twitter_card":"summary_large_image","twitter_creator":"@AnamMedi","twitter_site":"@AnamMedi","twitter_misc":{"Escrito por":"La Ruta de la Sal","Tiempo de lectura":"3 minutos"},"schema":{"@context":"https:\/\/schema.org","@graph":[{"@type":"WebPage","@id":"https:\/\/labs.100x100.net\/projects\/rutasal\/avance-informativo-la-ruta-de-la-sal-2014\/","url":"https:\/\/labs.100x100.net\/projects\/rutasal\/avance-informativo-la-ruta-de-la-sal-2014\/","name":"AVANCE INFORMATIVO LA RUTA DE LA SAL 2014 | Regata La Ruta de la Sal","isPartOf":{"@id":"https:\/\/labs.100x100.net\/projects\/rutasal\/#website"},"primaryImageOfPage":{"@id":"https:\/\/labs.100x100.net\/projects\/rutasal\/avance-informativo-la-ruta-de-la-sal-2014\/#primaryimage"},"image":{"@id":"https:\/\/labs.100x100.net\/projects\/rutasal\/avance-informativo-la-ruta-de-la-sal-2014\/#primaryimage"},"thumbnailUrl":"https:\/\/labs.100x100.net\/projects\/rutasal\/custom\/uploads\/2014\/04\/download.jpg","datePublished":"2014-04-18T14:34:14+00:00","dateModified":"2019-03-14T09:38:39+00:00","author":{"@id":"https:\/\/labs.100x100.net\/projects\/rutasal\/#\/schema\/person\/214eeb4a2e78fd8373a0a94f6d93c9ca"},"breadcrumb":{"@id":"https:\/\/labs.100x100.net\/projects\/rutasal\/avance-informativo-la-ruta-de-la-sal-2014\/#breadcrumb"},"inLanguage":"es","potentialAction":[{"@type":"ReadAction","target":["https:\/\/labs.100x100.net\/projects\/rutasal\/avance-informativo-la-ruta-de-la-sal-2014\/"]}]},{"@type":"ImageObject","inLanguage":"es","@id":"https:\/\/labs.100x100.net\/projects\/rutasal\/avance-informativo-la-ruta-de-la-sal-2014\/#primaryimage","url":"https:\/\/labs.100x100.net\/projects\/rutasal\/custom\/uploads\/2014\/04\/download.jpg","contentUrl":"https:\/\/labs.100x100.net\/projects\/rutasal\/custom\/uploads\/2014\/04\/download.jpg","width":720,"height":506},{"@type":"BreadcrumbList","@id":"https:\/\/labs.100x100.net\/projects\/rutasal\/avance-informativo-la-ruta-de-la-sal-2014\/#breadcrumb","itemListElement":[{"@type":"ListItem","position":1,"name":"Portada","item":"https:\/\/labs.100x100.net\/projects\/rutasal\/"},{"@type":"ListItem","position":2,"name":"AVANCE INFORMATIVO LA RUTA DE LA SAL 2014"}]},{"@type":"WebSite","@id":"https:\/\/labs.100x100.net\/projects\/rutasal\/#website","url":"https:\/\/labs.100x100.net\/projects\/rutasal\/","name":"Regata La Ruta de la Sal","description":"Regata La Ruta de la Sal es una regata de Altura Mediterr\u00e1nea para barcos de crucero a vela con destino en Ibiza, que se disputa anualmente en Semana Santa.","potentialAction":[{"@type":"SearchAction","target":{"@type":"EntryPoint","urlTemplate":"https:\/\/labs.100x100.net\/projects\/rutasal\/?s={search_term_string}"},"query-input":"required name=search_term_string"}],"inLanguage":"es"},{"@type":"Person","@id":"https:\/\/labs.100x100.net\/projects\/rutasal\/#\/schema\/person\/214eeb4a2e78fd8373a0a94f6d93c9ca","name":"La Ruta de la Sal","image":{"@type":"ImageObject","inLanguage":"es","@id":"https:\/\/labs.100x100.net\/projects\/rutasal\/#\/schema\/person\/image\/","url":"https:\/\/secure.gravatar.com\/avatar\/b247286d4b801d6b1cfcfb3807587284?s=96&d=mm&r=g","contentUrl":"https:\/\/secure.gravatar.com\/avatar\/b247286d4b801d6b1cfcfb3807587284?s=96&d=mm&r=g","caption":"La Ruta de la Sal"}}]}},"_links":{"self":[{"href":"https:\/\/labs.100x100.net\/projects\/rutasal\/wp-json\/wp\/v2\/posts\/1695"}],"collection":[{"href":"https:\/\/labs.100x100.net\/projects\/rutasal\/wp-json\/wp\/v2\/posts"}],"about":[{"href":"https:\/\/labs.100x100.net\/projects\/rutasal\/wp-json\/wp\/v2\/types\/post"}],"author":[{"embeddable":true,"href":"https:\/\/labs.100x100.net\/projects\/rutasal\/wp-json\/wp\/v2\/users\/1"}],"replies":[{"embeddable":true,"href":"https:\/\/labs.100x100.net\/projects\/rutasal\/wp-json\/wp\/v2\/comments?post=1695"}],"version-history":[{"count":1,"href":"https:\/\/labs.100x100.net\/projects\/rutasal\/wp-json\/wp\/v2\/posts\/1695\/revisions"}],"predecessor-version":[{"id":3829,"href":"https:\/\/labs.100x100.net\/projects\/rutasal\/wp-json\/wp\/v2\/posts\/1695\/revisions\/3829"}],"wp:featuredmedia":[{"embeddable":true,"href":"https:\/\/labs.100x100.net\/projects\/rutasal\/wp-json\/wp\/v2\/media\/3828"}],"wp:attachment":[{"href":"https:\/\/labs.100x100.net\/projects\/rutasal\/wp-json\/wp\/v2\/media?parent=1695"}],"wp:term":[{"taxonomy":"category","embeddable":true,"href":"https:\/\/labs.100x100.net\/projects\/rutasal\/wp-json\/wp\/v2\/categories?post=1695"},{"taxonomy":"post_tag","embeddable":true,"href":"https:\/\/labs.100x100.net\/projects\/rutasal\/wp-json\/wp\/v2\/tags?post=1695"}],"curies":[{"name":"wp","href":"https:\/\/api.w.org\/{rel}","templated":true}]}}