{"id":1684,"date":"2014-04-17T11:48:22","date_gmt":"2014-04-17T11:48:22","guid":{"rendered":"https:\/\/larutadelasal.com\/?p=1684"},"modified":"2019-03-08T14:19:36","modified_gmt":"2019-03-08T12:19:36","slug":"1684","status":"publish","type":"post","link":"https:\/\/labs.100x100.net\/projects\/rutasal\/1684\/","title":{"rendered":"ZARPA LA VERSI\u00d3N NORTE DE LA RUTA DE LA SAL 2014"},"content":{"rendered":"<p style=\"text-align: center;\"><strong>Regata de Altura<br \/>\nLa Ruta de La Sal 2014<\/strong><\/p>\n<p style=\"text-align: justify;\">-.<span style=\"text-decoration: underline;\"> La flota de la \u00a027 Regata de Altura de La Ruta de La Sal ya navega rumbo a Ibiza.<\/span><\/p>\n<p style=\"text-align: justify;\"><span style=\"text-decoration: underline;\">-.Espectaculares salidas en Barcelona y Denia.<\/span><\/p>\n<p style=\"text-align: justify;\"><span style=\"text-decoration: underline;\">-.Con 160 equipos inscritos, La Sal 2014 supera las previsiones.<\/span><\/p>\n<p style=\"text-align: justify;\"><span style=\"text-decoration: underline;\">-. La metereolog\u00eda adelanta una regata de poco viento muy t\u00e1ctica de gran valor deportivo.<\/span><\/p>\n<p style=\"text-align: justify;\"><span style=\"text-decoration: underline;\">-.Los desaf\u00edos m\u00e1s r\u00e1pidos de 2013, defender\u00e1n sus t\u00edtulos ante rivales muy competitivos.<\/span><\/p>\n<p style=\"text-align: justify;\"><span style=\"text-decoration: underline;\"><a class=\"tt-flickr tt-flickr-Medium\" title=\"27 La Ruta de La Sal 2014 (Trofeo Pepe Ferr\u00e9s)\" href=\"http:\/\/www.flickr.com\/photos\/circuitoanam\/13910118175\/\"><img loading=\"lazy\" decoding=\"async\" class=\"alignright\" src=\"http:\/\/farm4.staticflickr.com\/3816\/13910118175_ab05b02933.jpg\" alt=\"27 La Ruta de La Sal 2014 (Trofeo Pepe Ferr\u00e9s)\" width=\"320\" height=\"229\" \/><\/a> <a class=\"tt-flickr tt-flickr-Medium\" title=\"27 La Ruta de La Sal 2014 (Trofeo Pepe Ferr\u00e9s)\" href=\"http:\/\/www.flickr.com\/photos\/circuitoanam\/13887015162\/\"><img loading=\"lazy\" decoding=\"async\" class=\"alignleft\" src=\"http:\/\/farm4.staticflickr.com\/3668\/13887015162_8fa0caf80e.jpg\" alt=\"27 La Ruta de La Sal 2014 (Trofeo Pepe Ferr\u00e9s)\" width=\"320\" height=\"229\" \/><\/a> <\/span><\/p>\n<p style=\"text-align: justify;\">Hoy \u00a017 de abril, \u00a0Jueves Santo, ha comenzado la 27 edici\u00f3n de la Regata de Altura de la Ruta de la Sal. con salidas desde Port Ginesta en Barcelona para la Versi\u00f3n Norte de la regata y desde Denia para Versi\u00f3n Este, con llegada, en ambos casos, en Sant Antoni de Portmany en Ibiza.<\/p>\n<p style=\"text-align: justify;\">La Versi\u00f3n Norte, con 74 barcos tripulados por unos 440 regatistas inscritos, ha zarpado desde las aguas de Port Ginesta a las 10:00 h, navegando con mar totalmente plana y una brisa floja y \u00a0relativamente inestable de unos 6 nudos de componente Norte, lo que ha permitido que la flota haya iniciado esta singladura de 140 millas hasta Cab Negret en Sant Antoni de Portmany, navegando con cierta velocidad y a rumbo directo hacia Ibiza; unas primeras millas muy alentadoras considerando que las previsiones metereologicas avanzan, para este recorrido de La Sal, unos escenarios en todo el Mar Balear de poco viento. Que se iniciar\u00e1n, \u00a0tal y como ha ocurrido, con viento del E\/NE de hasta fuerza 2\/3 que rolara a un SE \u00a0fuerza 3\/2 que, en principio, se mantendr\u00e1 hasta primeras horas de la tarde del viernes 18 de abril cuando la previsi\u00f3n \u00a0apunta a un SSO de fuerza 4 con puntas de 5. Lo que, sin duda, dificultar\u00e1 en una gran medida la llegada hasta Sant Antoni a los barcos que, para esta hora no hayan cruzado la l\u00ednea de llegada. Que normalmente podr\u00edan \u00a0ser muchos.<\/p>\n<p style=\"text-align: justify;\"><a class=\"tt-flickr tt-flickr-Medium\" title=\"27 La Ruta de La Sal 2014 (Trofeo Pepe Ferr\u00e9s)\" href=\"http:\/\/www.flickr.com\/photos\/circuitoanam\/13910122965\/\"><img loading=\"lazy\" decoding=\"async\" class=\"alignnone\" src=\"http:\/\/farm4.staticflickr.com\/3701\/13910122965_231a941e5c.jpg\" alt=\"27 La Ruta de La Sal 2014 (Trofeo Pepe Ferr\u00e9s)\" width=\"320\" height=\"229\" \/><\/a> <a class=\"tt-flickr tt-flickr-Medium\" title=\"27 La Ruta de La Sal 2014 (Trofeo Pepe Ferr\u00e9s)\" href=\"http:\/\/www.flickr.com\/photos\/circuitoanam\/13910168523\/\"><img loading=\"lazy\" decoding=\"async\" class=\"alignright\" src=\"http:\/\/farm4.staticflickr.com\/3665\/13910168523_a471e4a8b5.jpg\" alt=\"27 La Ruta de La Sal 2014 (Trofeo Pepe Ferr\u00e9s)\" width=\"320\" height=\"229\" \/><\/a><\/p>\n<p style=\"text-align: justify;\"><a class=\"tt-flickr tt-flickr-Medium\" title=\"27 La Ruta de La Sal 2014 (Trofeo Pepe Ferr\u00e9s)\" href=\"http:\/\/www.flickr.com\/photos\/circuitoanam\/13910525104\/\"><img loading=\"lazy\" decoding=\"async\" class=\"alignnone\" src=\"http:\/\/farm4.staticflickr.com\/3827\/13910525104_1a28e0bef9.jpg\" alt=\"27 La Ruta de La Sal 2014 (Trofeo Pepe Ferr\u00e9s)\" width=\"320\" height=\"229\" \/><\/a><a class=\"tt-flickr tt-flickr-Medium\" title=\"27 La Ruta de La Sal 2014 (Trofeo Pepe Ferr\u00e9s)\" href=\"http:\/\/www.flickr.com\/photos\/circuitoanam\/13910157143\/\"><img loading=\"lazy\" decoding=\"async\" class=\"alignright\" src=\"http:\/\/farm8.staticflickr.com\/7305\/13910157143_01644d1cfb.jpg\" alt=\"27 La Ruta de La Sal 2014 (Trofeo Pepe Ferr\u00e9s)\" width=\"320\" height=\"229\" \/><\/a><\/p>\n<p style=\"text-align: justify;\">En definitiva unas condiciones en las que van a predominar los vientos de proa, en general flojos e inestables. Durante la noche se esperan aeas de fuertes encalmadas. Brisas termicas muy variables. \u00a0Ser\u00e1, \u00a0en todo caso, una larga ce\u00f1ida hasta Ibiza que convertir\u00e1 esta Versi\u00f3n Norte de La Sal en una regata t\u00e9cnicamente complicada y muy tactica, cuyo tiempo l\u00edmite se fija a las 14:00 h. del s\u00e1bado 19 de abril.<\/p>\n<p>Destacar que ayer, Mi\u00e9rcoles 16 de abril del 2014, la Reuni\u00f3n de Patrones a la que asistieron Jaime Zaragoza, Director de Seguridad y Salvamento Mar\u00edtimo de Barcelona; el meteor\u00f3logo Alegandro Mart\u00ednez; Vicents Domenech, Juez de la Regata; Artur Sotos, coordinador de Seguridad; Rodrigo de Febrer, Capit\u00e1n de Port Ginesta e Isabel Subirats, Coordinadora de la regata .<\/p>\n<p><a class=\"tt-flickr tt-flickr-Medium\" title=\"_AFB5363\" href=\"http:\/\/www.flickr.com\/photos\/circuitoanam\/13887040471\/\"><img loading=\"lazy\" decoding=\"async\" class=\"alignright\" src=\"http:\/\/farm8.staticflickr.com\/7254\/13887040471_c5962653e9.jpg\" alt=\"_AFB5363\" width=\"320\" height=\"229\" \/><\/a><\/p>\n<p><a class=\"tt-flickr tt-flickr-Medium\" title=\"_AFB5374\" href=\"http:\/\/www.flickr.com\/photos\/circuitoanam\/13887045611\/\"><img loading=\"lazy\" decoding=\"async\" class=\"alignnone\" src=\"http:\/\/farm4.staticflickr.com\/3818\/13887045611_2f89c0340e.jpg\" alt=\"_AFB5374\" width=\"320\" height=\"229\" \/><\/a><\/p>\n<p>Acto tras el que tuvo lugar, en el restaurante El Capit\u00e1n de Port Ginesta, la Recepci\u00f3n de Bienvenida a las Tripulaciones participantes en La Sal 2014 con canap\u00e9s y una suculenta Fideu\u00e1 marinera con Cava Gramona. Tambi\u00e9n Hubo barra libre de Gin Tonics Plymouth.<\/p>\n<p><a class=\"tt-flickr tt-flickr-Medium\" title=\"_AFB5462\" href=\"http:\/\/www.flickr.com\/photos\/circuitoanam\/13887042791\/\"><img loading=\"lazy\" decoding=\"async\" class=\"alignright\" src=\"http:\/\/farm8.staticflickr.com\/7376\/13887042791_9f73bd2a44.jpg\" alt=\"_AFB5462\" width=\"320\" height=\"229\" \/><\/a><\/p>\n<p><a class=\"tt-flickr tt-flickr-Medium\" title=\"_AFB5562\" href=\"http:\/\/www.flickr.com\/photos\/circuitoanam\/13887020842\/\"><img loading=\"lazy\" decoding=\"async\" class=\"alignnone\" src=\"http:\/\/farm8.staticflickr.com\/7121\/13887020842_ff09c4f412.jpg\" alt=\"_AFB5562\" width=\"320\" height=\"229\" \/><\/a><\/p>\n<p><a class=\"tt-flickr tt-flickr-Medium\" title=\"_AFB5496\" href=\"http:\/\/www.flickr.com\/photos\/circuitoanam\/13910136015\/\"><img loading=\"lazy\" decoding=\"async\" class=\"alignnone\" src=\"http:\/\/farm8.staticflickr.com\/7139\/13910136015_2dcf55691a.jpg\" alt=\"_AFB5496\" width=\"320\" height=\"229\" \/><\/a> <a class=\"tt-flickr tt-flickr-Medium\" title=\"_AFB5623\" href=\"http:\/\/www.flickr.com\/photos\/circuitoanam\/13910548604\/\"><img loading=\"lazy\" decoding=\"async\" class=\"alignright\" src=\"http:\/\/farm4.staticflickr.com\/3691\/13910548604_ff992194f2.jpg\" alt=\"_AFB5623\" width=\"320\" height=\"229\" \/><\/a><\/p>\n<p>La Versi\u00f3n Este, con 86 barcos inscritos, tiene programada su salida hoy a las \u00a014:00 h desde el RC N\u00e1utico de Denia con destino a Cab Negret en Sant Antoni de Portmany. Una singladura de 120 millas que implicara tomar Formentera por babor, la Isla de Tagomago y, navegar por la costa norte de Ibiza hasta Sant Antoni.<\/p>\n<p style=\"text-align: justify;\">La Versi\u00f3n Este de La Sal, con una inscripci\u00f3n de 86 veleros tripulados por unos 520 regatistas, \u00a0ha cruzado la l\u00ednea de salida hoy a las 14:00 h, con el objetivo de cubrir un recorrido de 120 millas hasta Sant Antoni de Portmany \u00a0tomando \u00a0Formentera por babor, la Isla de Tagomago y, navegando por la costa norte de Ibiza, llegar hasta Cab Negret, a unas dos millas al norte del puerto de Sant Antoni, donde esta ubicada la l\u00ednea de salida.<\/p>\n<p style=\"text-align: justify;\">La Versi\u00f3n Este navegara, en principio, bajo la influencia de vientos del E de \u00a0fuerza 3 que, normalmente, ir\u00e1n rolando hacia el SE y posteriormente SSO con intensidades iniciales de fuerza 2\/3 que arreciaran, de cara al viernes 18 de abril hasta fuerza 4\/5 lo que implica que para esta flota la regata se plantea como una navegaci\u00f3n relativamente r\u00e1pida; con unas primeras millas de ce\u00f1ida y predominio de vientos abiertos que facilitar\u00e1n sensiblemente la llegada hasta Sant Antoni. Si bien, en todos los casos hablamos de previsiones de vientos flojos e inestables. De brisas termicas y micro-climas zonales. En general sol, calor y escenarios propios de una competici\u00f3n muy tactica de alto valor deportivo. El tiempo l\u00edmite para cubrir este recorrido \u00a0se establece en 48 horas, lo que implica que la regata tendr\u00e1 que terminar a las 14:00 h de s\u00e1bado 19 de abril del 2014.<\/p>\n<p style=\"text-align: justify;\">\n","protected":false},"excerpt":{"rendered":"<p>Hoy  17 de abril,  Jueves Santo, ha comenzado la 27 edici\u00f3n de la Regata de Altura de la Ruta de la Sal. con salidas desde Port Ginesta en Barcelona para la Versi\u00f3n Norte de la regata y desde Denia para Versi\u00f3n Este, con llegada, en ambos casos, en Sant Antoni de Portmany en Ibiza.<\/p>\n","protected":false},"author":1,"featured_media":3760,"comment_status":"open","ping_status":"open","sticky":false,"template":"","format":"standard","meta":{"_acf_changed":false,"footnotes":""},"categories":[3],"tags":[],"acf":[],"yoast_head":"<!-- This site is optimized with the Yoast SEO plugin v23.0 - https:\/\/yoast.com\/wordpress\/plugins\/seo\/ -->\n<title>ZARPA LA VERSI\u00d3N NORTE DE LA RUTA DE LA SAL 2014 | Regata La Ruta de la Sal<\/title>\n<meta name=\"robots\" content=\"noindex, follow, max-snippet:-1, max-image-preview:large, max-video-preview:-1\" \/>\n<meta property=\"og:locale\" content=\"es_ES\" \/>\n<meta property=\"og:type\" content=\"article\" \/>\n<meta property=\"og:title\" content=\"ZARPA LA VERSI\u00d3N NORTE DE LA RUTA DE LA SAL 2014 | Regata La Ruta de la Sal\" \/>\n<meta property=\"og:description\" content=\"Hoy 17 de abril, Jueves Santo, ha comenzado la 27 edici\u00f3n de la Regata de Altura de la Ruta de la Sal. con salidas desde Port Ginesta en Barcelona para la Versi\u00f3n Norte de la regata y desde Denia para Versi\u00f3n Este, con llegada, en ambos casos, en Sant Antoni de Portmany en Ibiza.\" \/>\n<meta property=\"og:url\" content=\"https:\/\/labs.100x100.net\/projects\/rutasal\/1684\/\" \/>\n<meta property=\"og:site_name\" content=\"Regata La Ruta de la Sal\" \/>\n<meta property=\"article:publisher\" content=\"https:\/\/www.facebook.com\/rutadelasal\/\" \/>\n<meta property=\"article:published_time\" content=\"2014-04-17T11:48:22+00:00\" \/>\n<meta property=\"article:modified_time\" content=\"2019-03-08T12:19:36+00:00\" \/>\n<meta property=\"og:image\" content=\"https:\/\/labs.100x100.net\/projects\/rutasal\/custom\/uploads\/2014\/04\/13887015162_8fa0caf80e_z.jpg\" \/>\n\t<meta property=\"og:image:width\" content=\"640\" \/>\n\t<meta property=\"og:image:height\" content=\"451\" \/>\n\t<meta property=\"og:image:type\" content=\"image\/jpeg\" \/>\n<meta name=\"author\" content=\"La Ruta de la Sal\" \/>\n<meta name=\"twitter:card\" content=\"summary_large_image\" \/>\n<meta name=\"twitter:creator\" content=\"@AnamMedi\" \/>\n<meta name=\"twitter:site\" content=\"@AnamMedi\" \/>\n<meta name=\"twitter:label1\" content=\"Escrito por\" \/>\n\t<meta name=\"twitter:data1\" content=\"La Ruta de la Sal\" \/>\n\t<meta name=\"twitter:label2\" content=\"Tiempo de lectura\" \/>\n\t<meta name=\"twitter:data2\" content=\"4 minutos\" \/>\n<script type=\"application\/ld+json\" class=\"yoast-schema-graph\">{\"@context\":\"https:\/\/schema.org\",\"@graph\":[{\"@type\":\"WebPage\",\"@id\":\"https:\/\/labs.100x100.net\/projects\/rutasal\/1684\/\",\"url\":\"https:\/\/labs.100x100.net\/projects\/rutasal\/1684\/\",\"name\":\"ZARPA LA VERSI\u00d3N NORTE DE LA RUTA DE LA SAL 2014 | Regata La Ruta de la Sal\",\"isPartOf\":{\"@id\":\"https:\/\/labs.100x100.net\/projects\/rutasal\/#website\"},\"primaryImageOfPage\":{\"@id\":\"https:\/\/labs.100x100.net\/projects\/rutasal\/1684\/#primaryimage\"},\"image\":{\"@id\":\"https:\/\/labs.100x100.net\/projects\/rutasal\/1684\/#primaryimage\"},\"thumbnailUrl\":\"https:\/\/labs.100x100.net\/projects\/rutasal\/custom\/uploads\/2014\/04\/13887015162_8fa0caf80e_z.jpg\",\"datePublished\":\"2014-04-17T11:48:22+00:00\",\"dateModified\":\"2019-03-08T12:19:36+00:00\",\"author\":{\"@id\":\"https:\/\/labs.100x100.net\/projects\/rutasal\/#\/schema\/person\/214eeb4a2e78fd8373a0a94f6d93c9ca\"},\"breadcrumb\":{\"@id\":\"https:\/\/labs.100x100.net\/projects\/rutasal\/1684\/#breadcrumb\"},\"inLanguage\":\"es\",\"potentialAction\":[{\"@type\":\"ReadAction\",\"target\":[\"https:\/\/labs.100x100.net\/projects\/rutasal\/1684\/\"]}]},{\"@type\":\"ImageObject\",\"inLanguage\":\"es\",\"@id\":\"https:\/\/labs.100x100.net\/projects\/rutasal\/1684\/#primaryimage\",\"url\":\"https:\/\/labs.100x100.net\/projects\/rutasal\/custom\/uploads\/2014\/04\/13887015162_8fa0caf80e_z.jpg\",\"contentUrl\":\"https:\/\/labs.100x100.net\/projects\/rutasal\/custom\/uploads\/2014\/04\/13887015162_8fa0caf80e_z.jpg\",\"width\":640,\"height\":451},{\"@type\":\"BreadcrumbList\",\"@id\":\"https:\/\/labs.100x100.net\/projects\/rutasal\/1684\/#breadcrumb\",\"itemListElement\":[{\"@type\":\"ListItem\",\"position\":1,\"name\":\"Portada\",\"item\":\"https:\/\/labs.100x100.net\/projects\/rutasal\/\"},{\"@type\":\"ListItem\",\"position\":2,\"name\":\"ZARPA LA VERSI\u00d3N NORTE DE LA RUTA DE LA SAL 2014\"}]},{\"@type\":\"WebSite\",\"@id\":\"https:\/\/labs.100x100.net\/projects\/rutasal\/#website\",\"url\":\"https:\/\/labs.100x100.net\/projects\/rutasal\/\",\"name\":\"Regata La Ruta de la Sal\",\"description\":\"Regata La Ruta de la Sal es una regata de Altura Mediterr\u00e1nea para barcos de crucero a vela con destino en Ibiza, que se disputa anualmente en Semana Santa.\",\"potentialAction\":[{\"@type\":\"SearchAction\",\"target\":{\"@type\":\"EntryPoint\",\"urlTemplate\":\"https:\/\/labs.100x100.net\/projects\/rutasal\/?s={search_term_string}\"},\"query-input\":\"required name=search_term_string\"}],\"inLanguage\":\"es\"},{\"@type\":\"Person\",\"@id\":\"https:\/\/labs.100x100.net\/projects\/rutasal\/#\/schema\/person\/214eeb4a2e78fd8373a0a94f6d93c9ca\",\"name\":\"La Ruta de la Sal\",\"image\":{\"@type\":\"ImageObject\",\"inLanguage\":\"es\",\"@id\":\"https:\/\/labs.100x100.net\/projects\/rutasal\/#\/schema\/person\/image\/\",\"url\":\"https:\/\/secure.gravatar.com\/avatar\/b247286d4b801d6b1cfcfb3807587284?s=96&d=mm&r=g\",\"contentUrl\":\"https:\/\/secure.gravatar.com\/avatar\/b247286d4b801d6b1cfcfb3807587284?s=96&d=mm&r=g\",\"caption\":\"La Ruta de la Sal\"}}]}<\/script>\n<!-- \/ Yoast SEO plugin. -->","yoast_head_json":{"title":"ZARPA LA VERSI\u00d3N NORTE DE LA RUTA DE LA SAL 2014 | Regata La Ruta de la Sal","robots":{"index":"noindex","follow":"follow","max-snippet":"max-snippet:-1","max-image-preview":"max-image-preview:large","max-video-preview":"max-video-preview:-1"},"og_locale":"es_ES","og_type":"article","og_title":"ZARPA LA VERSI\u00d3N NORTE DE LA RUTA DE LA SAL 2014 | Regata La Ruta de la Sal","og_description":"Hoy 17 de abril, Jueves Santo, ha comenzado la 27 edici\u00f3n de la Regata de Altura de la Ruta de la Sal. con salidas desde Port Ginesta en Barcelona para la Versi\u00f3n Norte de la regata y desde Denia para Versi\u00f3n Este, con llegada, en ambos casos, en Sant Antoni de Portmany en Ibiza.","og_url":"https:\/\/labs.100x100.net\/projects\/rutasal\/1684\/","og_site_name":"Regata La Ruta de la Sal","article_publisher":"https:\/\/www.facebook.com\/rutadelasal\/","article_published_time":"2014-04-17T11:48:22+00:00","article_modified_time":"2019-03-08T12:19:36+00:00","og_image":[{"width":640,"height":451,"url":"https:\/\/labs.100x100.net\/projects\/rutasal\/custom\/uploads\/2014\/04\/13887015162_8fa0caf80e_z.jpg","type":"image\/jpeg"}],"author":"La Ruta de la Sal","twitter_card":"summary_large_image","twitter_creator":"@AnamMedi","twitter_site":"@AnamMedi","twitter_misc":{"Escrito por":"La Ruta de la Sal","Tiempo de lectura":"4 minutos"},"schema":{"@context":"https:\/\/schema.org","@graph":[{"@type":"WebPage","@id":"https:\/\/labs.100x100.net\/projects\/rutasal\/1684\/","url":"https:\/\/labs.100x100.net\/projects\/rutasal\/1684\/","name":"ZARPA LA VERSI\u00d3N NORTE DE LA RUTA DE LA SAL 2014 | Regata La Ruta de la Sal","isPartOf":{"@id":"https:\/\/labs.100x100.net\/projects\/rutasal\/#website"},"primaryImageOfPage":{"@id":"https:\/\/labs.100x100.net\/projects\/rutasal\/1684\/#primaryimage"},"image":{"@id":"https:\/\/labs.100x100.net\/projects\/rutasal\/1684\/#primaryimage"},"thumbnailUrl":"https:\/\/labs.100x100.net\/projects\/rutasal\/custom\/uploads\/2014\/04\/13887015162_8fa0caf80e_z.jpg","datePublished":"2014-04-17T11:48:22+00:00","dateModified":"2019-03-08T12:19:36+00:00","author":{"@id":"https:\/\/labs.100x100.net\/projects\/rutasal\/#\/schema\/person\/214eeb4a2e78fd8373a0a94f6d93c9ca"},"breadcrumb":{"@id":"https:\/\/labs.100x100.net\/projects\/rutasal\/1684\/#breadcrumb"},"inLanguage":"es","potentialAction":[{"@type":"ReadAction","target":["https:\/\/labs.100x100.net\/projects\/rutasal\/1684\/"]}]},{"@type":"ImageObject","inLanguage":"es","@id":"https:\/\/labs.100x100.net\/projects\/rutasal\/1684\/#primaryimage","url":"https:\/\/labs.100x100.net\/projects\/rutasal\/custom\/uploads\/2014\/04\/13887015162_8fa0caf80e_z.jpg","contentUrl":"https:\/\/labs.100x100.net\/projects\/rutasal\/custom\/uploads\/2014\/04\/13887015162_8fa0caf80e_z.jpg","width":640,"height":451},{"@type":"BreadcrumbList","@id":"https:\/\/labs.100x100.net\/projects\/rutasal\/1684\/#breadcrumb","itemListElement":[{"@type":"ListItem","position":1,"name":"Portada","item":"https:\/\/labs.100x100.net\/projects\/rutasal\/"},{"@type":"ListItem","position":2,"name":"ZARPA LA VERSI\u00d3N NORTE DE LA RUTA DE LA SAL 2014"}]},{"@type":"WebSite","@id":"https:\/\/labs.100x100.net\/projects\/rutasal\/#website","url":"https:\/\/labs.100x100.net\/projects\/rutasal\/","name":"Regata La Ruta de la Sal","description":"Regata La Ruta de la Sal es una regata de Altura Mediterr\u00e1nea para barcos de crucero a vela con destino en Ibiza, que se disputa anualmente en Semana Santa.","potentialAction":[{"@type":"SearchAction","target":{"@type":"EntryPoint","urlTemplate":"https:\/\/labs.100x100.net\/projects\/rutasal\/?s={search_term_string}"},"query-input":"required name=search_term_string"}],"inLanguage":"es"},{"@type":"Person","@id":"https:\/\/labs.100x100.net\/projects\/rutasal\/#\/schema\/person\/214eeb4a2e78fd8373a0a94f6d93c9ca","name":"La Ruta de la Sal","image":{"@type":"ImageObject","inLanguage":"es","@id":"https:\/\/labs.100x100.net\/projects\/rutasal\/#\/schema\/person\/image\/","url":"https:\/\/secure.gravatar.com\/avatar\/b247286d4b801d6b1cfcfb3807587284?s=96&d=mm&r=g","contentUrl":"https:\/\/secure.gravatar.com\/avatar\/b247286d4b801d6b1cfcfb3807587284?s=96&d=mm&r=g","caption":"La Ruta de la Sal"}}]}},"_links":{"self":[{"href":"https:\/\/labs.100x100.net\/projects\/rutasal\/wp-json\/wp\/v2\/posts\/1684"}],"collection":[{"href":"https:\/\/labs.100x100.net\/projects\/rutasal\/wp-json\/wp\/v2\/posts"}],"about":[{"href":"https:\/\/labs.100x100.net\/projects\/rutasal\/wp-json\/wp\/v2\/types\/post"}],"author":[{"embeddable":true,"href":"https:\/\/labs.100x100.net\/projects\/rutasal\/wp-json\/wp\/v2\/users\/1"}],"replies":[{"embeddable":true,"href":"https:\/\/labs.100x100.net\/projects\/rutasal\/wp-json\/wp\/v2\/comments?post=1684"}],"version-history":[{"count":1,"href":"https:\/\/labs.100x100.net\/projects\/rutasal\/wp-json\/wp\/v2\/posts\/1684\/revisions"}],"predecessor-version":[{"id":3761,"href":"https:\/\/labs.100x100.net\/projects\/rutasal\/wp-json\/wp\/v2\/posts\/1684\/revisions\/3761"}],"wp:featuredmedia":[{"embeddable":true,"href":"https:\/\/labs.100x100.net\/projects\/rutasal\/wp-json\/wp\/v2\/media\/3760"}],"wp:attachment":[{"href":"https:\/\/labs.100x100.net\/projects\/rutasal\/wp-json\/wp\/v2\/media?parent=1684"}],"wp:term":[{"taxonomy":"category","embeddable":true,"href":"https:\/\/labs.100x100.net\/projects\/rutasal\/wp-json\/wp\/v2\/categories?post=1684"},{"taxonomy":"post_tag","embeddable":true,"href":"https:\/\/labs.100x100.net\/projects\/rutasal\/wp-json\/wp\/v2\/tags?post=1684"}],"curies":[{"name":"wp","href":"https:\/\/api.w.org\/{rel}","templated":true}]}}