{"id":1678,"date":"2014-04-16T12:15:28","date_gmt":"2014-04-16T12:15:28","guid":{"rendered":"https:\/\/larutadelasal.com\/?p=1678"},"modified":"2019-03-14T11:40:23","modified_gmt":"2019-03-14T09:40:23","slug":"regata-de-le-altura-la-ruta-de-la-sal-2014","status":"publish","type":"post","link":"https:\/\/labs.100x100.net\/projects\/rutasal\/regata-de-le-altura-la-ruta-de-la-sal-2014\/","title":{"rendered":"Regata de le Altura La Ruta de la Sal 2014"},"content":{"rendered":"<h1 style=\"text-align: center;\">Regata de Altura<br \/>\nLa Ruta de La Sal 2014<\/h1>\n<p><strong>-. Ma\u00f1ana comienza la Regata de Altura de La Ruta de La Sal.<\/strong><\/p>\n<p><strong>-.Se superaron las previsiones;<br \/>\n160 inscritos en La Sal 2014.<\/strong><\/p>\n<p><strong>-. La metereolog\u00eda adelanta una regata muy t\u00e1ctica de gran valor deportivo.<\/strong><\/p>\n<p><strong>-.Los desaf\u00edos m\u00e1s r\u00e1pidos de 2013, defender\u00e1n sus t\u00edtulos ante rivales muy competitivos.<\/strong><\/p>\n<p style=\"text-align: center;\"><strong><a title=\"_AFB5026\" href=\"http:\/\/www.flickr.com\/photos\/circuitoanam\/8597934858\/\"><img loading=\"lazy\" decoding=\"async\" class=\"aligncenter\" src=\"http:\/\/farm9.staticflickr.com\/8376\/8597934858_df72df3452.jpg\" alt=\"_AFB5026\" width=\"600\" height=\"458\" \/><\/a> <\/strong><\/p>\n<p style=\"text-align: justify;\">Ma\u00f1ana, 17 de abril, \u00a0Jueves Santo, \u00a0 El Jueves Santo, comenzara la 27 edici\u00f3n de la Regata de Altura de la Ruta de la Sal. con salidas desde Port Ginesta en Barcelona para la Versi\u00f3n Norte de la regata y desde Denia para Versi\u00f3n Este, con llegada, en ambos casos, en Sant Antoni de Portmany en Ibiza.<\/p>\n<p style=\"text-align: justify;\">Con 160 \u00a0embarcaciones inscritas, superando las previsiones m\u00e1s optimistas, tambi\u00e9n, \u00a0claramente, los \u00edndices de participantes del 2013; \u00a0La Sal 2014 se consolida, un a\u00f1o m\u00e1s, como la regata de altura con m\u00e1s barcos en \u00a0competici\u00f3n de todo el Mediterr\u00e1neo.<\/p>\n<p style=\"text-align: justify;\">En la versi\u00f3n Norte competir\u00e1n 74 \u00a0embarcaciones tripuladas por unos 440 regatistas. La flota incluir\u00e1 a una potente representaci\u00f3n equipos de los litorales catalanes. Unos \u00a032 \u00a0clubes n\u00e1uticos, marinas y asociaciones deportivas representadas. \u00a0Una sensible entrada de barcos de las Islas Baleares, en este caso con tripulaciones de Mallorca, Menorca e Ibiza y, finalmente, \u00a020 embarcaciones extranjeras, con pabellones de Rusia, Italia, B\u00e9lgica, Holanda, Alemania, Inglaterra y, muy especialmente Francia que entra en la competici\u00f3n con m\u00e1s de 9 desaf\u00edos. Confirmando, de alguna manera, una internacionalidad que cada a\u00f1o se hace m\u00e1s evidente, en la que entran en juego tanto equipos extranjeros formados por \u00a0residentes comunitarios con embarcaciones con base en puertos espa\u00f1oles del mediterr\u00e1neo occidental. Como equipos que se trasladan desde sus pa\u00edses de origen para tomar parte en La Sal, caso de la totalidad de los barcos franceses que, en su mayor\u00eda provienen de puertos de las costas Mediterr\u00e1neas del Languedoc-Rosell\u00f3n y Provenza-Costa Azul.<\/p>\n<p style=\"text-align: center;\"><a title=\"_AFB4668\" href=\"http:\/\/www.flickr.com\/photos\/circuitoanam\/8597945444\/\"><img loading=\"lazy\" decoding=\"async\" class=\"aligncenter\" src=\"http:\/\/farm9.staticflickr.com\/8374\/8597945444_704fb9c1a4.jpg\" alt=\"_AFB4668\" width=\"600\" height=\"458\" \/><\/a><\/p>\n<p style=\"text-align: justify;\">La Versi\u00f3n Este con 86 veleros tripulados por unos 520 regatistas inscritos, \u00a0 re\u00fane a flotas procedentes de unos 28 Clubes N\u00e1uticos y Marinas, con entradas espec\u00edficas \u00a0de equipos con base en las costas Atl\u00e1nticas, Andaluzas y Levantinas y de aguas interiores. Tambi\u00e9n una magnifica lista de inscritos procedentes de las Baleares; mas de 18 veleros. Concretamente de Ibiza y Palma de Mallorca. \u00a0La flota extranjera alineara a unos 7 \u00a0desaf\u00edos con pabellones de Luxemburgo, Reino Unido, Irlanda, Francia y Suiza.<br \/>\nLa salida de la Versi\u00f3n Norte de La Sal \u00a0prevista para ma\u00f1ana, 17 de abril a las 09:00h desde el CM Port Ginesta, en Barcelona, \u00a0se competir\u00e1 sobre un recorrido de 140 millas con rumbo directo hasta el CN Sant Antoni de Portmany en Ibiza. La Versi\u00f3n Este que partir\u00e1 ma\u00f1ana, Jueves Santo, a las 14:00 h \u00a0desde el RCN N\u00e1utico de Denia, se ver\u00e1 obligada a cubrir un circuito de 120 millas que implicara tomar Formentera por babor, la Isla de Tagomago y, navegando por la costa norte de Ibiza, llegar hasta Sant Antoni.. La llegada, en ambos casos, en Cab Negret, a unas dos millas al norte del puerto de Sant Antoni.<\/p>\n<p style=\"text-align: justify;\">La meteorol\u00f3gica adelanta, en el Mar Balear, unos panoramas \u00f3ptimos para la navegaci\u00f3n, en los que van a predominar durante las pr\u00f3ximas 48 horas, pr\u00e1cticamente hasta el medio d\u00eda del s\u00e1bado 19 de abril, vientos de componente Sur de fuerza 2-4 que, durante la madrugada del d\u00eda 18 bajaran muy sensiblemente. A partir del d\u00eda 19 se entablaran vientos del Oeste que podr\u00e1n llegar a fuerza 4 con rachas de hasta 37 nudos. Temperaturas, en general, altas. Cielos parcialmente cubiertos, con tendencia a despejados. Posibilidad de alg\u00fan ligero chubasco. Las ventajas de navegar en horario de verano a finales de abril. En definitiva, salvo cambios de \u00faltima hora, &#8211; posibles, pero no probables, \u00a0en esta \u00e9poca del a\u00f1o &#8211; unos escenarios particularmente estables, muy homog\u00e9neos en todas las \u00e1reas donde se va a disputar la competici\u00f3n que, normalmente, ser\u00e1 \u00a0muy t\u00e1ctica y relativamente r\u00e1pida, ya que, en especial para los barcos de la Versi\u00f3n Norte, los vientos ser\u00e1n de proa. Una larga ce\u00f1ida hasta Ibiza. Mientras que la flota de Denia podr\u00e1 sacar ventaja, en velocidad, \u00a0de los vientos portantes del S\/SE d\u00e9 hasta fuerza 4 que se anuncian para los d\u00edas 17 y 18 de abril.<\/p>\n<p style=\"text-align: center;\"><a title=\"_AFB4656\" href=\"http:\/\/www.flickr.com\/photos\/circuitoanam\/8597945840\/\"><img loading=\"lazy\" decoding=\"async\" class=\"aligncenter\" src=\"http:\/\/farm9.staticflickr.com\/8526\/8597945840_ed09490c9b.jpg\" alt=\"_AFB4656\" width=\"640\" height=\"458\" \/><\/a><\/p>\n<p style=\"text-align: justify;\">En la Versi\u00f3n Norte, bajo aspectos deportivos, hay que contar con barcos como el Baltic 52 del CN del Arenal \u00abTrick\u00bb de Joan Lozano,subcampeon en la edici\u00f3n \u00a0del 2013; el Swam 56 \u00bb Clem\u00bb de Amanda Hatley, \u00a0tercero en la general del 2013 y ganador en Tiempo Real \u00a0con un registro de 21 h,18 m y 19 s, ganador absoluto en la Versi\u00f3n Norte de La Sal del 2009 y 2010 a\u00f1o en que fue el mas r\u00e1pido en tiempo real. &#8211; 21 h, 16 m.- .Tambi\u00e9n con el velero alem\u00e1n \u00abCaro\u00bb de Maximilian Klink, un Judel\/Vrolijk 50 \u00a0que acumula tres importantes victorias en la Versi\u00f3n Norte de Ruta de La Sal; En el 2007, fue vencedor absoluto en tiempo real y compensado, lo que le convirti\u00f3 en el primer barco extranjero que lograba vencer en la regata. En el 2011, \u00abCaro\u00bb fue el mas r\u00e1pido en cubrir las 140 millas desde Port Ginesta hasta San Antoni de Portamny \u00a0con un registro, de tan solo 13 horas, 18 minutos y 54 segundos. Acreditando una velocidad media durante toda traves\u00eda superior a los 10,70 nudos. Estableciendo un record para esta \u00a0singladura que, normalmente, ser\u00e1 muy dif\u00edcil de superar; un desafi\u00f3 extremadamente competitivo que este a\u00f1o tratar\u00e1 de volver a subir al podio. Finalmente y, entre otros, \u00a0el Sigma 38 \u00abAcrobat\u00bb de Amador Magranet del RCN del Puerto de Pollensa o, el OPEN 60 \u00a0\u00abMirabo\u00bb de la Fundaci\u00f3n Barcelona World Race, un velero de alta competici\u00f3n oce\u00e1nica que se dibuja como un candidato, muy a tener en cuenta de cara al tiempo real.<\/p>\n<p style=\"text-align: justify;\">El J92S \u00abCaf\u00e9 del Mar\u00bb de Juan Carlos Sanchis ganador de la cita del 2013 con un tiempo de 18 h, 02 m, 27 s, ser\u00e1 el barco a batir en una Version Este de La Sal 2014, donde compiten muchos equipos con posibilidades de podium; entre ellos los Fortunas 9 \u00abAivis\u00bb de Manuel Guash y \u00abPosidonia Uno\u00bb de Ram\u00f3n Balanzant, \u00a0ambos del RCN de Ibiza, el primero ganador de la Versi\u00f3n Este de La Sal en el 2009 y de Versi\u00f3n Norte en el 2012. El segundo de la Versi\u00f3n Este en el 2012. Sin olvidar al \u00abEspace Ibiza\u00bb de Jos\u00e9 Rosello Tur, tambi\u00e9n del RCN de Ibiza, ganador de la Versi\u00f3n Este de la regata en el 2011. Tambi\u00e9n en la salida desde Denia habr\u00e1 que valorar las posibilidades de equipos como el \u00abKoyama\u00bb un XP 400 de I\u00f1aki Casta\u00f1er de Marina Port Adriano, o el X65S de Jos\u00e9 Fabre \u00ab2 Much\u00bb. Entre otros.<\/p>\n<p style=\"text-align: center;\"><a title=\"_AFB5213\" href=\"http:\/\/www.flickr.com\/photos\/circuitoanam\/8602901718\/\"><img loading=\"lazy\" decoding=\"async\" class=\"aligncenter\" src=\"http:\/\/farm9.staticflickr.com\/8398\/8602901718_de77de8fa9.jpg\" alt=\"_AFB5213\" width=\"640\" height=\"458\" \/><\/a><\/p>\n","protected":false},"excerpt":{"rendered":"<p>Regata de Altura La Ruta de La Sal 2014 -. Ma\u00f1ana comienza la Regata de Altura de La Ruta de La Sal. -.Se superaron las previsiones; 160 inscritos en La Sal 2014. -. La metereolog\u00eda adelanta una regata muy t\u00e1ctica de gran valor deportivo. -.Los desaf\u00edos m\u00e1s r\u00e1pidos de 2013, defender\u00e1n sus t\u00edtulos ante rivales [&hellip;]<\/p>\n","protected":false},"author":1,"featured_media":3830,"comment_status":"open","ping_status":"open","sticky":false,"template":"","format":"standard","meta":{"_acf_changed":false,"footnotes":""},"categories":[3],"tags":[],"acf":[],"yoast_head":"<!-- This site is optimized with the Yoast SEO plugin v23.0 - https:\/\/yoast.com\/wordpress\/plugins\/seo\/ -->\n<title>Regata de le Altura La Ruta de la Sal 2014 | Regata La Ruta de la Sal<\/title>\n<meta name=\"robots\" content=\"noindex, follow, max-snippet:-1, max-image-preview:large, max-video-preview:-1\" \/>\n<meta property=\"og:locale\" content=\"es_ES\" \/>\n<meta property=\"og:type\" content=\"article\" \/>\n<meta property=\"og:title\" content=\"Regata de le Altura La Ruta de la Sal 2014 | Regata La Ruta de la Sal\" \/>\n<meta property=\"og:description\" content=\"Regata de Altura La Ruta de La Sal 2014 -. Ma\u00f1ana comienza la Regata de Altura de La Ruta de La Sal. -.Se superaron las previsiones; 160 inscritos en La Sal 2014. -. La metereolog\u00eda adelanta una regata muy t\u00e1ctica de gran valor deportivo. -.Los desaf\u00edos m\u00e1s r\u00e1pidos de 2013, defender\u00e1n sus t\u00edtulos ante rivales [&hellip;]\" \/>\n<meta property=\"og:url\" content=\"https:\/\/labs.100x100.net\/projects\/rutasal\/regata-de-le-altura-la-ruta-de-la-sal-2014\/\" \/>\n<meta property=\"og:site_name\" content=\"Regata La Ruta de la Sal\" \/>\n<meta property=\"article:publisher\" content=\"https:\/\/www.facebook.com\/rutadelasal\/\" \/>\n<meta property=\"article:published_time\" content=\"2014-04-16T12:15:28+00:00\" \/>\n<meta property=\"article:modified_time\" content=\"2019-03-14T09:40:23+00:00\" \/>\n<meta property=\"og:image\" content=\"https:\/\/labs.100x100.net\/projects\/rutasal\/custom\/uploads\/2014\/04\/8602901718_de77de8fa9.jpg\" \/>\n\t<meta property=\"og:image:width\" content=\"500\" \/>\n\t<meta property=\"og:image:height\" content=\"348\" \/>\n\t<meta property=\"og:image:type\" content=\"image\/jpeg\" \/>\n<meta name=\"author\" content=\"La Ruta de la Sal\" \/>\n<meta name=\"twitter:card\" content=\"summary_large_image\" \/>\n<meta name=\"twitter:creator\" content=\"@AnamMedi\" \/>\n<meta name=\"twitter:site\" content=\"@AnamMedi\" \/>\n<meta name=\"twitter:label1\" content=\"Escrito por\" \/>\n\t<meta name=\"twitter:data1\" content=\"La Ruta de la Sal\" \/>\n\t<meta name=\"twitter:label2\" content=\"Tiempo de lectura\" \/>\n\t<meta name=\"twitter:data2\" content=\"6 minutos\" \/>\n<script type=\"application\/ld+json\" class=\"yoast-schema-graph\">{\"@context\":\"https:\/\/schema.org\",\"@graph\":[{\"@type\":\"WebPage\",\"@id\":\"https:\/\/labs.100x100.net\/projects\/rutasal\/regata-de-le-altura-la-ruta-de-la-sal-2014\/\",\"url\":\"https:\/\/labs.100x100.net\/projects\/rutasal\/regata-de-le-altura-la-ruta-de-la-sal-2014\/\",\"name\":\"Regata de le Altura La Ruta de la Sal 2014 | Regata La Ruta de la Sal\",\"isPartOf\":{\"@id\":\"https:\/\/labs.100x100.net\/projects\/rutasal\/#website\"},\"primaryImageOfPage\":{\"@id\":\"https:\/\/labs.100x100.net\/projects\/rutasal\/regata-de-le-altura-la-ruta-de-la-sal-2014\/#primaryimage\"},\"image\":{\"@id\":\"https:\/\/labs.100x100.net\/projects\/rutasal\/regata-de-le-altura-la-ruta-de-la-sal-2014\/#primaryimage\"},\"thumbnailUrl\":\"https:\/\/labs.100x100.net\/projects\/rutasal\/custom\/uploads\/2014\/04\/8602901718_de77de8fa9.jpg\",\"datePublished\":\"2014-04-16T12:15:28+00:00\",\"dateModified\":\"2019-03-14T09:40:23+00:00\",\"author\":{\"@id\":\"https:\/\/labs.100x100.net\/projects\/rutasal\/#\/schema\/person\/214eeb4a2e78fd8373a0a94f6d93c9ca\"},\"breadcrumb\":{\"@id\":\"https:\/\/labs.100x100.net\/projects\/rutasal\/regata-de-le-altura-la-ruta-de-la-sal-2014\/#breadcrumb\"},\"inLanguage\":\"es\",\"potentialAction\":[{\"@type\":\"ReadAction\",\"target\":[\"https:\/\/labs.100x100.net\/projects\/rutasal\/regata-de-le-altura-la-ruta-de-la-sal-2014\/\"]}]},{\"@type\":\"ImageObject\",\"inLanguage\":\"es\",\"@id\":\"https:\/\/labs.100x100.net\/projects\/rutasal\/regata-de-le-altura-la-ruta-de-la-sal-2014\/#primaryimage\",\"url\":\"https:\/\/labs.100x100.net\/projects\/rutasal\/custom\/uploads\/2014\/04\/8602901718_de77de8fa9.jpg\",\"contentUrl\":\"https:\/\/labs.100x100.net\/projects\/rutasal\/custom\/uploads\/2014\/04\/8602901718_de77de8fa9.jpg\",\"width\":500,\"height\":348},{\"@type\":\"BreadcrumbList\",\"@id\":\"https:\/\/labs.100x100.net\/projects\/rutasal\/regata-de-le-altura-la-ruta-de-la-sal-2014\/#breadcrumb\",\"itemListElement\":[{\"@type\":\"ListItem\",\"position\":1,\"name\":\"Portada\",\"item\":\"https:\/\/labs.100x100.net\/projects\/rutasal\/\"},{\"@type\":\"ListItem\",\"position\":2,\"name\":\"Regata de le Altura La Ruta de la Sal 2014\"}]},{\"@type\":\"WebSite\",\"@id\":\"https:\/\/labs.100x100.net\/projects\/rutasal\/#website\",\"url\":\"https:\/\/labs.100x100.net\/projects\/rutasal\/\",\"name\":\"Regata La Ruta de la Sal\",\"description\":\"Regata La Ruta de la Sal es una regata de Altura Mediterr\u00e1nea para barcos de crucero a vela con destino en Ibiza, que se disputa anualmente en Semana Santa.\",\"potentialAction\":[{\"@type\":\"SearchAction\",\"target\":{\"@type\":\"EntryPoint\",\"urlTemplate\":\"https:\/\/labs.100x100.net\/projects\/rutasal\/?s={search_term_string}\"},\"query-input\":\"required name=search_term_string\"}],\"inLanguage\":\"es\"},{\"@type\":\"Person\",\"@id\":\"https:\/\/labs.100x100.net\/projects\/rutasal\/#\/schema\/person\/214eeb4a2e78fd8373a0a94f6d93c9ca\",\"name\":\"La Ruta de la Sal\",\"image\":{\"@type\":\"ImageObject\",\"inLanguage\":\"es\",\"@id\":\"https:\/\/labs.100x100.net\/projects\/rutasal\/#\/schema\/person\/image\/\",\"url\":\"https:\/\/secure.gravatar.com\/avatar\/b247286d4b801d6b1cfcfb3807587284?s=96&d=mm&r=g\",\"contentUrl\":\"https:\/\/secure.gravatar.com\/avatar\/b247286d4b801d6b1cfcfb3807587284?s=96&d=mm&r=g\",\"caption\":\"La Ruta de la Sal\"}}]}<\/script>\n<!-- \/ Yoast SEO plugin. -->","yoast_head_json":{"title":"Regata de le Altura La Ruta de la Sal 2014 | Regata La Ruta de la Sal","robots":{"index":"noindex","follow":"follow","max-snippet":"max-snippet:-1","max-image-preview":"max-image-preview:large","max-video-preview":"max-video-preview:-1"},"og_locale":"es_ES","og_type":"article","og_title":"Regata de le Altura La Ruta de la Sal 2014 | Regata La Ruta de la Sal","og_description":"Regata de Altura La Ruta de La Sal 2014 -. Ma\u00f1ana comienza la Regata de Altura de La Ruta de La Sal. -.Se superaron las previsiones; 160 inscritos en La Sal 2014. -. La metereolog\u00eda adelanta una regata muy t\u00e1ctica de gran valor deportivo. -.Los desaf\u00edos m\u00e1s r\u00e1pidos de 2013, defender\u00e1n sus t\u00edtulos ante rivales [&hellip;]","og_url":"https:\/\/labs.100x100.net\/projects\/rutasal\/regata-de-le-altura-la-ruta-de-la-sal-2014\/","og_site_name":"Regata La Ruta de la Sal","article_publisher":"https:\/\/www.facebook.com\/rutadelasal\/","article_published_time":"2014-04-16T12:15:28+00:00","article_modified_time":"2019-03-14T09:40:23+00:00","og_image":[{"width":500,"height":348,"url":"https:\/\/labs.100x100.net\/projects\/rutasal\/custom\/uploads\/2014\/04\/8602901718_de77de8fa9.jpg","type":"image\/jpeg"}],"author":"La Ruta de la Sal","twitter_card":"summary_large_image","twitter_creator":"@AnamMedi","twitter_site":"@AnamMedi","twitter_misc":{"Escrito por":"La Ruta de la Sal","Tiempo de lectura":"6 minutos"},"schema":{"@context":"https:\/\/schema.org","@graph":[{"@type":"WebPage","@id":"https:\/\/labs.100x100.net\/projects\/rutasal\/regata-de-le-altura-la-ruta-de-la-sal-2014\/","url":"https:\/\/labs.100x100.net\/projects\/rutasal\/regata-de-le-altura-la-ruta-de-la-sal-2014\/","name":"Regata de le Altura La Ruta de la Sal 2014 | Regata La Ruta de la Sal","isPartOf":{"@id":"https:\/\/labs.100x100.net\/projects\/rutasal\/#website"},"primaryImageOfPage":{"@id":"https:\/\/labs.100x100.net\/projects\/rutasal\/regata-de-le-altura-la-ruta-de-la-sal-2014\/#primaryimage"},"image":{"@id":"https:\/\/labs.100x100.net\/projects\/rutasal\/regata-de-le-altura-la-ruta-de-la-sal-2014\/#primaryimage"},"thumbnailUrl":"https:\/\/labs.100x100.net\/projects\/rutasal\/custom\/uploads\/2014\/04\/8602901718_de77de8fa9.jpg","datePublished":"2014-04-16T12:15:28+00:00","dateModified":"2019-03-14T09:40:23+00:00","author":{"@id":"https:\/\/labs.100x100.net\/projects\/rutasal\/#\/schema\/person\/214eeb4a2e78fd8373a0a94f6d93c9ca"},"breadcrumb":{"@id":"https:\/\/labs.100x100.net\/projects\/rutasal\/regata-de-le-altura-la-ruta-de-la-sal-2014\/#breadcrumb"},"inLanguage":"es","potentialAction":[{"@type":"ReadAction","target":["https:\/\/labs.100x100.net\/projects\/rutasal\/regata-de-le-altura-la-ruta-de-la-sal-2014\/"]}]},{"@type":"ImageObject","inLanguage":"es","@id":"https:\/\/labs.100x100.net\/projects\/rutasal\/regata-de-le-altura-la-ruta-de-la-sal-2014\/#primaryimage","url":"https:\/\/labs.100x100.net\/projects\/rutasal\/custom\/uploads\/2014\/04\/8602901718_de77de8fa9.jpg","contentUrl":"https:\/\/labs.100x100.net\/projects\/rutasal\/custom\/uploads\/2014\/04\/8602901718_de77de8fa9.jpg","width":500,"height":348},{"@type":"BreadcrumbList","@id":"https:\/\/labs.100x100.net\/projects\/rutasal\/regata-de-le-altura-la-ruta-de-la-sal-2014\/#breadcrumb","itemListElement":[{"@type":"ListItem","position":1,"name":"Portada","item":"https:\/\/labs.100x100.net\/projects\/rutasal\/"},{"@type":"ListItem","position":2,"name":"Regata de le Altura La Ruta de la Sal 2014"}]},{"@type":"WebSite","@id":"https:\/\/labs.100x100.net\/projects\/rutasal\/#website","url":"https:\/\/labs.100x100.net\/projects\/rutasal\/","name":"Regata La Ruta de la Sal","description":"Regata La Ruta de la Sal es una regata de Altura Mediterr\u00e1nea para barcos de crucero a vela con destino en Ibiza, que se disputa anualmente en Semana Santa.","potentialAction":[{"@type":"SearchAction","target":{"@type":"EntryPoint","urlTemplate":"https:\/\/labs.100x100.net\/projects\/rutasal\/?s={search_term_string}"},"query-input":"required name=search_term_string"}],"inLanguage":"es"},{"@type":"Person","@id":"https:\/\/labs.100x100.net\/projects\/rutasal\/#\/schema\/person\/214eeb4a2e78fd8373a0a94f6d93c9ca","name":"La Ruta de la Sal","image":{"@type":"ImageObject","inLanguage":"es","@id":"https:\/\/labs.100x100.net\/projects\/rutasal\/#\/schema\/person\/image\/","url":"https:\/\/secure.gravatar.com\/avatar\/b247286d4b801d6b1cfcfb3807587284?s=96&d=mm&r=g","contentUrl":"https:\/\/secure.gravatar.com\/avatar\/b247286d4b801d6b1cfcfb3807587284?s=96&d=mm&r=g","caption":"La Ruta de la Sal"}}]}},"_links":{"self":[{"href":"https:\/\/labs.100x100.net\/projects\/rutasal\/wp-json\/wp\/v2\/posts\/1678"}],"collection":[{"href":"https:\/\/labs.100x100.net\/projects\/rutasal\/wp-json\/wp\/v2\/posts"}],"about":[{"href":"https:\/\/labs.100x100.net\/projects\/rutasal\/wp-json\/wp\/v2\/types\/post"}],"author":[{"embeddable":true,"href":"https:\/\/labs.100x100.net\/projects\/rutasal\/wp-json\/wp\/v2\/users\/1"}],"replies":[{"embeddable":true,"href":"https:\/\/labs.100x100.net\/projects\/rutasal\/wp-json\/wp\/v2\/comments?post=1678"}],"version-history":[{"count":1,"href":"https:\/\/labs.100x100.net\/projects\/rutasal\/wp-json\/wp\/v2\/posts\/1678\/revisions"}],"predecessor-version":[{"id":3831,"href":"https:\/\/labs.100x100.net\/projects\/rutasal\/wp-json\/wp\/v2\/posts\/1678\/revisions\/3831"}],"wp:featuredmedia":[{"embeddable":true,"href":"https:\/\/labs.100x100.net\/projects\/rutasal\/wp-json\/wp\/v2\/media\/3830"}],"wp:attachment":[{"href":"https:\/\/labs.100x100.net\/projects\/rutasal\/wp-json\/wp\/v2\/media?parent=1678"}],"wp:term":[{"taxonomy":"category","embeddable":true,"href":"https:\/\/labs.100x100.net\/projects\/rutasal\/wp-json\/wp\/v2\/categories?post=1678"},{"taxonomy":"post_tag","embeddable":true,"href":"https:\/\/labs.100x100.net\/projects\/rutasal\/wp-json\/wp\/v2\/tags?post=1678"}],"curies":[{"name":"wp","href":"https:\/\/api.w.org\/{rel}","templated":true}]}}