{"id":1640,"date":"2014-04-03T09:02:36","date_gmt":"2014-04-03T09:02:36","guid":{"rendered":"https:\/\/larutadelasal.com\/?p=1640"},"modified":"2019-03-08T14:21:08","modified_gmt":"2019-03-08T12:21:08","slug":"cita-de-campeones-de-la-ruta-de-la-sal","status":"publish","type":"post","link":"https:\/\/labs.100x100.net\/projects\/rutasal\/cita-de-campeones-de-la-ruta-de-la-sal\/","title":{"rendered":"Cita de Campeones de La Ruta de la Sal"},"content":{"rendered":"<h1 style=\"text-align: justify;\">Regata de Altura<br \/>\nLa Ruta de La Sal 2014<\/h1>\n<p style=\"text-align: justify;\"><strong>\u201cCita de Campeones\u201d.<\/strong><\/p>\n<p style=\"text-align: justify;\"><strong>-.La Ruta de La Sal reunir\u00e1 una flota de gran nivel deportivo.<\/strong><\/p>\n<p style=\"text-align: justify;\"><strong>-.Los desaf\u00edos m\u00e1s r\u00e1pidos de 2013, defender\u00e1n sus t\u00edtulos ante rivales muy competitivos.<\/strong><\/p>\n<p style=\"text-align: justify;\">Cuando falta pocos d\u00edas para el comienzo de la Ruta de La Sal 2014, previsto para el pr\u00f3ximo d\u00eda 17 de abril, Jueves Santo, con salidas desde Port Ginesta en Barcelona para la Versi\u00f3n Norte de la regata y desde Denia para Versi\u00f3n Este, con llegada, en ambos casos, en Sant Antoni de Portmany en Ibiza, las listas provisionales de inscritos, que avanzan que la participaci\u00f3n podr\u00eda llegar a superar la barrera de las 150 embarcaciones, hablan de un gran nivel deportivo, acreditado por una flota en la que se van a incluir algunos de los mejores especialistas del pa\u00eds en la navegaci\u00f3n \u00a0de altura de competici\u00f3n.<\/p>\n<p style=\"text-align: center;\"><a class=\"tt-flickr tt-flickr-Medium\" title=\"26 La Ruta de la Sal 2013 (Trofeo Pepe Ferr\u00e9s) \u00a9 AlfredFarre.com\" href=\"http:\/\/www.flickr.com\/photos\/circuitoanam\/8596755069\/\"><img loading=\"lazy\" decoding=\"async\" class=\"aligncenter\" src=\"http:\/\/farm9.staticflickr.com\/8529\/8596755069_208ec4e3d6.jpg\" alt=\"26 La Ruta de la Sal 2013 (Trofeo Pepe Ferr\u00e9s) \u00a9 AlfredFarre.com\" width=\"600\" height=\"458\" \/><\/a><\/p>\n<p style=\"text-align: justify;\">En la Versi\u00f3n Norte, al no poder llegar a tiempo para defender su titulo del 2013 el Hanse 461 \u00abThe Best Skipper\u00bbde Enrique Curt, por encontrarse en aguas del Caribe tras ganar el Gran Prix de Atl\u00e1ntico 2014, la responsabilidad cae en manos del subcampe\u00f3n de la pasada edici\u00f3n, \u00a0el Baltic 52 del CN del Arenal \u00abTrick\u00bb de Joan Lozano quien, parad\u00f3jicamente volver\u00e1 a tener como rivales m\u00e1s directos al Swan 56 \u00bb Clem\u00bb de Amanda Hatley, \u00a0tercero en la general del 2013 y ganador en Tiempo Real de este recorrido con un registro de 21 h,18 m y 19 s, barco, este ultimo, ganador absoluto en la Versi\u00f3n Norte de La Sal del 2009 y 2010 a\u00f1o en que adem\u00e1s fue el mas r\u00e1pido en tiempo real. &#8211; 21 h, 16 m.- .Tambi\u00e9n al velero alem\u00e1n \u00abCaro\u00bb de Maximilian Klink, un Judel\/Vrolijk 50 \u00a0que acumula tres importantes victorias en la Versi\u00f3n Norte de Ruta de La Sal; En el 2007, fue vencedor absoluto en tiempo real y compensado, lo que le convirti\u00f3 en el primer barco extranjero que lograba vencer en la regata. En el 2011, \u00abCaro\u00bb fue el mas r\u00e1pido en cubrir las 140 millas desde Port Ginesta hasta San Antoni de Portamny \u00a0con un registro, de tan solo 13 horas, 18 minutos y 54 segundos. Acreditando una velocidad media durante toda traves\u00eda superior a los 10,70 nudos. Estableciendo un record para esta \u00a0singladura que, normalmente, ser\u00e1 muy dif\u00edcil de superar; un desafi\u00f3 extremadamente competitivo que este a\u00f1o tratar\u00e1 de volver a subir al podio.<\/p>\n<p style=\"text-align: center;\"><a class=\"tt-flickr tt-flickr-Medium\" title=\"_AFB4654\" href=\"http:\/\/www.flickr.com\/photos\/circuitoanam\/8597946042\/\"><img loading=\"lazy\" decoding=\"async\" class=\"aligncenter\" src=\"http:\/\/farm9.staticflickr.com\/8251\/8597946042_d22a6af452.jpg\" alt=\"_AFB4654\" width=\"600\" height=\"458\" \/><\/a><\/p>\n<p style=\"text-align: justify;\">En la salida desde Port Ginesta participar\u00e1 el \u00a0OPEN 60 \u00a0\u00abMirabaud\u00bb de la Fundaci\u00f3n Barcelona World Race tripulado por estudiantes implicados en el desarrollo de proyectos medioambientales y de energ\u00edas renovables. Tambi\u00e9n un a\u00f1o m\u00e1s el Udondo 40 \u00abAltamar\u00bb de Javier Ramos, quien ostenta el record de ser el barco que ha participado en m\u00e1s ediciones de La Sal; 26 de las 27 disputadas hasta ahora. La inscripci\u00f3n provisional incluye embarcaciones con pabellones de siete nacionalidades, destacando la importante flota de equipos franceses, mas de 10 embarcaciones, en su mayor\u00eda procedentes de puertos de las costas Mediterr\u00e1neas del Languedoc-Rosell\u00f3n y Povenza-Costa Azul.<\/p>\n<p style=\"text-align: justify;\">En la Versi\u00f3n Este el rapid\u00edsimo J92S \u00abCaf\u00e9 del Mar\u00bb de Juan Carlos Sanchis ganador de la cita del 2013 con un tiempo de 18 h, 02 m, 27 s, ser\u00e1 el barco a batir. Un equipo del CM de Sant Antoni de Portmany muy conocedor de las aguas locales que se dibuja como un fuente candidato al triunfo, en un recorrido donde compiten muchos equipos con posibilidades de podium; entre ellos los Fortunas 9 \u00abAivis\u00bb de Manuel Guash y \u00abPosidonia Uno\u00bb de Ram\u00f3n Balanzant, \u00a0ambos del RCN de Ibiza, el primero ganador de la Versi\u00f3n Este de La Sal en el 2009 y de Versi\u00f3n Norte en el 2012. El segundo de la Versi\u00f3n Este en el 2012. Sin olvidar al \u00abEspace Ibiza\u00bb de Jos\u00e9 Rosello Tur, tambi\u00e9n del RCN de Ibiza, ganador de la Versi\u00f3n Este de la regata en el 2011.<\/p>\n<p style=\"text-align: center;\"><a class=\"tt-flickr tt-flickr-Medium\" title=\"_AFB4656\" href=\"http:\/\/www.flickr.com\/photos\/circuitoanam\/8597945840\/\"><img loading=\"lazy\" decoding=\"async\" class=\"aligncenter\" src=\"http:\/\/farm9.staticflickr.com\/8526\/8597945840_ed09490c9b.jpg\" alt=\"_AFB4656\" width=\"600\" height=\"458\" \/><\/a><\/p>\n<p style=\"text-align: justify;\">Tambi\u00e9n en la salida desde Denia habr\u00e1 que valorar las posibilidades de equipos como el \u00abKoyama\u00bb un XP 400 de I\u00f1aki Casta\u00f1er de Marina Port Adriano, o el X65S de Jos\u00e9 Fabre \u00ab2 Much\u00bb. La participaci\u00f3n en este recorrido, del Dufour 40 \u00abMalta Blue\u00bb de Carlos de Benito la Universidad Complutense de Madrid, \u00a0ganador de la Copa Universidad 2013, que compite en La Sal junto unos cinco equipos universitarios m\u00e1s, entre los que saldr\u00e1n los dos candidatos a desafiar al vencedor del 2013, para determinar quien se adjudica la Copa Universidad del 2014.<\/p>\n<p style=\"text-align: justify;\">Como an\u00e9cdota la entrada en competici\u00f3n este a\u00f1o \u00a0del \u201cMonsignore\u00bb embarcaci\u00f3n ganadora en 1992 de una \u00a0in\u00e9dita y \u00fanica \u00a0Versi\u00f3n Sur de La Sal parti\u00f3 de Cartagena \u00a0con final en \u00a0Formentera. En esta largada desde Denia pabellones de seis nacionalidades. Mencionar, por su valor deportivo, la participaci\u00f3n del Delher 101 \u00abPichurri\u00bb de Nacho Rup\u00e9rez que han navegado alrededor de la pen\u00ednsula Ib\u00e9rica, desde el CN de Riaxo en la Coru\u00f1a para participar en la Ruta de La Sal 2014. Toda una muestra de afici\u00f3n.<\/p>\n<p style=\"text-align: center;\"><a class=\"tt-flickr tt-flickr-Medium\" title=\"_AFB4901\" href=\"http:\/\/www.flickr.com\/photos\/circuitoanam\/8596836083\/\"><img loading=\"lazy\" decoding=\"async\" class=\"aligncenter\" src=\"http:\/\/farm9.staticflickr.com\/8095\/8596836083_9424f0a2b0.jpg\" alt=\"_AFB4901\" width=\"600\" height=\"458\" \/><\/a><\/p>\n<p style=\"text-align: justify;\">Bajo aspectos puramente funcionales indicar que la inscripci\u00f3n a La Sal 2014 estar\u00e1 abierta hasta el ultimo momento, cada d\u00eda se apuntan m\u00e1s equipos. Se trata de fomentar la navegaci\u00f3n de altura. Hay que recordar que la Versi\u00f3n Norte de La Sal de 140 millas zarpara el pr\u00f3ximo jueves 17 de abril del 2014 a las 09:00 h desde el CM Port Ginesta con rumbo directo hasta el CN Sant Antoni de Portmany en Ibiza. La Versi\u00f3n Este que partir\u00e1, a las 14:00 h del mismo d\u00eda desde el RC N\u00e1utico de Denia, se vera obligada a cubrir un circuito de 117 millas que implicara tomar Formentera por babor, la Isla de Tagomago y, navegando por la costa norte de Ibiza, llegar hasta Sant Antoni. La llegada, en ambos casos, en Cab Negret, a unas dos millas al norte del puerto de Sant Antoni<\/p>\n<p style=\"text-align: justify;\">El s\u00e1bado 19 de abril a las 12:00 h esta prevista \u00a0la Rueda de Prensa con los ganadores absolutos de La Sal 2014. A las 20:00 h en la Carpa de la Sal tendr\u00e1 lugar el Acto Oficial de Entrega de Trofeos y al finalizar, en las magn\u00edficas y reci\u00e9n inauguradas instalaciones del Restaurante Es N\u00e0utic, del Club N\u00e1utico de Sant Antoni de Portmany, la Cena y Fiesta de clausura de esta 27 edici\u00f3n de La Sal.<\/p>\n","protected":false},"excerpt":{"rendered":"<p>Regata de Altura La Ruta de La Sal 2014 \u201cCita de Campeones\u201d. -.La Ruta de La Sal reunir\u00e1 una flota de gran nivel deportivo. -.Los desaf\u00edos m\u00e1s r\u00e1pidos de 2013, defender\u00e1n sus t\u00edtulos ante rivales muy competitivos. Cuando falta pocos d\u00edas para el comienzo de la Ruta de La Sal 2014, previsto para el pr\u00f3ximo [&hellip;]<\/p>\n","protected":false},"author":1,"featured_media":3762,"comment_status":"open","ping_status":"open","sticky":false,"template":"","format":"standard","meta":{"_acf_changed":false,"footnotes":""},"categories":[3],"tags":[],"acf":[],"yoast_head":"<!-- This site is optimized with the Yoast SEO plugin v23.0 - https:\/\/yoast.com\/wordpress\/plugins\/seo\/ -->\n<title>Cita de Campeones de La Ruta de la Sal | Regata La Ruta de la Sal<\/title>\n<meta name=\"robots\" content=\"noindex, follow, max-snippet:-1, max-image-preview:large, max-video-preview:-1\" \/>\n<meta property=\"og:locale\" content=\"es_ES\" \/>\n<meta property=\"og:type\" content=\"article\" \/>\n<meta property=\"og:title\" content=\"Cita de Campeones de La Ruta de la Sal | Regata La Ruta de la Sal\" \/>\n<meta property=\"og:description\" content=\"Regata de Altura La Ruta de La Sal 2014 \u201cCita de Campeones\u201d. -.La Ruta de La Sal reunir\u00e1 una flota de gran nivel deportivo. -.Los desaf\u00edos m\u00e1s r\u00e1pidos de 2013, defender\u00e1n sus t\u00edtulos ante rivales muy competitivos. Cuando falta pocos d\u00edas para el comienzo de la Ruta de La Sal 2014, previsto para el pr\u00f3ximo [&hellip;]\" \/>\n<meta property=\"og:url\" content=\"https:\/\/labs.100x100.net\/projects\/rutasal\/cita-de-campeones-de-la-ruta-de-la-sal\/\" \/>\n<meta property=\"og:site_name\" content=\"Regata La Ruta de la Sal\" \/>\n<meta property=\"article:publisher\" content=\"https:\/\/www.facebook.com\/rutadelasal\/\" \/>\n<meta property=\"article:published_time\" content=\"2014-04-03T09:02:36+00:00\" \/>\n<meta property=\"article:modified_time\" content=\"2019-03-08T12:21:08+00:00\" \/>\n<meta property=\"og:image\" content=\"https:\/\/labs.100x100.net\/projects\/rutasal\/custom\/uploads\/2014\/04\/8596755069_208ec4e3d6_z.jpg\" \/>\n\t<meta property=\"og:image:width\" content=\"640\" \/>\n\t<meta property=\"og:image:height\" content=\"448\" \/>\n\t<meta property=\"og:image:type\" content=\"image\/jpeg\" \/>\n<meta name=\"author\" content=\"La Ruta de la Sal\" \/>\n<meta name=\"twitter:card\" content=\"summary_large_image\" \/>\n<meta name=\"twitter:creator\" content=\"@AnamMedi\" \/>\n<meta name=\"twitter:site\" content=\"@AnamMedi\" \/>\n<meta name=\"twitter:label1\" content=\"Escrito por\" \/>\n\t<meta name=\"twitter:data1\" content=\"La Ruta de la Sal\" \/>\n\t<meta name=\"twitter:label2\" content=\"Tiempo de lectura\" \/>\n\t<meta name=\"twitter:data2\" content=\"5 minutos\" \/>\n<script type=\"application\/ld+json\" class=\"yoast-schema-graph\">{\"@context\":\"https:\/\/schema.org\",\"@graph\":[{\"@type\":\"WebPage\",\"@id\":\"https:\/\/labs.100x100.net\/projects\/rutasal\/cita-de-campeones-de-la-ruta-de-la-sal\/\",\"url\":\"https:\/\/labs.100x100.net\/projects\/rutasal\/cita-de-campeones-de-la-ruta-de-la-sal\/\",\"name\":\"Cita de Campeones de La Ruta de la Sal | Regata La Ruta de la Sal\",\"isPartOf\":{\"@id\":\"https:\/\/labs.100x100.net\/projects\/rutasal\/#website\"},\"primaryImageOfPage\":{\"@id\":\"https:\/\/labs.100x100.net\/projects\/rutasal\/cita-de-campeones-de-la-ruta-de-la-sal\/#primaryimage\"},\"image\":{\"@id\":\"https:\/\/labs.100x100.net\/projects\/rutasal\/cita-de-campeones-de-la-ruta-de-la-sal\/#primaryimage\"},\"thumbnailUrl\":\"https:\/\/labs.100x100.net\/projects\/rutasal\/custom\/uploads\/2014\/04\/8596755069_208ec4e3d6_z.jpg\",\"datePublished\":\"2014-04-03T09:02:36+00:00\",\"dateModified\":\"2019-03-08T12:21:08+00:00\",\"author\":{\"@id\":\"https:\/\/labs.100x100.net\/projects\/rutasal\/#\/schema\/person\/214eeb4a2e78fd8373a0a94f6d93c9ca\"},\"breadcrumb\":{\"@id\":\"https:\/\/labs.100x100.net\/projects\/rutasal\/cita-de-campeones-de-la-ruta-de-la-sal\/#breadcrumb\"},\"inLanguage\":\"es\",\"potentialAction\":[{\"@type\":\"ReadAction\",\"target\":[\"https:\/\/labs.100x100.net\/projects\/rutasal\/cita-de-campeones-de-la-ruta-de-la-sal\/\"]}]},{\"@type\":\"ImageObject\",\"inLanguage\":\"es\",\"@id\":\"https:\/\/labs.100x100.net\/projects\/rutasal\/cita-de-campeones-de-la-ruta-de-la-sal\/#primaryimage\",\"url\":\"https:\/\/labs.100x100.net\/projects\/rutasal\/custom\/uploads\/2014\/04\/8596755069_208ec4e3d6_z.jpg\",\"contentUrl\":\"https:\/\/labs.100x100.net\/projects\/rutasal\/custom\/uploads\/2014\/04\/8596755069_208ec4e3d6_z.jpg\",\"width\":640,\"height\":448},{\"@type\":\"BreadcrumbList\",\"@id\":\"https:\/\/labs.100x100.net\/projects\/rutasal\/cita-de-campeones-de-la-ruta-de-la-sal\/#breadcrumb\",\"itemListElement\":[{\"@type\":\"ListItem\",\"position\":1,\"name\":\"Portada\",\"item\":\"https:\/\/labs.100x100.net\/projects\/rutasal\/\"},{\"@type\":\"ListItem\",\"position\":2,\"name\":\"Cita de Campeones de La Ruta de la Sal\"}]},{\"@type\":\"WebSite\",\"@id\":\"https:\/\/labs.100x100.net\/projects\/rutasal\/#website\",\"url\":\"https:\/\/labs.100x100.net\/projects\/rutasal\/\",\"name\":\"Regata La Ruta de la Sal\",\"description\":\"Regata La Ruta de la Sal es una regata de Altura Mediterr\u00e1nea para barcos de crucero a vela con destino en Ibiza, que se disputa anualmente en Semana Santa.\",\"potentialAction\":[{\"@type\":\"SearchAction\",\"target\":{\"@type\":\"EntryPoint\",\"urlTemplate\":\"https:\/\/labs.100x100.net\/projects\/rutasal\/?s={search_term_string}\"},\"query-input\":\"required name=search_term_string\"}],\"inLanguage\":\"es\"},{\"@type\":\"Person\",\"@id\":\"https:\/\/labs.100x100.net\/projects\/rutasal\/#\/schema\/person\/214eeb4a2e78fd8373a0a94f6d93c9ca\",\"name\":\"La Ruta de la Sal\",\"image\":{\"@type\":\"ImageObject\",\"inLanguage\":\"es\",\"@id\":\"https:\/\/labs.100x100.net\/projects\/rutasal\/#\/schema\/person\/image\/\",\"url\":\"https:\/\/secure.gravatar.com\/avatar\/b247286d4b801d6b1cfcfb3807587284?s=96&d=mm&r=g\",\"contentUrl\":\"https:\/\/secure.gravatar.com\/avatar\/b247286d4b801d6b1cfcfb3807587284?s=96&d=mm&r=g\",\"caption\":\"La Ruta de la Sal\"}}]}<\/script>\n<!-- \/ Yoast SEO plugin. -->","yoast_head_json":{"title":"Cita de Campeones de La Ruta de la Sal | Regata La Ruta de la Sal","robots":{"index":"noindex","follow":"follow","max-snippet":"max-snippet:-1","max-image-preview":"max-image-preview:large","max-video-preview":"max-video-preview:-1"},"og_locale":"es_ES","og_type":"article","og_title":"Cita de Campeones de La Ruta de la Sal | Regata La Ruta de la Sal","og_description":"Regata de Altura La Ruta de La Sal 2014 \u201cCita de Campeones\u201d. -.La Ruta de La Sal reunir\u00e1 una flota de gran nivel deportivo. -.Los desaf\u00edos m\u00e1s r\u00e1pidos de 2013, defender\u00e1n sus t\u00edtulos ante rivales muy competitivos. Cuando falta pocos d\u00edas para el comienzo de la Ruta de La Sal 2014, previsto para el pr\u00f3ximo [&hellip;]","og_url":"https:\/\/labs.100x100.net\/projects\/rutasal\/cita-de-campeones-de-la-ruta-de-la-sal\/","og_site_name":"Regata La Ruta de la Sal","article_publisher":"https:\/\/www.facebook.com\/rutadelasal\/","article_published_time":"2014-04-03T09:02:36+00:00","article_modified_time":"2019-03-08T12:21:08+00:00","og_image":[{"width":640,"height":448,"url":"https:\/\/labs.100x100.net\/projects\/rutasal\/custom\/uploads\/2014\/04\/8596755069_208ec4e3d6_z.jpg","type":"image\/jpeg"}],"author":"La Ruta de la Sal","twitter_card":"summary_large_image","twitter_creator":"@AnamMedi","twitter_site":"@AnamMedi","twitter_misc":{"Escrito por":"La Ruta de la Sal","Tiempo de lectura":"5 minutos"},"schema":{"@context":"https:\/\/schema.org","@graph":[{"@type":"WebPage","@id":"https:\/\/labs.100x100.net\/projects\/rutasal\/cita-de-campeones-de-la-ruta-de-la-sal\/","url":"https:\/\/labs.100x100.net\/projects\/rutasal\/cita-de-campeones-de-la-ruta-de-la-sal\/","name":"Cita de Campeones de La Ruta de la Sal | Regata La Ruta de la Sal","isPartOf":{"@id":"https:\/\/labs.100x100.net\/projects\/rutasal\/#website"},"primaryImageOfPage":{"@id":"https:\/\/labs.100x100.net\/projects\/rutasal\/cita-de-campeones-de-la-ruta-de-la-sal\/#primaryimage"},"image":{"@id":"https:\/\/labs.100x100.net\/projects\/rutasal\/cita-de-campeones-de-la-ruta-de-la-sal\/#primaryimage"},"thumbnailUrl":"https:\/\/labs.100x100.net\/projects\/rutasal\/custom\/uploads\/2014\/04\/8596755069_208ec4e3d6_z.jpg","datePublished":"2014-04-03T09:02:36+00:00","dateModified":"2019-03-08T12:21:08+00:00","author":{"@id":"https:\/\/labs.100x100.net\/projects\/rutasal\/#\/schema\/person\/214eeb4a2e78fd8373a0a94f6d93c9ca"},"breadcrumb":{"@id":"https:\/\/labs.100x100.net\/projects\/rutasal\/cita-de-campeones-de-la-ruta-de-la-sal\/#breadcrumb"},"inLanguage":"es","potentialAction":[{"@type":"ReadAction","target":["https:\/\/labs.100x100.net\/projects\/rutasal\/cita-de-campeones-de-la-ruta-de-la-sal\/"]}]},{"@type":"ImageObject","inLanguage":"es","@id":"https:\/\/labs.100x100.net\/projects\/rutasal\/cita-de-campeones-de-la-ruta-de-la-sal\/#primaryimage","url":"https:\/\/labs.100x100.net\/projects\/rutasal\/custom\/uploads\/2014\/04\/8596755069_208ec4e3d6_z.jpg","contentUrl":"https:\/\/labs.100x100.net\/projects\/rutasal\/custom\/uploads\/2014\/04\/8596755069_208ec4e3d6_z.jpg","width":640,"height":448},{"@type":"BreadcrumbList","@id":"https:\/\/labs.100x100.net\/projects\/rutasal\/cita-de-campeones-de-la-ruta-de-la-sal\/#breadcrumb","itemListElement":[{"@type":"ListItem","position":1,"name":"Portada","item":"https:\/\/labs.100x100.net\/projects\/rutasal\/"},{"@type":"ListItem","position":2,"name":"Cita de Campeones de La Ruta de la Sal"}]},{"@type":"WebSite","@id":"https:\/\/labs.100x100.net\/projects\/rutasal\/#website","url":"https:\/\/labs.100x100.net\/projects\/rutasal\/","name":"Regata La Ruta de la Sal","description":"Regata La Ruta de la Sal es una regata de Altura Mediterr\u00e1nea para barcos de crucero a vela con destino en Ibiza, que se disputa anualmente en Semana Santa.","potentialAction":[{"@type":"SearchAction","target":{"@type":"EntryPoint","urlTemplate":"https:\/\/labs.100x100.net\/projects\/rutasal\/?s={search_term_string}"},"query-input":"required name=search_term_string"}],"inLanguage":"es"},{"@type":"Person","@id":"https:\/\/labs.100x100.net\/projects\/rutasal\/#\/schema\/person\/214eeb4a2e78fd8373a0a94f6d93c9ca","name":"La Ruta de la Sal","image":{"@type":"ImageObject","inLanguage":"es","@id":"https:\/\/labs.100x100.net\/projects\/rutasal\/#\/schema\/person\/image\/","url":"https:\/\/secure.gravatar.com\/avatar\/b247286d4b801d6b1cfcfb3807587284?s=96&d=mm&r=g","contentUrl":"https:\/\/secure.gravatar.com\/avatar\/b247286d4b801d6b1cfcfb3807587284?s=96&d=mm&r=g","caption":"La Ruta de la Sal"}}]}},"_links":{"self":[{"href":"https:\/\/labs.100x100.net\/projects\/rutasal\/wp-json\/wp\/v2\/posts\/1640"}],"collection":[{"href":"https:\/\/labs.100x100.net\/projects\/rutasal\/wp-json\/wp\/v2\/posts"}],"about":[{"href":"https:\/\/labs.100x100.net\/projects\/rutasal\/wp-json\/wp\/v2\/types\/post"}],"author":[{"embeddable":true,"href":"https:\/\/labs.100x100.net\/projects\/rutasal\/wp-json\/wp\/v2\/users\/1"}],"replies":[{"embeddable":true,"href":"https:\/\/labs.100x100.net\/projects\/rutasal\/wp-json\/wp\/v2\/comments?post=1640"}],"version-history":[{"count":1,"href":"https:\/\/labs.100x100.net\/projects\/rutasal\/wp-json\/wp\/v2\/posts\/1640\/revisions"}],"predecessor-version":[{"id":3763,"href":"https:\/\/labs.100x100.net\/projects\/rutasal\/wp-json\/wp\/v2\/posts\/1640\/revisions\/3763"}],"wp:featuredmedia":[{"embeddable":true,"href":"https:\/\/labs.100x100.net\/projects\/rutasal\/wp-json\/wp\/v2\/media\/3762"}],"wp:attachment":[{"href":"https:\/\/labs.100x100.net\/projects\/rutasal\/wp-json\/wp\/v2\/media?parent=1640"}],"wp:term":[{"taxonomy":"category","embeddable":true,"href":"https:\/\/labs.100x100.net\/projects\/rutasal\/wp-json\/wp\/v2\/categories?post=1640"},{"taxonomy":"post_tag","embeddable":true,"href":"https:\/\/labs.100x100.net\/projects\/rutasal\/wp-json\/wp\/v2\/tags?post=1640"}],"curies":[{"name":"wp","href":"https:\/\/api.w.org\/{rel}","templated":true}]}}