{"id":1593,"date":"2014-03-11T19:12:12","date_gmt":"2014-03-11T19:12:12","guid":{"rendered":"https:\/\/larutadelasal.com\/?p=1593"},"modified":"2019-03-14T11:42:17","modified_gmt":"2019-03-14T09:42:17","slug":"nacho-ruperez-zarpa-desde-galiza-para-participar-en-la-ruta-de-la-sal","status":"publish","type":"post","link":"https:\/\/labs.100x100.net\/projects\/rutasal\/nacho-ruperez-zarpa-desde-galiza-para-participar-en-la-ruta-de-la-sal\/","title":{"rendered":"Nacho Rup\u00e9rez zarpa desde Galicia para participar en La Ruta de la Sal"},"content":{"rendered":"<p style=\"text-align: justify;\"><strong>Nacho Rup\u00e9rez<\/strong> patr\u00f3n y armador de ESP8808 Dehler optima 101con base en CN Rianxo, La Coru\u00f1a, en 10 d\u00edas zarpar\u00e1 desde Rianxo, en Galicia, hacia el RCN Denia <strong>para participar en la Versi\u00f3n Este de La Ruta de la Sal<\/strong>.<\/p>\n<p style=\"text-align: justify;\">Nacho Rup\u00e9rez tiene varias participaciones en La Sal como patr\u00f3n de Tabernicola(un JOD35 y un hellium33) y El Almendral (feeling34).<br \/>\nSi todo discurre con normalidad llegar\u00e1 a Denia para finales de marzo.<\/p>\n<p style=\"text-align: justify;\">\u00a1Bienvenido Nacho! Es un placer recibirte para La Ruta de la Sal.<br \/>\nBuena Traves\u00eda!<\/p>\n<p style=\"text-align: center;\"><a class=\"tt-flickr tt-flickr-Medium\" title=\"Dibujo\" href=\"http:\/\/www.flickr.com\/photos\/circuitoanam\/12954575244\/\"><img loading=\"lazy\" decoding=\"async\" class=\"aligncenter\" src=\"http:\/\/farm8.staticflickr.com\/7349\/12954575244_fe8db894af.jpg\" alt=\"Dibujo\" width=\"640\" height=\"400\" \/><\/a><\/p>\n<p style=\"text-align: center;\"><span lang=\"ES\" style=\"font-size: 12.0pt; font-family: &amp;amp; amp; mso-fareast-font-family: Calibri; mso-fareast-theme-font: minor-latin; mso-ansi-language: ES; mso-fareast-language: CA; mso-bidi-language: KS-IN;\"><!-- [if gte vml 1]><v:shapetype id=\"_x0000_t75\" coordsize=\"21600,21600\" o:spt=\"75\" o:preferrelative=\"t\" path=\"m@4@5l@4@11@9@11@9@5xe\" filled=\"f\" stroked=\"f\"> <v:stroke joinstyle=\"miter\" \/> <v:formulas> <v:f eqn=\"if lineDrawn pixelLineWidth 0\" \/> <v:f eqn=\"sum @0 1 0\" \/> <v:f eqn=\"sum 0 0 @1\" \/> <v:f eqn=\"prod @2 1 2\" \/> <v:f eqn=\"prod @3 21600 pixelWidth\" \/> <v:f eqn=\"prod @3 21600 pixelHeight\" \/> <v:f eqn=\"sum @0 0 1\" \/> <v:f eqn=\"prod @6 1 2\" \/> <v:f eqn=\"prod @7 21600 pixelWidth\" \/> <v:f eqn=\"sum @8 21600 0\" \/> <v:f eqn=\"prod @7 21600 pixelHeight\" \/> <v:f eqn=\"sum @10 21600 0\" \/> <\/v:formulas> <v:path o:extrusionok=\"f\" gradientshapeok=\"t\" o:connecttype=\"rect\" \/> <o:lock v:ext=\"edit\" aspectratio=\"t\" \/> <\/v:shapetype><v:shape id=\"_x0033_070E7E6-7437-4C8C-BB64-7DA5EEDA3254\" o:spid=\"_x0000_i1025\" type=\"#_x0000_t75\" alt=\"\" style='width:546pt;height:409.5pt'> <v:imagedata src=\"file:\/\/\/C:\\DOCUME~1\\ANAM\\CONFIG~1\\Temp\\msohtmlclip1\\02\\clip_image001.jpg\" mce_src=\"file:\/\/\/C:\\DOCUME~1\\ANAM\\CONFIG~1\\Temp\\msohtmlclip1\\02\\clip_image001.jpg\" o:href=\"cid:image003.jpg@01CF36E7.292BDF00\" \/> <\/v:shape><![endif]--><!-- [if !vml]--><img decoding=\"async\" class=\"aligncenter\" style=\"border: 0px;\" src=\"file:\/\/\/C:\\DOCUME~1\\ANAM\\CONFIG~1\\Temp\\msohtmlclip1\\02\\clip_image001.jpg\" alt=\"\" border=\"0\" \/><!--[endif]--><\/span><\/p>\n","protected":false},"excerpt":{"rendered":"<p>Nacho Rup\u00e9rez patr\u00f3n y armador de ESP8808 Dehler optima 101con base en CN Rianxo, La Coru\u00f1a, en 10 dias zarpar\u00e1 desde Rianxo, en Galicia, hacia el RCN Denia para participar en la Versi\u00f3n Este de La Ruta de la Sal.<\/p>\n","protected":false},"author":1,"featured_media":3836,"comment_status":"open","ping_status":"open","sticky":false,"template":"","format":"standard","meta":{"_acf_changed":false,"footnotes":""},"categories":[3],"tags":[],"acf":[],"yoast_head":"<!-- This site is optimized with the Yoast SEO plugin v23.0 - https:\/\/yoast.com\/wordpress\/plugins\/seo\/ -->\n<title>Nacho Rup\u00e9rez zarpa desde Galicia para participar en La Ruta de la Sal | Regata La Ruta de la Sal<\/title>\n<meta name=\"robots\" content=\"noindex, follow, max-snippet:-1, max-image-preview:large, max-video-preview:-1\" \/>\n<meta property=\"og:locale\" content=\"es_ES\" \/>\n<meta property=\"og:type\" content=\"article\" \/>\n<meta property=\"og:title\" content=\"Nacho Rup\u00e9rez zarpa desde Galicia para participar en La Ruta de la Sal | Regata La Ruta de la Sal\" \/>\n<meta property=\"og:description\" content=\"Nacho Rup\u00e9rez patr\u00f3n y armador de ESP8808 Dehler optima 101con base en CN Rianxo, La Coru\u00f1a, en 10 dias zarpar\u00e1 desde Rianxo, en Galicia, hacia el RCN Denia para participar en la Versi\u00f3n Este de La Ruta de la Sal.\" \/>\n<meta property=\"og:url\" content=\"https:\/\/labs.100x100.net\/projects\/rutasal\/nacho-ruperez-zarpa-desde-galiza-para-participar-en-la-ruta-de-la-sal\/\" \/>\n<meta property=\"og:site_name\" content=\"Regata La Ruta de la Sal\" \/>\n<meta property=\"article:publisher\" content=\"https:\/\/www.facebook.com\/rutadelasal\/\" \/>\n<meta property=\"article:published_time\" content=\"2014-03-11T19:12:12+00:00\" \/>\n<meta property=\"article:modified_time\" content=\"2019-03-14T09:42:17+00:00\" \/>\n<meta property=\"og:image\" content=\"https:\/\/labs.100x100.net\/projects\/rutasal\/custom\/uploads\/2014\/03\/12954575244_fe8db894af.jpg\" \/>\n\t<meta property=\"og:image:width\" content=\"500\" \/>\n\t<meta property=\"og:image:height\" content=\"375\" \/>\n\t<meta property=\"og:image:type\" content=\"image\/jpeg\" \/>\n<meta name=\"author\" content=\"La Ruta de la Sal\" \/>\n<meta name=\"twitter:card\" content=\"summary_large_image\" \/>\n<meta name=\"twitter:creator\" content=\"@AnamMedi\" \/>\n<meta name=\"twitter:site\" content=\"@AnamMedi\" \/>\n<meta name=\"twitter:label1\" content=\"Escrito por\" \/>\n\t<meta name=\"twitter:data1\" content=\"La Ruta de la Sal\" \/>\n<script type=\"application\/ld+json\" class=\"yoast-schema-graph\">{\"@context\":\"https:\/\/schema.org\",\"@graph\":[{\"@type\":\"WebPage\",\"@id\":\"https:\/\/labs.100x100.net\/projects\/rutasal\/nacho-ruperez-zarpa-desde-galiza-para-participar-en-la-ruta-de-la-sal\/\",\"url\":\"https:\/\/labs.100x100.net\/projects\/rutasal\/nacho-ruperez-zarpa-desde-galiza-para-participar-en-la-ruta-de-la-sal\/\",\"name\":\"Nacho Rup\u00e9rez zarpa desde Galicia para participar en La Ruta de la Sal | Regata La Ruta de la Sal\",\"isPartOf\":{\"@id\":\"https:\/\/labs.100x100.net\/projects\/rutasal\/#website\"},\"primaryImageOfPage\":{\"@id\":\"https:\/\/labs.100x100.net\/projects\/rutasal\/nacho-ruperez-zarpa-desde-galiza-para-participar-en-la-ruta-de-la-sal\/#primaryimage\"},\"image\":{\"@id\":\"https:\/\/labs.100x100.net\/projects\/rutasal\/nacho-ruperez-zarpa-desde-galiza-para-participar-en-la-ruta-de-la-sal\/#primaryimage\"},\"thumbnailUrl\":\"https:\/\/labs.100x100.net\/projects\/rutasal\/custom\/uploads\/2014\/03\/12954575244_fe8db894af.jpg\",\"datePublished\":\"2014-03-11T19:12:12+00:00\",\"dateModified\":\"2019-03-14T09:42:17+00:00\",\"author\":{\"@id\":\"https:\/\/labs.100x100.net\/projects\/rutasal\/#\/schema\/person\/214eeb4a2e78fd8373a0a94f6d93c9ca\"},\"breadcrumb\":{\"@id\":\"https:\/\/labs.100x100.net\/projects\/rutasal\/nacho-ruperez-zarpa-desde-galiza-para-participar-en-la-ruta-de-la-sal\/#breadcrumb\"},\"inLanguage\":\"es\",\"potentialAction\":[{\"@type\":\"ReadAction\",\"target\":[\"https:\/\/labs.100x100.net\/projects\/rutasal\/nacho-ruperez-zarpa-desde-galiza-para-participar-en-la-ruta-de-la-sal\/\"]}]},{\"@type\":\"ImageObject\",\"inLanguage\":\"es\",\"@id\":\"https:\/\/labs.100x100.net\/projects\/rutasal\/nacho-ruperez-zarpa-desde-galiza-para-participar-en-la-ruta-de-la-sal\/#primaryimage\",\"url\":\"https:\/\/labs.100x100.net\/projects\/rutasal\/custom\/uploads\/2014\/03\/12954575244_fe8db894af.jpg\",\"contentUrl\":\"https:\/\/labs.100x100.net\/projects\/rutasal\/custom\/uploads\/2014\/03\/12954575244_fe8db894af.jpg\",\"width\":500,\"height\":375},{\"@type\":\"BreadcrumbList\",\"@id\":\"https:\/\/labs.100x100.net\/projects\/rutasal\/nacho-ruperez-zarpa-desde-galiza-para-participar-en-la-ruta-de-la-sal\/#breadcrumb\",\"itemListElement\":[{\"@type\":\"ListItem\",\"position\":1,\"name\":\"Portada\",\"item\":\"https:\/\/labs.100x100.net\/projects\/rutasal\/\"},{\"@type\":\"ListItem\",\"position\":2,\"name\":\"Nacho Rup\u00e9rez zarpa desde Galicia para participar en La Ruta de la Sal\"}]},{\"@type\":\"WebSite\",\"@id\":\"https:\/\/labs.100x100.net\/projects\/rutasal\/#website\",\"url\":\"https:\/\/labs.100x100.net\/projects\/rutasal\/\",\"name\":\"Regata La Ruta de la Sal\",\"description\":\"Regata La Ruta de la Sal es una regata de Altura Mediterr\u00e1nea para barcos de crucero a vela con destino en Ibiza, que se disputa anualmente en Semana Santa.\",\"potentialAction\":[{\"@type\":\"SearchAction\",\"target\":{\"@type\":\"EntryPoint\",\"urlTemplate\":\"https:\/\/labs.100x100.net\/projects\/rutasal\/?s={search_term_string}\"},\"query-input\":\"required name=search_term_string\"}],\"inLanguage\":\"es\"},{\"@type\":\"Person\",\"@id\":\"https:\/\/labs.100x100.net\/projects\/rutasal\/#\/schema\/person\/214eeb4a2e78fd8373a0a94f6d93c9ca\",\"name\":\"La Ruta de la Sal\",\"image\":{\"@type\":\"ImageObject\",\"inLanguage\":\"es\",\"@id\":\"https:\/\/labs.100x100.net\/projects\/rutasal\/#\/schema\/person\/image\/\",\"url\":\"https:\/\/secure.gravatar.com\/avatar\/b247286d4b801d6b1cfcfb3807587284?s=96&d=mm&r=g\",\"contentUrl\":\"https:\/\/secure.gravatar.com\/avatar\/b247286d4b801d6b1cfcfb3807587284?s=96&d=mm&r=g\",\"caption\":\"La Ruta de la Sal\"}}]}<\/script>\n<!-- \/ Yoast SEO plugin. -->","yoast_head_json":{"title":"Nacho Rup\u00e9rez zarpa desde Galicia para participar en La Ruta de la Sal | Regata La Ruta de la Sal","robots":{"index":"noindex","follow":"follow","max-snippet":"max-snippet:-1","max-image-preview":"max-image-preview:large","max-video-preview":"max-video-preview:-1"},"og_locale":"es_ES","og_type":"article","og_title":"Nacho Rup\u00e9rez zarpa desde Galicia para participar en La Ruta de la Sal | Regata La Ruta de la Sal","og_description":"Nacho Rup\u00e9rez patr\u00f3n y armador de ESP8808 Dehler optima 101con base en CN Rianxo, La Coru\u00f1a, en 10 dias zarpar\u00e1 desde Rianxo, en Galicia, hacia el RCN Denia para participar en la Versi\u00f3n Este de La Ruta de la Sal.","og_url":"https:\/\/labs.100x100.net\/projects\/rutasal\/nacho-ruperez-zarpa-desde-galiza-para-participar-en-la-ruta-de-la-sal\/","og_site_name":"Regata La Ruta de la Sal","article_publisher":"https:\/\/www.facebook.com\/rutadelasal\/","article_published_time":"2014-03-11T19:12:12+00:00","article_modified_time":"2019-03-14T09:42:17+00:00","og_image":[{"width":500,"height":375,"url":"https:\/\/labs.100x100.net\/projects\/rutasal\/custom\/uploads\/2014\/03\/12954575244_fe8db894af.jpg","type":"image\/jpeg"}],"author":"La Ruta de la Sal","twitter_card":"summary_large_image","twitter_creator":"@AnamMedi","twitter_site":"@AnamMedi","twitter_misc":{"Escrito por":"La Ruta de la Sal"},"schema":{"@context":"https:\/\/schema.org","@graph":[{"@type":"WebPage","@id":"https:\/\/labs.100x100.net\/projects\/rutasal\/nacho-ruperez-zarpa-desde-galiza-para-participar-en-la-ruta-de-la-sal\/","url":"https:\/\/labs.100x100.net\/projects\/rutasal\/nacho-ruperez-zarpa-desde-galiza-para-participar-en-la-ruta-de-la-sal\/","name":"Nacho Rup\u00e9rez zarpa desde Galicia para participar en La Ruta de la Sal | Regata La Ruta de la Sal","isPartOf":{"@id":"https:\/\/labs.100x100.net\/projects\/rutasal\/#website"},"primaryImageOfPage":{"@id":"https:\/\/labs.100x100.net\/projects\/rutasal\/nacho-ruperez-zarpa-desde-galiza-para-participar-en-la-ruta-de-la-sal\/#primaryimage"},"image":{"@id":"https:\/\/labs.100x100.net\/projects\/rutasal\/nacho-ruperez-zarpa-desde-galiza-para-participar-en-la-ruta-de-la-sal\/#primaryimage"},"thumbnailUrl":"https:\/\/labs.100x100.net\/projects\/rutasal\/custom\/uploads\/2014\/03\/12954575244_fe8db894af.jpg","datePublished":"2014-03-11T19:12:12+00:00","dateModified":"2019-03-14T09:42:17+00:00","author":{"@id":"https:\/\/labs.100x100.net\/projects\/rutasal\/#\/schema\/person\/214eeb4a2e78fd8373a0a94f6d93c9ca"},"breadcrumb":{"@id":"https:\/\/labs.100x100.net\/projects\/rutasal\/nacho-ruperez-zarpa-desde-galiza-para-participar-en-la-ruta-de-la-sal\/#breadcrumb"},"inLanguage":"es","potentialAction":[{"@type":"ReadAction","target":["https:\/\/labs.100x100.net\/projects\/rutasal\/nacho-ruperez-zarpa-desde-galiza-para-participar-en-la-ruta-de-la-sal\/"]}]},{"@type":"ImageObject","inLanguage":"es","@id":"https:\/\/labs.100x100.net\/projects\/rutasal\/nacho-ruperez-zarpa-desde-galiza-para-participar-en-la-ruta-de-la-sal\/#primaryimage","url":"https:\/\/labs.100x100.net\/projects\/rutasal\/custom\/uploads\/2014\/03\/12954575244_fe8db894af.jpg","contentUrl":"https:\/\/labs.100x100.net\/projects\/rutasal\/custom\/uploads\/2014\/03\/12954575244_fe8db894af.jpg","width":500,"height":375},{"@type":"BreadcrumbList","@id":"https:\/\/labs.100x100.net\/projects\/rutasal\/nacho-ruperez-zarpa-desde-galiza-para-participar-en-la-ruta-de-la-sal\/#breadcrumb","itemListElement":[{"@type":"ListItem","position":1,"name":"Portada","item":"https:\/\/labs.100x100.net\/projects\/rutasal\/"},{"@type":"ListItem","position":2,"name":"Nacho Rup\u00e9rez zarpa desde Galicia para participar en La Ruta de la Sal"}]},{"@type":"WebSite","@id":"https:\/\/labs.100x100.net\/projects\/rutasal\/#website","url":"https:\/\/labs.100x100.net\/projects\/rutasal\/","name":"Regata La Ruta de la Sal","description":"Regata La Ruta de la Sal es una regata de Altura Mediterr\u00e1nea para barcos de crucero a vela con destino en Ibiza, que se disputa anualmente en Semana Santa.","potentialAction":[{"@type":"SearchAction","target":{"@type":"EntryPoint","urlTemplate":"https:\/\/labs.100x100.net\/projects\/rutasal\/?s={search_term_string}"},"query-input":"required name=search_term_string"}],"inLanguage":"es"},{"@type":"Person","@id":"https:\/\/labs.100x100.net\/projects\/rutasal\/#\/schema\/person\/214eeb4a2e78fd8373a0a94f6d93c9ca","name":"La Ruta de la Sal","image":{"@type":"ImageObject","inLanguage":"es","@id":"https:\/\/labs.100x100.net\/projects\/rutasal\/#\/schema\/person\/image\/","url":"https:\/\/secure.gravatar.com\/avatar\/b247286d4b801d6b1cfcfb3807587284?s=96&d=mm&r=g","contentUrl":"https:\/\/secure.gravatar.com\/avatar\/b247286d4b801d6b1cfcfb3807587284?s=96&d=mm&r=g","caption":"La Ruta de la Sal"}}]}},"_links":{"self":[{"href":"https:\/\/labs.100x100.net\/projects\/rutasal\/wp-json\/wp\/v2\/posts\/1593"}],"collection":[{"href":"https:\/\/labs.100x100.net\/projects\/rutasal\/wp-json\/wp\/v2\/posts"}],"about":[{"href":"https:\/\/labs.100x100.net\/projects\/rutasal\/wp-json\/wp\/v2\/types\/post"}],"author":[{"embeddable":true,"href":"https:\/\/labs.100x100.net\/projects\/rutasal\/wp-json\/wp\/v2\/users\/1"}],"replies":[{"embeddable":true,"href":"https:\/\/labs.100x100.net\/projects\/rutasal\/wp-json\/wp\/v2\/comments?post=1593"}],"version-history":[{"count":1,"href":"https:\/\/labs.100x100.net\/projects\/rutasal\/wp-json\/wp\/v2\/posts\/1593\/revisions"}],"predecessor-version":[{"id":3837,"href":"https:\/\/labs.100x100.net\/projects\/rutasal\/wp-json\/wp\/v2\/posts\/1593\/revisions\/3837"}],"wp:featuredmedia":[{"embeddable":true,"href":"https:\/\/labs.100x100.net\/projects\/rutasal\/wp-json\/wp\/v2\/media\/3836"}],"wp:attachment":[{"href":"https:\/\/labs.100x100.net\/projects\/rutasal\/wp-json\/wp\/v2\/media?parent=1593"}],"wp:term":[{"taxonomy":"category","embeddable":true,"href":"https:\/\/labs.100x100.net\/projects\/rutasal\/wp-json\/wp\/v2\/categories?post=1593"},{"taxonomy":"post_tag","embeddable":true,"href":"https:\/\/labs.100x100.net\/projects\/rutasal\/wp-json\/wp\/v2\/tags?post=1593"}],"curies":[{"name":"wp","href":"https:\/\/api.w.org\/{rel}","templated":true}]}}