{"id":1580,"date":"2014-02-20T11:50:35","date_gmt":"2014-02-20T11:50:35","guid":{"rendered":"https:\/\/larutadelasal.com\/?p=1580"},"modified":"2019-03-14T11:43:46","modified_gmt":"2019-03-14T09:43:46","slug":"17-de-abril-jueves-santo-rumbo-a-ibiza","status":"publish","type":"post","link":"https:\/\/labs.100x100.net\/projects\/rutasal\/17-de-abril-jueves-santo-rumbo-a-ibiza\/","title":{"rendered":"17 de Abril, Jueves Santo; rumbo a Ibiza."},"content":{"rendered":"<h1><strong>La Ruta de la Sal 2014 \u2013 Trofeo Pepe Ferres.<br \/>\n17 de Abril, Jueves Santo; rumbo a Ibiza.<\/strong><\/h1>\n<p style=\"text-align: justify;\"><strong>La Ruta de la Sal se present\u00f3 en Fitur<\/strong><br \/>\nAun estamos a tiempo para participar en la Regata de Altura de la Ruta de La Sal. Hay margen suficiente para \u00a0organizar una tripulaci\u00f3n, fichar alg\u00fan \u00abexperto\u00bb-tal vez alguien que ya haya participado en la Regata en alguna ocasi\u00f3n- preparar el barco e incluso navegar algunas millas previas. Lo que siempre es aconsejable. Otra posibilidad es la de inscribirse, como un aut\u00e9ntico \u201cmercenario del mar\u201d, en alguna a tripulaci\u00f3n o simplemente navegar en calidad de tripulante en alguna de las navieras especializadas que incluyen en sus programas la posibilidad de participar en La Sal.<\/p>\n<p style=\"text-align: justify;\">Opciones hay muchas. En todo caso el plan seduce, \u00a0es una manera \u00a0extraordinaria de iniciar la pr\u00f3xima temporada de navegaci\u00f3n. Se trata de competir en una regata que ha hecho historia; una autentica \u00a0leyenda en la que, cada a\u00f1o, se implican miles de regatistas \u00a0como parte indispensable de su programa de competici\u00f3n. Para algunos casi un ritual, pr\u00e1cticamente una cita ineludible. Y es que si uno quiere \u00abgraduarse\u00bb en la navegaci\u00f3n de altura es obligatorio haber participando en alguna ocasi\u00f3n en la Ruta de La Sal. Es una cuesti\u00f3n de prestigio. Tambi\u00e9n de ganas de experimentar con much\u00edsima intensidad las alegr\u00edas de la navegaci\u00f3n \u00a0de alta mar.<\/p>\n<p style=\"text-align: center;\"><a class=\"tt-flickr tt-flickr-Medium\" title=\"_AFB5206\" href=\"http:\/\/www.flickr.com\/photos\/circuitoanam\/8601801555\/\"><img loading=\"lazy\" decoding=\"async\" class=\"aligncenter\" src=\"http:\/\/farm9.staticflickr.com\/8262\/8601801555_3426825348.jpg\" alt=\"_AFB5206\" width=\"657\" height=\"400\" \/><\/a><\/p>\n<p style=\"text-align: justify;\">Paralelamente es importante destacar que La Ruta de La Sal, tras su presentaci\u00f3n el pasado 27 de Febrero en la Feria de Turismo Internacional, FITUR, en un acto presidido por el President del Consell de Ibiza, Visen\u00e7 Serra contando con la presencia de Jos\u00e9 Luis Fern\u00e1ndez, Director de Marketing de Trasmediterr\u00e1nea, empresa colaboradora de la regata. Se confirma, m\u00e1s que nunca como un evento claramente posicionado como dinamizador del Turismo N\u00e1utico en las Pittiusas. Pr\u00e1cticamente una como cita n\u00e1utico-deportiva intensa y efectiva que contribuye a desestacionalizar la temporada, consolidando una oferta tur\u00edstica especializada de gran calidad. Fomentando la vocaci\u00f3n mar\u00edtima de estas tierras, y de las Baleares en general.<\/p>\n<p style=\"text-align: justify;\">La salida, como en los \u00faltimos 27 anos, en jueves Santo, que en esta ocasi\u00f3n se sit\u00faa en el pr\u00f3ximo 17 de Abril, lo que en principio nos habla de una regata con marcado sabor a primavera. Los rigores invernales ser\u00e1n ya una an\u00e9cdota, \u00a0 D\u00edas \u00a0razonablemente largos, m\u00e1s de 13 horas de luz. Mas calidos, ya con cierto sabor a est\u00edo. Noches m\u00e1s cortas. La puesta de sol a las 20:55 h. La luna ser\u00e1 casi llena, lo que adelanta unas navegaciones nocturnas cargadas de magias. Tambi\u00e9n, como siempre ha ocurrido en La Sal, unos panoramas atmosf\u00e9ricos \u00a0que bajo las misteriosas influencias del cambio de fase lunar, hacen que los pron\u00f3sticos sean complejos y la navegaci\u00f3n, en principio, este abierta a muchas variables. El Mar Balear con sus micro-climas, y las influencias en sus modelos metereologicos y, en las t\u00e1cticas de la navegaci\u00f3n, de las orograf\u00edas del Golfo de Sant Jordi, el Delta del Ebro, la Sierra de Tramontana de Mallorca, los Freus de Ibiza y de Formentera, se dibuja como un campo de regata perfecto. Un escenario cargado de sorpresas en el que la t\u00e1ctica, la experiencia y algo de suerte, juegan las mejores bazas para llegar lo antes posible a Ibiza.<\/p>\n<p style=\"text-align: center;\"><a class=\"tt-flickr tt-flickr-Medium\" title=\"_AFB5223\" href=\"http:\/\/www.flickr.com\/photos\/circuitoanam\/8602901528\/\"><img loading=\"lazy\" decoding=\"async\" class=\"aligncenter\" src=\"http:\/\/farm9.staticflickr.com\/8116\/8602901528_de333dbedd.jpg\" alt=\"_AFB5223\" width=\"640\" height=\"400\" \/><\/a><\/p>\n<p style=\"text-align: justify;\">El desaf\u00edo bajo aspectos deportivos es sencillo; \u00a0participar en regata de altura asequible por distancias y tiempos, pero que, de alguna manera, recoge las caracter\u00edsticas y particularidades que m\u00e1s definen a una competici\u00f3n en alta mar; zarpar del continente, de Barcelona o Denia, \u00a0para arribar a una isla es un buen comienzo. Ibiza es un destino cargado de atractivos. Unas tierras famosas, con gran personalidad y marcado sabor marinero. Hablamos de competir contra una flota de unos 180 participantes, entre ellos los mejores especialistas del pa\u00eds en la navegaci\u00f3n t\u00e1ctica de altura. Un nivel deportivo alto que convierte a La Ruta de La Sal en un circuito o serio y ambicioso. El recorrido de entre 120 y 140 millas n\u00e1uticas, \u00a0seg\u00fan versi\u00f3n &#8211; nos habla de una regata de de 17 a 28 \u00a0horas competici\u00f3n &#8211; de promedio &#8211; Sin embargo en La Sal del 2011, el Judel\/Vrolijk 50 \u00a0alem\u00e1n \u00abCaro\u00bb cubri\u00f3 las 140 millas desde Port Ginesta hasta San Antoni de Portamny, Versi\u00f3n Norte de La Sal, \u00a0en tan s\u00f3lo 13 horas, 18 minutos y 54 segundos. Acreditando una velocidad media durante toda traves\u00eda superior a los 10,70 nudos; un record con may\u00fasculas que, normalmente, ser\u00e1 muy dif\u00edcil de superar. En la Versi\u00f3n Este de 120 millas entre Denia y Sant Antoni de Portamny el mas r\u00e1pido hasta la fecha ha sido en Swam 80 Plis Play del armador alicantino Vicente Garc\u00eda, que en la Regata del a\u00f1o pasado , 2013, \u00a0se apunto un rapid\u00edsimo registro de 14 h\/ 29 m\/ 10 s.<\/p>\n<p style=\"text-align: justify;\">Para esta edici\u00f3n una autentica primicia; se crea una nueva clase; la Categor\u00eda Training; la idea es dar una clara alternativa deportiva a las tripulaciones nacionales y extranjeras que participan regularmente en la Sal con embarcaciones alquiladas con patr\u00f3n profesional o de demostrada experiencia. Tambi\u00e9n fomentar a trav\u00e9s de esta Categor\u00eda la entrada en competici\u00f3n de equipos procedentes de Escuelas de Vela, cursos de perfeccionamiento en la navegaci\u00f3n de crucero\/ cursos de navegaci\u00f3n de altura o de regata \u2013 clubes n\u00e1uticos o Federaciones extranjeras; colectivos profesionales diversos.<\/p>\n<p style=\"text-align: center;\"><a class=\"tt-flickr tt-flickr-Medium\" title=\"_AFB4656\" href=\"http:\/\/www.flickr.com\/photos\/circuitoanam\/8597945840\/\"><img loading=\"lazy\" decoding=\"async\" class=\"aligncenter\" src=\"http:\/\/farm9.staticflickr.com\/8526\/8597945840_ed09490c9b.jpg\" alt=\"_AFB4656\" width=\"657\" height=\"400\" \/><\/a><\/p>\n<p style=\"text-align: justify;\">A \u00a0partir de esta pr\u00f3xima edici\u00f3n, la regata se integra totalmente dentro de los espacios f\u00edsicos del Club N\u00e1utico Sant Antoni de Portmany. Unas instalaciones totalmente renovadas de una magn\u00edfica calidad en la que se ubicaran los servicios t\u00e9cnicos y administrativos de ANAM, organizadora de La Sal; se celebraran la totalidad de los actos sociales de la regata.- cena de flota, entrega de premio, fiesta de la Sal\u2026, en el reci\u00e9n inaugurado Restaurant Es N\u00e0utic del CN Sant Antoni. -A la vez que los participantes podr\u00e1n disfrutar de sus extraordinarias instalaciones, servicios e infraestructuras portuarias. Hoy, sin duda alguna, unas de las punteras del Mediterr\u00e1neo Occidental. En Sant Antoni, todo, esos d\u00edas, orbitara alrededor de la regata; Men\u00fas y tapas de la Sal en muchos restaurantes y cafeter\u00edas para los que decidan degustar la magn\u00edfica gastronom\u00eda local. Los bares de copas se volcaran con los participantes. Actividades culturales, como el Mercado Payes. Ibiza, una vez m\u00e1s dar\u00e1 su particular bienvenida a los participantes de esta extraordinaria regata tan ligada a esas tierras tan m\u00e1gicas y tan cargadas de sabor a Sal.<\/p>\n<p style=\"text-align: justify;\">La Versi\u00f3n Norte que zarpara el pr\u00f3ximo jueves 17 de abril \u00a0a las 10:00 h desde Port Ginesta, en Barcelona, \u00a0ser\u00e1n 140 millas con rumbo directo hasta el puerto de Sant Antoni de Portmany. La influencia de Golfo de Sant Jordi tendr\u00e1 un peso determinante, en especial bajo la influencia de Mistrales. En muchos casos las t\u00e1cticas mas acertadas apuntaran a navegar hacia Tarragona y despu\u00e9s saltar hacia Ibiza. La Isla de Mallorca continuara siendo un elemento con claras incidencias en la navegaci\u00f3n. Su influencia sobre la aproximaci\u00f3n a Ibiza es notable. En especial con componentes de Sur. En definitiva una singladura en mar abierto, un trayecto de altura como manda los c\u00e1nones, \u00a0en el que las posibilidades t\u00e1cticas y estrategias de navegaci\u00f3n ofrecer\u00e1n muchas variables. Las opciones de la llegada a Ibiza desde Barcelona se abren mucho con dos derrotas extremas que marcaran las estrategias m\u00e1s arriesgadas y, bajo aspectos m\u00e1s moderados, muchas alternativas intermedias m\u00e1s o menos eficaces seg\u00fan como se planteen los escenarios meteorol\u00f3gicos en el campo de regatas.<\/p>\n<p style=\"text-align: center;\"><a class=\"tt-flickr tt-flickr-Medium\" title=\"26 La Ruta de la Sal 2013 (Trofeo Pepe Ferr\u00e9s) \u00a9 AlfredFarre.com\" href=\"http:\/\/www.flickr.com\/photos\/circuitoanam\/8597927754\/\"><img loading=\"lazy\" decoding=\"async\" class=\"aligncenter\" src=\"http:\/\/farm9.staticflickr.com\/8386\/8597927754_aabd4fab52.jpg\" alt=\"26 La Ruta de la Sal 2013 (Trofeo Pepe Ferr\u00e9s) \u00a9 AlfredFarre.com\" width=\"640\" height=\"400\" \/><\/a><\/p>\n<p style=\"text-align: justify;\">La Versi\u00f3n Este cruzara la l\u00ednea de salida el \u00a017 de abril a las 14:00 h en Denia, \u00a0con un recorrido que obliga a tomar Cabo Berber\u00eda y Punta Rotja en Formentera, la Isla de Tagomago \u2013 Control Pantaenius, Punta Moscarte, Cabo Eubarca, Cabo Nono, en las costas norte de Ibiza, hasta cruzar la l\u00ednea de llegada que, para ambas versiones, estar\u00e1 entre Cabo Negret y tierra. Una singladura que \u00a0funcionalmente \u00a0se dibuja como una interesante regata costera de 120 millas. B\u00e1sicamente una vuelta al archipi\u00e9lago de las Pittiusas, \u00a0una prueba complicada, con muchas variables y, en especial, muy divertida. La experiencia, una vez m\u00e1s, ser\u00e1 determinante, para un recorrido que, en el caso de que la metereolog\u00eda as\u00ed lo aconseje, podr\u00eda ser modificado, proponiendo una competici\u00f3n por el sur de Ibiza rumbo a Sant Antoni. \u00a0Las llegada en Cabo Negret ser\u00e1n todo un espect\u00e1culo, normalmente ambas flotas converger\u00e1n, las diferencias horarias en las salidas en Barcelona y Denia as\u00ed lo apuntan. Para Sant Antoni de Portmany un lujo cargado de una pl\u00e1stica escalofriante, para los regatistas una llegada intensa y muy determinante.<\/p>\n<p style=\"text-align: justify;\">En todo caso entramos en la cuenta atr\u00e1s. Las inscripciones se van formalizando a buen ritmo. La participaci\u00f3n ya asegura la entrada en competici\u00f3n de muchos equipos con magn\u00edficos historiales deportivos en La Sal. Se apuntaran embarcaciones procedente se unas seis nacionalidades y tripulaciones de clubes representativos de todos los litorales de la Pen\u00ednsula Iberia. Islas Baleares y, normalmente, alg\u00fan equipo Canario. Ser\u00e1 una regata muy plural que, como cada a\u00f1o, reunir\u00e1 a miles de regatistas con un objetivo com\u00fan; llegar lo m\u00e1s r\u00e1pido posible a Ibiza. El plan es, se mire como se mire, muy seductor. Estamos a tiempo para participar. Merece la pena.<\/p>\n<p style=\"text-align: center;\"><a class=\"tt-flickr tt-flickr-Medium\" title=\"_AFB4985\" href=\"http:\/\/www.flickr.com\/photos\/circuitoanam\/8596831805\/\"><img loading=\"lazy\" decoding=\"async\" class=\"aligncenter\" src=\"http:\/\/farm9.staticflickr.com\/8374\/8596831805_5f78bc5358.jpg\" alt=\"_AFB4985\" width=\"640\" height=\"400\" \/><\/a><\/p>\n<p style=\"text-align: justify;\"><strong>ORGANIZA:<\/strong><br \/>\nAssociaci\u00f3 de Navegants d\u2019Altura Mediterranis en colaboraci\u00f3n con la Real Asociaci\u00f3n Nacional de Cruceros.<\/p>\n<p style=\"text-align: justify;\"><strong>COLABORAN:<\/strong><br \/>\nClub Maritim Port Ginesta y Real Club N\u00e1utico Denia en la salida y Club Nautic Sant Antoni de Portmany de Ibiza en la arribada.<\/p>\n<p style=\"text-align: justify;\"><strong>SOPORTE:<\/strong><br \/>\nFederaci\u00f3 Catalana de Vela, Ports de les Illes Balears, Marina Port Vell, \u00a0Sociedad Estatal de Salvamento y Seguridad Mar\u00edtima, Guardia Civil del Mar, Estaci\u00f3 N\u00e1utica de Sant Antoni i Sant Josep de Ibiza, Consell d\u2019Eivissa, Conselleria de Turisme del Govern de les Illes Balears, Ajuntament de Sant Antoni de Portmany, Ajuntament de Denia y Ajuntament de Sitges.<\/p>\n<p style=\"text-align: justify;\">\n","protected":false},"excerpt":{"rendered":"<p>Aun estamos a tiempo para participar en la Regata de Altura de la Ruta de La Sal. Hay margen suficiente para  organizar una tripulaci\u00f3n, fichar alg\u00fan \u00abexperto\u00bb-tal vez alguien que ya haya participado en la Regata en alguna ocasi\u00f3n- preparar el barco e incluso navegar algunas millas previas. Lo que siempre es aconsejable. Otra posibilidad es la de inscribirse, como un aut\u00e9ntico \u201cmercenario del mar\u201d, en alguna a tripulaci\u00f3n o simplemente navegar en calidad de tripulante en alguna de las navieras especializadas que incluyen en sus programas la posibilidad de participar en La Sal.<\/p>\n","protected":false},"author":1,"featured_media":3834,"comment_status":"open","ping_status":"open","sticky":false,"template":"","format":"standard","meta":{"_acf_changed":false,"footnotes":""},"categories":[3],"tags":[],"acf":[],"yoast_head":"<!-- This site is optimized with the Yoast SEO plugin v23.0 - https:\/\/yoast.com\/wordpress\/plugins\/seo\/ -->\n<title>17 de Abril, Jueves Santo; rumbo a Ibiza. | Regata La Ruta de la Sal<\/title>\n<meta name=\"robots\" content=\"noindex, follow, max-snippet:-1, max-image-preview:large, max-video-preview:-1\" \/>\n<meta property=\"og:locale\" content=\"es_ES\" \/>\n<meta property=\"og:type\" content=\"article\" \/>\n<meta property=\"og:title\" content=\"17 de Abril, Jueves Santo; rumbo a Ibiza. | Regata La Ruta de la Sal\" \/>\n<meta property=\"og:description\" content=\"Aun estamos a tiempo para participar en la Regata de Altura de la Ruta de La Sal. Hay margen suficiente para organizar una tripulaci\u00f3n, fichar alg\u00fan &quot;experto&quot;-tal vez alguien que ya haya participado en la Regata en alguna ocasi\u00f3n- preparar el barco e incluso navegar algunas millas previas. Lo que siempre es aconsejable. Otra posibilidad es la de inscribirse, como un aut\u00e9ntico \u201cmercenario del mar\u201d, en alguna a tripulaci\u00f3n o simplemente navegar en calidad de tripulante en alguna de las navieras especializadas que incluyen en sus programas la posibilidad de participar en La Sal.\" \/>\n<meta property=\"og:url\" content=\"https:\/\/labs.100x100.net\/projects\/rutasal\/17-de-abril-jueves-santo-rumbo-a-ibiza\/\" \/>\n<meta property=\"og:site_name\" content=\"Regata La Ruta de la Sal\" \/>\n<meta property=\"article:publisher\" content=\"https:\/\/www.facebook.com\/rutadelasal\/\" \/>\n<meta property=\"article:published_time\" content=\"2014-02-20T11:50:35+00:00\" \/>\n<meta property=\"article:modified_time\" content=\"2019-03-14T09:43:46+00:00\" \/>\n<meta property=\"og:image\" content=\"https:\/\/labs.100x100.net\/projects\/rutasal\/custom\/uploads\/2014\/03\/8597945444_704fb9c1a4.jpg\" \/>\n\t<meta property=\"og:image:width\" content=\"500\" \/>\n\t<meta property=\"og:image:height\" content=\"350\" \/>\n\t<meta property=\"og:image:type\" content=\"image\/jpeg\" \/>\n<meta name=\"author\" content=\"La Ruta de la Sal\" \/>\n<meta name=\"twitter:card\" content=\"summary_large_image\" \/>\n<meta name=\"twitter:creator\" content=\"@AnamMedi\" \/>\n<meta name=\"twitter:site\" content=\"@AnamMedi\" \/>\n<meta name=\"twitter:label1\" content=\"Escrito por\" \/>\n\t<meta name=\"twitter:data1\" content=\"La Ruta de la Sal\" \/>\n\t<meta name=\"twitter:label2\" content=\"Tiempo de lectura\" \/>\n\t<meta name=\"twitter:data2\" content=\"9 minutos\" \/>\n<script type=\"application\/ld+json\" class=\"yoast-schema-graph\">{\"@context\":\"https:\/\/schema.org\",\"@graph\":[{\"@type\":\"WebPage\",\"@id\":\"https:\/\/labs.100x100.net\/projects\/rutasal\/17-de-abril-jueves-santo-rumbo-a-ibiza\/\",\"url\":\"https:\/\/labs.100x100.net\/projects\/rutasal\/17-de-abril-jueves-santo-rumbo-a-ibiza\/\",\"name\":\"17 de Abril, Jueves Santo; rumbo a Ibiza. | Regata La Ruta de la Sal\",\"isPartOf\":{\"@id\":\"https:\/\/labs.100x100.net\/projects\/rutasal\/#website\"},\"primaryImageOfPage\":{\"@id\":\"https:\/\/labs.100x100.net\/projects\/rutasal\/17-de-abril-jueves-santo-rumbo-a-ibiza\/#primaryimage\"},\"image\":{\"@id\":\"https:\/\/labs.100x100.net\/projects\/rutasal\/17-de-abril-jueves-santo-rumbo-a-ibiza\/#primaryimage\"},\"thumbnailUrl\":\"https:\/\/labs.100x100.net\/projects\/rutasal\/custom\/uploads\/2014\/03\/8597945444_704fb9c1a4.jpg\",\"datePublished\":\"2014-02-20T11:50:35+00:00\",\"dateModified\":\"2019-03-14T09:43:46+00:00\",\"author\":{\"@id\":\"https:\/\/labs.100x100.net\/projects\/rutasal\/#\/schema\/person\/214eeb4a2e78fd8373a0a94f6d93c9ca\"},\"breadcrumb\":{\"@id\":\"https:\/\/labs.100x100.net\/projects\/rutasal\/17-de-abril-jueves-santo-rumbo-a-ibiza\/#breadcrumb\"},\"inLanguage\":\"es\",\"potentialAction\":[{\"@type\":\"ReadAction\",\"target\":[\"https:\/\/labs.100x100.net\/projects\/rutasal\/17-de-abril-jueves-santo-rumbo-a-ibiza\/\"]}]},{\"@type\":\"ImageObject\",\"inLanguage\":\"es\",\"@id\":\"https:\/\/labs.100x100.net\/projects\/rutasal\/17-de-abril-jueves-santo-rumbo-a-ibiza\/#primaryimage\",\"url\":\"https:\/\/labs.100x100.net\/projects\/rutasal\/custom\/uploads\/2014\/03\/8597945444_704fb9c1a4.jpg\",\"contentUrl\":\"https:\/\/labs.100x100.net\/projects\/rutasal\/custom\/uploads\/2014\/03\/8597945444_704fb9c1a4.jpg\",\"width\":500,\"height\":350},{\"@type\":\"BreadcrumbList\",\"@id\":\"https:\/\/labs.100x100.net\/projects\/rutasal\/17-de-abril-jueves-santo-rumbo-a-ibiza\/#breadcrumb\",\"itemListElement\":[{\"@type\":\"ListItem\",\"position\":1,\"name\":\"Portada\",\"item\":\"https:\/\/labs.100x100.net\/projects\/rutasal\/\"},{\"@type\":\"ListItem\",\"position\":2,\"name\":\"17 de Abril, Jueves Santo; rumbo a Ibiza.\"}]},{\"@type\":\"WebSite\",\"@id\":\"https:\/\/labs.100x100.net\/projects\/rutasal\/#website\",\"url\":\"https:\/\/labs.100x100.net\/projects\/rutasal\/\",\"name\":\"Regata La Ruta de la Sal\",\"description\":\"Regata La Ruta de la Sal es una regata de Altura Mediterr\u00e1nea para barcos de crucero a vela con destino en Ibiza, que se disputa anualmente en Semana Santa.\",\"potentialAction\":[{\"@type\":\"SearchAction\",\"target\":{\"@type\":\"EntryPoint\",\"urlTemplate\":\"https:\/\/labs.100x100.net\/projects\/rutasal\/?s={search_term_string}\"},\"query-input\":\"required name=search_term_string\"}],\"inLanguage\":\"es\"},{\"@type\":\"Person\",\"@id\":\"https:\/\/labs.100x100.net\/projects\/rutasal\/#\/schema\/person\/214eeb4a2e78fd8373a0a94f6d93c9ca\",\"name\":\"La Ruta de la Sal\",\"image\":{\"@type\":\"ImageObject\",\"inLanguage\":\"es\",\"@id\":\"https:\/\/labs.100x100.net\/projects\/rutasal\/#\/schema\/person\/image\/\",\"url\":\"https:\/\/secure.gravatar.com\/avatar\/b247286d4b801d6b1cfcfb3807587284?s=96&d=mm&r=g\",\"contentUrl\":\"https:\/\/secure.gravatar.com\/avatar\/b247286d4b801d6b1cfcfb3807587284?s=96&d=mm&r=g\",\"caption\":\"La Ruta de la Sal\"}}]}<\/script>\n<!-- \/ Yoast SEO plugin. -->","yoast_head_json":{"title":"17 de Abril, Jueves Santo; rumbo a Ibiza. | Regata La Ruta de la Sal","robots":{"index":"noindex","follow":"follow","max-snippet":"max-snippet:-1","max-image-preview":"max-image-preview:large","max-video-preview":"max-video-preview:-1"},"og_locale":"es_ES","og_type":"article","og_title":"17 de Abril, Jueves Santo; rumbo a Ibiza. | Regata La Ruta de la Sal","og_description":"Aun estamos a tiempo para participar en la Regata de Altura de la Ruta de La Sal. Hay margen suficiente para organizar una tripulaci\u00f3n, fichar alg\u00fan \"experto\"-tal vez alguien que ya haya participado en la Regata en alguna ocasi\u00f3n- preparar el barco e incluso navegar algunas millas previas. Lo que siempre es aconsejable. Otra posibilidad es la de inscribirse, como un aut\u00e9ntico \u201cmercenario del mar\u201d, en alguna a tripulaci\u00f3n o simplemente navegar en calidad de tripulante en alguna de las navieras especializadas que incluyen en sus programas la posibilidad de participar en La Sal.","og_url":"https:\/\/labs.100x100.net\/projects\/rutasal\/17-de-abril-jueves-santo-rumbo-a-ibiza\/","og_site_name":"Regata La Ruta de la Sal","article_publisher":"https:\/\/www.facebook.com\/rutadelasal\/","article_published_time":"2014-02-20T11:50:35+00:00","article_modified_time":"2019-03-14T09:43:46+00:00","og_image":[{"width":500,"height":350,"url":"https:\/\/labs.100x100.net\/projects\/rutasal\/custom\/uploads\/2014\/03\/8597945444_704fb9c1a4.jpg","type":"image\/jpeg"}],"author":"La Ruta de la Sal","twitter_card":"summary_large_image","twitter_creator":"@AnamMedi","twitter_site":"@AnamMedi","twitter_misc":{"Escrito por":"La Ruta de la Sal","Tiempo de lectura":"9 minutos"},"schema":{"@context":"https:\/\/schema.org","@graph":[{"@type":"WebPage","@id":"https:\/\/labs.100x100.net\/projects\/rutasal\/17-de-abril-jueves-santo-rumbo-a-ibiza\/","url":"https:\/\/labs.100x100.net\/projects\/rutasal\/17-de-abril-jueves-santo-rumbo-a-ibiza\/","name":"17 de Abril, Jueves Santo; rumbo a Ibiza. | Regata La Ruta de la Sal","isPartOf":{"@id":"https:\/\/labs.100x100.net\/projects\/rutasal\/#website"},"primaryImageOfPage":{"@id":"https:\/\/labs.100x100.net\/projects\/rutasal\/17-de-abril-jueves-santo-rumbo-a-ibiza\/#primaryimage"},"image":{"@id":"https:\/\/labs.100x100.net\/projects\/rutasal\/17-de-abril-jueves-santo-rumbo-a-ibiza\/#primaryimage"},"thumbnailUrl":"https:\/\/labs.100x100.net\/projects\/rutasal\/custom\/uploads\/2014\/03\/8597945444_704fb9c1a4.jpg","datePublished":"2014-02-20T11:50:35+00:00","dateModified":"2019-03-14T09:43:46+00:00","author":{"@id":"https:\/\/labs.100x100.net\/projects\/rutasal\/#\/schema\/person\/214eeb4a2e78fd8373a0a94f6d93c9ca"},"breadcrumb":{"@id":"https:\/\/labs.100x100.net\/projects\/rutasal\/17-de-abril-jueves-santo-rumbo-a-ibiza\/#breadcrumb"},"inLanguage":"es","potentialAction":[{"@type":"ReadAction","target":["https:\/\/labs.100x100.net\/projects\/rutasal\/17-de-abril-jueves-santo-rumbo-a-ibiza\/"]}]},{"@type":"ImageObject","inLanguage":"es","@id":"https:\/\/labs.100x100.net\/projects\/rutasal\/17-de-abril-jueves-santo-rumbo-a-ibiza\/#primaryimage","url":"https:\/\/labs.100x100.net\/projects\/rutasal\/custom\/uploads\/2014\/03\/8597945444_704fb9c1a4.jpg","contentUrl":"https:\/\/labs.100x100.net\/projects\/rutasal\/custom\/uploads\/2014\/03\/8597945444_704fb9c1a4.jpg","width":500,"height":350},{"@type":"BreadcrumbList","@id":"https:\/\/labs.100x100.net\/projects\/rutasal\/17-de-abril-jueves-santo-rumbo-a-ibiza\/#breadcrumb","itemListElement":[{"@type":"ListItem","position":1,"name":"Portada","item":"https:\/\/labs.100x100.net\/projects\/rutasal\/"},{"@type":"ListItem","position":2,"name":"17 de Abril, Jueves Santo; rumbo a Ibiza."}]},{"@type":"WebSite","@id":"https:\/\/labs.100x100.net\/projects\/rutasal\/#website","url":"https:\/\/labs.100x100.net\/projects\/rutasal\/","name":"Regata La Ruta de la Sal","description":"Regata La Ruta de la Sal es una regata de Altura Mediterr\u00e1nea para barcos de crucero a vela con destino en Ibiza, que se disputa anualmente en Semana Santa.","potentialAction":[{"@type":"SearchAction","target":{"@type":"EntryPoint","urlTemplate":"https:\/\/labs.100x100.net\/projects\/rutasal\/?s={search_term_string}"},"query-input":"required name=search_term_string"}],"inLanguage":"es"},{"@type":"Person","@id":"https:\/\/labs.100x100.net\/projects\/rutasal\/#\/schema\/person\/214eeb4a2e78fd8373a0a94f6d93c9ca","name":"La Ruta de la Sal","image":{"@type":"ImageObject","inLanguage":"es","@id":"https:\/\/labs.100x100.net\/projects\/rutasal\/#\/schema\/person\/image\/","url":"https:\/\/secure.gravatar.com\/avatar\/b247286d4b801d6b1cfcfb3807587284?s=96&d=mm&r=g","contentUrl":"https:\/\/secure.gravatar.com\/avatar\/b247286d4b801d6b1cfcfb3807587284?s=96&d=mm&r=g","caption":"La Ruta de la Sal"}}]}},"_links":{"self":[{"href":"https:\/\/labs.100x100.net\/projects\/rutasal\/wp-json\/wp\/v2\/posts\/1580"}],"collection":[{"href":"https:\/\/labs.100x100.net\/projects\/rutasal\/wp-json\/wp\/v2\/posts"}],"about":[{"href":"https:\/\/labs.100x100.net\/projects\/rutasal\/wp-json\/wp\/v2\/types\/post"}],"author":[{"embeddable":true,"href":"https:\/\/labs.100x100.net\/projects\/rutasal\/wp-json\/wp\/v2\/users\/1"}],"replies":[{"embeddable":true,"href":"https:\/\/labs.100x100.net\/projects\/rutasal\/wp-json\/wp\/v2\/comments?post=1580"}],"version-history":[{"count":1,"href":"https:\/\/labs.100x100.net\/projects\/rutasal\/wp-json\/wp\/v2\/posts\/1580\/revisions"}],"predecessor-version":[{"id":3838,"href":"https:\/\/labs.100x100.net\/projects\/rutasal\/wp-json\/wp\/v2\/posts\/1580\/revisions\/3838"}],"wp:featuredmedia":[{"embeddable":true,"href":"https:\/\/labs.100x100.net\/projects\/rutasal\/wp-json\/wp\/v2\/media\/3834"}],"wp:attachment":[{"href":"https:\/\/labs.100x100.net\/projects\/rutasal\/wp-json\/wp\/v2\/media?parent=1580"}],"wp:term":[{"taxonomy":"category","embeddable":true,"href":"https:\/\/labs.100x100.net\/projects\/rutasal\/wp-json\/wp\/v2\/categories?post=1580"},{"taxonomy":"post_tag","embeddable":true,"href":"https:\/\/labs.100x100.net\/projects\/rutasal\/wp-json\/wp\/v2\/tags?post=1580"}],"curies":[{"name":"wp","href":"https:\/\/api.w.org\/{rel}","templated":true}]}}