{"id":1572,"date":"2014-01-23T15:32:45","date_gmt":"2014-01-23T15:32:45","guid":{"rendered":"https:\/\/larutadelasal.com\/?p=1572"},"modified":"2019-03-14T11:44:38","modified_gmt":"2019-03-14T09:44:38","slug":"la-ruta-de-la-sal-2014-se-presenta-en-fitur","status":"publish","type":"post","link":"https:\/\/labs.100x100.net\/projects\/rutasal\/la-ruta-de-la-sal-2014-se-presenta-en-fitur\/","title":{"rendered":"LA RUTA DE LA SAL 2014 SE PRESENTA EN FITUR"},"content":{"rendered":"<p style=\"text-align: justify;\">Hoy jueves 23 de febrero se ha presentado la 27 edici\u00f3n de La Ruta de la Sal, regata que contin\u00faa siendo una clara referencia deportiva de \u00e1mbito nacional e internacional.<\/p>\n<p style=\"text-align: justify;\"><strong>El Acto ha sido presidido por el President del Consell, Visen\u00e7 Serra y por la Consellera de Turisme Carmen Ferrer. Y ha contado con la presencia de Jose Luis Fernandez, Director de Marketing de Trasmediterranea, empresa colaboradora de la regata.<\/strong><\/p>\n<p style=\"text-align: justify;\"><strong>En esta edici\u00f3n de La Ruta de la Sal, que se celebra anualmente durante la Semana Santa, se esperan m\u00e1s de 160 equipos de 6 nacionalidades, en competici\u00f3n.<\/strong><\/p>\n<p style=\"text-align: justify;\"><strong>Como novedad <\/strong>a tener en cuenta, se crea una nueva clase; la <strong>Categor\u00eda Training;<\/strong> la idea es dar una clara alternativa deportiva a las tripulaciones nacionales y extranjeras que participan regularmente en la Sal con embarcaciones alquiladas con patr\u00f3n profesional o de demostrada experiencia. Tambi\u00e9n fomentar a trav\u00e9s de esta Categor\u00eda la entrada en competici\u00f3n de equipos procedentes de Escuelas de Vela, cursos de perfeccionamiento en la navegaci\u00f3n de crucero\/ cursos de navegaci\u00f3n de altura o de regata &#8211; clubes n\u00e1uticos o Federaciones extranjeras; colectivos profesionales diversos, etc, etc..<\/p>\n<p style=\"text-align: justify;\">Por otra parte, <strong>otra novedad<\/strong>, que repercute directamente en la din\u00e1mica funcional de la prueba, considerar que a partir de esta pr\u00f3xima edici\u00f3n, la regata se integra totalmente dentro de los espacios f\u00edsicos del Club N\u00e1utico Sant Antoni de Portmany. Unas instalaciones totalmente renovadas de una magn\u00edfica calidad en la que se ubicaran los servicios t\u00e9cnicos y administrativos de ANAM, organizadora de La Sal; se celebraran la totalidad de los actos sociales de la regata.- cena de flota, entrega de premio, fiesta de la Sal&#8230;, en el reci\u00e9n inaugurado Restaurant Es N\u00e0utic del CN Sant Antoni. -A la vez que los participantes podr\u00e1n disfrutar de sus extraordinarias instalaciones, servicios e infraestructuras portuarias. Hoy, sin duda alguna, unas de las punteras del Mediterr\u00e1neo Occidental.<\/p>\n<p style=\"text-align: justify;\">En Sant Antoni, todo, esos d\u00edas, orbitara alrededor de la regata; Men\u00fas y tapas de la Sal en muchos restaurantes y cafeter\u00edas para los que decidan degustar la magn\u00edfica gastronom\u00eda local. Los bares de copas se volcaran con los participantes. Actividades culturales, como el Mercado Payes. Ibiza, una vez m\u00e1s dar\u00e1 su particular bienvenida a los participantes de esta extraordinaria regata tan ligada a esas tierras tan m\u00e1gicas y tan cargadas de sabor a Sal.<\/p>\n<p style=\"text-align: justify;\">Tras las experiencias deportivas de los \u00faltimos a\u00f1os se confirma que las derrotas desde Denia y Barcelona -Port Ginesta- hasta Sant Antoni de Portmany en Ibiza, abren interesantes expectativas deportivas para la gran mayor\u00eda de los participantes, asegurando, en ambos casos, unas navegaciones con las suficientes variables t\u00e1cticas como para que la regata muy amena y muy abierta de cara a las plazas de honor. La Versi\u00f3n Este se dibuja como una exigente y compleja regata en la que cohabitan la navegaci\u00f3n de altura con un recorrido costero cargado de opciones y muy influenciado por los micro-climas de la costa de la Pitiussa Mayor y los Freus de Formentera. La Versi\u00f3n Norte es una navegaci\u00f3n de altura muy condicionada por los panoramas meteorol\u00f3gicos de las costas norte de Mallorca e Ibiza y, tambi\u00e9n del Golfo de Sant Jordi. Muchos alicientes deportivos para una regata hist\u00f3rica que hoy se muestra m\u00e1s din\u00e1mica y competitiva que nunca.<\/p>\n<p style=\"text-align: justify;\">Despu\u00e9s de veintisiete a\u00f1os, La Ruta de la Sal se presenta nuevamente, como una de las competiciones m\u00e1s atractivas del Mediterr\u00e1neo.<br \/>\nUn evento que refleja las posibilidades que ofrece la isla de Ibiza fuera de los meses de verano y que supone en s\u00ed mismo, un escenario para mostrar los atractivos de Ibiza desde la mar.<br \/>\nSu gran y demostrada capacidad para dinamizar el turismo n\u00e1utico en Ibiza le sit\u00faa como un evento estrat\u00e9gico para el empresariado local.<\/p>\n<p style=\"text-align: justify;\">La Ruta de la Sal promociona y consolida a las Pitiusas como un destino id\u00f3neo para el turismo n\u00e1utico.<br \/>\n<strong>La Ruta de la Sal<\/strong> cumple veintisiete a\u00f1os. Es ya parte de la historia de la vela de altura en nuestro pa\u00eds. Tambi\u00e9n, qu\u00e9 duda cabe, todo un fen\u00f3meno social y deportivo que, desde su primera convocatoria, en la ya lejana Semana Santa de 1989, ha servido, sobre todo, para fomentar y consolidar en nuestro pa\u00eds la pr\u00e1ctica de la competici\u00f3n en alta mar.<br \/>\nVeintisiete a\u00f1os, y miles de millas de competici\u00f3n, en todo este tiempo m\u00e1s de 7.000 millas, salpicadas de oc\u00e9anos de an\u00e9cdotas, \u00e9xitos deportivos, navegaciones cargadas de magias y, sobre todo, mucho sabor a Sal. Que han disfrutado, los m\u00e1s de 50.000 regatistas que han participado en la Ruta de La Sal desde su primera largada en el 89 , sin olvidar a los miles de acompa\u00f1antes y simpatizantes con el evento.<\/p>\n<p style=\"text-align: justify;\"><strong>ANAM<\/strong>, apostando por una pol\u00edtica de claro fomento de la navegaci\u00f3n de altura, no ha dejado de trabajar para que en La Ruta de La Sal exista una posibilidad de competici\u00f3n para cada tipo de barco. Esto siempre gusta, adem\u00e1s dulcifica mucho la singladura hasta las Pitiusas. Luego en Ibiza, jornadas de camarer\u00eda y un ambiente rabiosamente marino, con un programa de apoyo que permite dar bordos de todo tipo.<\/p>\n<p style=\"text-align: justify;\">La fidelidad de cientos de armadores con la regata es posiblemente el s\u00edntoma m\u00e1s evidente de que La Ruta de La Sal, tras veintisiete a\u00f1os, sigue siendo la cl\u00e1sica de semana santa.<\/p>\n<p style=\"text-align: justify;\">Bajo aspectos deportivos, la <strong>Versi\u00f3n Norte de La Sal <\/strong>que zarpara el pr\u00f3ximo 17 de abril de 2014 desde el CM Port Ginesta, se competir\u00e1 sobre un recorrido de 140 millas con rumbo directo hasta el CN Sant Antoni de Portmany en Ibiza. <strong>La Versi\u00f3n Este<\/strong> que partir\u00e1 el mismo d\u00eda desde el RC N\u00e1utico de Denia, se ver\u00e1 obligada a cubrir un circuito de 120 millas que implicar\u00e1 tomar Formentera por babor, la Isla de Tagomago &#8211; Control Pantaenius y, navegando por la costa norte de Ibiza, llegar hasta Sant Antoni. Recorrido, este \u00faltimo, que podr\u00eda, si es el caso, modificarse si las condiciones meteorol\u00f3gicas as\u00ed lo sugiriesen.<\/p>\n<p style=\"text-align: justify;\">\n","protected":false},"excerpt":{"rendered":"<p>Hoy jueves 23 de febrero se ha presentado la 27 edici\u00f3n de La Ruta de la Sal, regata que contin\u00faa siendo una clara referencia deportiva de \u00e1mbito nacional e internacional. El Acto ha sido presidido por el President del Consell, Visen\u00e7 Serra y por la Consellera de Turisme Carmen Ferrer. Y ha contado con la [&hellip;]<\/p>\n","protected":false},"author":1,"featured_media":3839,"comment_status":"open","ping_status":"open","sticky":false,"template":"","format":"standard","meta":{"_acf_changed":false,"footnotes":""},"categories":[3],"tags":[],"acf":[],"yoast_head":"<!-- This site is optimized with the Yoast SEO plugin v23.0 - https:\/\/yoast.com\/wordpress\/plugins\/seo\/ -->\n<title>LA RUTA DE LA SAL 2014 SE PRESENTA EN FITUR | Regata La Ruta de la Sal<\/title>\n<meta name=\"robots\" content=\"noindex, follow, max-snippet:-1, max-image-preview:large, max-video-preview:-1\" \/>\n<meta property=\"og:locale\" content=\"es_ES\" \/>\n<meta property=\"og:type\" content=\"article\" \/>\n<meta property=\"og:title\" content=\"LA RUTA DE LA SAL 2014 SE PRESENTA EN FITUR | Regata La Ruta de la Sal\" \/>\n<meta property=\"og:description\" content=\"Hoy jueves 23 de febrero se ha presentado la 27 edici\u00f3n de La Ruta de la Sal, regata que contin\u00faa siendo una clara referencia deportiva de \u00e1mbito nacional e internacional. El Acto ha sido presidido por el President del Consell, Visen\u00e7 Serra y por la Consellera de Turisme Carmen Ferrer. Y ha contado con la [&hellip;]\" \/>\n<meta property=\"og:url\" content=\"https:\/\/labs.100x100.net\/projects\/rutasal\/la-ruta-de-la-sal-2014-se-presenta-en-fitur\/\" \/>\n<meta property=\"og:site_name\" content=\"Regata La Ruta de la Sal\" \/>\n<meta property=\"article:publisher\" content=\"https:\/\/www.facebook.com\/rutadelasal\/\" \/>\n<meta property=\"article:published_time\" content=\"2014-01-23T15:32:45+00:00\" \/>\n<meta property=\"article:modified_time\" content=\"2019-03-14T09:44:38+00:00\" \/>\n<meta property=\"og:image\" content=\"https:\/\/labs.100x100.net\/projects\/rutasal\/custom\/uploads\/2014\/01\/8602901528_de333dbedd.jpg\" \/>\n\t<meta property=\"og:image:width\" content=\"500\" \/>\n\t<meta property=\"og:image:height\" content=\"348\" \/>\n\t<meta property=\"og:image:type\" content=\"image\/jpeg\" \/>\n<meta name=\"author\" content=\"La Ruta de la Sal\" \/>\n<meta name=\"twitter:card\" content=\"summary_large_image\" \/>\n<meta name=\"twitter:creator\" content=\"@AnamMedi\" \/>\n<meta name=\"twitter:site\" content=\"@AnamMedi\" \/>\n<meta name=\"twitter:label1\" content=\"Escrito por\" \/>\n\t<meta name=\"twitter:data1\" content=\"La Ruta de la Sal\" \/>\n\t<meta name=\"twitter:label2\" content=\"Tiempo de lectura\" \/>\n\t<meta name=\"twitter:data2\" content=\"5 minutos\" \/>\n<script type=\"application\/ld+json\" class=\"yoast-schema-graph\">{\"@context\":\"https:\/\/schema.org\",\"@graph\":[{\"@type\":\"WebPage\",\"@id\":\"https:\/\/labs.100x100.net\/projects\/rutasal\/la-ruta-de-la-sal-2014-se-presenta-en-fitur\/\",\"url\":\"https:\/\/labs.100x100.net\/projects\/rutasal\/la-ruta-de-la-sal-2014-se-presenta-en-fitur\/\",\"name\":\"LA RUTA DE LA SAL 2014 SE PRESENTA EN FITUR | Regata La Ruta de la Sal\",\"isPartOf\":{\"@id\":\"https:\/\/labs.100x100.net\/projects\/rutasal\/#website\"},\"primaryImageOfPage\":{\"@id\":\"https:\/\/labs.100x100.net\/projects\/rutasal\/la-ruta-de-la-sal-2014-se-presenta-en-fitur\/#primaryimage\"},\"image\":{\"@id\":\"https:\/\/labs.100x100.net\/projects\/rutasal\/la-ruta-de-la-sal-2014-se-presenta-en-fitur\/#primaryimage\"},\"thumbnailUrl\":\"https:\/\/labs.100x100.net\/projects\/rutasal\/custom\/uploads\/2014\/01\/8602901528_de333dbedd.jpg\",\"datePublished\":\"2014-01-23T15:32:45+00:00\",\"dateModified\":\"2019-03-14T09:44:38+00:00\",\"author\":{\"@id\":\"https:\/\/labs.100x100.net\/projects\/rutasal\/#\/schema\/person\/214eeb4a2e78fd8373a0a94f6d93c9ca\"},\"breadcrumb\":{\"@id\":\"https:\/\/labs.100x100.net\/projects\/rutasal\/la-ruta-de-la-sal-2014-se-presenta-en-fitur\/#breadcrumb\"},\"inLanguage\":\"es\",\"potentialAction\":[{\"@type\":\"ReadAction\",\"target\":[\"https:\/\/labs.100x100.net\/projects\/rutasal\/la-ruta-de-la-sal-2014-se-presenta-en-fitur\/\"]}]},{\"@type\":\"ImageObject\",\"inLanguage\":\"es\",\"@id\":\"https:\/\/labs.100x100.net\/projects\/rutasal\/la-ruta-de-la-sal-2014-se-presenta-en-fitur\/#primaryimage\",\"url\":\"https:\/\/labs.100x100.net\/projects\/rutasal\/custom\/uploads\/2014\/01\/8602901528_de333dbedd.jpg\",\"contentUrl\":\"https:\/\/labs.100x100.net\/projects\/rutasal\/custom\/uploads\/2014\/01\/8602901528_de333dbedd.jpg\",\"width\":500,\"height\":348},{\"@type\":\"BreadcrumbList\",\"@id\":\"https:\/\/labs.100x100.net\/projects\/rutasal\/la-ruta-de-la-sal-2014-se-presenta-en-fitur\/#breadcrumb\",\"itemListElement\":[{\"@type\":\"ListItem\",\"position\":1,\"name\":\"Portada\",\"item\":\"https:\/\/labs.100x100.net\/projects\/rutasal\/\"},{\"@type\":\"ListItem\",\"position\":2,\"name\":\"LA RUTA DE LA SAL 2014 SE PRESENTA EN FITUR\"}]},{\"@type\":\"WebSite\",\"@id\":\"https:\/\/labs.100x100.net\/projects\/rutasal\/#website\",\"url\":\"https:\/\/labs.100x100.net\/projects\/rutasal\/\",\"name\":\"Regata La Ruta de la Sal\",\"description\":\"Regata La Ruta de la Sal es una regata de Altura Mediterr\u00e1nea para barcos de crucero a vela con destino en Ibiza, que se disputa anualmente en Semana Santa.\",\"potentialAction\":[{\"@type\":\"SearchAction\",\"target\":{\"@type\":\"EntryPoint\",\"urlTemplate\":\"https:\/\/labs.100x100.net\/projects\/rutasal\/?s={search_term_string}\"},\"query-input\":\"required name=search_term_string\"}],\"inLanguage\":\"es\"},{\"@type\":\"Person\",\"@id\":\"https:\/\/labs.100x100.net\/projects\/rutasal\/#\/schema\/person\/214eeb4a2e78fd8373a0a94f6d93c9ca\",\"name\":\"La Ruta de la Sal\",\"image\":{\"@type\":\"ImageObject\",\"inLanguage\":\"es\",\"@id\":\"https:\/\/labs.100x100.net\/projects\/rutasal\/#\/schema\/person\/image\/\",\"url\":\"https:\/\/secure.gravatar.com\/avatar\/b247286d4b801d6b1cfcfb3807587284?s=96&d=mm&r=g\",\"contentUrl\":\"https:\/\/secure.gravatar.com\/avatar\/b247286d4b801d6b1cfcfb3807587284?s=96&d=mm&r=g\",\"caption\":\"La Ruta de la Sal\"}}]}<\/script>\n<!-- \/ Yoast SEO plugin. -->","yoast_head_json":{"title":"LA RUTA DE LA SAL 2014 SE PRESENTA EN FITUR | Regata La Ruta de la Sal","robots":{"index":"noindex","follow":"follow","max-snippet":"max-snippet:-1","max-image-preview":"max-image-preview:large","max-video-preview":"max-video-preview:-1"},"og_locale":"es_ES","og_type":"article","og_title":"LA RUTA DE LA SAL 2014 SE PRESENTA EN FITUR | Regata La Ruta de la Sal","og_description":"Hoy jueves 23 de febrero se ha presentado la 27 edici\u00f3n de La Ruta de la Sal, regata que contin\u00faa siendo una clara referencia deportiva de \u00e1mbito nacional e internacional. El Acto ha sido presidido por el President del Consell, Visen\u00e7 Serra y por la Consellera de Turisme Carmen Ferrer. Y ha contado con la [&hellip;]","og_url":"https:\/\/labs.100x100.net\/projects\/rutasal\/la-ruta-de-la-sal-2014-se-presenta-en-fitur\/","og_site_name":"Regata La Ruta de la Sal","article_publisher":"https:\/\/www.facebook.com\/rutadelasal\/","article_published_time":"2014-01-23T15:32:45+00:00","article_modified_time":"2019-03-14T09:44:38+00:00","og_image":[{"width":500,"height":348,"url":"https:\/\/labs.100x100.net\/projects\/rutasal\/custom\/uploads\/2014\/01\/8602901528_de333dbedd.jpg","type":"image\/jpeg"}],"author":"La Ruta de la Sal","twitter_card":"summary_large_image","twitter_creator":"@AnamMedi","twitter_site":"@AnamMedi","twitter_misc":{"Escrito por":"La Ruta de la Sal","Tiempo de lectura":"5 minutos"},"schema":{"@context":"https:\/\/schema.org","@graph":[{"@type":"WebPage","@id":"https:\/\/labs.100x100.net\/projects\/rutasal\/la-ruta-de-la-sal-2014-se-presenta-en-fitur\/","url":"https:\/\/labs.100x100.net\/projects\/rutasal\/la-ruta-de-la-sal-2014-se-presenta-en-fitur\/","name":"LA RUTA DE LA SAL 2014 SE PRESENTA EN FITUR | Regata La Ruta de la Sal","isPartOf":{"@id":"https:\/\/labs.100x100.net\/projects\/rutasal\/#website"},"primaryImageOfPage":{"@id":"https:\/\/labs.100x100.net\/projects\/rutasal\/la-ruta-de-la-sal-2014-se-presenta-en-fitur\/#primaryimage"},"image":{"@id":"https:\/\/labs.100x100.net\/projects\/rutasal\/la-ruta-de-la-sal-2014-se-presenta-en-fitur\/#primaryimage"},"thumbnailUrl":"https:\/\/labs.100x100.net\/projects\/rutasal\/custom\/uploads\/2014\/01\/8602901528_de333dbedd.jpg","datePublished":"2014-01-23T15:32:45+00:00","dateModified":"2019-03-14T09:44:38+00:00","author":{"@id":"https:\/\/labs.100x100.net\/projects\/rutasal\/#\/schema\/person\/214eeb4a2e78fd8373a0a94f6d93c9ca"},"breadcrumb":{"@id":"https:\/\/labs.100x100.net\/projects\/rutasal\/la-ruta-de-la-sal-2014-se-presenta-en-fitur\/#breadcrumb"},"inLanguage":"es","potentialAction":[{"@type":"ReadAction","target":["https:\/\/labs.100x100.net\/projects\/rutasal\/la-ruta-de-la-sal-2014-se-presenta-en-fitur\/"]}]},{"@type":"ImageObject","inLanguage":"es","@id":"https:\/\/labs.100x100.net\/projects\/rutasal\/la-ruta-de-la-sal-2014-se-presenta-en-fitur\/#primaryimage","url":"https:\/\/labs.100x100.net\/projects\/rutasal\/custom\/uploads\/2014\/01\/8602901528_de333dbedd.jpg","contentUrl":"https:\/\/labs.100x100.net\/projects\/rutasal\/custom\/uploads\/2014\/01\/8602901528_de333dbedd.jpg","width":500,"height":348},{"@type":"BreadcrumbList","@id":"https:\/\/labs.100x100.net\/projects\/rutasal\/la-ruta-de-la-sal-2014-se-presenta-en-fitur\/#breadcrumb","itemListElement":[{"@type":"ListItem","position":1,"name":"Portada","item":"https:\/\/labs.100x100.net\/projects\/rutasal\/"},{"@type":"ListItem","position":2,"name":"LA RUTA DE LA SAL 2014 SE PRESENTA EN FITUR"}]},{"@type":"WebSite","@id":"https:\/\/labs.100x100.net\/projects\/rutasal\/#website","url":"https:\/\/labs.100x100.net\/projects\/rutasal\/","name":"Regata La Ruta de la Sal","description":"Regata La Ruta de la Sal es una regata de Altura Mediterr\u00e1nea para barcos de crucero a vela con destino en Ibiza, que se disputa anualmente en Semana Santa.","potentialAction":[{"@type":"SearchAction","target":{"@type":"EntryPoint","urlTemplate":"https:\/\/labs.100x100.net\/projects\/rutasal\/?s={search_term_string}"},"query-input":"required name=search_term_string"}],"inLanguage":"es"},{"@type":"Person","@id":"https:\/\/labs.100x100.net\/projects\/rutasal\/#\/schema\/person\/214eeb4a2e78fd8373a0a94f6d93c9ca","name":"La Ruta de la Sal","image":{"@type":"ImageObject","inLanguage":"es","@id":"https:\/\/labs.100x100.net\/projects\/rutasal\/#\/schema\/person\/image\/","url":"https:\/\/secure.gravatar.com\/avatar\/b247286d4b801d6b1cfcfb3807587284?s=96&d=mm&r=g","contentUrl":"https:\/\/secure.gravatar.com\/avatar\/b247286d4b801d6b1cfcfb3807587284?s=96&d=mm&r=g","caption":"La Ruta de la Sal"}}]}},"_links":{"self":[{"href":"https:\/\/labs.100x100.net\/projects\/rutasal\/wp-json\/wp\/v2\/posts\/1572"}],"collection":[{"href":"https:\/\/labs.100x100.net\/projects\/rutasal\/wp-json\/wp\/v2\/posts"}],"about":[{"href":"https:\/\/labs.100x100.net\/projects\/rutasal\/wp-json\/wp\/v2\/types\/post"}],"author":[{"embeddable":true,"href":"https:\/\/labs.100x100.net\/projects\/rutasal\/wp-json\/wp\/v2\/users\/1"}],"replies":[{"embeddable":true,"href":"https:\/\/labs.100x100.net\/projects\/rutasal\/wp-json\/wp\/v2\/comments?post=1572"}],"version-history":[{"count":1,"href":"https:\/\/labs.100x100.net\/projects\/rutasal\/wp-json\/wp\/v2\/posts\/1572\/revisions"}],"predecessor-version":[{"id":3840,"href":"https:\/\/labs.100x100.net\/projects\/rutasal\/wp-json\/wp\/v2\/posts\/1572\/revisions\/3840"}],"wp:featuredmedia":[{"embeddable":true,"href":"https:\/\/labs.100x100.net\/projects\/rutasal\/wp-json\/wp\/v2\/media\/3839"}],"wp:attachment":[{"href":"https:\/\/labs.100x100.net\/projects\/rutasal\/wp-json\/wp\/v2\/media?parent=1572"}],"wp:term":[{"taxonomy":"category","embeddable":true,"href":"https:\/\/labs.100x100.net\/projects\/rutasal\/wp-json\/wp\/v2\/categories?post=1572"},{"taxonomy":"post_tag","embeddable":true,"href":"https:\/\/labs.100x100.net\/projects\/rutasal\/wp-json\/wp\/v2\/tags?post=1572"}],"curies":[{"name":"wp","href":"https:\/\/api.w.org\/{rel}","templated":true}]}}