{"id":1565,"date":"2014-01-16T13:21:01","date_gmt":"2014-01-16T13:21:01","guid":{"rendered":"https:\/\/larutadelasal.com\/?p=1565"},"modified":"2019-03-14T11:46:38","modified_gmt":"2019-03-14T09:46:38","slug":"la-ruta-de-la-sal-trofeo-pepe-ferres-2014-se-presenta-en-fitur","status":"publish","type":"post","link":"https:\/\/labs.100x100.net\/projects\/rutasal\/la-ruta-de-la-sal-trofeo-pepe-ferres-2014-se-presenta-en-fitur\/","title":{"rendered":"LA RUTA DE LA SAL \u2013 TROFEO PEPE FERRES 2014 SE PRESENTA EN FITUR"},"content":{"rendered":"<div id=\"_mcePaste\">\n<ul>\n<li><strong> La 27 Ruta de la Sal ser\u00e1 una clara referencia deportiva de \u00e1mbito nacional e internacional.<\/strong><\/li>\n<li><strong> Se esperan m\u00e1s de 160 equipos de 6 nacionalidades en competici\u00f3n.<\/strong><\/li>\n<\/ul>\n<\/div>\n<p style=\"text-align: justify;\">El pr\u00f3ximo jueves 23 de enero, La Ruta de la Sal \u2013 Trofeo Pepe Ferres de 2014, se presenta en FITUR. El Acto tendr\u00e1 lugar en el Stand de IBIZA a las 12h.<\/p>\n<p style=\"text-align: justify;\">En este acto se presentar\u00e1n las novedades de esta pr\u00f3xima edici\u00f3n de la Regata que se celebrar\u00e1, como siempre, durante la semana santa, del 17 al 20 de abril.<br \/>\nNos acompa\u00f1ar\u00e1 Gerardo Seeliger,<strong> \u00d3limpico<\/strong> de la Clase Finn, dos veces Director General y Consejero de <strong>Copa America,<\/strong> 30 a\u00f1os trabajando en la I.S.A.F.: <strong>Federaci\u00f3n Mundial de Vela<\/strong>,<strong> Presidente Mundial<\/strong> de la Clase Finn i Clase 49, quien ha participado en 3 <strong>Admiral\u2019s Cup <\/strong>y varias ediciones de <strong>La Ruta de la Sal<\/strong>. Gerardo Seeliger inici\u00f3 su singladura n\u00e1utica junto a <strong>Pepe Ferres, fundador de La Ruta de la Sal.<\/strong><\/p>\n<p style=\"text-align: justify;\">Despu\u00e9s de veintisiete a\u00f1os, La Ruta de la Sal se presenta nuevamente, como una de las competiciones m\u00e1s atractivas del Mediterr\u00e1neo.<br \/>\nUn evento que refleja las posibilidades que ofrece la isla de Ibiza fuera de los meses de verano y que supone en s\u00ed mismo, un escenario para mostrar los atractivos de Ibiza desde la mar.<br \/>\nSu gran y demostrada capacidad para dinamizar el turismo n\u00e1utico en Ibiza le sit\u00faa como un evento estrat\u00e9gico para el empresariado local.<br \/>\nLa Ruta de la Sal promociona y consolida a las Pitiusas como un destino id\u00f3neo para el turismo n\u00e1utico.<\/p>\n<p style=\"text-align: justify;\">Bajo aspectos deportivos, la <strong>Versi\u00f3n Norte de La Sal <\/strong>que zarpara el pr\u00f3ximo 17 de abril de 2014 desde el CM Port Ginesta, se competir\u00e1 sobre un recorrido de 140 millas con rumbo directo hasta el CN Sant Antoni de Portmany en Ibiza. <strong>La Versi\u00f3n Este<\/strong>, que partir\u00e1 el mismo d\u00eda desde el RC N\u00e1utico de Denia, se ver\u00e1 obligada a cubrir un circuito de 120 millas que implicar\u00e1 tomar Formentera por babor, la Isla de Tagomago &#8211; Control Pantaenius y, navegando por la costa norte de Ibiza, llegar hasta Sant Antoni. Recorrido, este \u00faltimo, que podr\u00eda, si es el caso, modificarse si las condiciones meteorol\u00f3gicas as\u00ed lo sugiriesen.<\/p>\n<p><a href=\"https:\/\/larutadelasal.com\"><strong>www.larutadelasal.com<br \/>\n<\/strong><\/a><a href=\"http:\/\/www.anambcn.org\"><strong>www.anambcn.org<br \/>\n<\/strong><\/a><strong>anam@anambcn.org<br \/>\n<\/strong><strong>Facebook ANAM<\/strong><\/p>\n","protected":false},"excerpt":{"rendered":"<p>La 27 Ruta de la Sal ser\u00e1 una clara referencia deportiva de \u00e1mbito nacional e internacional. Se esperan m\u00e1s de 160 equipos de 6 nacionalidades en competici\u00f3n. El pr\u00f3ximo jueves 23 de enero, La Ruta de la Sal \u2013 Trofeo Pepe Ferres de 2014, se presenta en FITUR. El Acto tendr\u00e1 lugar en el Stand [&hellip;]<\/p>\n","protected":false},"author":1,"featured_media":3743,"comment_status":"open","ping_status":"open","sticky":false,"template":"","format":"standard","meta":{"_acf_changed":false,"footnotes":""},"categories":[3],"tags":[],"acf":[],"yoast_head":"<!-- This site is optimized with the Yoast SEO plugin v23.0 - https:\/\/yoast.com\/wordpress\/plugins\/seo\/ -->\n<title>LA RUTA DE LA SAL \u2013 TROFEO PEPE FERRES 2014 SE PRESENTA EN FITUR | Regata La Ruta de la Sal<\/title>\n<meta name=\"robots\" content=\"noindex, follow, max-snippet:-1, max-image-preview:large, max-video-preview:-1\" \/>\n<meta property=\"og:locale\" content=\"es_ES\" \/>\n<meta property=\"og:type\" content=\"article\" \/>\n<meta property=\"og:title\" content=\"LA RUTA DE LA SAL \u2013 TROFEO PEPE FERRES 2014 SE PRESENTA EN FITUR | Regata La Ruta de la Sal\" \/>\n<meta property=\"og:description\" content=\"La 27 Ruta de la Sal ser\u00e1 una clara referencia deportiva de \u00e1mbito nacional e internacional. Se esperan m\u00e1s de 160 equipos de 6 nacionalidades en competici\u00f3n. El pr\u00f3ximo jueves 23 de enero, La Ruta de la Sal \u2013 Trofeo Pepe Ferres de 2014, se presenta en FITUR. El Acto tendr\u00e1 lugar en el Stand [&hellip;]\" \/>\n<meta property=\"og:url\" content=\"https:\/\/labs.100x100.net\/projects\/rutasal\/la-ruta-de-la-sal-trofeo-pepe-ferres-2014-se-presenta-en-fitur\/\" \/>\n<meta property=\"og:site_name\" content=\"Regata La Ruta de la Sal\" \/>\n<meta property=\"article:publisher\" content=\"https:\/\/www.facebook.com\/rutadelasal\/\" \/>\n<meta property=\"article:published_time\" content=\"2014-01-16T13:21:01+00:00\" \/>\n<meta property=\"article:modified_time\" content=\"2019-03-14T09:46:38+00:00\" \/>\n<meta property=\"og:image\" content=\"https:\/\/labs.100x100.net\/projects\/rutasal\/custom\/uploads\/2019\/03\/Capture-20.png\" \/>\n\t<meta property=\"og:image:width\" content=\"885\" \/>\n\t<meta property=\"og:image:height\" content=\"491\" \/>\n\t<meta property=\"og:image:type\" content=\"image\/png\" \/>\n<meta name=\"author\" content=\"La Ruta de la Sal\" \/>\n<meta name=\"twitter:card\" content=\"summary_large_image\" \/>\n<meta name=\"twitter:creator\" content=\"@AnamMedi\" \/>\n<meta name=\"twitter:site\" content=\"@AnamMedi\" \/>\n<meta name=\"twitter:label1\" content=\"Escrito por\" \/>\n\t<meta name=\"twitter:data1\" content=\"La Ruta de la Sal\" \/>\n\t<meta name=\"twitter:label2\" content=\"Tiempo de lectura\" \/>\n\t<meta name=\"twitter:data2\" content=\"2 minutos\" \/>\n<script type=\"application\/ld+json\" class=\"yoast-schema-graph\">{\"@context\":\"https:\/\/schema.org\",\"@graph\":[{\"@type\":\"WebPage\",\"@id\":\"https:\/\/labs.100x100.net\/projects\/rutasal\/la-ruta-de-la-sal-trofeo-pepe-ferres-2014-se-presenta-en-fitur\/\",\"url\":\"https:\/\/labs.100x100.net\/projects\/rutasal\/la-ruta-de-la-sal-trofeo-pepe-ferres-2014-se-presenta-en-fitur\/\",\"name\":\"LA RUTA DE LA SAL \u2013 TROFEO PEPE FERRES 2014 SE PRESENTA EN FITUR | Regata La Ruta de la Sal\",\"isPartOf\":{\"@id\":\"https:\/\/labs.100x100.net\/projects\/rutasal\/#website\"},\"primaryImageOfPage\":{\"@id\":\"https:\/\/labs.100x100.net\/projects\/rutasal\/la-ruta-de-la-sal-trofeo-pepe-ferres-2014-se-presenta-en-fitur\/#primaryimage\"},\"image\":{\"@id\":\"https:\/\/labs.100x100.net\/projects\/rutasal\/la-ruta-de-la-sal-trofeo-pepe-ferres-2014-se-presenta-en-fitur\/#primaryimage\"},\"thumbnailUrl\":\"https:\/\/labs.100x100.net\/projects\/rutasal\/custom\/uploads\/2019\/03\/Capture-20.png\",\"datePublished\":\"2014-01-16T13:21:01+00:00\",\"dateModified\":\"2019-03-14T09:46:38+00:00\",\"author\":{\"@id\":\"https:\/\/labs.100x100.net\/projects\/rutasal\/#\/schema\/person\/214eeb4a2e78fd8373a0a94f6d93c9ca\"},\"breadcrumb\":{\"@id\":\"https:\/\/labs.100x100.net\/projects\/rutasal\/la-ruta-de-la-sal-trofeo-pepe-ferres-2014-se-presenta-en-fitur\/#breadcrumb\"},\"inLanguage\":\"es\",\"potentialAction\":[{\"@type\":\"ReadAction\",\"target\":[\"https:\/\/labs.100x100.net\/projects\/rutasal\/la-ruta-de-la-sal-trofeo-pepe-ferres-2014-se-presenta-en-fitur\/\"]}]},{\"@type\":\"ImageObject\",\"inLanguage\":\"es\",\"@id\":\"https:\/\/labs.100x100.net\/projects\/rutasal\/la-ruta-de-la-sal-trofeo-pepe-ferres-2014-se-presenta-en-fitur\/#primaryimage\",\"url\":\"https:\/\/labs.100x100.net\/projects\/rutasal\/custom\/uploads\/2019\/03\/Capture-20.png\",\"contentUrl\":\"https:\/\/labs.100x100.net\/projects\/rutasal\/custom\/uploads\/2019\/03\/Capture-20.png\",\"width\":885,\"height\":491},{\"@type\":\"BreadcrumbList\",\"@id\":\"https:\/\/labs.100x100.net\/projects\/rutasal\/la-ruta-de-la-sal-trofeo-pepe-ferres-2014-se-presenta-en-fitur\/#breadcrumb\",\"itemListElement\":[{\"@type\":\"ListItem\",\"position\":1,\"name\":\"Portada\",\"item\":\"https:\/\/labs.100x100.net\/projects\/rutasal\/\"},{\"@type\":\"ListItem\",\"position\":2,\"name\":\"LA RUTA DE LA SAL \u2013 TROFEO PEPE FERRES 2014 SE PRESENTA EN FITUR\"}]},{\"@type\":\"WebSite\",\"@id\":\"https:\/\/labs.100x100.net\/projects\/rutasal\/#website\",\"url\":\"https:\/\/labs.100x100.net\/projects\/rutasal\/\",\"name\":\"Regata La Ruta de la Sal\",\"description\":\"Regata La Ruta de la Sal es una regata de Altura Mediterr\u00e1nea para barcos de crucero a vela con destino en Ibiza, que se disputa anualmente en Semana Santa.\",\"potentialAction\":[{\"@type\":\"SearchAction\",\"target\":{\"@type\":\"EntryPoint\",\"urlTemplate\":\"https:\/\/labs.100x100.net\/projects\/rutasal\/?s={search_term_string}\"},\"query-input\":\"required name=search_term_string\"}],\"inLanguage\":\"es\"},{\"@type\":\"Person\",\"@id\":\"https:\/\/labs.100x100.net\/projects\/rutasal\/#\/schema\/person\/214eeb4a2e78fd8373a0a94f6d93c9ca\",\"name\":\"La Ruta de la Sal\",\"image\":{\"@type\":\"ImageObject\",\"inLanguage\":\"es\",\"@id\":\"https:\/\/labs.100x100.net\/projects\/rutasal\/#\/schema\/person\/image\/\",\"url\":\"https:\/\/secure.gravatar.com\/avatar\/b247286d4b801d6b1cfcfb3807587284?s=96&d=mm&r=g\",\"contentUrl\":\"https:\/\/secure.gravatar.com\/avatar\/b247286d4b801d6b1cfcfb3807587284?s=96&d=mm&r=g\",\"caption\":\"La Ruta de la Sal\"}}]}<\/script>\n<!-- \/ Yoast SEO plugin. -->","yoast_head_json":{"title":"LA RUTA DE LA SAL \u2013 TROFEO PEPE FERRES 2014 SE PRESENTA EN FITUR | Regata La Ruta de la Sal","robots":{"index":"noindex","follow":"follow","max-snippet":"max-snippet:-1","max-image-preview":"max-image-preview:large","max-video-preview":"max-video-preview:-1"},"og_locale":"es_ES","og_type":"article","og_title":"LA RUTA DE LA SAL \u2013 TROFEO PEPE FERRES 2014 SE PRESENTA EN FITUR | Regata La Ruta de la Sal","og_description":"La 27 Ruta de la Sal ser\u00e1 una clara referencia deportiva de \u00e1mbito nacional e internacional. Se esperan m\u00e1s de 160 equipos de 6 nacionalidades en competici\u00f3n. El pr\u00f3ximo jueves 23 de enero, La Ruta de la Sal \u2013 Trofeo Pepe Ferres de 2014, se presenta en FITUR. El Acto tendr\u00e1 lugar en el Stand [&hellip;]","og_url":"https:\/\/labs.100x100.net\/projects\/rutasal\/la-ruta-de-la-sal-trofeo-pepe-ferres-2014-se-presenta-en-fitur\/","og_site_name":"Regata La Ruta de la Sal","article_publisher":"https:\/\/www.facebook.com\/rutadelasal\/","article_published_time":"2014-01-16T13:21:01+00:00","article_modified_time":"2019-03-14T09:46:38+00:00","og_image":[{"width":885,"height":491,"url":"https:\/\/labs.100x100.net\/projects\/rutasal\/custom\/uploads\/2019\/03\/Capture-20.png","type":"image\/png"}],"author":"La Ruta de la Sal","twitter_card":"summary_large_image","twitter_creator":"@AnamMedi","twitter_site":"@AnamMedi","twitter_misc":{"Escrito por":"La Ruta de la Sal","Tiempo de lectura":"2 minutos"},"schema":{"@context":"https:\/\/schema.org","@graph":[{"@type":"WebPage","@id":"https:\/\/labs.100x100.net\/projects\/rutasal\/la-ruta-de-la-sal-trofeo-pepe-ferres-2014-se-presenta-en-fitur\/","url":"https:\/\/labs.100x100.net\/projects\/rutasal\/la-ruta-de-la-sal-trofeo-pepe-ferres-2014-se-presenta-en-fitur\/","name":"LA RUTA DE LA SAL \u2013 TROFEO PEPE FERRES 2014 SE PRESENTA EN FITUR | Regata La Ruta de la Sal","isPartOf":{"@id":"https:\/\/labs.100x100.net\/projects\/rutasal\/#website"},"primaryImageOfPage":{"@id":"https:\/\/labs.100x100.net\/projects\/rutasal\/la-ruta-de-la-sal-trofeo-pepe-ferres-2014-se-presenta-en-fitur\/#primaryimage"},"image":{"@id":"https:\/\/labs.100x100.net\/projects\/rutasal\/la-ruta-de-la-sal-trofeo-pepe-ferres-2014-se-presenta-en-fitur\/#primaryimage"},"thumbnailUrl":"https:\/\/labs.100x100.net\/projects\/rutasal\/custom\/uploads\/2019\/03\/Capture-20.png","datePublished":"2014-01-16T13:21:01+00:00","dateModified":"2019-03-14T09:46:38+00:00","author":{"@id":"https:\/\/labs.100x100.net\/projects\/rutasal\/#\/schema\/person\/214eeb4a2e78fd8373a0a94f6d93c9ca"},"breadcrumb":{"@id":"https:\/\/labs.100x100.net\/projects\/rutasal\/la-ruta-de-la-sal-trofeo-pepe-ferres-2014-se-presenta-en-fitur\/#breadcrumb"},"inLanguage":"es","potentialAction":[{"@type":"ReadAction","target":["https:\/\/labs.100x100.net\/projects\/rutasal\/la-ruta-de-la-sal-trofeo-pepe-ferres-2014-se-presenta-en-fitur\/"]}]},{"@type":"ImageObject","inLanguage":"es","@id":"https:\/\/labs.100x100.net\/projects\/rutasal\/la-ruta-de-la-sal-trofeo-pepe-ferres-2014-se-presenta-en-fitur\/#primaryimage","url":"https:\/\/labs.100x100.net\/projects\/rutasal\/custom\/uploads\/2019\/03\/Capture-20.png","contentUrl":"https:\/\/labs.100x100.net\/projects\/rutasal\/custom\/uploads\/2019\/03\/Capture-20.png","width":885,"height":491},{"@type":"BreadcrumbList","@id":"https:\/\/labs.100x100.net\/projects\/rutasal\/la-ruta-de-la-sal-trofeo-pepe-ferres-2014-se-presenta-en-fitur\/#breadcrumb","itemListElement":[{"@type":"ListItem","position":1,"name":"Portada","item":"https:\/\/labs.100x100.net\/projects\/rutasal\/"},{"@type":"ListItem","position":2,"name":"LA RUTA DE LA SAL \u2013 TROFEO PEPE FERRES 2014 SE PRESENTA EN FITUR"}]},{"@type":"WebSite","@id":"https:\/\/labs.100x100.net\/projects\/rutasal\/#website","url":"https:\/\/labs.100x100.net\/projects\/rutasal\/","name":"Regata La Ruta de la Sal","description":"Regata La Ruta de la Sal es una regata de Altura Mediterr\u00e1nea para barcos de crucero a vela con destino en Ibiza, que se disputa anualmente en Semana Santa.","potentialAction":[{"@type":"SearchAction","target":{"@type":"EntryPoint","urlTemplate":"https:\/\/labs.100x100.net\/projects\/rutasal\/?s={search_term_string}"},"query-input":"required name=search_term_string"}],"inLanguage":"es"},{"@type":"Person","@id":"https:\/\/labs.100x100.net\/projects\/rutasal\/#\/schema\/person\/214eeb4a2e78fd8373a0a94f6d93c9ca","name":"La Ruta de la Sal","image":{"@type":"ImageObject","inLanguage":"es","@id":"https:\/\/labs.100x100.net\/projects\/rutasal\/#\/schema\/person\/image\/","url":"https:\/\/secure.gravatar.com\/avatar\/b247286d4b801d6b1cfcfb3807587284?s=96&d=mm&r=g","contentUrl":"https:\/\/secure.gravatar.com\/avatar\/b247286d4b801d6b1cfcfb3807587284?s=96&d=mm&r=g","caption":"La Ruta de la Sal"}}]}},"_links":{"self":[{"href":"https:\/\/labs.100x100.net\/projects\/rutasal\/wp-json\/wp\/v2\/posts\/1565"}],"collection":[{"href":"https:\/\/labs.100x100.net\/projects\/rutasal\/wp-json\/wp\/v2\/posts"}],"about":[{"href":"https:\/\/labs.100x100.net\/projects\/rutasal\/wp-json\/wp\/v2\/types\/post"}],"author":[{"embeddable":true,"href":"https:\/\/labs.100x100.net\/projects\/rutasal\/wp-json\/wp\/v2\/users\/1"}],"replies":[{"embeddable":true,"href":"https:\/\/labs.100x100.net\/projects\/rutasal\/wp-json\/wp\/v2\/comments?post=1565"}],"version-history":[{"count":1,"href":"https:\/\/labs.100x100.net\/projects\/rutasal\/wp-json\/wp\/v2\/posts\/1565\/revisions"}],"predecessor-version":[{"id":3844,"href":"https:\/\/labs.100x100.net\/projects\/rutasal\/wp-json\/wp\/v2\/posts\/1565\/revisions\/3844"}],"wp:featuredmedia":[{"embeddable":true,"href":"https:\/\/labs.100x100.net\/projects\/rutasal\/wp-json\/wp\/v2\/media\/3743"}],"wp:attachment":[{"href":"https:\/\/labs.100x100.net\/projects\/rutasal\/wp-json\/wp\/v2\/media?parent=1565"}],"wp:term":[{"taxonomy":"category","embeddable":true,"href":"https:\/\/labs.100x100.net\/projects\/rutasal\/wp-json\/wp\/v2\/categories?post=1565"},{"taxonomy":"post_tag","embeddable":true,"href":"https:\/\/labs.100x100.net\/projects\/rutasal\/wp-json\/wp\/v2\/tags?post=1565"}],"curies":[{"name":"wp","href":"https:\/\/api.w.org\/{rel}","templated":true}]}}